{"id":28038,"date":"2026-08-29T19:07:54","date_gmt":"2026-08-29T22:07:54","guid":{"rendered":"https:\/\/blogs.correiobraziliense.com.br\/aricunha\/?p=28038"},"modified":"2026-08-29T19:47:14","modified_gmt":"2026-08-29T22:47:14","slug":"crise-do-brb-tem-solucao","status":"publish","type":"post","link":"https:\/\/blogs.correiobraziliense.com.br\/aricunha\/crise-do-brb-tem-solucao\/","title":{"rendered":"Crise do BRB tem solu\u00e7\u00e3o"},"content":{"rendered":"\n<div class=\"wp-block-group\"><div class=\"wp-block-group__inner-container is-layout-constrained wp-block-group-is-layout-constrained\">\n<figure class=\"wp-block-image size-full\"><a href=\"https:\/\/blogs.correiobraziliense.com.br\/aricunha\/wp-content\/uploads\/sites\/13\/2026\/08\/brb.png\"><img loading=\"lazy\" decoding=\"async\" width=\"676\" height=\"409\" src=\"https:\/\/blogs.correiobraziliense.com.br\/aricunha\/wp-content\/uploads\/sites\/13\/2026\/08\/brb.png\" alt=\"\" class=\"wp-image-28042\" srcset=\"https:\/\/blogs.correiobraziliense.com.br\/aricunha\/wp-content\/uploads\/sites\/13\/2026\/08\/brb.png 676w, https:\/\/blogs.correiobraziliense.com.br\/aricunha\/wp-content\/uploads\/sites\/13\/2026\/08\/brb-300x182.png 300w, https:\/\/blogs.correiobraziliense.com.br\/aricunha\/wp-content\/uploads\/sites\/13\/2026\/08\/brb-550x333.png 550w, https:\/\/blogs.correiobraziliense.com.br\/aricunha\/wp-content\/uploads\/sites\/13\/2026\/08\/brb-230x139.png 230w\" sizes=\"auto, (max-width: 676px) 100vw, 676px\" \/><\/a><\/figure>\n\n\n\n<p class=\"wp-block-paragraph\"><strong>VISTO, LIDO E OUVIDO,<\/strong> criada desde 1960 por Ari Cunha (In memoriam)<\/p>\n\n\n\n<p class=\"wp-block-paragraph\">Hoje, com Circe Cunha e Mamfil \u2013 Manoel de Andrade<\/p>\n\n\n\n<p class=\"wp-block-paragraph\"><a href=\"mailto:jornalistacircecunha@gmail.com\">jornalistacircecunha@gmail.com<\/a><\/p>\n\n\n\n<p class=\"wp-block-paragraph\"><a href=\"https:\/\/www.instagram.com\/vistolidoeouvido\" data-type=\"link\" data-id=\"www.instagram.com\/vistolidoeouvido\">instagram.com\/vistolidoeouvido<\/a><\/p>\n\n\n\n<p class=\"wp-block-paragraph\"><a href=\"https:\/\/facebook.com\/vistolidoeouvido\" data-type=\"link\" data-id=\"facebook.com\/vistolidoeouvido\">facebook.com\/vistolidoeouvido<\/a><\/p>\n<\/div><\/div>\n\n\n\n<p class=\"wp-block-paragraph\">H\u00e1 crises que surgem de um acidente. Outras s\u00e3o resultado de uma sucess\u00e3o de decis\u00f5es que, durante algum tempo, parecem perfeitamente administr\u00e1veis, at\u00e9 o momento em que deixam de ser. O caso do Banco de Bras\u00edlia, o BRB, come\u00e7a a assumir essa segunda dimens\u00e3o. Essa \u00e9 uma crise que alcan\u00e7a o sistema financeiro, o patrim\u00f4nio p\u00fablico, a administra\u00e7\u00e3o do Distrito Federal e, inevitavelmente, a pol\u00edtica. \u00c9 preciso, antes de tudo, separar os fatos das especula\u00e7\u00f5es. O BRB continua funcionando. N\u00e3o houve liquida\u00e7\u00e3o. Ag\u00eancias, contas, empr\u00e9stimos e demais opera\u00e7\u00f5es banc\u00e1rias seguem em atividade. O banco continua sendo uma institui\u00e7\u00e3o relevante no sistema financeiro nacional e, sobretudo, para o Distrito Federal. N\u00e3o h\u00e1 raz\u00e3o, portanto, para transformar uma investiga\u00e7\u00e3o em senten\u00e7a antecipada ou uma crise de governan\u00e7a em an\u00fancio autom\u00e1tico de fal\u00eancia. Mas tampouco h\u00e1 raz\u00e3o para fingir que nada de extraordin\u00e1rio est\u00e1 acontecendo. O simples fato de demonstra\u00e7\u00f5es financeiras terem sido retardadas enquanto se realizam auditorias e investiga\u00e7\u00f5es j\u00e1 mostra a gravidade do momento.<\/p>\n\n\n\n<h2 class=\"wp-block-heading\"><strong>Bancos vivem de confian\u00e7a.<\/strong><\/h2>\n\n\n\n<p class=\"wp-block-paragraph\">Confian\u00e7a dos depositantes, dos investidores, dos parceiros comerciais, dos \u00f3rg\u00e3os reguladores e, principalmente, da sociedade que, no caso do BRB, \u00e9 tamb\u00e9m representada pelo controlador da institui\u00e7\u00e3o: o Governo do Distrito Federal. Quando um banco estatal ou controlado pelo poder p\u00fablico entra numa crise envolvendo opera\u00e7\u00f5es bilion\u00e1rias, a pergunta deixa de interessar apenas aos acionistas. A popula\u00e7\u00e3o tem o direito de saber quanto foi investido, quais crit\u00e9rios foram utilizados, quem autorizou as opera\u00e7\u00f5es, quais controles funcionaram e quais falharam e, sobretudo, quem responder\u00e1 por eventuais preju\u00edzos. \u00c9 nesse ponto que o caso Banco Master assume import\u00e2ncia central. As opera\u00e7\u00f5es envolvendo aquisi\u00e7\u00e3o e negocia\u00e7\u00e3o de carteiras de cr\u00e9dito passaram a ser objeto de investiga\u00e7\u00f5es e auditorias.<\/p>\n\n\n\n\n\n<h4 class=\"wp-block-heading\">Na mesma pauta: <a href=\"https:\/\/blogs.correiobraziliense.com.br\/aricunha\/brb-e-a-caixa-de-pandora-respingos-nas-eleicoes\/\" data-type=\"link\" data-id=\"https:\/\/blogs.correiobraziliense.com.br\/aricunha\/brb-e-a-caixa-de-pandora-respingos-nas-eleicoes\/\">BRB e a Caixa de Pandora. Respingos nas elei\u00e7\u00f5es<\/a><\/h4>\n\n\n\n<h2 class=\"wp-block-heading\"><strong>Os preju\u00edzos efetivamente sofridos<\/strong><\/h2>\n\n\n\n<p class=\"wp-block-paragraph\">Entre uma ponta e outra existe um longo caminho: avalia\u00e7\u00e3o dos ativos, verifica\u00e7\u00e3o de garantias, recupera\u00e7\u00e3o de cr\u00e9ditos, a\u00e7\u00f5es judiciais e eventual responsabiliza\u00e7\u00e3o de administradores ou terceiros. Por isso, afirmar hoje que o BRB perdeu integralmente determinados valores seria precipitado. O pr\u00f3prio movimento da institui\u00e7\u00e3o demonstra que a situa\u00e7\u00e3o exige provid\u00eancias excepcionais. Acionistas autorizaram medidas contra antigos administradores relacionados \u00e0s opera\u00e7\u00f5es investigadas, enquanto auditorias independentes procuram estabelecer responsabilidades e dimensionar os impactos patrimoniais. Quando uma institui\u00e7\u00e3o chega ao ponto de preparar a\u00e7\u00f5es contra integrantes de sua pr\u00f3pria administra\u00e7\u00e3o anterior, \u00e9 evidente que estamos al\u00e9m de uma simples diverg\u00eancia burocr\u00e1tica. A tentativa de estruturar uma opera\u00e7\u00e3o financeira de bilh\u00f5es de reais para refor\u00e7ar a posi\u00e7\u00e3o do banco demonstra que o assunto n\u00e3o pode ser tratado com frases tranquilizadoras de campanha eleitoral.<\/p>\n\n\n\n<h2 class=\"wp-block-heading\"><strong>As perguntas que ficam<\/strong><\/h2>\n\n\n\n<p class=\"wp-block-paragraph\">A depend\u00eancia de decis\u00f5es judiciais, negocia\u00e7\u00f5es institucionais e eventuais opera\u00e7\u00f5es de socorro n\u00e3o \u00e9 um cen\u00e1rio confort\u00e1vel para qualquer banco, muito menos para uma institui\u00e7\u00e3o cuja imagem est\u00e1 diretamente associada ao governo local. A pergunta inevit\u00e1vel \u00e9: como se chegou a esse ponto? N\u00e3o basta procurar culpados depois que a crise aparece. \u00c9 preciso examinar o sistema de decis\u00f5es que permitiu a realiza\u00e7\u00e3o das opera\u00e7\u00f5es agora questionadas. Quem analisou os riscos? Quais comit\u00eas participaram? Quais pareceres foram produzidos? Houve alertas internos? O conselho de administra\u00e7\u00e3o foi informado de todos os detalhes? Os mecanismos de compliance funcionaram? Houve diverg\u00eancias t\u00e9cnicas que foram ignoradas? S\u00e3o perguntas que precisam ser respondidas com documentos, e n\u00e3o com discursos.<\/p>\n\n\n\n<h4 class=\"wp-block-heading\">Relacionada: <a href=\"https:\/\/blogs.correiobraziliense.com.br\/aricunha\/o-preco-das-consciencias-que-governam-o-brasil\/\" data-type=\"link\" data-id=\"https:\/\/blogs.correiobraziliense.com.br\/aricunha\/o-preco-das-consciencias-que-governam-o-brasil\/\">O pre\u00e7o das consci\u00eancias que governam o Brasil<\/a><\/h4>\n\n\n\n<h2 class=\"wp-block-heading\"><strong>Um banco importante para os brasilienses<\/strong><\/h2>\n\n\n\n<p class=\"wp-block-paragraph\">O Distrito Federal possui uma rela\u00e7\u00e3o particular com o BRB. O banco carrega a marca de Bras\u00edlia e tem participa\u00e7\u00e3o direta do poder p\u00fablico em sua estrutura de controle. Isso significa que qualquer problema relevante ultrapassa os limites de uma empresa e alcan\u00e7a a responsabilidade dos administradores p\u00fablicos. N\u00e3o existe patrim\u00f4nio p\u00fablico abstrato. Todo recurso pertence, em \u00faltima inst\u00e2ncia, \u00e0 sociedade. Se houve opera\u00e7\u00f5es mal avaliadas, preju\u00edzos devem ser identificados. <\/p>\n\n\n\n<h2 class=\"wp-block-heading\"><strong>No furac\u00e3o da pol\u00edtica<\/strong><\/h2>\n\n\n\n<p class=\"wp-block-paragraph\">O processo eleitoral n\u00e3o pode substituir a investiga\u00e7\u00e3o t\u00e9cnica. Nem elei\u00e7\u00e3o inocenta ningu\u00e9m, nem elei\u00e7\u00e3o condena algu\u00e9m. Responsabilidades administrativas, civis e criminais precisam ser determinadas pelos \u00f3rg\u00e3os competentes, com provas e respeito ao devido processo legal. Ao mesmo tempo, a popula\u00e7\u00e3o tem todo o direito de transformar a maneira como uma crise foi conduzida em elemento de julgamento pol\u00edtico. Governantes s\u00e3o eleitos para administrar. Administradores p\u00fablicos respondem pelas decis\u00f5es tomadas sob sua gest\u00e3o. Essa \u00e9 uma regra elementar da democracia. O caso BRB, portanto, n\u00e3o desaparecer\u00e1 simplesmente porque uma nova campanha eleitoral come\u00e7ou. Pelo contr\u00e1rio. Quanto maior a demora na divulga\u00e7\u00e3o de informa\u00e7\u00f5es claras e auditadas, maior ser\u00e1 o espa\u00e7o ocupado por vers\u00f5es, boatos e especula\u00e7\u00f5es.<\/p>\n\n\n\n<h2 class=\"wp-block-heading\"><strong>A frase que foi pronunciada:<\/strong><\/h2>\n\n\n\n<blockquote class=\"wp-block-quote is-layout-flow wp-block-quote-is-layout-flow\">\n<p class=\"wp-block-paragraph\">&#8220;Cad\u00ea os bilh\u00f5es do BRB?&#8221;<\/p>\n\n\n\n<p class=\"wp-block-paragraph\">Eric Gustavo<\/p>\n<\/blockquote>\n\n\n\n<h2 class=\"wp-block-heading\"><strong>Hist\u00f3ria de Bras\u00edlia<\/strong><\/h2>\n\n\n\n<p class=\"wp-block-paragraph\">As pessoas que procuram a Coletoria Federal de Bras\u00edlia reclamam que h\u00e1 poucos funcion\u00e1rios para o trabalho. A averba\u00e7\u00e3o de contratos ou recibos \u00e9 feita rapidamente, mas \u00e0s v\u00eazes, os funcion\u00e1rios ficam presos a leituras de longos contratos, em preju\u00edzo do funcionamento mais r\u00e1pido do servi\u00e7o. (Publicada em 25.05.1961)<\/p>\n","protected":false},"excerpt":{"rendered":"<p>VISTO, LIDO E OUVIDO, criada desde 1960 por Ari Cunha (In memoriam) Hoje, com Circe Cunha e Mamfil \u2013 Manoel de Andrade jornalistacircecunha@gmail.com instagram.com\/vistolidoeouvido facebook.com\/vistolidoeouvido H\u00e1 crises que surgem de um acidente. Outras s\u00e3o resultado de uma sucess\u00e3o de decis\u00f5es que, durante algum tempo, parecem perfeitamente administr\u00e1veis, at\u00e9 o momento em que deixam de ser. O caso do Banco de [&hellip;]<\/p>\n","protected":false},"author":34,"featured_media":0,"comment_status":"open","ping_status":"open","sticky":false,"template":"","format":"standard","meta":{"footnotes":""},"categories":[1],"tags":[4288,4289,2337,2338,4152,2339,287,1241,4142,4290,114],"class_list":["post-28038","post","type-post","status-publish","format-standard","hentry","category-integra-integra","tag-investigacao-2","tag-administradorespublicos","tag-aricunha-2","tag-brasilia-2","tag-brb","tag-circecunha-2","tag-corrupcao","tag-distritofederal","tag-gestao","tag-governantes","tag-historiadebrasilia"],"_links":{"self":[{"href":"https:\/\/blogs.correiobraziliense.com.br\/aricunha\/wp-json\/wp\/v2\/posts\/28038","targetHints":{"allow":["GET"]}}],"collection":[{"href":"https:\/\/blogs.correiobraziliense.com.br\/aricunha\/wp-json\/wp\/v2\/posts"}],"about":[{"href":"https:\/\/blogs.correiobraziliense.com.br\/aricunha\/wp-json\/wp\/v2\/types\/post"}],"author":[{"embeddable":true,"href":"https:\/\/blogs.correiobraziliense.com.br\/aricunha\/wp-json\/wp\/v2\/users\/34"}],"replies":[{"embeddable":true,"href":"https:\/\/blogs.correiobraziliense.com.br\/aricunha\/wp-json\/wp\/v2\/comments?post=28038"}],"version-history":[{"count":8,"href":"https:\/\/blogs.correiobraziliense.com.br\/aricunha\/wp-json\/wp\/v2\/posts\/28038\/revisions"}],"predecessor-version":[{"id":28051,"href":"https:\/\/blogs.correiobraziliense.com.br\/aricunha\/wp-json\/wp\/v2\/posts\/28038\/revisions\/28051"}],"wp:attachment":[{"href":"https:\/\/blogs.correiobraziliense.com.br\/aricunha\/wp-json\/wp\/v2\/media?parent=28038"}],"wp:term":[{"taxonomy":"category","embeddable":true,"href":"https:\/\/blogs.correiobraziliense.com.br\/aricunha\/wp-json\/wp\/v2\/categories?post=28038"},{"taxonomy":"post_tag","embeddable":true,"href":"https:\/\/blogs.correiobraziliense.com.br\/aricunha\/wp-json\/wp\/v2\/tags?post=28038"}],"curies":[{"name":"wp","href":"https:\/\/api.w.org\/{rel}","templated":true}]}}