{"id":18010,"date":"2020-11-21T01:00:48","date_gmt":"2020-11-21T04:00:48","guid":{"rendered":"https:\/\/blogs.correiobraziliense.com.br\/aricunha\/?p=18010"},"modified":"2020-11-21T10:12:33","modified_gmt":"2020-11-21T13:12:33","slug":"o-papel-dos-tribunais-de-contas-no-combate-a-corrupcao","status":"publish","type":"post","link":"https:\/\/blogs.correiobraziliense.com.br\/aricunha\/o-papel-dos-tribunais-de-contas-no-combate-a-corrupcao\/","title":{"rendered":"O papel dos tribunais de contas no combate \u00e0 corrup\u00e7\u00e3o"},"content":{"rendered":"<p>VISTO, LIDO E OUVIDO, criada por Ari Cunha (In memoriam)<\/p>\n<p>Desde 1960, com Circe Cunha e Mamfil \u2013 Manoel de Andrade<\/p>\n<p>jornalistacircecunha@gmail.com<\/p>\n<p>Facebook.com\/vistolidoeouvido<\/p>\n<p>Instagram.com\/vistolidoeouvido<\/p>\n<p>&nbsp;<\/p>\n<figure id=\"attachment_13475\" aria-describedby=\"caption-attachment-13475\" style=\"width: 554px\" class=\"wp-caption aligncenter\"><img loading=\"lazy\" decoding=\"async\" class=\" wp-image-13475\" src=\"https:\/\/blogs.correiobraziliense.com.br\/aricunha\/wp-content\/uploads\/sites\/13\/2019\/02\/charge-de-ricardo-welbert-sobre-favorecimentos-de-cargos-nos-tribunal-de-contas.jpg\" alt=\"\" width=\"554\" height=\"526\" srcset=\"https:\/\/blogs.correiobraziliense.com.br\/aricunha\/wp-content\/uploads\/sites\/13\/2019\/02\/charge-de-ricardo-welbert-sobre-favorecimentos-de-cargos-nos-tribunal-de-contas.jpg 764w, https:\/\/blogs.correiobraziliense.com.br\/aricunha\/wp-content\/uploads\/sites\/13\/2019\/02\/charge-de-ricardo-welbert-sobre-favorecimentos-de-cargos-nos-tribunal-de-contas-300x285.jpg 300w, https:\/\/blogs.correiobraziliense.com.br\/aricunha\/wp-content\/uploads\/sites\/13\/2019\/02\/charge-de-ricardo-welbert-sobre-favorecimentos-de-cargos-nos-tribunal-de-contas-350x333.jpg 350w, https:\/\/blogs.correiobraziliense.com.br\/aricunha\/wp-content\/uploads\/sites\/13\/2019\/02\/charge-de-ricardo-welbert-sobre-favorecimentos-de-cargos-nos-tribunal-de-contas-550x523.jpg 550w, https:\/\/blogs.correiobraziliense.com.br\/aricunha\/wp-content\/uploads\/sites\/13\/2019\/02\/charge-de-ricardo-welbert-sobre-favorecimentos-de-cargos-nos-tribunal-de-contas-230x219.jpg 230w\" sizes=\"auto, (max-width: 554px) 100vw, 554px\" \/><figcaption id=\"caption-attachment-13475\" class=\"wp-caption-text\">Charge do Ricardo Welbert<\/figcaption><\/figure>\n<p>&nbsp;<\/p>\n<p>Melhorar o desempenho e at\u00e9 rever o papel dos tribunais de contas em nosso pa\u00eds \u00e9 sempre uma agenda a ser levada em conta. Em 1996, quando ainda era professor de Direito Constitucional, Lu\u00eds Roberto Barroso, atual ministro do Supremo Tribunal Federal (STF), disse, em uma entrevista ao jornal O Estado de S. Paulo, que os Tribunais de Contas dos Estados (TCE\u2019s) haviam se transformado em verdadeiros governos paralelos. Com isso, o entrevistado estava confirmando o que muitos brasileiros espalhados pelos mais de cinco mil munic\u00edpios do pa\u00eds j\u00e1 desconfiavam h\u00e1 anos.<\/p>\n<p>A corrup\u00e7\u00e3o, um mal que nos aflige, praticamente, desde sempre, mas que vem se recrudescendo nos \u00faltimos anos, por diversos fatores, poderia, num pa\u00eds ideal e distante, ser debelada ainda na nascente, caso houvesse um exame s\u00e9rio e criterioso das opera\u00e7\u00f5es financeiras e dos registros cont\u00e1beis nas reparti\u00e7\u00f5es destinadas a esse fim, que s\u00e3o os tribunais de contas.<\/p>\n<p>Para muitos especialistas no assunto, como \u00e9 o caso do parnaibano Jos\u00e9 Daniel de Alencar, autor de uma dezena de livros sobre o tema, uma das causas fundamentais da corrup\u00e7\u00e3o end\u00eamica, que h\u00e1 anos assola o pa\u00eds, est\u00e1 justamente na \u201cconden\u00e1vel submiss\u00e3o dos \u00f3rg\u00e3os de controle internos e externos, respons\u00e1veis pela fiscaliza\u00e7\u00e3o do emprego de recursos p\u00fablicos, aos Poderes Legislativos, Executivo e Judici\u00e1rio\u201d tal como se encontram inseridos em nossa atual Constitui\u00e7\u00e3o.<\/p>\n<p>Segundo esse especialista que j\u00e1 ocupou importantes cargos de chefia na Coordena\u00e7\u00e3o de Auditorias e Controle, inclusive no Distrito Federal, faz-se necess\u00e1rio, entre outras medidas, tornar os fiscais de aplica\u00e7\u00e3o de recursos p\u00fablicos independentes, como acontece atualmente nos Estados Unidos. O rem\u00e9dio para a corrup\u00e7\u00e3o, recomenda Jos\u00e9 Alencar, \u00e9 a preven\u00e7\u00e3o. O que parece, \u00e0 primeira vista, uma receita simples \u00e9, para quem entende do assunto, a medida b\u00e1sica para conter a sangria de recursos p\u00fablicos.<\/p>\n<p>S\u00e3o justamente esses relat\u00f3rios, preparados por t\u00e9cnicos concursados e isentos, que v\u00e3o sugerir as provid\u00eancias a serem adotadas para a corre\u00e7\u00e3o das falhas detectadas. Do ponto de vista legal, a import\u00e2ncia da fiscaliza\u00e7\u00e3o dos gastos p\u00fablicos \u00e9 prim\u00e1ria e se assenta no que reza o par\u00e1grafo \u00fanico do Art. 70 da atual Constitui\u00e7\u00e3o, quando estabelece que \u201cprestar\u00e1 contas qualquer pessoa f\u00edsica ou jur\u00eddica, p\u00fablica ou privada, que utilize, arrecade, guarde ou administre dinheiro, bens e valores p\u00fablicos ou pelas quais a Uni\u00e3o responda, ou que, em nome desta, assuma obriga\u00e7\u00e3o de natureza pecuni\u00e1ria.\u201d Ao transformar os tribunais de contas em meros auxiliares das casas legislativas, torna in\u00f3cua parte importante dessas cortes cont\u00e1beis.<\/p>\n<p>&nbsp;<\/p>\n<p>&nbsp;<\/p>\n<p>&nbsp;<\/p>\n<p>&nbsp;<\/p>\n<p><strong>A frase que foi pronunciada:<\/strong><\/p>\n<p><em>\u201cPerten\u00e7o a uma gera\u00e7\u00e3o que quis mudar o mundo, fui esmagado, derrotado, pulverizado, mas continuo sonhando que vale a pena lutar para que as pessoas possam viver um pouco melhor e com um maior senso de igualdade.\u201d<\/em><\/p>\n<p>Pepe Mujica, pol\u00edtico do Uruguai<\/p>\n<figure id=\"attachment_12812\" aria-describedby=\"caption-attachment-12812\" style=\"width: 545px\" class=\"wp-caption aligncenter\"><img loading=\"lazy\" decoding=\"async\" class=\" wp-image-12812\" src=\"https:\/\/blogs.correiobraziliense.com.br\/aricunha\/wp-content\/uploads\/sites\/13\/2018\/11\/67547232_SAO-PAULO-SP06052017-II-FEIRA-NACIONAL-DA-REFORMA-AGRARIAPepe-Mujica-ex-presidente-do.jpg\" alt=\"\" width=\"545\" height=\"327\" srcset=\"https:\/\/blogs.correiobraziliense.com.br\/aricunha\/wp-content\/uploads\/sites\/13\/2018\/11\/67547232_SAO-PAULO-SP06052017-II-FEIRA-NACIONAL-DA-REFORMA-AGRARIAPepe-Mujica-ex-presidente-do.jpg 1086w, https:\/\/blogs.correiobraziliense.com.br\/aricunha\/wp-content\/uploads\/sites\/13\/2018\/11\/67547232_SAO-PAULO-SP06052017-II-FEIRA-NACIONAL-DA-REFORMA-AGRARIAPepe-Mujica-ex-presidente-do-300x180.jpg 300w, https:\/\/blogs.correiobraziliense.com.br\/aricunha\/wp-content\/uploads\/sites\/13\/2018\/11\/67547232_SAO-PAULO-SP06052017-II-FEIRA-NACIONAL-DA-REFORMA-AGRARIAPepe-Mujica-ex-presidente-do-768x461.jpg 768w, https:\/\/blogs.correiobraziliense.com.br\/aricunha\/wp-content\/uploads\/sites\/13\/2018\/11\/67547232_SAO-PAULO-SP06052017-II-FEIRA-NACIONAL-DA-REFORMA-AGRARIAPepe-Mujica-ex-presidente-do-1024x615.jpg 1024w, https:\/\/blogs.correiobraziliense.com.br\/aricunha\/wp-content\/uploads\/sites\/13\/2018\/11\/67547232_SAO-PAULO-SP06052017-II-FEIRA-NACIONAL-DA-REFORMA-AGRARIAPepe-Mujica-ex-presidente-do-350x210.jpg 350w, https:\/\/blogs.correiobraziliense.com.br\/aricunha\/wp-content\/uploads\/sites\/13\/2018\/11\/67547232_SAO-PAULO-SP06052017-II-FEIRA-NACIONAL-DA-REFORMA-AGRARIAPepe-Mujica-ex-presidente-do-550x330.jpg 550w, https:\/\/blogs.correiobraziliense.com.br\/aricunha\/wp-content\/uploads\/sites\/13\/2018\/11\/67547232_SAO-PAULO-SP06052017-II-FEIRA-NACIONAL-DA-REFORMA-AGRARIAPepe-Mujica-ex-presidente-do-230x138.jpg 230w\" sizes=\"auto, (max-width: 545px) 100vw, 545px\" \/><figcaption id=\"caption-attachment-12812\" class=\"wp-caption-text\">Foto: oglobo.globo.com<\/figcaption><\/figure>\n<p>&nbsp;<\/p>\n<p><strong>Den\u00fancia<\/strong><\/p>\n<p>Leitora faz um alerta sobre a estrat\u00e9gia existente no caso do Plano\u00a0de Sa\u00fade da Sul Am\u00e9rica: provocar inadimpl\u00eancia com objetivo de cancelar ap\u00f3lices, principalmente de idosos. Na esperteza, n\u00e3o encaminha os boletos para pagamento,\u00a0da\u00ed surge todo tipo de dificuldade para efetiva\u00e7\u00e3o, quando causam um atraso de 60 dias respaldando o cancelamento planejado.<\/p>\n<figure id=\"attachment_18013\" aria-describedby=\"caption-attachment-18013\" style=\"width: 547px\" class=\"wp-caption aligncenter\"><img loading=\"lazy\" decoding=\"async\" class=\" wp-image-18013\" src=\"https:\/\/blogs.correiobraziliense.com.br\/aricunha\/wp-content\/uploads\/sites\/13\/2020\/11\/sul.jpg\" alt=\"\" width=\"547\" height=\"364\" srcset=\"https:\/\/blogs.correiobraziliense.com.br\/aricunha\/wp-content\/uploads\/sites\/13\/2020\/11\/sul.jpg 496w, https:\/\/blogs.correiobraziliense.com.br\/aricunha\/wp-content\/uploads\/sites\/13\/2020\/11\/sul-300x200.jpg 300w, https:\/\/blogs.correiobraziliense.com.br\/aricunha\/wp-content\/uploads\/sites\/13\/2020\/11\/sul-230x153.jpg 230w\" sizes=\"auto, (max-width: 547px) 100vw, 547px\" \/><figcaption id=\"caption-attachment-18013\" class=\"wp-caption-text\">Imagem: saudesulamericasa.com<\/figcaption><\/figure>\n<p>&nbsp;<\/p>\n<p><strong>D\u00favida<\/strong><\/p>\n<p>Se for preciso que os cursos preparat\u00f3rios sejam \u00e0 dist\u00e2ncia durante a pandemia, que sejam. O que n\u00e3o est\u00e1 claro \u00e9 sobre a gravidade da quest\u00e3o. Basta ver que as crian\u00e7as voltaram para as escolas e pessoas de todas as idades frequentam as praias. Esse n\u00e3o \u00e9 um v\u00edrus seletivo. Ou \u00e9?<\/p>\n<figure id=\"attachment_17529\" aria-describedby=\"caption-attachment-17529\" style=\"width: 546px\" class=\"wp-caption aligncenter\"><img loading=\"lazy\" decoding=\"async\" class=\" wp-image-17529\" src=\"https:\/\/blogs.correiobraziliense.com.br\/aricunha\/wp-content\/uploads\/sites\/13\/2020\/09\/praia.jpg\" alt=\"\" width=\"546\" height=\"253\" srcset=\"https:\/\/blogs.correiobraziliense.com.br\/aricunha\/wp-content\/uploads\/sites\/13\/2020\/09\/praia.jpg 717w, https:\/\/blogs.correiobraziliense.com.br\/aricunha\/wp-content\/uploads\/sites\/13\/2020\/09\/praia-300x139.jpg 300w, https:\/\/blogs.correiobraziliense.com.br\/aricunha\/wp-content\/uploads\/sites\/13\/2020\/09\/praia-550x255.jpg 550w, https:\/\/blogs.correiobraziliense.com.br\/aricunha\/wp-content\/uploads\/sites\/13\/2020\/09\/praia-230x106.jpg 230w\" sizes=\"auto, (max-width: 546px) 100vw, 546px\" \/><figcaption id=\"caption-attachment-17529\" class=\"wp-caption-text\">Foto: DF Legal\/Divulga\u00e7\u00e3o<\/figcaption><\/figure>\n<p>&nbsp;<\/p>\n<p><strong>Consome dor<\/strong><\/p>\n<p>P\u00e9ssima iniciativa do Banco do Brasil em cortar a parceria com as lot\u00e9ricas. Certamente, a c\u00fapula do banco n\u00e3o imaginava que o servi\u00e7o fosse t\u00e3o f\u00e1cil, pr\u00e1tico e econ\u00f4mico para os consumidores.<\/p>\n<figure id=\"attachment_10117\" aria-describedby=\"caption-attachment-10117\" style=\"width: 542px\" class=\"wp-caption aligncenter\"><img loading=\"lazy\" decoding=\"async\" class=\" wp-image-10117\" src=\"https:\/\/blogs.correiobraziliense.com.br\/aricunha\/wp-content\/uploads\/sites\/13\/2018\/03\/banco-do-brasil-charge.jpg\" alt=\"\" width=\"542\" height=\"385\" srcset=\"https:\/\/blogs.correiobraziliense.com.br\/aricunha\/wp-content\/uploads\/sites\/13\/2018\/03\/banco-do-brasil-charge.jpg 480w, https:\/\/blogs.correiobraziliense.com.br\/aricunha\/wp-content\/uploads\/sites\/13\/2018\/03\/banco-do-brasil-charge-300x213.jpg 300w, https:\/\/blogs.correiobraziliense.com.br\/aricunha\/wp-content\/uploads\/sites\/13\/2018\/03\/banco-do-brasil-charge-350x249.jpg 350w, https:\/\/blogs.correiobraziliense.com.br\/aricunha\/wp-content\/uploads\/sites\/13\/2018\/03\/banco-do-brasil-charge-230x163.jpg 230w\" sizes=\"auto, (max-width: 542px) 100vw, 542px\" \/><figcaption id=\"caption-attachment-10117\" class=\"wp-caption-text\">Charge: tribunadainternet.com.br<\/figcaption><\/figure>\n<p>&nbsp;<\/p>\n<p><strong>Cidadania<\/strong><\/p>\n<p>Muitas ideias interessantes sobre o assunto governo e \u00e1reas verdes Lago Sul e Lago Norte. A popula\u00e7\u00e3o est\u00e1 acompanhando o passo a passo, trocando ideias e at\u00e9 pautando a cobran\u00e7a das obriga\u00e7\u00f5es do GDF que n\u00e3o est\u00e3o sendo cumpridas. Um dos moradores tentou aliviar a tens\u00e3o com a mensagem: \u201cVamos nos desesperar com calma!\u201d.<\/p>\n<figure id=\"attachment_18014\" aria-describedby=\"caption-attachment-18014\" style=\"width: 543px\" class=\"wp-caption aligncenter\"><img loading=\"lazy\" decoding=\"async\" class=\"size-full wp-image-18014\" src=\"https:\/\/blogs.correiobraziliense.com.br\/aricunha\/wp-content\/uploads\/sites\/13\/2020\/11\/outorga.jpg\" alt=\"\" width=\"543\" height=\"597\" srcset=\"https:\/\/blogs.correiobraziliense.com.br\/aricunha\/wp-content\/uploads\/sites\/13\/2020\/11\/outorga.jpg 543w, https:\/\/blogs.correiobraziliense.com.br\/aricunha\/wp-content\/uploads\/sites\/13\/2020\/11\/outorga-273x300.jpg 273w, https:\/\/blogs.correiobraziliense.com.br\/aricunha\/wp-content\/uploads\/sites\/13\/2020\/11\/outorga-230x253.jpg 230w\" sizes=\"auto, (max-width: 543px) 100vw, 543px\" \/><figcaption id=\"caption-attachment-18014\" class=\"wp-caption-text\">Cartaz: agenciabrasilia.df.gov<\/figcaption><\/figure>\n<p>&nbsp;<\/p>\n<p><strong>HIST\u00d3RIA DE BRAS\u00cdLIA<\/strong><\/p>\n<p>E completam a acusa\u00e7\u00e3o, com a den\u00fancia de que o contrato exige 70 mudas por metro quadrado, e a m\u00e9dia de plantio est\u00e1 sendo de 25. <strong>(Publicado em 15\/12\/1961)<\/strong><\/p>\n","protected":false},"excerpt":{"rendered":"<p>VISTO, LIDO E OUVIDO, criada por Ari Cunha (In memoriam) Desde 1960, com Circe Cunha e Mamfil \u2013 Manoel de Andrade jornalistacircecunha@gmail.com Facebook.com\/vistolidoeouvido Instagram.com\/vistolidoeouvido &nbsp; &nbsp; Melhorar o desempenho e at\u00e9 rever o papel dos tribunais de contas em nosso pa\u00eds \u00e9 sempre uma agenda a ser levada em conta. Em 1996, quando ainda era professor de Direito Constitucional, Lu\u00eds [&hellip;]<\/p>\n","protected":false},"author":34,"featured_media":13475,"comment_status":"open","ping_status":"open","sticky":false,"template":"","format":"standard","meta":{"footnotes":""},"categories":[23],"tags":[2337,2338,2339,1307,287,114,2340,1482,2545,65],"class_list":["post-18010","post","type-post","status-publish","format-standard","has-post-thumbnail","hentry","category-integra","tag-aricunha-2","tag-brasilia-2","tag-circecunha-2","tag-congressonacional","tag-corrupcao","tag-historiadebrasilia","tag-mamfil-2","tag-ministroluisrobertobarroso","tag-tribunaisdecontasestaduais","tag-stf"],"_links":{"self":[{"href":"https:\/\/blogs.correiobraziliense.com.br\/aricunha\/wp-json\/wp\/v2\/posts\/18010","targetHints":{"allow":["GET"]}}],"collection":[{"href":"https:\/\/blogs.correiobraziliense.com.br\/aricunha\/wp-json\/wp\/v2\/posts"}],"about":[{"href":"https:\/\/blogs.correiobraziliense.com.br\/aricunha\/wp-json\/wp\/v2\/types\/post"}],"author":[{"embeddable":true,"href":"https:\/\/blogs.correiobraziliense.com.br\/aricunha\/wp-json\/wp\/v2\/users\/34"}],"replies":[{"embeddable":true,"href":"https:\/\/blogs.correiobraziliense.com.br\/aricunha\/wp-json\/wp\/v2\/comments?post=18010"}],"version-history":[{"count":5,"href":"https:\/\/blogs.correiobraziliense.com.br\/aricunha\/wp-json\/wp\/v2\/posts\/18010\/revisions"}],"predecessor-version":[{"id":18024,"href":"https:\/\/blogs.correiobraziliense.com.br\/aricunha\/wp-json\/wp\/v2\/posts\/18010\/revisions\/18024"}],"wp:featuredmedia":[{"embeddable":true,"href":"https:\/\/blogs.correiobraziliense.com.br\/aricunha\/wp-json\/wp\/v2\/media\/13475"}],"wp:attachment":[{"href":"https:\/\/blogs.correiobraziliense.com.br\/aricunha\/wp-json\/wp\/v2\/media?parent=18010"}],"wp:term":[{"taxonomy":"category","embeddable":true,"href":"https:\/\/blogs.correiobraziliense.com.br\/aricunha\/wp-json\/wp\/v2\/categories?post=18010"},{"taxonomy":"post_tag","embeddable":true,"href":"https:\/\/blogs.correiobraziliense.com.br\/aricunha\/wp-json\/wp\/v2\/tags?post=18010"}],"curies":[{"name":"wp","href":"https:\/\/api.w.org\/{rel}","templated":true}]}}