{"id":17858,"date":"2020-10-29T01:00:17","date_gmt":"2020-10-29T04:00:17","guid":{"rendered":"https:\/\/blogs.correiobraziliense.com.br\/aricunha\/?p=17858"},"modified":"2020-10-29T11:31:58","modified_gmt":"2020-10-29T14:31:58","slug":"ministerio-da-saude-assiste-atonito-a-privatizacao-das-ubs","status":"publish","type":"post","link":"https:\/\/blogs.correiobraziliense.com.br\/aricunha\/ministerio-da-saude-assiste-atonito-a-privatizacao-das-ubs\/","title":{"rendered":"Minist\u00e9rio da Sa\u00fade assiste at\u00f4nito a privatiza\u00e7\u00e3o das UBS"},"content":{"rendered":"<p>VISTO, LIDO E OUVIDO, criada por Ari Cunha (In memoriam)<\/p>\n<p>Desde 1960, com Circe Cunha e Mamfil \u2013 Manoel de Andrade<\/p>\n<p>jornalistacircecunha@gmail.com<\/p>\n<p>Facebook.com\/vistolidoeouvido<\/p>\n<p>Instagram.com\/vistolidoeouvido<\/p>\n<p>&nbsp;<\/p>\n<figure id=\"attachment_17861\" aria-describedby=\"caption-attachment-17861\" style=\"width: 513px\" class=\"wp-caption aligncenter\"><img loading=\"lazy\" decoding=\"async\" class=\"size-full wp-image-17861\" src=\"https:\/\/blogs.correiobraziliense.com.br\/aricunha\/wp-content\/uploads\/sites\/13\/2020\/10\/UBS.jpg\" alt=\"\" width=\"513\" height=\"520\" srcset=\"https:\/\/blogs.correiobraziliense.com.br\/aricunha\/wp-content\/uploads\/sites\/13\/2020\/10\/UBS.jpg 513w, https:\/\/blogs.correiobraziliense.com.br\/aricunha\/wp-content\/uploads\/sites\/13\/2020\/10\/UBS-296x300.jpg 296w, https:\/\/blogs.correiobraziliense.com.br\/aricunha\/wp-content\/uploads\/sites\/13\/2020\/10\/UBS-230x233.jpg 230w\" sizes=\"auto, (max-width: 513px) 100vw, 513px\" \/><figcaption id=\"caption-attachment-17861\" class=\"wp-caption-text\">Charge do Nando Motta<\/figcaption><\/figure>\n<p>&nbsp;<\/p>\n<p>Nesta altura dos acontecimentos, passadas quase tr\u00eas d\u00e9cadas do retorno da democracia ao pa\u00eds, boa parte da popula\u00e7\u00e3o j\u00e1 se deu conta das diferen\u00e7as conceituais existentes entre privatiza\u00e7\u00f5es de setores deficit\u00e1rios e com pouco ou nenhum benef\u00edcio p\u00fablico e outras privatiza\u00e7\u00f5es, propostas \u00e0 toque de caixa, em \u00e1reas ligadas diretamente ao atendimento do cidad\u00e3o.<\/p>\n<p>Em ambos os casos, as privatiza\u00e7\u00f5es ou aberturas desses setores \u00e0 iniciativa privada s\u00e3o movidas por quest\u00f5es econ\u00f4micas ligadas ao equacionamento das contas p\u00fablicas. Ocorre que, em setores b\u00e1sicos como a educa\u00e7\u00e3o, sa\u00fade e seguran\u00e7a, direitos garantidos claramente na Carta Constitucional de 1988, a entrada ou a participa\u00e7\u00e3o da iniciativa privada, feita sob qualquer argumento por parte do governo, acende imediatamente, no seio da sociedade, o sinal vermelho de alerta, mesmo quando essas inten\u00e7\u00f5es surgem revestidas das mais singelas e puras justificativas.<\/p>\n<p>N\u00e3o h\u00e1 contas, feitas na ponta do l\u00e1pis por especialistas, mesmo os mais renomados, que consigam explicar, para a opini\u00e3o p\u00fablica, principalmente \u00e0 parcela mais esclarecida, as raz\u00f5es que t\u00eam levado o governo a baixar o decreto 10.530, assinado diretamente pelo presidente da Rep\u00fablica e sem o aval do Minist\u00e9rio da Sa\u00fade, permitindo, entre outras possibilidades, a realiza\u00e7\u00e3o de estudos para uma poss\u00edvel inclus\u00e3o das mais de 42 mil Unidades B\u00e1sicas de Sa\u00fade (UBS), espalhadas por todo o pa\u00eds, no Programa de Parceria de Investimentos da Presid\u00eancia da Rep\u00fablica (PPI).<\/p>\n<p>Essas PPIs, uma revis\u00e3o mal maquiada das antigas Parcerias P\u00fablicos Privadas (PPP), nada mais s\u00e3o do que um programa de governo voltado para a privatiza\u00e7\u00e3o de setores p\u00fablicos, como aeroportos, portos, ferrovias e outros. As UBSs representam postos avan\u00e7ados do Sistema \u00danico de Sa\u00fade (SUS) que t\u00eam, como fun\u00e7\u00e3o preliminar e essencial, o cuidado com a sa\u00fade preventiva e prim\u00e1ria da popula\u00e7\u00e3o, filtrando, na ponta, os casos de sa\u00fade mais recorrentes e simples e que podem receber um tratamento emergencial e satisfat\u00f3rio, sem a necessidade de superlotar os hospitais, que assim ficam resguardados para casos mais complexos.<\/p>\n<p>Para especialistas nesse setor, as UBSs s\u00e3o como o cora\u00e7\u00e3o do SUS, prestando um atendimento estrat\u00e9gico que permite o funcionamento adequado de todo esse imenso mecanismo. A simples argumenta\u00e7\u00e3o do governo de que as UBSs estariam \u201cqualificadas\u201d para participar das PPIs, dentro do que a presid\u00eancia entende como programa de privatiza\u00e7\u00e3o, imediatamente levantou uma saraivada de cr\u00edticas vindas de toda a parte, n\u00e3o apenas da oposi\u00e7\u00e3o vacilante, mas, sobretudo, de setores que conhecem a import\u00e2ncia vital das UBSs para a popula\u00e7\u00e3o brasileira, principalmente a de baixa e m\u00e9dia rendas.<\/p>\n<p>Os cidad\u00e3os bem conhecem os interesses que movem a iniciativa privada, em sua busca natural por lucros, e o qu\u00e3o distante esses interesses, em conluio com o governo, est\u00e3o das necessidades b\u00e1sicas da popula\u00e7\u00e3o. De t\u00e3o absurdo, esse decreto foi incluindo dentre as chamadas propostas natimortas e que, por sua afoiteza marota, sequer merece um naco de reflex\u00e3o, da\u00ed a sua revoga\u00e7\u00e3o antes que causasse algum estrago maior. De outra forma, o decreto 10.530 seria revelador da falta de projetos consistentes e do qu\u00e3o perdidos ainda est\u00e3o o atual governo e sua equipe de trapalh\u00f5es.<\/p>\n<p>&nbsp;<\/p>\n<p>&nbsp;<\/p>\n<p><strong>A frase que foi pronunciada:<\/strong><\/p>\n<p><em>\u201cSe voc\u00ea acha que a educa\u00e7\u00e3o \u00e9 cara, experimente a ignor\u00e2ncia.\u201d<\/em><\/p>\n<p>Andy McIntyre, ex-jogador da uni\u00e3o australiana de rugby.<\/p>\n<figure id=\"attachment_17862\" aria-describedby=\"caption-attachment-17862\" style=\"width: 543px\" class=\"wp-caption aligncenter\"><img loading=\"lazy\" decoding=\"async\" class=\" wp-image-17862\" src=\"https:\/\/blogs.correiobraziliense.com.br\/aricunha\/wp-content\/uploads\/sites\/13\/2020\/10\/rugby.jpg\" alt=\"\" width=\"543\" height=\"420\" srcset=\"https:\/\/blogs.correiobraziliense.com.br\/aricunha\/wp-content\/uploads\/sites\/13\/2020\/10\/rugby.jpg 635w, https:\/\/blogs.correiobraziliense.com.br\/aricunha\/wp-content\/uploads\/sites\/13\/2020\/10\/rugby-300x232.jpg 300w, https:\/\/blogs.correiobraziliense.com.br\/aricunha\/wp-content\/uploads\/sites\/13\/2020\/10\/rugby-550x425.jpg 550w, https:\/\/blogs.correiobraziliense.com.br\/aricunha\/wp-content\/uploads\/sites\/13\/2020\/10\/rugby-230x178.jpg 230w\" sizes=\"auto, (max-width: 543px) 100vw, 543px\" \/><figcaption id=\"caption-attachment-17862\" class=\"wp-caption-text\">Foto: thefreepress.ca<\/figcaption><\/figure>\n<p>&nbsp;<\/p>\n<p><strong>Trabalho<\/strong><\/p>\n<p>Esse \u00e9 o momento para as Administra\u00e7\u00f5es pontuarem, no mapa da cidade, as \u00e1reas onde h\u00e1 necessidade da escoa\u00e7\u00e3o de \u00e1gua. Caso contr\u00e1rio, as not\u00edcias de todos os anos se repetir\u00e3o.<\/p>\n<figure id=\"attachment_17863\" aria-describedby=\"caption-attachment-17863\" style=\"width: 548px\" class=\"wp-caption aligncenter\"><img loading=\"lazy\" decoding=\"async\" class=\" wp-image-17863\" src=\"https:\/\/blogs.correiobraziliense.com.br\/aricunha\/wp-content\/uploads\/sites\/13\/2020\/10\/bsb.jpg\" alt=\"\" width=\"548\" height=\"368\" srcset=\"https:\/\/blogs.correiobraziliense.com.br\/aricunha\/wp-content\/uploads\/sites\/13\/2020\/10\/bsb.jpg 720w, https:\/\/blogs.correiobraziliense.com.br\/aricunha\/wp-content\/uploads\/sites\/13\/2020\/10\/bsb-300x201.jpg 300w, https:\/\/blogs.correiobraziliense.com.br\/aricunha\/wp-content\/uploads\/sites\/13\/2020\/10\/bsb-550x369.jpg 550w, https:\/\/blogs.correiobraziliense.com.br\/aricunha\/wp-content\/uploads\/sites\/13\/2020\/10\/bsb-230x154.jpg 230w\" sizes=\"auto, (max-width: 548px) 100vw, 548px\" \/><figcaption id=\"caption-attachment-17863\" class=\"wp-caption-text\">Foto: Joel Rodrigues\/Ag\u00eancia Bras\u00edlia<\/figcaption><\/figure>\n<p>&nbsp;<\/p>\n<p><strong>Inacredit\u00e1vel<\/strong><\/p>\n<p>Por falar em not\u00edcias que se repetem todos os anos, veja, na Hist\u00f3ria de Bras\u00edlia de hoje, que o problema de falta de paradas de \u00f4nibus j\u00e1 existia. Passados 58 anos, ainda persiste em v\u00e1rios locais da cidade.<\/p>\n<figure id=\"attachment_17865\" aria-describedby=\"caption-attachment-17865\" style=\"width: 559px\" class=\"wp-caption aligncenter\"><img loading=\"lazy\" decoding=\"async\" class=\" wp-image-17865\" src=\"https:\/\/blogs.correiobraziliense.com.br\/aricunha\/wp-content\/uploads\/sites\/13\/2020\/10\/parada-de-\u00f4nibus.jpg\" alt=\"\" width=\"559\" height=\"341\" srcset=\"https:\/\/blogs.correiobraziliense.com.br\/aricunha\/wp-content\/uploads\/sites\/13\/2020\/10\/parada-de-\u00f4nibus.jpg 567w, https:\/\/blogs.correiobraziliense.com.br\/aricunha\/wp-content\/uploads\/sites\/13\/2020\/10\/parada-de-\u00f4nibus-300x183.jpg 300w, https:\/\/blogs.correiobraziliense.com.br\/aricunha\/wp-content\/uploads\/sites\/13\/2020\/10\/parada-de-\u00f4nibus-550x336.jpg 550w, https:\/\/blogs.correiobraziliense.com.br\/aricunha\/wp-content\/uploads\/sites\/13\/2020\/10\/parada-de-\u00f4nibus-230x140.jpg 230w\" sizes=\"auto, (max-width: 559px) 100vw, 559px\" \/><figcaption id=\"caption-attachment-17865\" class=\"wp-caption-text\">Foto: Toninho Tavares\/Ag\u00eancia Bras\u00edlia<\/figcaption><\/figure>\n<p><strong>\u00a0<\/strong><\/p>\n<p><strong>Do verbo<\/strong><\/p>\n<p>Professor Edmilson carrega a cruz no nome, sofre persegui\u00e7\u00e3o cultural como crist\u00e3o e resolve desabafar. Veja a seguir.<\/p>\n<p>https:\/\/www.youtube.com\/watch?v=eEnKejbIhcA<\/p>\n<p>&nbsp;<\/p>\n<p><strong>HIST\u00d3RIA DE BRAS\u00cdLIA<\/strong><\/p>\n<p>J\u00e1 que o assunto \u00e9 esperar \u00f4nibus, o \u00fanico abrigo ainda n\u00e3o foi entregue \u00e0 cidade. E os outros? <strong>(Publicado em 19\/01\/1962)<\/strong><\/p>\n","protected":false},"excerpt":{"rendered":"<p>VISTO, LIDO E OUVIDO, criada por Ari Cunha (In memoriam) Desde 1960, com Circe Cunha e Mamfil \u2013 Manoel de Andrade jornalistacircecunha@gmail.com Facebook.com\/vistolidoeouvido Instagram.com\/vistolidoeouvido &nbsp; &nbsp; Nesta altura dos acontecimentos, passadas quase tr\u00eas d\u00e9cadas do retorno da democracia ao pa\u00eds, boa parte da popula\u00e7\u00e3o j\u00e1 se deu conta das diferen\u00e7as conceituais existentes entre privatiza\u00e7\u00f5es de setores deficit\u00e1rios e com pouco [&hellip;]<\/p>\n","protected":false},"author":34,"featured_media":17861,"comment_status":"open","ping_status":"open","sticky":false,"template":"","format":"standard","meta":{"footnotes":""},"categories":[23],"tags":[2337,2338,2339,1235,114,2340,689,2511,712,2277,187,2510,2512],"class_list":["post-17858","post","type-post","status-publish","format-standard","has-post-thumbnail","hentry","category-integra","tag-aricunha-2","tag-brasilia-2","tag-circecunha-2","tag-governobolsonaro","tag-historiadebrasilia","tag-mamfil-2","tag-ministeriodasaude","tag-privatizacaodasaude","tag-saudepublicanobrasil","tag-sistemaunicodesaude","tag-sus","tag-ubs","tag-unidadebasicadesaude"],"_links":{"self":[{"href":"https:\/\/blogs.correiobraziliense.com.br\/aricunha\/wp-json\/wp\/v2\/posts\/17858","targetHints":{"allow":["GET"]}}],"collection":[{"href":"https:\/\/blogs.correiobraziliense.com.br\/aricunha\/wp-json\/wp\/v2\/posts"}],"about":[{"href":"https:\/\/blogs.correiobraziliense.com.br\/aricunha\/wp-json\/wp\/v2\/types\/post"}],"author":[{"embeddable":true,"href":"https:\/\/blogs.correiobraziliense.com.br\/aricunha\/wp-json\/wp\/v2\/users\/34"}],"replies":[{"embeddable":true,"href":"https:\/\/blogs.correiobraziliense.com.br\/aricunha\/wp-json\/wp\/v2\/comments?post=17858"}],"version-history":[{"count":5,"href":"https:\/\/blogs.correiobraziliense.com.br\/aricunha\/wp-json\/wp\/v2\/posts\/17858\/revisions"}],"predecessor-version":[{"id":17868,"href":"https:\/\/blogs.correiobraziliense.com.br\/aricunha\/wp-json\/wp\/v2\/posts\/17858\/revisions\/17868"}],"wp:featuredmedia":[{"embeddable":true,"href":"https:\/\/blogs.correiobraziliense.com.br\/aricunha\/wp-json\/wp\/v2\/media\/17861"}],"wp:attachment":[{"href":"https:\/\/blogs.correiobraziliense.com.br\/aricunha\/wp-json\/wp\/v2\/media?parent=17858"}],"wp:term":[{"taxonomy":"category","embeddable":true,"href":"https:\/\/blogs.correiobraziliense.com.br\/aricunha\/wp-json\/wp\/v2\/categories?post=17858"},{"taxonomy":"post_tag","embeddable":true,"href":"https:\/\/blogs.correiobraziliense.com.br\/aricunha\/wp-json\/wp\/v2\/tags?post=17858"}],"curies":[{"name":"wp","href":"https:\/\/api.w.org\/{rel}","templated":true}]}}