{"id":17279,"date":"2020-08-07T01:00:02","date_gmt":"2020-08-07T04:00:02","guid":{"rendered":"https:\/\/blogs.correiobraziliense.com.br\/aricunha\/?p=17279"},"modified":"2020-08-08T08:58:12","modified_gmt":"2020-08-08T11:58:12","slug":"o-futuro-das-proximas-geracoes-passa-pela-preservacao-do-meio-ambiente","status":"publish","type":"post","link":"https:\/\/blogs.correiobraziliense.com.br\/aricunha\/o-futuro-das-proximas-geracoes-passa-pela-preservacao-do-meio-ambiente\/","title":{"rendered":"O futuro das pr\u00f3ximas gera\u00e7\u00f5es passa pela preserva\u00e7\u00e3o do meio ambiente"},"content":{"rendered":"<p>VISTO, LIDO E OUVIDO, criada por Ari Cunha (In memoriam)<\/p>\n<p>Desde 1960, com Circe Cunha e Mamfil<\/p>\n<p>jornalistacircecunha@gmail.com<\/p>\n<p>Facebook.com\/vistolidoeouvido<\/p>\n<p>Instagram.com\/vistolidoeouvido<\/p>\n<p>&nbsp;<\/p>\n<figure id=\"attachment_17282\" aria-describedby=\"caption-attachment-17282\" style=\"width: 660px\" class=\"wp-caption aligncenter\"><img loading=\"lazy\" decoding=\"async\" class=\"size-full wp-image-17282\" src=\"https:\/\/blogs.correiobraziliense.com.br\/aricunha\/wp-content\/uploads\/sites\/13\/2020\/08\/113819476_99512581-5fcf-4f93-be10-da622f7d29bf.jpg\" alt=\"\" width=\"660\" height=\"371\" srcset=\"https:\/\/blogs.correiobraziliense.com.br\/aricunha\/wp-content\/uploads\/sites\/13\/2020\/08\/113819476_99512581-5fcf-4f93-be10-da622f7d29bf.jpg 660w, https:\/\/blogs.correiobraziliense.com.br\/aricunha\/wp-content\/uploads\/sites\/13\/2020\/08\/113819476_99512581-5fcf-4f93-be10-da622f7d29bf-300x169.jpg 300w, https:\/\/blogs.correiobraziliense.com.br\/aricunha\/wp-content\/uploads\/sites\/13\/2020\/08\/113819476_99512581-5fcf-4f93-be10-da622f7d29bf-550x309.jpg 550w, https:\/\/blogs.correiobraziliense.com.br\/aricunha\/wp-content\/uploads\/sites\/13\/2020\/08\/113819476_99512581-5fcf-4f93-be10-da622f7d29bf-230x129.jpg 230w\" sizes=\"auto, (max-width: 660px) 100vw, 660px\" \/><figcaption id=\"caption-attachment-17282\" class=\"wp-caption-text\">Foto: Pol\u00edcia Militar Ambiental\/MS<\/figcaption><\/figure>\n<p>&nbsp;<\/p>\n<p>Com uma \u00e1rea de aproximadamente 188 mil km\u00b2, o Pantanal \u00e9 considerado a maior \u00e1rea \u00famida continental do planeta. Esse magn\u00edfico bioma, um dos maiores patrim\u00f4nios naturais do Brasil, ao lado da Amaz\u00f4nia e do pr\u00f3prio Cerrado, o Pantanal abriga cerca de 3,5 mil esp\u00e9cies de plantas, 124 esp\u00e9cies de mam\u00edferos, 463 esp\u00e9cies de aves e 325 esp\u00e9cies de peixes. Nesse verdadeiro para\u00edso \u00famido, encontram-se, ainda, diversas comunidades tradicionais formada por povos ind\u00edgenas, que habitam a regi\u00e3o h\u00e1 mil\u00eanios, al\u00e9m de popula\u00e7\u00f5es de quilombolas e outros povos locais, que concorrem para a forma\u00e7\u00e3o de uma rica e preciosa cultura pantaneira. \u00c0 semelhan\u00e7a da trag\u00e9dia que vem se abatendo sobre a Amaz\u00f4nia, a imensa regi\u00e3o do Pantanal tamb\u00e9m vem sofrendo, h\u00e1 anos, com a a\u00e7\u00e3o nefasta do agroneg\u00f3cio e de outros personagens que agem nessa regi\u00e3o movidos apenas por interesses econ\u00f4micos imediatos e a qualquer custo.<\/p>\n<p>Para esses atores da destrui\u00e7\u00e3o, a vegeta\u00e7\u00e3o, os animais e outros recursos naturais s\u00e3o muitas vezes considerados empecilhos ao \u201cprogresso\u201d, devendo, portanto, ser retirados do caminho, tratorados ou queimados. O pior nessa trag\u00e9dia \u00e9 que nenhum governo, tanto do passado como da atualidade, nunca viu nada de mais com o que ocorre naquelas \u00e1reas remotas. Aproveitando os discursos, o que tem pregado o atual governo em desfavor das quest\u00f5es do meio ambiente, o Pantanal parece ter se tornado, do dia para noite, uma regi\u00e3o de ningu\u00e9m, onde o que vale \u00e9, justamente, o vale-tudo.<\/p>\n<p>Com isso, essa regi\u00e3o vem passando por sua mais profunda crise das \u00faltimas d\u00e9cadas. A seca, tamb\u00e9m recorde, contribui ainda mais para a destrui\u00e7\u00e3o de todo esse delicado ecossistema, acendendo, como nunca, a preocupa\u00e7\u00e3o de ambientalistas n\u00e3o s\u00f3 do Brasil, mas de todo o planeta. Al\u00e9m da seca que, a cada ano, torna-se mais severa, aumentaram ainda mais as queimadas e os desmatamentos.<\/p>\n<p>No mesmo sentido, as fiscaliza\u00e7\u00f5es foram sensivelmente abrandadas, com o desaparecimento de multas e de outras penalidades aos predadores da natureza. O governo, literalmente, fechou os olhos para o problema, assim como vem fazendo com a regi\u00e3o amaz\u00f4nica. A atua\u00e7\u00e3o federal, nesses casos, s\u00f3 acontece por press\u00e3o internacional, principalmente quando investimentos e outros recursos econ\u00f4micos estrangeiros amea\u00e7am paralisa\u00e7\u00e3o. Ou quando aumentam os boicotes a produtos brasileiros, como j\u00e1 vem acontecendo em larga escala mundo afora.<\/p>\n<p>O que os cientistas t\u00eam alertado \u00e9 que o descaso com a Amaz\u00f4nia afeta diretamente, tamb\u00e9m, o Pantanal, apesar da dist\u00e2ncia. O recorde de inc\u00eandios na Amaz\u00f4nia, em junho desse ano, acelerou e fez crescer, ainda mais, as queimadas no Pantanal. O desmatamento e as queimadas, tanto no Pantanal quanto na regi\u00e3o amaz\u00f4nica, s\u00e3o fen\u00f4menos que acabam por afetar os chamados rios a\u00e9reos, com consequ\u00eancia direta na diminui\u00e7\u00e3o do regime de chuvas nessas regi\u00f5es e em todas as outras, no pa\u00eds inteiro.<\/p>\n<p>O processo lento e, de certa forma, programado de destrui\u00e7\u00e3o desses dois magn\u00edficos biomas, \u00fanicos no planeta, trar\u00e3o preju\u00edzos irrevers\u00edveis ao Brasil e \u00e0s futuras gera\u00e7\u00f5es, que poder\u00e3o ser obrigadas a sobreviver em regi\u00f5es agrestes e des\u00e9rticas, sem \u00e1gua, sem vegeta\u00e7\u00e3o, empobrecidas pela a\u00e7\u00e3o criminosa de grupos e pela inani\u00e7\u00e3o de governos, para quem o futuro sempre se esgota nas pr\u00f3ximas elei\u00e7\u00f5es.<\/p>\n<p>&nbsp;<\/p>\n<p><strong>\u00a0<\/strong><\/p>\n<p><strong>A frase que foi pronunciada:<\/strong><\/p>\n<p><em>\u201cNo fundo do seu cora\u00e7\u00e3o, o homem aspira a reencontrar a condi\u00e7\u00e3o que tinha antes de possuir consci\u00eancia. A hist\u00f3ria \u00e9 meramente um desvio que ele toma para chegar l\u00e1.\u201d<\/em><br \/>\nEmil Cioran\u00a0foi um escritor e fil\u00f3sofo romeno radicado na Fran\u00e7a.<\/p>\n<figure id=\"attachment_17281\" aria-describedby=\"caption-attachment-17281\" style=\"width: 442px\" class=\"wp-caption aligncenter\"><img loading=\"lazy\" decoding=\"async\" class=\" wp-image-17281\" src=\"https:\/\/blogs.correiobraziliense.com.br\/aricunha\/wp-content\/uploads\/sites\/13\/2020\/08\/emil.jpg\" alt=\"\" width=\"442\" height=\"564\" srcset=\"https:\/\/blogs.correiobraziliense.com.br\/aricunha\/wp-content\/uploads\/sites\/13\/2020\/08\/emil.jpg 440w, https:\/\/blogs.correiobraziliense.com.br\/aricunha\/wp-content\/uploads\/sites\/13\/2020\/08\/emil-235x300.jpg 235w, https:\/\/blogs.correiobraziliense.com.br\/aricunha\/wp-content\/uploads\/sites\/13\/2020\/08\/emil-230x294.jpg 230w\" sizes=\"auto, (max-width: 442px) 100vw, 442px\" \/><figcaption id=\"caption-attachment-17281\" class=\"wp-caption-text\">Photographer of Keyston agency\/Getty Images before Rivarol Premium.<\/figcaption><\/figure>\n<p>&nbsp;<\/p>\n<p><strong>Consome dor<\/strong><\/p>\n<p>Com mais demanda, o n\u00famero de reclama\u00e7\u00f5es aumenta em rela\u00e7\u00e3o ao IFood. Demora na entrega do alimento, troca de encomendas, falta de comunica\u00e7\u00e3o sobre o endere\u00e7o, fazendo o respons\u00e1vel pelo transporte n\u00e3o entregar a comida, e o envio de cupons de desconto no aplicativo sempre d\u00e1 erro. Merece uma revis\u00e3o dos restaurantes.<\/p>\n<figure id=\"attachment_16529\" aria-describedby=\"caption-attachment-16529\" style=\"width: 547px\" class=\"wp-caption aligncenter\"><img loading=\"lazy\" decoding=\"async\" class=\" wp-image-16529\" src=\"https:\/\/blogs.correiobraziliense.com.br\/aricunha\/wp-content\/uploads\/sites\/13\/2020\/05\/veiculos-para-entregas.jpg\" alt=\"\" width=\"547\" height=\"460\" srcset=\"https:\/\/blogs.correiobraziliense.com.br\/aricunha\/wp-content\/uploads\/sites\/13\/2020\/05\/veiculos-para-entregas.jpg 950w, https:\/\/blogs.correiobraziliense.com.br\/aricunha\/wp-content\/uploads\/sites\/13\/2020\/05\/veiculos-para-entregas-300x253.jpg 300w, https:\/\/blogs.correiobraziliense.com.br\/aricunha\/wp-content\/uploads\/sites\/13\/2020\/05\/veiculos-para-entregas-768x647.jpg 768w, https:\/\/blogs.correiobraziliense.com.br\/aricunha\/wp-content\/uploads\/sites\/13\/2020\/05\/veiculos-para-entregas-350x295.jpg 350w, https:\/\/blogs.correiobraziliense.com.br\/aricunha\/wp-content\/uploads\/sites\/13\/2020\/05\/veiculos-para-entregas-550x463.jpg 550w, https:\/\/blogs.correiobraziliense.com.br\/aricunha\/wp-content\/uploads\/sites\/13\/2020\/05\/veiculos-para-entregas-230x194.jpg 230w\" sizes=\"auto, (max-width: 547px) 100vw, 547px\" \/><figcaption id=\"caption-attachment-16529\" class=\"wp-caption-text\">Foto: entregador.ifood.com<\/figcaption><\/figure>\n<p>&nbsp;<\/p>\n<p><strong>H\u00e1 males<\/strong><\/p>\n<p>Constantemente, essa coluna exp\u00f5e a opini\u00e3o dos leitores sobre o tratamento sofr\u00edvel que o com\u00e9rcio dispensa aos clientes. A situa\u00e7\u00e3o na pandemia se reverteu. Quem conseguiu manter o emprego teve uma reciclagem for\u00e7ada na escola Covid-19.<\/p>\n<figure id=\"attachment_17077\" aria-describedby=\"caption-attachment-17077\" style=\"width: 544px\" class=\"wp-caption aligncenter\"><img loading=\"lazy\" decoding=\"async\" class=\"wp-image-17077\" src=\"https:\/\/blogs.correiobraziliense.com.br\/aricunha\/wp-content\/uploads\/sites\/13\/2020\/07\/sal\u00e3o.jpg\" alt=\"\" width=\"544\" height=\"358\" srcset=\"https:\/\/blogs.correiobraziliense.com.br\/aricunha\/wp-content\/uploads\/sites\/13\/2020\/07\/sal\u00e3o.jpg 626w, https:\/\/blogs.correiobraziliense.com.br\/aricunha\/wp-content\/uploads\/sites\/13\/2020\/07\/sal\u00e3o-300x197.jpg 300w, https:\/\/blogs.correiobraziliense.com.br\/aricunha\/wp-content\/uploads\/sites\/13\/2020\/07\/sal\u00e3o-550x362.jpg 550w, https:\/\/blogs.correiobraziliense.com.br\/aricunha\/wp-content\/uploads\/sites\/13\/2020\/07\/sal\u00e3o-230x151.jpg 230w\" sizes=\"auto, (max-width: 544px) 100vw, 544px\" \/><figcaption id=\"caption-attachment-17077\" class=\"wp-caption-text\">Foto: CB\/D.A Press<\/figcaption><\/figure>\n<p>&nbsp;<\/p>\n<p><strong>Menos burocracia<\/strong><\/p>\n<p>Veio em boa hora a Portaria da Corregedoria do TJDFT \u2013 GC 67\/2020, art. 2\u00ba. II. Cart\u00f3rios facilitam o atendimento pelo pr\u00f3prio site, telefone ou e-mail.<\/p>\n<figure id=\"attachment_14443\" aria-describedby=\"caption-attachment-14443\" style=\"width: 549px\" class=\"wp-caption aligncenter\"><img loading=\"lazy\" decoding=\"async\" class=\" wp-image-14443\" src=\"https:\/\/blogs.correiobraziliense.com.br\/aricunha\/wp-content\/uploads\/sites\/13\/2019\/07\/tjdft.jpg\" alt=\"\" width=\"549\" height=\"307\" srcset=\"https:\/\/blogs.correiobraziliense.com.br\/aricunha\/wp-content\/uploads\/sites\/13\/2019\/07\/tjdft.jpg 949w, https:\/\/blogs.correiobraziliense.com.br\/aricunha\/wp-content\/uploads\/sites\/13\/2019\/07\/tjdft-300x168.jpg 300w, https:\/\/blogs.correiobraziliense.com.br\/aricunha\/wp-content\/uploads\/sites\/13\/2019\/07\/tjdft-768x430.jpg 768w, https:\/\/blogs.correiobraziliense.com.br\/aricunha\/wp-content\/uploads\/sites\/13\/2019\/07\/tjdft-350x196.jpg 350w, https:\/\/blogs.correiobraziliense.com.br\/aricunha\/wp-content\/uploads\/sites\/13\/2019\/07\/tjdft-550x308.jpg 550w, https:\/\/blogs.correiobraziliense.com.br\/aricunha\/wp-content\/uploads\/sites\/13\/2019\/07\/tjdft-230x129.jpg 230w\" sizes=\"auto, (max-width: 549px) 100vw, 549px\" \/><figcaption id=\"caption-attachment-14443\" class=\"wp-caption-text\">Foto: brasiliadefato.com.br<\/figcaption><\/figure>\n<p>&nbsp;<\/p>\n<p><strong>HIST\u00d3RIA DE BRAS\u00cdLIA<\/strong><\/p>\n<p>Leitor nos escreve pedindo que fa\u00e7amos uma sugest\u00e3o ao TCB a efetiva\u00e7\u00e3o da proibi\u00e7\u00e3o de se fumar nos \u00f4nibus, defendendo os passageiros que ficam incomodados, e a empresa que tem seus bancos queimados. Conclui o missivista numa extrema coincid\u00eancia de ponto de vista com a maioria da cidade ao dizer que \u201ctudo ser\u00e1 f\u00e1cil agora, sr. Ari, enquanto n\u00e3o temos vereadores\u201d. O recado final \u00e9 para a Justi\u00e7a, que deve conhecer a ponto de vista da cidade. <strong>(Publicado em 13\/01\/1962)<\/strong><\/p>\n","protected":false},"excerpt":{"rendered":"<p>VISTO, LIDO E OUVIDO, criada por Ari Cunha (In memoriam) Desde 1960, com Circe Cunha e Mamfil jornalistacircecunha@gmail.com Facebook.com\/vistolidoeouvido Instagram.com\/vistolidoeouvido &nbsp; &nbsp; Com uma \u00e1rea de aproximadamente 188 mil km\u00b2, o Pantanal \u00e9 considerado a maior \u00e1rea \u00famida continental do planeta. Esse magn\u00edfico bioma, um dos maiores patrim\u00f4nios naturais do Brasil, ao lado da Amaz\u00f4nia e do pr\u00f3prio Cerrado, o [&hellip;]<\/p>\n","protected":false},"author":34,"featured_media":17282,"comment_status":"open","ping_status":"open","sticky":false,"template":"","format":"standard","meta":{"footnotes":""},"categories":[23],"tags":[1056,1737,2337,354,2338,2339,1307,1136,1235,114,2340,711,1719,2360,2312],"class_list":["post-17279","post","type-post","status-publish","format-standard","has-post-thumbnail","hentry","category-integra","tag-agriculturanobrasil","tag-amazonia","tag-aricunha-2","tag-bancadaruralista","tag-brasilia-2","tag-circecunha-2","tag-congressonacional","tag-desmatamentonobrasil","tag-governobolsonaro","tag-historiadebrasilia","tag-mamfil-2","tag-meioambientenobrasil","tag-ministeriodaagriculturaedomeioambiente","tag-pantanal","tag-queimadas"],"_links":{"self":[{"href":"https:\/\/blogs.correiobraziliense.com.br\/aricunha\/wp-json\/wp\/v2\/posts\/17279","targetHints":{"allow":["GET"]}}],"collection":[{"href":"https:\/\/blogs.correiobraziliense.com.br\/aricunha\/wp-json\/wp\/v2\/posts"}],"about":[{"href":"https:\/\/blogs.correiobraziliense.com.br\/aricunha\/wp-json\/wp\/v2\/types\/post"}],"author":[{"embeddable":true,"href":"https:\/\/blogs.correiobraziliense.com.br\/aricunha\/wp-json\/wp\/v2\/users\/34"}],"replies":[{"embeddable":true,"href":"https:\/\/blogs.correiobraziliense.com.br\/aricunha\/wp-json\/wp\/v2\/comments?post=17279"}],"version-history":[{"count":4,"href":"https:\/\/blogs.correiobraziliense.com.br\/aricunha\/wp-json\/wp\/v2\/posts\/17279\/revisions"}],"predecessor-version":[{"id":17285,"href":"https:\/\/blogs.correiobraziliense.com.br\/aricunha\/wp-json\/wp\/v2\/posts\/17279\/revisions\/17285"}],"wp:featuredmedia":[{"embeddable":true,"href":"https:\/\/blogs.correiobraziliense.com.br\/aricunha\/wp-json\/wp\/v2\/media\/17282"}],"wp:attachment":[{"href":"https:\/\/blogs.correiobraziliense.com.br\/aricunha\/wp-json\/wp\/v2\/media?parent=17279"}],"wp:term":[{"taxonomy":"category","embeddable":true,"href":"https:\/\/blogs.correiobraziliense.com.br\/aricunha\/wp-json\/wp\/v2\/categories?post=17279"},{"taxonomy":"post_tag","embeddable":true,"href":"https:\/\/blogs.correiobraziliense.com.br\/aricunha\/wp-json\/wp\/v2\/tags?post=17279"}],"curies":[{"name":"wp","href":"https:\/\/api.w.org\/{rel}","templated":true}]}}