{"id":17213,"date":"2020-07-29T01:00:12","date_gmt":"2020-07-29T04:00:12","guid":{"rendered":"https:\/\/blogs.correiobraziliense.com.br\/aricunha\/?p=17213"},"modified":"2020-07-29T15:41:40","modified_gmt":"2020-07-29T18:41:40","slug":"acao-deleteria-politica-sobre-as-cidades","status":"publish","type":"post","link":"https:\/\/blogs.correiobraziliense.com.br\/aricunha\/acao-deleteria-politica-sobre-as-cidades\/","title":{"rendered":"A\u00e7\u00e3o delet\u00e9ria pol\u00edtica sobre as cidades"},"content":{"rendered":"<p>VISTO, LIDO E OUVIDO, criada por Ari Cunha (In memoriam)<\/p>\n<p>Desde 1960, com Circe Cunha e Mamfil<\/p>\n<p>jornalistacircecunha@gmail.com<\/p>\n<p>Facebook.com\/vistolidoeouvido<\/p>\n<p>Instagram.com\/vistolidoeouvido<\/p>\n<p>&nbsp;<\/p>\n<figure id=\"attachment_10599\" aria-describedby=\"caption-attachment-10599\" style=\"width: 570px\" class=\"wp-caption aligncenter\"><img loading=\"lazy\" decoding=\"async\" class=\"size-full wp-image-10599\" src=\"https:\/\/blogs.correiobraziliense.com.br\/aricunha\/wp-content\/uploads\/sites\/13\/2018\/04\/charge_bruno_morte_oscar_niemeyer.jpg\" alt=\"\" width=\"570\" height=\"483\" srcset=\"https:\/\/blogs.correiobraziliense.com.br\/aricunha\/wp-content\/uploads\/sites\/13\/2018\/04\/charge_bruno_morte_oscar_niemeyer.jpg 570w, https:\/\/blogs.correiobraziliense.com.br\/aricunha\/wp-content\/uploads\/sites\/13\/2018\/04\/charge_bruno_morte_oscar_niemeyer-300x254.jpg 300w, https:\/\/blogs.correiobraziliense.com.br\/aricunha\/wp-content\/uploads\/sites\/13\/2018\/04\/charge_bruno_morte_oscar_niemeyer-350x297.jpg 350w, https:\/\/blogs.correiobraziliense.com.br\/aricunha\/wp-content\/uploads\/sites\/13\/2018\/04\/charge_bruno_morte_oscar_niemeyer-550x466.jpg 550w, https:\/\/blogs.correiobraziliense.com.br\/aricunha\/wp-content\/uploads\/sites\/13\/2018\/04\/charge_bruno_morte_oscar_niemeyer-230x195.jpg 230w\" sizes=\"auto, (max-width: 570px) 100vw, 570px\" \/><figcaption id=\"caption-attachment-10599\" class=\"wp-caption-text\">Charge: avozdocidadao.com.br<\/figcaption><\/figure>\n<p>&nbsp;<\/p>\n<p>Um dos graves problemas a afligir a qualidade de vida dos habitantes, na maioria de nossas cidades e na capital do pa\u00eds, reside na imiscui\u00e7\u00e3o indevida e, muitas vezes, criminosa, de agentes pol\u00edticos sem a qualifica\u00e7\u00e3o t\u00e9cnica devida no que as cidades t\u00eam de mais precioso e vital para todos: seu tra\u00e7ado urbano e arquitet\u00f4nico.<\/p>\n<p>Esse descaminho e essa desconfigura\u00e7\u00e3o, tomada pela grande maioria de nossas capitais em seus planos urban\u00edsticos originais, se transformaram-se num modelo de gest\u00e3o desastroso e muito comum em todo o Brasil. Nesse rol sem fim de \u201cconstrutores\u201d, incluem-se governadores, prefeitos, deputados, vereadores e outros pr\u00f3ceres pol\u00edticos, todos envolvidos no af\u00e3 de transformar a cidade num grande canteiro de obras.<\/p>\n<p>O que tem ocorrido em muitos desses casos \u00e9 que esses agentes, movidos, muitas vezes, de forma esp\u00faria e em conluio com as grandes empreiteiras, transformam nossas cidades em enormes e eternos canteiros de obras. Mudam tra\u00e7ados de ruas, avenidas, promovem demoli\u00e7\u00e3o, constroem viadutos e outras obras de \u201cremodela\u00e7\u00e3o\u201d que, aos poucos, v\u00e3o descaracterizando o conjunto urbano dessas cidades, criando puxadinhos e outros monstros em concreto armado, a infernizar e a encarecer a vida dos cidad\u00e3os.<\/p>\n<p>Ao contr\u00e1rio do que aconteceu em cidades como o Rio de Janeiro e S\u00e3o Paulo, que sofreram interven\u00e7\u00f5es profundas e l\u00f3gicas em seus tra\u00e7ados arquitet\u00f4nicos e urban\u00edsticos, no come\u00e7o do s\u00e9culo XX , a maioria das obras e mudan\u00e7as urban\u00edsticas feitas em nossas cidades parece obedecer apenas a pr\u00e1tica marota de abrir espa\u00e7os para o lucro de empreiteiros e de pol\u00edticos. O problema \u00e9 que os efeitos nefastos de todo esse empreendedorismo construtor recaem sobre os ombros dos pagadores de impostos.<\/p>\n<p>O ideal, num mundo ideal, se \u00e9 que isso seja poss\u00edvel, seria que pol\u00edticos e administradores que agem sob o impulso de partidos e ideologias, seja dentro de pal\u00e1cios, seja dentro de c\u00e2maras estaduais, fossem impedidos, por lei, de promover altera\u00e7\u00f5es urbanas e arquitet\u00f4nicas de qualquer natureza e esp\u00e9cie, deixando esse of\u00edcio apenas para equipes devidamente qualificadas e tecnicamente preparadas.<\/p>\n<p>Aqui, em Bras\u00edlia, bastariam alguns exemplos cometidos por nossas autoridades administrativas nas \u00faltimas tr\u00eas d\u00e9cadas para dar um panorama dos malef\u00edcios que a intromiss\u00e3o pol\u00edtica indevida gera para a vida da cidade e de seus habitantes. O Est\u00e1dio de Futebol Man\u00e9 Garrincha \u00e9, talvez, o mais vistoso trambolho deixado por esses construtores ladinos. Segue o Complexo Administrativo, chamado de Buritinga, outra obra desnecess\u00e1ria e cara. O Centro de Conven\u00e7\u00f5es, reformado e deformado, para se juntar a outras constru\u00e7\u00f5es feiosas e sem proveito. Outras obras menores e, nem por isso, importantes, como a chamada Prainha do Lago Norte, um espa\u00e7o nobre e entregue \u00e0 meia d\u00fazia de comerciantes, transformando aquele local em ponto de bebedeira, arrua\u00e7as, brigas, e acidentes de tr\u00e2nsito.<\/p>\n<p>Aos poucos, gra\u00e7as \u00e0s interven\u00e7\u00f5es desastrosas de governos que v\u00eam e v\u00e3o, a cidade, t\u00e3o pensada por seus idealizadores, e que seria um exemplo para o restante do pa\u00eds, vai se transformando num caos a afugentar sua pr\u00f3pria gente.<\/p>\n<p>&nbsp;<\/p>\n<p><strong>\u00a0<\/strong><\/p>\n<p><strong>A frase que foi pronunciada:<\/strong><\/p>\n<p><em>\u201cSe filho n\u00e3o precisasse de pai e m\u00e3e, nasceria numa \u00e1rvore e, quando estivesse maduro, cairia.\u201d<\/em><br \/>\nLegado do fil\u00f3sofo de Mondubim<\/p>\n<p><img loading=\"lazy\" decoding=\"async\" class=\"size-full wp-image-13159 aligncenter\" src=\"https:\/\/blogs.correiobraziliense.com.br\/aricunha\/wp-content\/uploads\/sites\/13\/2019\/01\/Ari-Cunha-Frases.jpg\" alt=\"\" width=\"448\" height=\"630\" srcset=\"https:\/\/blogs.correiobraziliense.com.br\/aricunha\/wp-content\/uploads\/sites\/13\/2019\/01\/Ari-Cunha-Frases.jpg 448w, https:\/\/blogs.correiobraziliense.com.br\/aricunha\/wp-content\/uploads\/sites\/13\/2019\/01\/Ari-Cunha-Frases-213x300.jpg 213w, https:\/\/blogs.correiobraziliense.com.br\/aricunha\/wp-content\/uploads\/sites\/13\/2019\/01\/Ari-Cunha-Frases-249x350.jpg 249w, https:\/\/blogs.correiobraziliense.com.br\/aricunha\/wp-content\/uploads\/sites\/13\/2019\/01\/Ari-Cunha-Frases-230x323.jpg 230w\" sizes=\"auto, (max-width: 448px) 100vw, 448px\" \/><\/p>\n<p>&nbsp;<\/p>\n<p><strong>Zoom<\/strong><\/p>\n<p>Maestro Joaquim Fran\u00e7a teve um encontro importante com o grupo Tutti Choir, dirigido por Daniel Moraes. Cantores, que j\u00e1 viajaram para v\u00e1rios estados brasileiros e capitais do mundo, tiveram a oportunidade de tirar d\u00favidas sobre composi\u00e7\u00e3o, arranjos, concursos, grandes nomes e, como n\u00e3o poderiam deixar de se ouvir, a experi\u00eancia de Fran\u00e7a com o movimento Clube da Esquina.<\/p>\n<p><img loading=\"lazy\" decoding=\"async\" class=\" wp-image-17216 aligncenter\" src=\"https:\/\/blogs.correiobraziliense.com.br\/aricunha\/wp-content\/uploads\/sites\/13\/2020\/07\/WhatsApp-Image-2020-07-28-at-14.48.18-e1595967215489.jpeg\" alt=\"\" width=\"545\" height=\"760\" srcset=\"https:\/\/blogs.correiobraziliense.com.br\/aricunha\/wp-content\/uploads\/sites\/13\/2020\/07\/WhatsApp-Image-2020-07-28-at-14.48.18-e1595967215489.jpeg 576w, https:\/\/blogs.correiobraziliense.com.br\/aricunha\/wp-content\/uploads\/sites\/13\/2020\/07\/WhatsApp-Image-2020-07-28-at-14.48.18-e1595967215489-215x300.jpeg 215w, https:\/\/blogs.correiobraziliense.com.br\/aricunha\/wp-content\/uploads\/sites\/13\/2020\/07\/WhatsApp-Image-2020-07-28-at-14.48.18-e1595967215489-550x767.jpeg 550w, https:\/\/blogs.correiobraziliense.com.br\/aricunha\/wp-content\/uploads\/sites\/13\/2020\/07\/WhatsApp-Image-2020-07-28-at-14.48.18-e1595967215489-230x321.jpeg 230w\" sizes=\"auto, (max-width: 545px) 100vw, 545px\" \/><\/p>\n<p><img loading=\"lazy\" decoding=\"async\" class=\"wp-image-17217 aligncenter\" src=\"https:\/\/blogs.correiobraziliense.com.br\/aricunha\/wp-content\/uploads\/sites\/13\/2020\/07\/WhatsApp-Image-2020-07-28-at-14.56.50-e1595967249367.jpeg\" alt=\"\" width=\"548\" height=\"355\" srcset=\"https:\/\/blogs.correiobraziliense.com.br\/aricunha\/wp-content\/uploads\/sites\/13\/2020\/07\/WhatsApp-Image-2020-07-28-at-14.56.50-e1595967249367.jpeg 1027w, https:\/\/blogs.correiobraziliense.com.br\/aricunha\/wp-content\/uploads\/sites\/13\/2020\/07\/WhatsApp-Image-2020-07-28-at-14.56.50-e1595967249367-300x194.jpeg 300w, https:\/\/blogs.correiobraziliense.com.br\/aricunha\/wp-content\/uploads\/sites\/13\/2020\/07\/WhatsApp-Image-2020-07-28-at-14.56.50-e1595967249367-768x497.jpeg 768w, https:\/\/blogs.correiobraziliense.com.br\/aricunha\/wp-content\/uploads\/sites\/13\/2020\/07\/WhatsApp-Image-2020-07-28-at-14.56.50-e1595967249367-1024x663.jpeg 1024w, https:\/\/blogs.correiobraziliense.com.br\/aricunha\/wp-content\/uploads\/sites\/13\/2020\/07\/WhatsApp-Image-2020-07-28-at-14.56.50-e1595967249367-550x356.jpeg 550w, https:\/\/blogs.correiobraziliense.com.br\/aricunha\/wp-content\/uploads\/sites\/13\/2020\/07\/WhatsApp-Image-2020-07-28-at-14.56.50-e1595967249367-230x149.jpeg 230w\" sizes=\"auto, (max-width: 548px) 100vw, 548px\" \/><\/p>\n<p>&nbsp;<\/p>\n<p><strong>Cerrado<\/strong><\/p>\n<p>Jos\u00e9 Roberto Gon\u00e7alves, gerente do Parque Ivaldo Cenci, da Agro Bras\u00edlia, comemora o cultivo de urucum por produtores rurais do DF. Outra planta que despertaria o interesse de pesquisadores e naturalistas \u00e9 a c\u00farcuma, ou a\u00e7afr\u00e3o. Sabe-se que, na dose certa, \u00e9 um rem\u00e9dio poderoso para a imunidade.<\/p>\n<p>&nbsp;<\/p>\n<p><strong>Progresso<\/strong><\/p>\n<p>Andr\u00e9 Nicola, da \u00e1rea de pesquisa da Faculdade de Medicina da UnB, disse que n\u00e3o s\u00f3 as pessoas, mas as institui\u00e7\u00f5es tamb\u00e9m se viram for\u00e7adas a trabalhar com projetos de pesquisa complexos impostos pela pandemia. Apesar de todo transtorno causado pelo Covid-19, os pesquisadores est\u00e3o dando passos largos, o que \u00e9 importante para chegar mais perto do futuro.<\/p>\n<figure id=\"attachment_16210\" aria-describedby=\"caption-attachment-16210\" style=\"width: 540px\" class=\"wp-caption aligncenter\"><img loading=\"lazy\" decoding=\"async\" class=\" wp-image-16210\" src=\"https:\/\/blogs.correiobraziliense.com.br\/aricunha\/wp-content\/uploads\/sites\/13\/2020\/03\/15829968435e5a9d6b087cd_1582996843_3x2_xl.jpg\" alt=\"\" width=\"540\" height=\"360\" srcset=\"https:\/\/blogs.correiobraziliense.com.br\/aricunha\/wp-content\/uploads\/sites\/13\/2020\/03\/15829968435e5a9d6b087cd_1582996843_3x2_xl.jpg 1200w, https:\/\/blogs.correiobraziliense.com.br\/aricunha\/wp-content\/uploads\/sites\/13\/2020\/03\/15829968435e5a9d6b087cd_1582996843_3x2_xl-300x200.jpg 300w, https:\/\/blogs.correiobraziliense.com.br\/aricunha\/wp-content\/uploads\/sites\/13\/2020\/03\/15829968435e5a9d6b087cd_1582996843_3x2_xl-768x512.jpg 768w, https:\/\/blogs.correiobraziliense.com.br\/aricunha\/wp-content\/uploads\/sites\/13\/2020\/03\/15829968435e5a9d6b087cd_1582996843_3x2_xl-1024x683.jpg 1024w, https:\/\/blogs.correiobraziliense.com.br\/aricunha\/wp-content\/uploads\/sites\/13\/2020\/03\/15829968435e5a9d6b087cd_1582996843_3x2_xl-350x233.jpg 350w, https:\/\/blogs.correiobraziliense.com.br\/aricunha\/wp-content\/uploads\/sites\/13\/2020\/03\/15829968435e5a9d6b087cd_1582996843_3x2_xl-550x367.jpg 550w, https:\/\/blogs.correiobraziliense.com.br\/aricunha\/wp-content\/uploads\/sites\/13\/2020\/03\/15829968435e5a9d6b087cd_1582996843_3x2_xl-230x153.jpg 230w\" sizes=\"auto, (max-width: 540px) 100vw, 540px\" \/><figcaption id=\"caption-attachment-16210\" class=\"wp-caption-text\">Charge do Jean Galv\u00e3o<\/figcaption><\/figure>\n<p>&nbsp;<\/p>\n<p><strong>Diretas j\u00e1<\/strong><\/p>\n<p>Estamos no momento certo para tratar do voto impresso. O Brasil tem uma urna inaudit\u00e1vel e tentam impingir dois pesos e duas medidas para a Internet. \u201cSe cala a boca j\u00e1 morreu, quem manda no meu voto sou eu\u201d, \u00e9 hora de providenciar novas urnas e c\u00e9dulas. Sem contagem, seu voto n\u00e3o existe.<\/p>\n<figure id=\"attachment_11895\" aria-describedby=\"caption-attachment-11895\" style=\"width: 645px\" class=\"wp-caption aligncenter\"><img loading=\"lazy\" decoding=\"async\" class=\" wp-image-11895\" src=\"https:\/\/blogs.correiobraziliense.com.br\/aricunha\/wp-content\/uploads\/sites\/13\/2018\/08\/ChargeBessinha_UrnaVotoAberto_tvdestaques.jpg\" alt=\"\" width=\"645\" height=\"283\" srcset=\"https:\/\/blogs.correiobraziliense.com.br\/aricunha\/wp-content\/uploads\/sites\/13\/2018\/08\/ChargeBessinha_UrnaVotoAberto_tvdestaques.jpg 681w, https:\/\/blogs.correiobraziliense.com.br\/aricunha\/wp-content\/uploads\/sites\/13\/2018\/08\/ChargeBessinha_UrnaVotoAberto_tvdestaques-300x132.jpg 300w, https:\/\/blogs.correiobraziliense.com.br\/aricunha\/wp-content\/uploads\/sites\/13\/2018\/08\/ChargeBessinha_UrnaVotoAberto_tvdestaques-350x154.jpg 350w, https:\/\/blogs.correiobraziliense.com.br\/aricunha\/wp-content\/uploads\/sites\/13\/2018\/08\/ChargeBessinha_UrnaVotoAberto_tvdestaques-550x241.jpg 550w, https:\/\/blogs.correiobraziliense.com.br\/aricunha\/wp-content\/uploads\/sites\/13\/2018\/08\/ChargeBessinha_UrnaVotoAberto_tvdestaques-230x101.jpg 230w\" sizes=\"auto, (max-width: 645px) 100vw, 645px\" \/><figcaption id=\"caption-attachment-11895\" class=\"wp-caption-text\">Charge: Bessinha<\/figcaption><\/figure>\n<p>&nbsp;<\/p>\n<p><strong>HIST\u00d3RIA DE BRAS\u00cdLIA<\/strong><\/p>\n<p>Os passageiros para S\u00e3o Paulo t\u00eam reclamado que quando s\u00e3o obrigados a tomar \u00f4nibus do Real Expresso, enfrentam verdadeiros vexames e aborrecimentos. Outro dia os passageiros ficaram na Plataforma durante cinco horas \u00e0 espera da sa\u00edda de um \u00f4nibus.<br \/>\n<strong>(Publicado em 13\/01\/1962)<\/strong><\/p>\n","protected":false},"excerpt":{"rendered":"<p>VISTO, LIDO E OUVIDO, criada por Ari Cunha (In memoriam) Desde 1960, com Circe Cunha e Mamfil jornalistacircecunha@gmail.com Facebook.com\/vistolidoeouvido Instagram.com\/vistolidoeouvido &nbsp; &nbsp; Um dos graves problemas a afligir a qualidade de vida dos habitantes, na maioria de nossas cidades e na capital do pa\u00eds, reside na imiscui\u00e7\u00e3o indevida e, muitas vezes, criminosa, de agentes pol\u00edticos sem a qualifica\u00e7\u00e3o t\u00e9cnica devida [&hellip;]<\/p>\n","protected":false},"author":34,"featured_media":10599,"comment_status":"open","ping_status":"open","sticky":false,"template":"","format":"standard","meta":{"footnotes":""},"categories":[23],"tags":[2337,2345,2338,861,2343,2339,1298,277,114,1212,2340,2344],"class_list":["post-17213","post","type-post","status-publish","format-standard","has-post-thumbnail","hentry","category-integra","tag-aricunha-2","tag-arquiteturaeurbanismo","tag-brasilia-2","tag-camaradosdeputados","tag-capitaldobrasil","tag-circecunha-2","tag-df","tag-gdf","tag-historiadebrasilia","tag-luos","tag-mamfil-2","tag-projetourbanistico"],"_links":{"self":[{"href":"https:\/\/blogs.correiobraziliense.com.br\/aricunha\/wp-json\/wp\/v2\/posts\/17213","targetHints":{"allow":["GET"]}}],"collection":[{"href":"https:\/\/blogs.correiobraziliense.com.br\/aricunha\/wp-json\/wp\/v2\/posts"}],"about":[{"href":"https:\/\/blogs.correiobraziliense.com.br\/aricunha\/wp-json\/wp\/v2\/types\/post"}],"author":[{"embeddable":true,"href":"https:\/\/blogs.correiobraziliense.com.br\/aricunha\/wp-json\/wp\/v2\/users\/34"}],"replies":[{"embeddable":true,"href":"https:\/\/blogs.correiobraziliense.com.br\/aricunha\/wp-json\/wp\/v2\/comments?post=17213"}],"version-history":[{"count":5,"href":"https:\/\/blogs.correiobraziliense.com.br\/aricunha\/wp-json\/wp\/v2\/posts\/17213\/revisions"}],"predecessor-version":[{"id":17219,"href":"https:\/\/blogs.correiobraziliense.com.br\/aricunha\/wp-json\/wp\/v2\/posts\/17213\/revisions\/17219"}],"wp:featuredmedia":[{"embeddable":true,"href":"https:\/\/blogs.correiobraziliense.com.br\/aricunha\/wp-json\/wp\/v2\/media\/10599"}],"wp:attachment":[{"href":"https:\/\/blogs.correiobraziliense.com.br\/aricunha\/wp-json\/wp\/v2\/media?parent=17213"}],"wp:term":[{"taxonomy":"category","embeddable":true,"href":"https:\/\/blogs.correiobraziliense.com.br\/aricunha\/wp-json\/wp\/v2\/categories?post=17213"},{"taxonomy":"post_tag","embeddable":true,"href":"https:\/\/blogs.correiobraziliense.com.br\/aricunha\/wp-json\/wp\/v2\/tags?post=17213"}],"curies":[{"name":"wp","href":"https:\/\/api.w.org\/{rel}","templated":true}]}}