{"id":17188,"date":"2020-07-26T01:00:35","date_gmt":"2020-07-26T04:00:35","guid":{"rendered":"https:\/\/blogs.correiobraziliense.com.br\/aricunha\/?p=17188"},"modified":"2020-07-27T18:12:41","modified_gmt":"2020-07-27T21:12:41","slug":"o-futuro-da-humanidade-estara-lastreado-no-saber-e-nas-ciencias","status":"publish","type":"post","link":"https:\/\/blogs.correiobraziliense.com.br\/aricunha\/o-futuro-da-humanidade-estara-lastreado-no-saber-e-nas-ciencias\/","title":{"rendered":"O futuro da humanidade estar\u00e1 lastreado no saber e nas ci\u00eancias"},"content":{"rendered":"<p>VISTO, LIDO E OUVIDO, criada por Ari Cunha (In memoriam)<\/p>\n<p>Desde 1960, com Circe Cunha e Mamfil<\/p>\n<p>jornalistacircecunha@gmail.com<\/p>\n<p>Facebook.com\/vistolidoeouvido<\/p>\n<p>Instagram.com\/vistolidoeouvido<\/p>\n<p>&nbsp;<\/p>\n<figure id=\"attachment_17207\" aria-describedby=\"caption-attachment-17207\" style=\"width: 707px\" class=\"wp-caption aligncenter\"><img loading=\"lazy\" decoding=\"async\" class=\"size-full wp-image-17207\" src=\"https:\/\/blogs.correiobraziliense.com.br\/aricunha\/wp-content\/uploads\/sites\/13\/2020\/07\/escola.jpg\" alt=\"\" width=\"707\" height=\"471\" srcset=\"https:\/\/blogs.correiobraziliense.com.br\/aricunha\/wp-content\/uploads\/sites\/13\/2020\/07\/escola.jpg 707w, https:\/\/blogs.correiobraziliense.com.br\/aricunha\/wp-content\/uploads\/sites\/13\/2020\/07\/escola-300x200.jpg 300w, https:\/\/blogs.correiobraziliense.com.br\/aricunha\/wp-content\/uploads\/sites\/13\/2020\/07\/escola-550x366.jpg 550w, https:\/\/blogs.correiobraziliense.com.br\/aricunha\/wp-content\/uploads\/sites\/13\/2020\/07\/escola-230x153.jpg 230w\" sizes=\"auto, (max-width: 707px) 100vw, 707px\" \/><figcaption id=\"caption-attachment-17207\" class=\"wp-caption-text\">Foto: Alex de Jesus<\/figcaption><\/figure>\n<p>&nbsp;<\/p>\n<div>\u00c9 preciso entender a complexidade do Fundo de Manuten\u00e7\u00e3o e Desenvolvimento da Educa\u00e7\u00e3o B\u00e1sica (Fundeb), dentro do que muitos reconhecem como uma crise tribut\u00e1ria do pa\u00eds e que h\u00e1 muito tempo reclama por reforma. Sem uma reforma tribut\u00e1ria racional, moderna e eficaz, o Fundeb n\u00e3o conseguir\u00e1 deslanchar do modo idealizado e proposto pelos especialistas em educa\u00e7\u00e3o.<\/p>\n<\/div>\n<div>Com a aprova\u00e7\u00e3o pela C\u00e2mara dos Deputados do texto base da proposta de emenda \u00e0 Constitui\u00e7\u00e3o (PEC) que cria o novo Fundeb, projeto que o governo n\u00e3o desejava que fosse aprovado, j\u00e1 que aumentava a participa\u00e7\u00e3o da Uni\u00e3o de 10% para 12,5%, o Fundo n\u00e3o s\u00f3 foi aprovado, como ser\u00e1 ampliado, gradativamente, at\u00e9 2026, podendo chegar a 23% naquele ano, sendo ainda incorporado \u00e0 Carta Magna como instrumento perene em favor do ensino p\u00fablico.<\/p>\n<\/div>\n<div>Com essa aprova\u00e7\u00e3o, muitos pol\u00edticos e t\u00e9cnicos envolvidos na discuss\u00e3o acreditam que haver\u00e1 um aprimoramento na igualdade de direitos e acesso a uma educa\u00e7\u00e3o de melhor qualidade. Para educadores, verdadeiramente envolvidos na causa, esses recursos destinados pelo conjunto da sociedade brasileira em prol do ensino b\u00e1sico n\u00e3o s\u00e3o, como considera o governo, um gasto, mas investimentos no futuro do pa\u00eds. Na\u00e7\u00e3o alguma alcan\u00e7ou o est\u00e1gio de pleno desenvolvimento, sem primeiro empreender grande soma de esfor\u00e7os e recursos em educa\u00e7\u00e3o de sua gente.<\/p>\n<\/div>\n<div>Nesse nosso caso particular, o governo foi derrotado nas vota\u00e7\u00f5es, por entre outras propostas ruins, almejar que o dinheiro do Fundeb fosse usado politicamente para complementar programa de transfer\u00eancia de renda social, tudo isso em pleno ano eleitoral, o que traria vantagens indevidas ao atual presidente e ao seu grupo de apoio.<\/p>\n<\/div>\n<div>Mesmo o uso desses recursos para pagamento de aposentadorias e pens\u00f5es de professores, como chegou a cogitar o governo, foi descartada, depois de press\u00f5es vindas de todos os lados. Com a aprova\u00e7\u00e3o na C\u00e2mara Baixa do novo Fundeb, fica inclu\u00eddo, entre os dispositivos fixos da Constitui\u00e7\u00e3o, artigo prevendo que a qualidade m\u00ednima na educa\u00e7\u00e3o de base fica atrelada \u00e0 quest\u00f5es claras e objetivas como o custo aluno qualidade, chamado de CAQ e que ser\u00e1 definido justamente com base nesses novos crit\u00e9rios.<\/p>\n<\/div>\n<div>Sintom\u00e1tico em toda essa discuss\u00e3o, que se arrasta por anos, \u00e9 que o MEC, ou seja, a pasta ligada diretamente \u00e0 quest\u00e3o da educa\u00e7\u00e3o, sequer apresentou propostas dignas de nota, ou mesmo liderou discuss\u00f5es sobre t\u00e3o importante tema, se ocupando na substitui\u00e7\u00e3o constante de ministros. Com isso, e para o bem do Brasil, o governo foi imprensado por uma avalanche de 499 votos a favor do novo Fundeb, contra 7 deputados, a ala mais aguerrida do bolsonarismo.<\/p>\n<\/div>\n<div>Depois dessa vit\u00f3ria, os educadores t\u00eam um longo caminho pela frente, que \u00e9 a transforma\u00e7\u00e3o desses recursos em escolas que sejam modelos em ensino e educa\u00e7\u00e3o, capazes de tirar, de vez, o Brasil, do subdesenvolvimento e dos derradeiros lugares na maioria das avalia\u00e7\u00f5es internacionais que medem a qualidade do ensino e o desempenho dos alunos. Mesmo aqueles que pouco entendem sobre o tema reconhecem que no s\u00e9culo XXI, a educa\u00e7\u00e3o ser\u00e1, sem d\u00favida o principal referencial de riqueza de uma na\u00e7\u00e3o.<\/div>\n<p>&nbsp;<\/p>\n<p>&nbsp;<\/p>\n<p>&nbsp;<\/p>\n<p><strong>A frase que foi pronunciada:<\/strong><\/p>\n<p><em>\u201cDepois da liberdade desaparecer, resta um pa\u00eds, mas j\u00e1 n\u00e3o h\u00e1 p\u00e1tria.\u201d<\/em><\/p>\n<p>Fran\u00e7ois-Ren\u00e9 de Chateaubriand, escritor, ensa\u00edsta, diplomata e pol\u00edtico franc\u00eas<\/p>\n<figure id=\"attachment_17203\" aria-describedby=\"caption-attachment-17203\" style=\"width: 392px\" class=\"wp-caption aligncenter\"><img loading=\"lazy\" decoding=\"async\" class=\" wp-image-17203\" src=\"https:\/\/blogs.correiobraziliense.com.br\/aricunha\/wp-content\/uploads\/sites\/13\/2020\/07\/FRA.jpg\" alt=\"\" width=\"392\" height=\"462\" srcset=\"https:\/\/blogs.correiobraziliense.com.br\/aricunha\/wp-content\/uploads\/sites\/13\/2020\/07\/FRA.jpg 477w, https:\/\/blogs.correiobraziliense.com.br\/aricunha\/wp-content\/uploads\/sites\/13\/2020\/07\/FRA-255x300.jpg 255w, https:\/\/blogs.correiobraziliense.com.br\/aricunha\/wp-content\/uploads\/sites\/13\/2020\/07\/FRA-230x271.jpg 230w\" sizes=\"auto, (max-width: 392px) 100vw, 392px\" \/><figcaption id=\"caption-attachment-17203\" class=\"wp-caption-text\">Fran\u00e7ois-Ren\u00e9 de Chateaubriand. Imagem: wikipedia.org<\/figcaption><\/figure>\n<p>&nbsp;<\/p>\n<p><strong>Estatuto<\/strong><\/p>\n<p>Atendimento priorit\u00e1rio integral \u00e0 sa\u00fade, direito \u00e0 habita\u00e7\u00e3o, \u00e0 educa\u00e7\u00e3o e ao trabalho. Essas s\u00e3o as garantias do Estatuto da Pessoa com Defici\u00eancia do DF, de autoria do deputado distrital Iolando Almeida, aprovado e publicado.<\/p>\n<figure id=\"attachment_17204\" aria-describedby=\"caption-attachment-17204\" style=\"width: 514px\" class=\"wp-caption aligncenter\"><img loading=\"lazy\" decoding=\"async\" class=\" wp-image-17204\" src=\"https:\/\/blogs.correiobraziliense.com.br\/aricunha\/wp-content\/uploads\/sites\/13\/2020\/07\/Iolando-Plena\u0301rio-cldf..jpg\" alt=\"\" width=\"514\" height=\"446\" srcset=\"https:\/\/blogs.correiobraziliense.com.br\/aricunha\/wp-content\/uploads\/sites\/13\/2020\/07\/Iolando-Plena\u0301rio-cldf..jpg 698w, https:\/\/blogs.correiobraziliense.com.br\/aricunha\/wp-content\/uploads\/sites\/13\/2020\/07\/Iolando-Plena\u0301rio-cldf.-300x260.jpg 300w, https:\/\/blogs.correiobraziliense.com.br\/aricunha\/wp-content\/uploads\/sites\/13\/2020\/07\/Iolando-Plena\u0301rio-cldf.-550x478.jpg 550w, https:\/\/blogs.correiobraziliense.com.br\/aricunha\/wp-content\/uploads\/sites\/13\/2020\/07\/Iolando-Plena\u0301rio-cldf.-230x200.jpg 230w\" sizes=\"auto, (max-width: 514px) 100vw, 514px\" \/><figcaption id=\"caption-attachment-17204\" class=\"wp-caption-text\">Deputado distrital Iolando Almeida. Foto: Assessoria<\/figcaption><\/figure>\n<p>&nbsp;<\/p>\n<p><strong>Infelizmente<\/strong><\/p>\n<p>O laborat\u00f3rio, situado no Parque Tecnol\u00f3gico de Bras\u00edlia \u2013 Biotic, conta com a instala\u00e7\u00e3o da tecnologia 5G, 100 vezes mais r\u00e1pida.\u00a0A transpar\u00eancia, elemento t\u00e3o caro e vital \u00e0s verdadeiras democracias ocidentais, precisa, mais uma vez, mostrar a todos, o caminho completo, em baixa velocidade, sobre a seguran\u00e7a e privacidade dos cidad\u00e3os com a implanta\u00e7\u00e3o dessa tecnologia.<\/p>\n<figure id=\"attachment_17108\" aria-describedby=\"caption-attachment-17108\" style=\"width: 548px\" class=\"wp-caption aligncenter\"><img loading=\"lazy\" decoding=\"async\" class=\" wp-image-17108\" src=\"https:\/\/blogs.correiobraziliense.com.br\/aricunha\/wp-content\/uploads\/sites\/13\/2020\/07\/5g.jpg\" alt=\"\" width=\"548\" height=\"365\" srcset=\"https:\/\/blogs.correiobraziliense.com.br\/aricunha\/wp-content\/uploads\/sites\/13\/2020\/07\/5g.jpg 680w, https:\/\/blogs.correiobraziliense.com.br\/aricunha\/wp-content\/uploads\/sites\/13\/2020\/07\/5g-300x200.jpg 300w, https:\/\/blogs.correiobraziliense.com.br\/aricunha\/wp-content\/uploads\/sites\/13\/2020\/07\/5g-550x366.jpg 550w, https:\/\/blogs.correiobraziliense.com.br\/aricunha\/wp-content\/uploads\/sites\/13\/2020\/07\/5g-230x153.jpg 230w\" sizes=\"auto, (max-width: 548px) 100vw, 548px\" \/><figcaption id=\"caption-attachment-17108\" class=\"wp-caption-text\">Foto: Albert Gea\/Reuters<\/figcaption><\/figure>\n<p>&nbsp;<\/p>\n<p><strong>Alerta<\/strong><\/p>\n<p>Antes da pandemia, o pre\u00e7o do combust\u00edvel chegava aos R$7 nos postos de gasolina. Durante a crise chegou a R$3.50. Vamos acompanhar a oscila\u00e7\u00e3o e torcer para que o consumidor n\u00e3o seja o respons\u00e1vel pela recupera\u00e7\u00e3o das finan\u00e7as.<\/p>\n<figure id=\"attachment_17205\" aria-describedby=\"caption-attachment-17205\" style=\"width: 546px\" class=\"wp-caption aligncenter\"><img loading=\"lazy\" decoding=\"async\" class=\" wp-image-17205\" src=\"https:\/\/blogs.correiobraziliense.com.br\/aricunha\/wp-content\/uploads\/sites\/13\/2020\/07\/gas.jpg\" alt=\"\" width=\"546\" height=\"325\" srcset=\"https:\/\/blogs.correiobraziliense.com.br\/aricunha\/wp-content\/uploads\/sites\/13\/2020\/07\/gas.jpg 579w, https:\/\/blogs.correiobraziliense.com.br\/aricunha\/wp-content\/uploads\/sites\/13\/2020\/07\/gas-300x179.jpg 300w, https:\/\/blogs.correiobraziliense.com.br\/aricunha\/wp-content\/uploads\/sites\/13\/2020\/07\/gas-550x328.jpg 550w, https:\/\/blogs.correiobraziliense.com.br\/aricunha\/wp-content\/uploads\/sites\/13\/2020\/07\/gas-230x137.jpg 230w\" sizes=\"auto, (max-width: 546px) 100vw, 546px\" \/><figcaption id=\"caption-attachment-17205\" class=\"wp-caption-text\">Foto: Pedro Ventura\/Ag\u00eancia Bras\u00edlia<\/figcaption><\/figure>\n<p>&nbsp;<\/p>\n<p><strong>Direto da C\u00e2mara<\/strong><\/p>\n<p>Na ter\u00e7a-feira, dia 28, 10h, pelo Yoututbe, a C\u00e2mara dos Deputados apresenta um evento virtual. A Frente Parlamentar em Defesa da Cruz Vermelha, presidida pelo Capit\u00e3o cearense, Wagner, contar\u00e1 com a presen\u00e7a, por meio do aplicativo Zoom, do presidente da Cruz Vermelha Brasileira, J\u00falio Cals, e da deputada Patricia Ferraz, que n\u00e3o est\u00e1 em exerc\u00edcio no cargo.<\/p>\n<figure id=\"attachment_17206\" aria-describedby=\"caption-attachment-17206\" style=\"width: 547px\" class=\"wp-caption aligncenter\"><img loading=\"lazy\" decoding=\"async\" class=\" wp-image-17206\" src=\"https:\/\/blogs.correiobraziliense.com.br\/aricunha\/wp-content\/uploads\/sites\/13\/2020\/07\/cruz.jpg\" alt=\"\" width=\"547\" height=\"314\" srcset=\"https:\/\/blogs.correiobraziliense.com.br\/aricunha\/wp-content\/uploads\/sites\/13\/2020\/07\/cruz.jpg 735w, https:\/\/blogs.correiobraziliense.com.br\/aricunha\/wp-content\/uploads\/sites\/13\/2020\/07\/cruz-300x172.jpg 300w, https:\/\/blogs.correiobraziliense.com.br\/aricunha\/wp-content\/uploads\/sites\/13\/2020\/07\/cruz-550x316.jpg 550w, https:\/\/blogs.correiobraziliense.com.br\/aricunha\/wp-content\/uploads\/sites\/13\/2020\/07\/cruz-230x132.jpg 230w\" sizes=\"auto, (max-width: 547px) 100vw, 547px\" \/><figcaption id=\"caption-attachment-17206\" class=\"wp-caption-text\">Foto: cruzvermelha.org<\/figcaption><\/figure>\n<p>&nbsp;<\/p>\n<p><strong>HIST\u00d3RIA DE BRAS\u00cdLIA<\/strong><\/p>\n<p>Est\u00e1 ficando bonita, a grama nas quadras da Funda\u00e7\u00e3o. Os moradores reclamam que n\u00e3o h\u00e1 passagens de um lado para outro. <strong>(Publicado em 13\/01\/1962)<\/strong><\/p>\n","protected":false},"excerpt":{"rendered":"<p>VISTO, LIDO E OUVIDO, criada por Ari Cunha (In memoriam) Desde 1960, com Circe Cunha e Mamfil jornalistacircecunha@gmail.com Facebook.com\/vistolidoeouvido Instagram.com\/vistolidoeouvido &nbsp; &nbsp; \u00c9 preciso entender a complexidade do Fundo de Manuten\u00e7\u00e3o e Desenvolvimento da Educa\u00e7\u00e3o B\u00e1sica (Fundeb), dentro do que muitos reconhecem como uma crise tribut\u00e1ria do pa\u00eds e que h\u00e1 muito tempo reclama por reforma. Sem uma reforma tribut\u00e1ria [&hellip;]<\/p>\n","protected":false},"author":34,"featured_media":17207,"comment_status":"open","ping_status":"open","sticky":false,"template":"","format":"standard","meta":{"footnotes":""},"categories":[23],"tags":[1307,604,2342,2269,2341,1235,114,1177,68,2,69,16],"class_list":["post-17188","post","type-post","status-publish","format-standard","has-post-thumbnail","hentry","category-integra","tag-congressonacional","tag-educacaonobrasil","tag-ensinopubliconobrasil","tag-escolanobrasil","tag-fundeb","tag-governobolsonaro","tag-historiadebrasilia","tag-ministeriodaeducacao","tag-aricunha","tag-brasilia","tag-circecunha","tag-mamfil"],"_links":{"self":[{"href":"https:\/\/blogs.correiobraziliense.com.br\/aricunha\/wp-json\/wp\/v2\/posts\/17188","targetHints":{"allow":["GET"]}}],"collection":[{"href":"https:\/\/blogs.correiobraziliense.com.br\/aricunha\/wp-json\/wp\/v2\/posts"}],"about":[{"href":"https:\/\/blogs.correiobraziliense.com.br\/aricunha\/wp-json\/wp\/v2\/types\/post"}],"author":[{"embeddable":true,"href":"https:\/\/blogs.correiobraziliense.com.br\/aricunha\/wp-json\/wp\/v2\/users\/34"}],"replies":[{"embeddable":true,"href":"https:\/\/blogs.correiobraziliense.com.br\/aricunha\/wp-json\/wp\/v2\/comments?post=17188"}],"version-history":[{"count":6,"href":"https:\/\/blogs.correiobraziliense.com.br\/aricunha\/wp-json\/wp\/v2\/posts\/17188\/revisions"}],"predecessor-version":[{"id":17212,"href":"https:\/\/blogs.correiobraziliense.com.br\/aricunha\/wp-json\/wp\/v2\/posts\/17188\/revisions\/17212"}],"wp:featuredmedia":[{"embeddable":true,"href":"https:\/\/blogs.correiobraziliense.com.br\/aricunha\/wp-json\/wp\/v2\/media\/17207"}],"wp:attachment":[{"href":"https:\/\/blogs.correiobraziliense.com.br\/aricunha\/wp-json\/wp\/v2\/media?parent=17188"}],"wp:term":[{"taxonomy":"category","embeddable":true,"href":"https:\/\/blogs.correiobraziliense.com.br\/aricunha\/wp-json\/wp\/v2\/categories?post=17188"},{"taxonomy":"post_tag","embeddable":true,"href":"https:\/\/blogs.correiobraziliense.com.br\/aricunha\/wp-json\/wp\/v2\/tags?post=17188"}],"curies":[{"name":"wp","href":"https:\/\/api.w.org\/{rel}","templated":true}]}}