{"id":16862,"date":"2020-06-18T01:00:59","date_gmt":"2020-06-18T04:00:59","guid":{"rendered":"http:\/\/blogs.correiobraziliense.com.br\/aricunha\/?p=16862"},"modified":"2020-06-18T01:00:59","modified_gmt":"2020-06-18T04:00:59","slug":"um-pais-cuja-a-historia-da-voltas-como-numa-montanha-russa","status":"publish","type":"post","link":"https:\/\/blogs.correiobraziliense.com.br\/aricunha\/um-pais-cuja-a-historia-da-voltas-como-numa-montanha-russa\/","title":{"rendered":"Um Pa\u00eds cuja a hist\u00f3ria d\u00e1 voltas como numa montanha russa"},"content":{"rendered":"<p>VISTO, LIDO E OUVIDO, criada por Ari Cunha (In memoriam)<\/p>\n<p>Desde 1960, com Circe Cunha e Mamfil<\/p>\n<p>jornalistacircecunha@gmail.com<\/p>\n<p>Facebook.com\/vistolidoeouvido<\/p>\n<p>Instagram.com\/vistolidoeouvido<\/p>\n<p>&nbsp;<\/p>\n<figure id=\"attachment_16865\" aria-describedby=\"caption-attachment-16865\" style=\"width: 716px\" class=\"wp-caption aligncenter\"><img loading=\"lazy\" decoding=\"async\" class=\"size-full wp-image-16865\" src=\"http:\/\/blogs.correiobraziliense.com.br\/aricunha\/wp-content\/uploads\/sites\/13\/2020\/06\/pod.jpg\" alt=\"\" width=\"716\" height=\"478\" srcset=\"https:\/\/blogs.correiobraziliense.com.br\/aricunha\/wp-content\/uploads\/sites\/13\/2020\/06\/pod.jpg 716w, https:\/\/blogs.correiobraziliense.com.br\/aricunha\/wp-content\/uploads\/sites\/13\/2020\/06\/pod-300x200.jpg 300w, https:\/\/blogs.correiobraziliense.com.br\/aricunha\/wp-content\/uploads\/sites\/13\/2020\/06\/pod-550x367.jpg 550w, https:\/\/blogs.correiobraziliense.com.br\/aricunha\/wp-content\/uploads\/sites\/13\/2020\/06\/pod-230x154.jpg 230w\" sizes=\"auto, (max-width: 716px) 100vw, 716px\" \/><figcaption id=\"caption-attachment-16865\" class=\"wp-caption-text\">Foto: Presid\u00eancia da Rep\u00fablica<\/figcaption><\/figure>\n<p>&nbsp;<\/p>\n<p>Historiadores brasileiros e mesmo aqueles intelectuais brasilianistas que dedicam seu tempo ao entendimento das quest\u00f5es de nosso pa\u00eds, tanto \u00e0quelas relativas ao passado, quanto as que est\u00e3o a embaralhar o presente momento numa confus\u00e3o sem p\u00e9 nem cabe\u00e7a, est\u00e3o a ponto de jogar a toalha, renunciando \u00e0 tarefa de projetar um poss\u00edvel cen\u00e1rio futuro para nosso pa\u00eds. Fica confirmada a antiga tese de que o Brasil n\u00e3o \u00e9 para amadores, mesmo aqueles que mant\u00e9m, por d\u00e9cadas, estreitos la\u00e7os de intimidade com as ci\u00eancias humanas.<\/p>\n<p>Desde o processo de redemocratiza\u00e7\u00e3o, iniciado em 1984 com as \u201cDiretas J\u00e1\u201d, o Brasil vive sobre uma verdadeira montanha russa no que diz respeito \u00e0 sua evolu\u00e7\u00e3o rumo a um Estado democraticamente s\u00f3lido e est\u00e1vel. Foram muitas as crises que abalaram o pa\u00eds desde que os militares deixaram, em definitivo, o Pal\u00e1cio do Planalto. Ap\u00f3s a morte do presidente Tancredo Neves e sua substitui\u00e7\u00e3o, ocorrida num ambiente de total incertezas, por Jos\u00e9 Sarney (1985-1990), o primeiro presidente civil depois de mais de duas d\u00e9cadas de fechamento pol\u00edtico, foram sucessivas as tentativas, no campo da economia, de trazer os n\u00fameros da infla\u00e7\u00e3o dos 242%, registrados em 1985, para um patamar mais razo\u00e1vel, o que se revelaria uma miss\u00e3o imposs\u00edvel naqueles loucos anos. Quando terminou seu governo, a infla\u00e7\u00e3o rodava em mais de 1.972% ao ano e o pa\u00eds mergulharia numa profunda recess\u00e3o.<\/p>\n<p>Em 1987, era instalada a Assembleia Nacional Constituinte para redigir uma Carta substitutiva a de 1967, o que, de certa forma, provocaria um esvaziamento precoce do governo Sarney. Entre 1990 a 1992, o pa\u00eds \u00e9 governado pelo mais novo presidente j\u00e1 eleito pelo voto direto, ap\u00f3s o per\u00edodo militar e tamb\u00e9m um dos mais breves: Fernando Collor, que sofreu processo rumoroso de impeachment. Infla\u00e7\u00e3o alimentada, beirando os 1200% ao ano, e um confisco in\u00e9dito das poupan\u00e7as dos brasileiros empurraram o pa\u00eds para mais uma crise institucional de grandes propor\u00e7\u00f5es, que s\u00f3 seria sanada, em parte, com a posse de Itamar Franco, seu vice.<\/p>\n<p>De 1992 a 1994, o mineiro Itamar Franco assume a presid\u00eancia e governa num ambiente que mistura os n\u00fameros negativos de uma hiperinfla\u00e7\u00e3o com a realiza\u00e7\u00e3o de uma s\u00e9rie de plebiscitos reafirmando a op\u00e7\u00e3o dos brasileiros pelo presidencialismo, como sistema de governo, e pela Rep\u00fablica, como forma de governo. Com ele, \u00e9 dado in\u00edcio ao Plano Real e o pa\u00eds pode respirar por alguns anos, dentro de um cen\u00e1rio de maior estabilidade e credibilidade.<\/p>\n<p>Itamar Franco faria ainda seu sucessor na pessoa de Fernando Henrique Cardoso, seu ministro da Fazenda. Entre os anos de 1995 a 2002, Fernando Henrique assume a presid\u00eancia e realiza um governo, em muitos aspectos, exemplar, tanto do ponto de vista econ\u00f4mico, quanto pol\u00edtico. Com ele, o Plano Real foi consolidado e o pa\u00eds passa a viver, talvez, seu melhor momento pol\u00edtico e econ\u00f4mico, principalmente no primeiro mandato. No segundo mandato, quando houve um crescimento significativo na sua reprova\u00e7\u00e3o pelos brasileiros, FHC n\u00e3o se empenhou em fazer seu sucessor, o ent\u00e3o ministro Jos\u00e9 Serra. Preferiu abrir espa\u00e7o e mesmo simpatias para a chegada de Lula.<\/p>\n<p>O que viria a partir da chegada do Partido dos Trabalhadores explica, em boa parte, as seguidas crises que viriam dos dois mandatos de Lula e, posteriormente, no governo de Dilma que, de certa forma, projetou o cen\u00e1rio de crises que experimentamos.<\/p>\n<p>Eleito com 57,7 milh\u00f5es de votos, Jair Bolsonaro chegou ao poder contra v\u00e1rias pesquisas divulgadas e gastando menos do que qualquer candidato. Com oposi\u00e7\u00e3o ferrenha, fen\u00f4meno que o PT n\u00e3o enfrentou, Bolsonaro e a luta contra a corrup\u00e7\u00e3o tentam vencer dois inimigos: o inesperado Coronav\u00edrus e os egos dos Poderes Legislativo e Judici\u00e1rio. Isso mant\u00e9m nosso Pa\u00eds, tradicionalmente, na corda bamba da hist\u00f3ria, entre ensaios de decolagens planejadas e aterrissagens de emerg\u00eancia.<\/p>\n<p>Para aqueles que procuram entender o Brasil dentro de uma linha hist\u00f3rica linear, como existente em outros cantos do planeta, fica a frustra\u00e7\u00e3o em reconhecer que esse \u00e9 um pa\u00eds surreal, onde hist\u00f3ria factual e a fic\u00e7\u00e3o escrevem mais um cap\u00edtulo da pol\u00edtica nacional.<\/p>\n<p>&nbsp;<\/p>\n<p><strong>\u00a0<\/strong><\/p>\n<p><strong>\u00a0<\/strong><\/p>\n<p><strong>\u00a0<\/strong><\/p>\n<p><strong>A frase que foi pronunciada:<\/strong><\/p>\n<p><em>\u201cO bem obtemos por nossa conta<\/em><\/p>\n<p><em>Mas o mal nos prende, nos monta;<\/em><\/p>\n<p><em>Quando certos, a verdade desponta:<\/em><\/p>\n<p><em>Sempre o destino \u00e9 quem apronta!\u201d<\/em><\/p>\n<p>La Fontaine, o poeta franc\u00eas<\/p>\n<figure id=\"attachment_16866\" aria-describedby=\"caption-attachment-16866\" style=\"width: 449px\" class=\"wp-caption aligncenter\"><img loading=\"lazy\" decoding=\"async\" class=\" wp-image-16866\" src=\"http:\/\/blogs.correiobraziliense.com.br\/aricunha\/wp-content\/uploads\/sites\/13\/2020\/06\/la.jpg\" alt=\"\" width=\"449\" height=\"476\" \/><figcaption id=\"caption-attachment-16866\" class=\"wp-caption-text\">Jean de La Fontaine. Imagem: wikipedia.org<\/figcaption><\/figure>\n<p>&nbsp;<\/p>\n<p><strong>Redesenhar<\/strong><\/p>\n<p>Esses assentamentos, como o Parano\u00e1 Parque, despertam uma tristeza imensa. O projeto arquitet\u00f4nico rudimentar poderia ser embelezado com urbanismo e paisagismo. N\u00e3o se v\u00ea uma \u00e1rvore frut\u00edfera para alimentar os p\u00e1ssaros, nem flores para alimentar abelhas e borboletas.<\/p>\n<figure id=\"attachment_16867\" aria-describedby=\"caption-attachment-16867\" style=\"width: 548px\" class=\"wp-caption aligncenter\"><img loading=\"lazy\" decoding=\"async\" class=\" wp-image-16867\" src=\"http:\/\/blogs.correiobraziliense.com.br\/aricunha\/wp-content\/uploads\/sites\/13\/2020\/06\/Parano\u00e1-Parque-1000x600.jpg\" alt=\"\" width=\"548\" height=\"329\" srcset=\"https:\/\/blogs.correiobraziliense.com.br\/aricunha\/wp-content\/uploads\/sites\/13\/2020\/06\/Parano\u00e1-Parque-1000x600.jpg 1000w, https:\/\/blogs.correiobraziliense.com.br\/aricunha\/wp-content\/uploads\/sites\/13\/2020\/06\/Parano\u00e1-Parque-1000x600-300x180.jpg 300w, https:\/\/blogs.correiobraziliense.com.br\/aricunha\/wp-content\/uploads\/sites\/13\/2020\/06\/Parano\u00e1-Parque-1000x600-768x461.jpg 768w, https:\/\/blogs.correiobraziliense.com.br\/aricunha\/wp-content\/uploads\/sites\/13\/2020\/06\/Parano\u00e1-Parque-1000x600-550x330.jpg 550w, https:\/\/blogs.correiobraziliense.com.br\/aricunha\/wp-content\/uploads\/sites\/13\/2020\/06\/Parano\u00e1-Parque-1000x600-230x138.jpg 230w\" sizes=\"auto, (max-width: 548px) 100vw, 548px\" \/><figcaption id=\"caption-attachment-16867\" class=\"wp-caption-text\">Foto: Tony Winston\/Ag\u00eancia Bras\u00edlia<\/figcaption><\/figure>\n<p>&nbsp;<\/p>\n<p><strong>Espertos<\/strong><\/p>\n<p>Lisboa est\u00e1 anos luz de dist\u00e2ncia da burocracia de Bras\u00edlia. A cidade mais moderna do mundo n\u00e3o acompanha a tecnologia. Em Portugal, em qualquer agendamento com o governo, a comunica\u00e7\u00e3o \u00e9 feita pelo WhatsApp, com bastante rapidez. Aqui em Bras\u00edlia, qualquer solicita\u00e7\u00e3o da popula\u00e7\u00e3o \u00e9 feita por telefone com quase 10 minutos de espera, al\u00e9m de 20 dias para encaminhamento.<\/p>\n<figure id=\"attachment_12991\" aria-describedby=\"caption-attachment-12991\" style=\"width: 551px\" class=\"wp-caption aligncenter\"><img loading=\"lazy\" decoding=\"async\" class=\" wp-image-12991\" src=\"http:\/\/blogs.correiobraziliense.com.br\/aricunha\/wp-content\/uploads\/sites\/13\/2018\/12\/burocracia-2-1-1.jpg\" alt=\"\" width=\"551\" height=\"352\" srcset=\"https:\/\/blogs.correiobraziliense.com.br\/aricunha\/wp-content\/uploads\/sites\/13\/2018\/12\/burocracia-2-1-1.jpg 1000w, https:\/\/blogs.correiobraziliense.com.br\/aricunha\/wp-content\/uploads\/sites\/13\/2018\/12\/burocracia-2-1-1-300x192.jpg 300w, https:\/\/blogs.correiobraziliense.com.br\/aricunha\/wp-content\/uploads\/sites\/13\/2018\/12\/burocracia-2-1-1-768x491.jpg 768w, https:\/\/blogs.correiobraziliense.com.br\/aricunha\/wp-content\/uploads\/sites\/13\/2018\/12\/burocracia-2-1-1-350x224.jpg 350w, https:\/\/blogs.correiobraziliense.com.br\/aricunha\/wp-content\/uploads\/sites\/13\/2018\/12\/burocracia-2-1-1-550x351.jpg 550w, https:\/\/blogs.correiobraziliense.com.br\/aricunha\/wp-content\/uploads\/sites\/13\/2018\/12\/burocracia-2-1-1-230x147.jpg 230w\" sizes=\"auto, (max-width: 551px) 100vw, 551px\" \/><figcaption id=\"caption-attachment-12991\" class=\"wp-caption-text\">Charge do Mois\u00e9s<\/figcaption><\/figure>\n<p>&nbsp;<\/p>\n<p><strong>Alv\u00edssaras<\/strong><\/p>\n<p>Os Correios n\u00e3o se abateram com o Coronav\u00edrus. Para alegria de muita gente que passou a fazer compras online.<\/p>\n<figure id=\"attachment_14885\" aria-describedby=\"caption-attachment-14885\" style=\"width: 548px\" class=\"wp-caption aligncenter\"><img loading=\"lazy\" decoding=\"async\" class=\" wp-image-14885\" src=\"http:\/\/blogs.correiobraziliense.com.br\/aricunha\/wp-content\/uploads\/sites\/13\/2019\/09\/correios.jpg\" alt=\"\" width=\"548\" height=\"322\" srcset=\"https:\/\/blogs.correiobraziliense.com.br\/aricunha\/wp-content\/uploads\/sites\/13\/2019\/09\/correios.jpg 567w, https:\/\/blogs.correiobraziliense.com.br\/aricunha\/wp-content\/uploads\/sites\/13\/2019\/09\/correios-300x176.jpg 300w, https:\/\/blogs.correiobraziliense.com.br\/aricunha\/wp-content\/uploads\/sites\/13\/2019\/09\/correios-350x206.jpg 350w, https:\/\/blogs.correiobraziliense.com.br\/aricunha\/wp-content\/uploads\/sites\/13\/2019\/09\/correios-550x323.jpg 550w, https:\/\/blogs.correiobraziliense.com.br\/aricunha\/wp-content\/uploads\/sites\/13\/2019\/09\/correios-230x135.jpg 230w\" sizes=\"auto, (max-width: 548px) 100vw, 548px\" \/><figcaption id=\"caption-attachment-14885\" class=\"wp-caption-text\">Foto: L.C. Leite\/Folhapress<\/figcaption><\/figure>\n<p>&nbsp;<\/p>\n<p><strong>HIST\u00d3RIA DE BRAS\u00cdLIA<\/strong><\/p>\n<p>Bonita, a atitude do general Amaury Kruel, mandando recolher \u00e0 garagem do Pal\u00e1cio Planalto os chapa brancas que trafegavam sem ordem s\u00e1bado e domingo. <strong>(Publicado em 10\/01\/1962)<\/strong><\/p>\n","protected":false},"excerpt":{"rendered":"<p>VISTO, LIDO E OUVIDO, criada por Ari Cunha (In memoriam) Desde 1960, com Circe Cunha e Mamfil jornalistacircecunha@gmail.com Facebook.com\/vistolidoeouvido Instagram.com\/vistolidoeouvido &nbsp; &nbsp; Historiadores brasileiros e mesmo aqueles intelectuais brasilianistas que dedicam seu tempo ao entendimento das quest\u00f5es de nosso pa\u00eds, tanto \u00e0quelas relativas ao passado, quanto as que est\u00e3o a embaralhar o presente momento numa confus\u00e3o sem p\u00e9 nem cabe\u00e7a, [&hellip;]<\/p>\n","protected":false},"author":34,"featured_media":16865,"comment_status":"open","ping_status":"open","sticky":false,"template":"","format":"standard","meta":{"footnotes":""},"categories":[23],"tags":[861,1561,1307,1235,114,2281,910,806,1686,807,1562,261,68,2,69,16],"class_list":["post-16862","post","type-post","status-publish","format-standard","has-post-thumbnail","hentry","category-integra","tag-camaradosdeputados","tag-centrao","tag-congressonacional","tag-governobolsonaro","tag-historiadebrasilia","tag-independenciaeharmoniaentreospoderes","tag-palaciodoplanalto","tag-poderesnobrasil","tag-poderexecutivo","tag-poderjudiciario","tag-poderlegislativo","tag-politicanobrasil","tag-aricunha","tag-brasilia","tag-circecunha","tag-mamfil"],"_links":{"self":[{"href":"https:\/\/blogs.correiobraziliense.com.br\/aricunha\/wp-json\/wp\/v2\/posts\/16862","targetHints":{"allow":["GET"]}}],"collection":[{"href":"https:\/\/blogs.correiobraziliense.com.br\/aricunha\/wp-json\/wp\/v2\/posts"}],"about":[{"href":"https:\/\/blogs.correiobraziliense.com.br\/aricunha\/wp-json\/wp\/v2\/types\/post"}],"author":[{"embeddable":true,"href":"https:\/\/blogs.correiobraziliense.com.br\/aricunha\/wp-json\/wp\/v2\/users\/34"}],"replies":[{"embeddable":true,"href":"https:\/\/blogs.correiobraziliense.com.br\/aricunha\/wp-json\/wp\/v2\/comments?post=16862"}],"version-history":[{"count":0,"href":"https:\/\/blogs.correiobraziliense.com.br\/aricunha\/wp-json\/wp\/v2\/posts\/16862\/revisions"}],"wp:featuredmedia":[{"embeddable":true,"href":"https:\/\/blogs.correiobraziliense.com.br\/aricunha\/wp-json\/wp\/v2\/media\/16865"}],"wp:attachment":[{"href":"https:\/\/blogs.correiobraziliense.com.br\/aricunha\/wp-json\/wp\/v2\/media?parent=16862"}],"wp:term":[{"taxonomy":"category","embeddable":true,"href":"https:\/\/blogs.correiobraziliense.com.br\/aricunha\/wp-json\/wp\/v2\/categories?post=16862"},{"taxonomy":"post_tag","embeddable":true,"href":"https:\/\/blogs.correiobraziliense.com.br\/aricunha\/wp-json\/wp\/v2\/tags?post=16862"}],"curies":[{"name":"wp","href":"https:\/\/api.w.org\/{rel}","templated":true}]}}