{"id":16650,"date":"2020-05-27T01:00:41","date_gmt":"2020-05-27T04:00:41","guid":{"rendered":"http:\/\/blogs.correiobraziliense.com.br\/aricunha\/?p=16650"},"modified":"2020-05-27T01:00:41","modified_gmt":"2020-05-27T04:00:41","slug":"estamos-a-quase-500-dias-sem-escandalos-de-corrupcao","status":"publish","type":"post","link":"https:\/\/blogs.correiobraziliense.com.br\/aricunha\/estamos-a-quase-500-dias-sem-escandalos-de-corrupcao\/","title":{"rendered":"Clique aqui &#8211; 500 dias sem esc\u00e2ndalos de corrup\u00e7\u00e3o"},"content":{"rendered":"<p>VISTO, LIDO E OUVIDO, criada por Ari Cunha (In memoriam)<\/p>\n<p>Desde 1960, com Circe Cunha e Mamfil<\/p>\n<p>jornalistacircecunha@gmail.com<\/p>\n<p>Facebook.com\/vistolidoeouvido<\/p>\n<p>Instagram.com\/vistolidoeouvido<\/p>\n<p>&nbsp;<\/p>\n<figure id=\"attachment_16656\" aria-describedby=\"caption-attachment-16656\" style=\"width: 611px\" class=\"wp-caption aligncenter\"><img loading=\"lazy\" decoding=\"async\" class=\" wp-image-16656\" src=\"http:\/\/blogs.correiobraziliense.com.br\/aricunha\/wp-content\/uploads\/sites\/13\/2020\/05\/2301charge.jpg\" alt=\"\" width=\"611\" height=\"371\" \/><figcaption id=\"caption-attachment-16656\" class=\"wp-caption-text\">Charge do Jarbas<\/figcaption><\/figure>\n<p>&nbsp;<\/p>\n<p>Quando veio \u00e0 tona o esc\u00e2ndalo do Mensal\u00e3o, revelando o fato aterrador do Poder Executivo estar comprando, com ma\u00e7os de dinheiro vivo, o apoio pol\u00edtico de parte significativa do parlamento, n\u00e3o houve um s\u00f3 dia, de l\u00e1 para c\u00e1, em que n\u00e3o chegasse, ao grande p\u00fablico, novas e intermin\u00e1veis den\u00fancias de corrup\u00e7\u00e3o. A maioria dessa torrente de den\u00fancias envolve quase sempre os mesmos personagens, formados por pol\u00edticos e empres\u00e1rios.<\/p>\n<p>Para um pa\u00eds como o Brasil, caminhando h\u00e1 anos no limbo entre a realidade e as vers\u00f5es, o que a sociedade j\u00e1 tem claro em sua avalia\u00e7\u00e3o da cena nacional \u00e9 que a corrup\u00e7\u00e3o est\u00e1 por detr\u00e1s de todos os males que nos afligem. Sabe tamb\u00e9m que seus representantes legais s\u00e3o os respons\u00e1veis diretos por esses fatos. Bolsonaro aparece, com coragem suficiente, para enfrentar esse cen\u00e1rio e recebe, da popula\u00e7\u00e3o, voto de cr\u00e9dito para governar.<\/p>\n<p>O que a experi\u00eancia mostra, aqui e em diversos pa\u00edses, \u00e9 que, sem a participa\u00e7\u00e3o da sociedade, a tarefa de combate \u00e0 corrup\u00e7\u00e3o \u00e9 praticamente imposs\u00edvel, dada a amplitude desse fen\u00f4meno, sua rede de prote\u00e7\u00e3o interna e externa e, no nosso caso, a conhecida morosidade e a leni\u00eancia de nossas leis.<\/p>\n<p>A Transpar\u00eancia Internacional, que tem, entre suas metas, a luta contra a corrup\u00e7\u00e3o na pol\u00edtica, nos contratos internacionais, no setor privado, nas conven\u00e7\u00f5es internacionais e nas quest\u00f5es de pobreza e de desenvolvimento, h\u00e1 anos vem alertando para o fato de que os seguidos casos de corrup\u00e7\u00e3o, detectados nas \u00faltimas d\u00e9cadas no Brasil, contribu\u00edram para o aumento da desigualdade social e da mis\u00e9ria, com reflexos extremamente negativos para o desenvolvimento. No caso espec\u00edfico da Petrobras, o esquema do chamado Petrol\u00e3o mostrou que a corrup\u00e7\u00e3o obedece a um padr\u00e3o sist\u00eamico na rela\u00e7\u00e3o entre o setor privado e o poder p\u00fablico, em que a pr\u00e1tica do suborno acaba criando novos ambientes de neg\u00f3cios que privilegiam determinados grupos, distantes e contr\u00e1rios ao interesse p\u00fablico, o que resulta sempre em distor\u00e7\u00f5es e desigualdades.<\/p>\n<p>No longo roteiro seguido pelos governos venezuelano de Hugo Chaves e de Nicol\u00e1s Maduro at\u00e9 a implanta\u00e7\u00e3o total da ditadura farsesca e sanguin\u00e1ria naquele pa\u00eds, os epis\u00f3dios de persegui\u00e7\u00e3o e amea\u00e7a, a uma parcela da imprensa que se mostrava cr\u00edtica e temerosa sobre o desenrolar dos acontecimentos, vieram num crescendo que prenunciava, seguramente, que o ovo da serpente, que vinha sendo chocado por etapas, j\u00e1 se encontrava prestes a romper. No in\u00edcio, as amea\u00e7as vindas desses dois d\u00e9spotas eram feitas de modo velado, procurando criar o medo entre os jornalistas e o temor de que, a qualquer momento, algo de ruim iria acontecer com eles ou com seus familiares. Depois, essas intimida\u00e7\u00f5es passaram a ser executadas, colocando os mecanismos de controle do Estado para esmiu\u00e7ar e perseguir a vida pregressa de jornalistas e de empres\u00e1rios da comunica\u00e7\u00e3o. O fisco daquele pa\u00eds e os \u00f3rg\u00e3os de intelig\u00eancia eram direcionados para espionar cada movimento desses profissionais.\u00a0A corrup\u00e7\u00e3o n\u00e3o admite a verdade.<\/p>\n<p>Outro aspecto que se revela, quando os setores p\u00fablicos e privados passam a agir em desobedi\u00eancia \u00e0s leis e \u00e0 \u00e9tica, reflete-se sobre a infraestrutura, criando uma esp\u00e9cie de colapso nesse setor, com obras de baixa qualidade, superfaturadas, inacabadas, o que deixa de atender aos interesses presentes. Os efeitos da corrup\u00e7\u00e3o sist\u00eamica n\u00e3o se esgotam em seus efeitos puramente econ\u00f4micos, mas se estendem para todos os setores da vida do pa\u00eds, havendo, inclusive, uma correla\u00e7\u00e3o evidente entre corrup\u00e7\u00e3o e viola\u00e7\u00e3o dos direitos humanos.<\/p>\n<p><iframe loading=\"lazy\" title=\"Augusto Nunes: &quot;Brasil tem o dever de abortar a pandemia da corrup\u00e7\u00e3o&quot;\" width=\"1440\" height=\"810\" src=\"https:\/\/www.youtube.com\/embed\/NMyoWY7ejJU?feature=oembed\" frameborder=\"0\" allow=\"accelerometer; autoplay; clipboard-write; encrypted-media; gyroscope; picture-in-picture; web-share\" referrerpolicy=\"strict-origin-when-cross-origin\" allowfullscreen><\/iframe><\/p>\n<p>&nbsp;<\/p>\n<p>&nbsp;<\/p>\n<p>&nbsp;<\/p>\n<p><strong>A frase que foi pronunciada:<\/strong><\/p>\n<p><em>\u201cO subterr\u00e2neo do Brasil \u00e9 mais movimentado do que a superf\u00edcie.\u201d<\/em><\/p>\n<p>Aureliano Chaves, ex vice-presidente do Brasil<\/p>\n<p><iframe loading=\"lazy\" title=\"Roda Viva | Aureliano Chaves | 1989\" width=\"1440\" height=\"810\" src=\"https:\/\/www.youtube.com\/embed\/QsMGwtoKXEc?feature=oembed\" frameborder=\"0\" allow=\"accelerometer; autoplay; clipboard-write; encrypted-media; gyroscope; picture-in-picture; web-share\" referrerpolicy=\"strict-origin-when-cross-origin\" allowfullscreen><\/iframe><\/p>\n<p><strong>\u00a0<\/strong><\/p>\n<p><strong>Aula em casa<\/strong><\/p>\n<p>Mais uma vantagem trazida pela experi\u00eancia da quarentena \u00e9 a possibilidade de regulamenta\u00e7\u00e3o do <em>homeschooling<\/em>: pais que preferem ensinar os filhos em casa. Depois, as crian\u00e7as fazem uma prova para que se tenha certeza de que cumpriram a grade escolar.<\/p>\n<figure id=\"attachment_16655\" aria-describedby=\"caption-attachment-16655\" style=\"width: 546px\" class=\"wp-caption aligncenter\"><img loading=\"lazy\" decoding=\"async\" class=\" wp-image-16655\" src=\"http:\/\/blogs.correiobraziliense.com.br\/aricunha\/wp-content\/uploads\/sites\/13\/2020\/05\/960x0.jpg\" alt=\"\" width=\"546\" height=\"364\" \/><figcaption id=\"caption-attachment-16655\" class=\"wp-caption-text\">Foto: AFP via Getty Images<\/figcaption><\/figure>\n<p>&nbsp;<\/p>\n<p><strong>\u00c1rido<\/strong><\/p>\n<p>Como est\u00e3o tristes as ruas principais de Taguatinga. A fia\u00e7\u00e3o a\u00e9rea e a falta de verde s\u00e3o um choque para quem conheceu aquela cidade em outros tempos. A falta que faz o urbanismo para uma popula\u00e7\u00e3o pode ser vista ali. Na Samdu mesmo.<\/p>\n<figure id=\"attachment_16654\" aria-describedby=\"caption-attachment-16654\" style=\"width: 544px\" class=\"wp-caption aligncenter\"><img loading=\"lazy\" decoding=\"async\" class=\" wp-image-16654\" src=\"http:\/\/blogs.correiobraziliense.com.br\/aricunha\/wp-content\/uploads\/sites\/13\/2020\/05\/samdu-1-1-1.jpg\" alt=\"\" width=\"544\" height=\"282\" \/><figcaption id=\"caption-attachment-16654\" class=\"wp-caption-text\">Print: google.com\/maps<\/figcaption><\/figure>\n<p>&nbsp;<\/p>\n<p><strong>Entrevistas<\/strong><\/p>\n<p>Romeu Zema, governador de Minas Gerais, tem dado um baile de pol\u00edtica limpa. A popula\u00e7\u00e3o n\u00e3o para de elogiar e se sentir segura.<\/p>\n<p><iframe loading=\"lazy\" title=\"Exclusivo: Assista \u00e0 entrevista de Romeu Zema na \u00edntegra\" width=\"1440\" height=\"810\" src=\"https:\/\/www.youtube.com\/embed\/cfTD7usEmpc?feature=oembed\" frameborder=\"0\" allow=\"accelerometer; autoplay; clipboard-write; encrypted-media; gyroscope; picture-in-picture; web-share\" referrerpolicy=\"strict-origin-when-cross-origin\" allowfullscreen><\/iframe><\/p>\n<p>&nbsp;<\/p>\n<p><strong>Desespero<\/strong><\/p>\n<p>Luta que n\u00e3o para. Atorvastatina C\u00e1lcica desapareceu das farm\u00e1cias deixando pacientes, com doen\u00e7a cardiovascular e n\u00edveis elevados de colesterol, completamente desamparados. Nenhum laborat\u00f3rio oferece o medicamento. Morbidades s\u00e3o de alto risco e extremamente vulner\u00e1veis ao Covid-19. E agora?<\/p>\n<figure id=\"attachment_16634\" aria-describedby=\"caption-attachment-16634\" style=\"width: 547px\" class=\"wp-caption aligncenter\"><img loading=\"lazy\" decoding=\"async\" class=\" wp-image-16634\" src=\"http:\/\/blogs.correiobraziliense.com.br\/aricunha\/wp-content\/uploads\/sites\/13\/2020\/05\/ATORVASTATINA-CALCICA-20MG-600x600.jpg\" alt=\"\" width=\"547\" height=\"547\" \/><figcaption id=\"caption-attachment-16634\" class=\"wp-caption-text\">Foto: reprodu\u00e7\u00e3o da internet<\/figcaption><\/figure>\n<p><strong>\u00a0<\/strong><\/p>\n<p><strong>HIST\u00d3RIA DE BRAS\u00cdLIA<\/strong><\/p>\n<p>Os jornais cariocas anunciam com grande alarde que onze pessoas ficaram loucas num s\u00f3 dia na naquela cidade. E \u00e9 pra l\u00e1, que o dr. Jos\u00e9 Bonif\u00e1cio quer levar o Distrito Federal. <strong>(Publicado em 08\/01\/1962)<\/strong><\/p>\n","protected":false},"excerpt":{"rendered":"<p>VISTO, LIDO E OUVIDO, criada por Ari Cunha (In memoriam) Desde 1960, com Circe Cunha e Mamfil jornalistacircecunha@gmail.com Facebook.com\/vistolidoeouvido Instagram.com\/vistolidoeouvido &nbsp; &nbsp; Quando veio \u00e0 tona o esc\u00e2ndalo do Mensal\u00e3o, revelando o fato aterrador do Poder Executivo estar comprando, com ma\u00e7os de dinheiro vivo, o apoio pol\u00edtico de parte significativa do parlamento, n\u00e3o houve um s\u00f3 dia, de l\u00e1 para [&hellip;]<\/p>\n","protected":false},"author":34,"featured_media":16656,"comment_status":"open","ping_status":"open","sticky":false,"template":"","format":"standard","meta":{"footnotes":""},"categories":[23],"tags":[861,1307,454,114,2244,261,288,626,68,2,69,16],"class_list":["post-16650","post","type-post","status-publish","format-standard","has-post-thumbnail","hentry","category-integra","tag-camaradosdeputados","tag-congressonacional","tag-corrupcaonobrasil","tag-historiadebrasilia","tag-pandemiadocoronavirus","tag-politicanobrasil","tag-politicosnobrasil","tag-senadofederal","tag-aricunha","tag-brasilia","tag-circecunha","tag-mamfil"],"_links":{"self":[{"href":"https:\/\/blogs.correiobraziliense.com.br\/aricunha\/wp-json\/wp\/v2\/posts\/16650","targetHints":{"allow":["GET"]}}],"collection":[{"href":"https:\/\/blogs.correiobraziliense.com.br\/aricunha\/wp-json\/wp\/v2\/posts"}],"about":[{"href":"https:\/\/blogs.correiobraziliense.com.br\/aricunha\/wp-json\/wp\/v2\/types\/post"}],"author":[{"embeddable":true,"href":"https:\/\/blogs.correiobraziliense.com.br\/aricunha\/wp-json\/wp\/v2\/users\/34"}],"replies":[{"embeddable":true,"href":"https:\/\/blogs.correiobraziliense.com.br\/aricunha\/wp-json\/wp\/v2\/comments?post=16650"}],"version-history":[{"count":0,"href":"https:\/\/blogs.correiobraziliense.com.br\/aricunha\/wp-json\/wp\/v2\/posts\/16650\/revisions"}],"wp:featuredmedia":[{"embeddable":true,"href":"https:\/\/blogs.correiobraziliense.com.br\/aricunha\/wp-json\/wp\/v2\/media\/16656"}],"wp:attachment":[{"href":"https:\/\/blogs.correiobraziliense.com.br\/aricunha\/wp-json\/wp\/v2\/media?parent=16650"}],"wp:term":[{"taxonomy":"category","embeddable":true,"href":"https:\/\/blogs.correiobraziliense.com.br\/aricunha\/wp-json\/wp\/v2\/categories?post=16650"},{"taxonomy":"post_tag","embeddable":true,"href":"https:\/\/blogs.correiobraziliense.com.br\/aricunha\/wp-json\/wp\/v2\/tags?post=16650"}],"curies":[{"name":"wp","href":"https:\/\/api.w.org\/{rel}","templated":true}]}}