{"id":16524,"date":"2020-05-10T01:00:17","date_gmt":"2020-05-10T04:00:17","guid":{"rendered":"https:\/\/blogs.correiobraziliense.com.br\/aricunha\/?p=16524"},"modified":"2020-05-09T21:35:21","modified_gmt":"2020-05-10T00:35:21","slug":"clique-aqui-radicais-sem-cerebro-dispensaveis-ao-pais","status":"publish","type":"post","link":"https:\/\/blogs.correiobraziliense.com.br\/aricunha\/clique-aqui-radicais-sem-cerebro-dispensaveis-ao-pais\/","title":{"rendered":"Clique aqui &#8211; Radicais sem c\u00e9rebro dispens\u00e1veis ao pa\u00eds"},"content":{"rendered":"<p>VISTO, LIDO E OUVIDO, criada por Ari Cunha (In memoriam)<\/p>\n<p>Desde 1960, com Circe Cunha e Mamfil<\/p>\n<p>jornalistacircecunha@gmail.com<\/p>\n<p>Facebook.com\/vistolidoeouvido<\/p>\n<p>Instagram.com\/vistolidoeouvido<\/p>\n<p>&nbsp;<\/p>\n<figure id=\"attachment_16528\" aria-describedby=\"caption-attachment-16528\" style=\"width: 400px\" class=\"wp-caption alignright\"><img loading=\"lazy\" decoding=\"async\" class=\" wp-image-16528\" src=\"https:\/\/blogs.correiobraziliense.com.br\/aricunha\/wp-content\/uploads\/sites\/13\/2020\/05\/radicalismo_radical_2-1-1-1.jpg\" alt=\"\" width=\"400\" height=\"547\" srcset=\"https:\/\/blogs.correiobraziliense.com.br\/aricunha\/wp-content\/uploads\/sites\/13\/2020\/05\/radicalismo_radical_2-1-1-1.jpg 620w, https:\/\/blogs.correiobraziliense.com.br\/aricunha\/wp-content\/uploads\/sites\/13\/2020\/05\/radicalismo_radical_2-1-1-1-219x300.jpg 219w, https:\/\/blogs.correiobraziliense.com.br\/aricunha\/wp-content\/uploads\/sites\/13\/2020\/05\/radicalismo_radical_2-1-1-1-256x350.jpg 256w, https:\/\/blogs.correiobraziliense.com.br\/aricunha\/wp-content\/uploads\/sites\/13\/2020\/05\/radicalismo_radical_2-1-1-1-550x753.jpg 550w, https:\/\/blogs.correiobraziliense.com.br\/aricunha\/wp-content\/uploads\/sites\/13\/2020\/05\/radicalismo_radical_2-1-1-1-230x315.jpg 230w\" sizes=\"auto, (max-width: 400px) 100vw, 400px\" \/><figcaption id=\"caption-attachment-16528\" class=\"wp-caption-text\">Charge do Renato Peters, rep\u00f3rter de esporte da TV Globo<\/figcaption><\/figure>\n<p>Para os que buscam o bom senso e o equil\u00edbrio entre opostos e as vicissitudes da vida, o melhor caminho a seguir \u00e9 aquele situado no meio, onde se pode observar, com mais justeza e equidist\u00e2ncia, as nuances de cada lado da estrada. O fil\u00f3sofo de Mondubim costumava ressaltar essa posi\u00e7\u00e3o com o ditado: \u201cNem\u00a0tanta\u00a0fome\u00a0ao\u00a0p\u00e3o,\u00a0nem\u00a0tanta\u00a0sede\u00a0ao\u00a0vinho.\u201d Sintetizado numa palavra, seria a tal da temperan\u00e7a, qualidade dif\u00edcil de ser encontrada hoje em dia nos homens p\u00fablicos desse pa\u00eds.<\/p>\n<p>Atrav\u00e9s dessa virtude, que muitos consideram inata, \u00e9 poss\u00edvel\u00a0ao\u00a0indiv\u00edduo manter-se tranquilamente sempre dentro de seus limites \u00e9ticos, o que o torna naturalmente protegido contra todos os tipos de tenta\u00e7\u00f5es desse mundo. Fora dessa qualidade, o que se tem \u00e9 o v\u00edcio do radicalismo, que reduz no indiv\u00edduo a capacidade de enxergar o mundo em volta de si, conduzindo a uma posi\u00e7\u00e3o de miopia, obrigando a perceber somente o que deseja, da maneira como quer.<\/p>\n<p>O Brasil, que j\u00e1 experimentou nessas \u00faltimas d\u00e9cadas o sabor amargo do radicalismo de esquerda, com todas as suas consequ\u00eancias ainda bem vis\u00edveis, passa agora a ter que conviver e aturar com o outro lado da moeda, onde pululam, com mesmo ardor irracional, os radicais de direita. Invas\u00f5es de terra, facadas, mortes mal explicadas, cuecas cheias de dinheiro, apartamentos para abrigar notas de R$100, fugas ensandecidas, apoio \u00e0 doa\u00e7\u00e3o para governos antidemocr\u00e1ticos, autoridades que\u00a0ao\u00a0discursar para outros pa\u00edses deixavam os tradutores de cabelo em p\u00e9 e radicais em \u00eaxtase. De nada adiantaria qualificar esses radicais, de um lado e de outro, de insanos ou de massa de manobra, ou qualquer outro ep\u00edteto negativo. S\u00e3o o que s\u00e3o e vivem dessa ilus\u00e3o, como um leitmotiv de suas exist\u00eancias vazias. \u00c9 o que sempre se soube: quem n\u00e3o constr\u00f3i seu porto seguro interno, vai buscar em outrem onde lan\u00e7ar as \u00e2ncoras de seu barco.<\/p>\n<p>Com isso, novamente as cenas se repetem, mesmas prega\u00e7\u00f5es, com sinais trocados, os mesmos insultos e agress\u00f5es, tudo placidamente ignorado pelo governo de turno e seu grupo de apoio ideol\u00f3gico, como era feito no passado. O vermelho cedeu lugar\u00a0ao\u00a0verde e amarelo, sequestrado inescrupulosamente da bandeira nacional. As recentes agress\u00f5es\u00a0ao\u00a0pessoal da sa\u00fade, que fazia um movimento silencioso na Esplanada dos Minist\u00e9rios, seguidos da carreata pregando o fechamento do Congresso Nacional e do Supremo e pela volta dos militares\u00a0ao\u00a0poder deu a deixa para que jornalistas fossem tamb\u00e9m agredidos. O acampamento formado por simpatizantes do atual governo, armado em frente\u00a0ao\u00a0Congresso Nacional e pregando abertamente o exterm\u00ednio da esquerda \u00e9 apenas o mais do mesmo. Um d\u00e9j\u00e0-vu.<\/p>\n<p>Travestidos de paramilitares, esses arruaceiros pretendem arregimentar um grande n\u00famero de \u201cnovos insurgentes\u201d para trein\u00e1-los em t\u00e9cnicas de revolu\u00e7\u00e3o n\u00e3o violenta e desobedi\u00eancia civil, t\u00e9cnicas de estrat\u00e9gia, intelig\u00eancia e investiga\u00e7\u00e3o, organiza\u00e7\u00e3o e log\u00edstica de movimentos contrarrevolucion\u00e1rios, entre outras t\u00e1ticas de agita\u00e7\u00e3o. Trata-se, a exemplo do antigo ex\u00e9rcito de St\u00e9dile, de um grupelho do tipo Brancaleone, onde, al\u00e9m das trapalhadas de praxe, podem provocar ainda mais ru\u00eddos e desentendimentos nesse governo j\u00e1, por si s\u00f3, inst\u00e1vel e belicoso.<\/p>\n<p><strong>\u00a0<\/strong><\/p>\n<p><strong>\u00a0<\/strong><\/p>\n<p>&nbsp;<\/p>\n<p>&nbsp;<\/p>\n<p><strong>A frase que foi pronunciada: <\/strong><\/p>\n<p><em>\u201cN\u00f3s deveremos ser lembrados na hist\u00f3ria como a mais cruel, e, portanto, a menos s\u00e1bia, gera\u00e7\u00e3o de homens que jamais agitou a Terra: a mais cruel em propor\u00e7\u00e3o \u00e0 sua sensibilidade, a menos s\u00e1bia em propor\u00e7\u00e3o \u00e0 sua ci\u00eancia. Nenhum povo, entendendo a dor, tanto a infligiu; nenhum povo, entendendo os fatos, t\u00e3o pouco agiu com base neles.\u201d<\/em><\/p>\n<p>John Ruskin, escritor e desenhista.<\/p>\n<figure id=\"attachment_16527\" aria-describedby=\"caption-attachment-16527\" style=\"width: 398px\" class=\"wp-caption aligncenter\"><img loading=\"lazy\" decoding=\"async\" class=\"size-full wp-image-16527\" src=\"https:\/\/blogs.correiobraziliense.com.br\/aricunha\/wp-content\/uploads\/sites\/13\/2020\/05\/John.jpg\" alt=\"\" width=\"398\" height=\"533\" srcset=\"https:\/\/blogs.correiobraziliense.com.br\/aricunha\/wp-content\/uploads\/sites\/13\/2020\/05\/John.jpg 398w, https:\/\/blogs.correiobraziliense.com.br\/aricunha\/wp-content\/uploads\/sites\/13\/2020\/05\/John-224x300.jpg 224w, https:\/\/blogs.correiobraziliense.com.br\/aricunha\/wp-content\/uploads\/sites\/13\/2020\/05\/John-261x350.jpg 261w, https:\/\/blogs.correiobraziliense.com.br\/aricunha\/wp-content\/uploads\/sites\/13\/2020\/05\/John-230x308.jpg 230w\" sizes=\"auto, (max-width: 398px) 100vw, 398px\" \/><figcaption id=\"caption-attachment-16527\" class=\"wp-caption-text\">Foto: wikipedia.org<\/figcaption><\/figure>\n<p>&nbsp;<\/p>\n<p><strong>M\u00e3os pelos p\u00e9s<\/strong><\/p>\n<p>Faz tempo que essa coluna insiste na pe\u00e7aneta. Felizmente come\u00e7aram a trocar as m\u00e3os pelos p\u00e9s. Veja a seguir projetos populares de PVC para que ningu\u00e9m toque no recipiente de \u00e1lcool em gel quando for us\u00e1-lo. Veja tamb\u00e9m o que a Associa\u00e7\u00e3o Nacional dos Inventores criou para aumentar a higiene em hospitais.<\/p>\n<p><iframe loading=\"lazy\" title=\"Alcool em Gel com Pedal \u00e9 MELHOR do que Alcool em Gel Comum\" width=\"1440\" height=\"810\" src=\"https:\/\/www.youtube.com\/embed\/itbvSaeKdmc?feature=oembed\" frameborder=\"0\" allow=\"accelerometer; autoplay; clipboard-write; encrypted-media; gyroscope; picture-in-picture; web-share\" referrerpolicy=\"strict-origin-when-cross-origin\" allowfullscreen><\/iframe><\/p>\n<p>https:\/\/www.youtube.com\/watch?v=I_4A9KEi5Q0&#038;feature=emb_logo<\/p>\n<p>&nbsp;<\/p>\n<p><strong>S\u00f3 de maldade<\/strong><\/p>\n<p>Sistema automatizado do Minist\u00e9rio da Sa\u00fade liga para as resid\u00eancias de todo o pa\u00eds com question\u00e1rio sobre o Coronav\u00edrus. Bandidos gravaram a liga\u00e7\u00e3o e, no final, avisam que est\u00e3o enviando um c\u00f3digo para validar as perguntas. Caso os desavisados digitem esse c\u00f3digo no celular, o WhatsApp deixa de funcionar. Veja no link\u00a0<a href=\"https:\/\/tecnologia.ig.com.br\/2020-04-08\/parecia-que-tinham-me-estudado-diz-jornalista-que-caiu-em-golpe-no-whatsapp.html\">Golpe no WhatsApp convence v\u00edtimas<\/a> o que aconteceu com um jornalista.<\/p>\n<figure id=\"attachment_16534\" aria-describedby=\"caption-attachment-16534\" style=\"width: 545px\" class=\"wp-caption aligncenter\"><img loading=\"lazy\" decoding=\"async\" class=\" wp-image-16534\" src=\"https:\/\/blogs.correiobraziliense.com.br\/aricunha\/wp-content\/uploads\/sites\/13\/2020\/05\/gw.jpg\" alt=\"\" width=\"545\" height=\"314\" srcset=\"https:\/\/blogs.correiobraziliense.com.br\/aricunha\/wp-content\/uploads\/sites\/13\/2020\/05\/gw.jpg 890w, https:\/\/blogs.correiobraziliense.com.br\/aricunha\/wp-content\/uploads\/sites\/13\/2020\/05\/gw-300x173.jpg 300w, https:\/\/blogs.correiobraziliense.com.br\/aricunha\/wp-content\/uploads\/sites\/13\/2020\/05\/gw-768x442.jpg 768w, https:\/\/blogs.correiobraziliense.com.br\/aricunha\/wp-content\/uploads\/sites\/13\/2020\/05\/gw-350x201.jpg 350w, https:\/\/blogs.correiobraziliense.com.br\/aricunha\/wp-content\/uploads\/sites\/13\/2020\/05\/gw-550x316.jpg 550w, https:\/\/blogs.correiobraziliense.com.br\/aricunha\/wp-content\/uploads\/sites\/13\/2020\/05\/gw-230x132.jpg 230w\" sizes=\"auto, (max-width: 545px) 100vw, 545px\" \/><figcaption id=\"caption-attachment-16534\" class=\"wp-caption-text\">Imagem: tecnologia.ig.com<\/figcaption><\/figure>\n<p>&nbsp;<\/p>\n<p><strong>Criatividade<\/strong><\/p>\n<p>Como o brasileiro, n\u00e3o tem igual. Para poder andar livremente de bicicleta pelas cal\u00e7adas da cidade sem ser importunado, os criativos usam uma mochila de entrega de comida mesmo sem ter nada dentro.<\/p>\n<figure id=\"attachment_16529\" aria-describedby=\"caption-attachment-16529\" style=\"width: 545px\" class=\"wp-caption aligncenter\"><img loading=\"lazy\" decoding=\"async\" class=\" wp-image-16529\" src=\"https:\/\/blogs.correiobraziliense.com.br\/aricunha\/wp-content\/uploads\/sites\/13\/2020\/05\/veiculos-para-entregas.jpg\" alt=\"\" width=\"545\" height=\"459\" srcset=\"https:\/\/blogs.correiobraziliense.com.br\/aricunha\/wp-content\/uploads\/sites\/13\/2020\/05\/veiculos-para-entregas.jpg 950w, https:\/\/blogs.correiobraziliense.com.br\/aricunha\/wp-content\/uploads\/sites\/13\/2020\/05\/veiculos-para-entregas-300x253.jpg 300w, https:\/\/blogs.correiobraziliense.com.br\/aricunha\/wp-content\/uploads\/sites\/13\/2020\/05\/veiculos-para-entregas-768x647.jpg 768w, https:\/\/blogs.correiobraziliense.com.br\/aricunha\/wp-content\/uploads\/sites\/13\/2020\/05\/veiculos-para-entregas-350x295.jpg 350w, https:\/\/blogs.correiobraziliense.com.br\/aricunha\/wp-content\/uploads\/sites\/13\/2020\/05\/veiculos-para-entregas-550x463.jpg 550w, https:\/\/blogs.correiobraziliense.com.br\/aricunha\/wp-content\/uploads\/sites\/13\/2020\/05\/veiculos-para-entregas-230x194.jpg 230w\" sizes=\"auto, (max-width: 545px) 100vw, 545px\" \/><figcaption id=\"caption-attachment-16529\" class=\"wp-caption-text\">Foto: entregador.ifood.com<\/figcaption><\/figure>\n<p>&nbsp;<\/p>\n<p><strong>Solidariedade<\/strong><\/p>\n<p>Contribuintes t\u00eam at\u00e9 o dia 30 de junho para entregar a declara\u00e7\u00e3o do Imposto de Renda. Uma oportunidade de praticar a solidariedade em comunidades afetadas pela pandemia. Veja a seguir como fazer.<\/p>\n<p>&#8211;&gt;\u00a0<em><b>Imposto Solid\u00e1rio: doa\u00e7\u00f5es contribuem com comunidades afetadas pela pandemia<\/b><\/em><\/p>\n<p><em>Menos de 3% das pessoas destinam o imposto a institui\u00e7\u00f5es sociais. Site ensina passo a passo de como destinar o imposto para institui\u00e7\u00f5es sociais<\/em><\/p>\n<p><em>O per\u00edodo para entrega da declara\u00e7\u00e3o do Imposto de Renda (IR) foi estendido at\u00e9 o dia 30 de junho no Brasil, devido \u00e0 pandemia do novo coronav\u00edrus (Covid-19). O compromisso, que pode ser visto por muitos brasileiros como burocracia, tamb\u00e9m \u00e9 uma oportunidade de praticar a solidariedade. Por meio da declara\u00e7\u00e3o, os contribuintes podem destinar at\u00e9 3% do imposto para institui\u00e7\u00f5es e projetos de alto impacto social. At\u00e9 o momento a Receita Federal recebeu apenas 35% das declara\u00e7\u00f5es.<\/em><\/p>\n<p><em>Segundo dados da Receita Federal, menos de 3% dos contribuintes fazem doa\u00e7\u00f5es com o Imposto de Renda. Como a grande maioria da popula\u00e7\u00e3o n\u00e3o conhece os benef\u00edcios de destinar, esse ano as institui\u00e7\u00f5es temem que esse n\u00famero seja ainda menor. \u201cO dinheiro do contribuinte j\u00e1 seria pago ao governo de qualquer maneira, e o imposto solid\u00e1rio abre portas para que ele possa destinar para um projeto que conhece e ainda acompanhar como o valor \u00e9 aplicado. O mais interessante \u00e9 que o valor retorna ou \u00e9 abatido para a pessoa na restitui\u00e7\u00e3o em 2020 ou no pr\u00f3ximo ano\u201d, explica o gerente de Parcerias e Marketing do Marista Escolas Sociais, Rodolfo Schneider.<\/em><\/p>\n<p><em>Segundo o especialista, se a pessoa tiver imposto a restituir, o valor doado \u00e9 acrescentado ao montante (calculado j\u00e1 no sistema da Receita) e ele o recebe no per\u00edodo de restitui\u00e7\u00e3o. Se o contribuinte tiver imposto a pagar, o valor doado \u00e9 descontado do d\u00e9bito.<\/em><\/p>\n<p><em><b>Site ensina passo a passo de como doar<\/b><\/em><\/p>\n<p><em>Com a inten\u00e7\u00e3o de explicar o passo a passo para efetuar uma doa\u00e7\u00e3o via imposto de renda, o Marista Escolas Sociais, que atende mais de 7 mil crian\u00e7as, adolescentes e jovens em 20 Escolas e Unidades Sociais\u00a0nos Estados de S\u00e3o Paulo, Paran\u00e1 e Santa Catarina, preparou um site detalhando todas as etapas. Ao acessar\u00a0<a href=\"http:\/\/sender.helpi.com.br\/l\/oGJ763892VT2oaMnZD892d9Tt8Mg\/H892Zt4pC3wp9pXfe9y9LVOw\/GqSmZAjhqoqI892JItNQCkhQ\" target=\"_blank\" rel=\"noopener noreferrer noreferrer\">impostosolidario.org.br<\/a>, o contribuinte pode entender todos os processos e conhecer institui\u00e7\u00f5es que poder\u00e3o ser beneficiadas.<\/em><\/p>\n<p><em><b>Educa\u00e7\u00e3o \u00e9 uma das \u00e1reas impactadas<\/b><\/em><\/p>\n<p><em>Um dos projetos dispon\u00edveis para receber os recursos via Imposto de Renda \u00e9 o \u201cEduca\u00e7\u00e3o \u2013 O futuro \u00e9 para todos\u201d, que beneficia mais de 2 mil crian\u00e7as, adolescentes e jovens de 0 a 17 anos. A iniciativa oferece educa\u00e7\u00e3o gratuita em cinco escolas sociais localizadas em \u00e1reas de vulnerabilidade social na Zona Leste de S\u00e3o Paulo, Santos e Ribeir\u00e3o Preto.<\/em><\/p>\n<p><em>As doa\u00e7\u00f5es podem promover a expans\u00e3o de laborat\u00f3rios, projetos de educomunica\u00e7\u00e3o, capacita\u00e7\u00e3o de educadores, revitaliza\u00e7\u00e3o de espa\u00e7os e melhorias no acervo das bibliotecas. Mais de 40% das fam\u00edlias atendidas nos locais est\u00e3o abaixo da linha da pobreza e vivem do trabalho informal, sendo fortemente atingidas pela pandemia do coronav\u00edrus.<\/em><\/p>\n<p><em>Durante o per\u00edodo de isolamento social, as Escolas Sociais t\u00eam promovido atividades para todos os alunos, de acordo com a realidade de cada fam\u00edlia, sendo disponibilizadas de forma impressa e retiradas na escola ou enviadas via redes sociais e whatsapp.\u00a0 Para o aluno Gustavo Henrique do Nascimento Santos, de 14 anos, estudante do Marista Escola Social Irm\u00e3o Louren\u00e7o,\u00a0 na Zona Leste de S\u00e3o Paulo, as atividades t\u00eam ajudado a manter a rotina. \u201cTem sido muito bom. O plant\u00e3o dos professores tem ajudado bastante, \u00e9 muito importante termos essa oportunidade\u201d, revela.<\/em><\/p>\n<p><em><b>Marista<strong>\u00a0<\/strong>Escolas<strong>\u00a0<\/strong>Sociais<\/b><\/em><\/p>\n<p><em>Marista\u00a0Escolas\u00a0Sociais\u00a0atende gratuitamente 7700 crian\u00e7as, adolescentes e jovens por meio de 20\u00a0Escolas\u00a0Sociais, localizadas em cidades de Santa Catarina, Paran\u00e1 e S\u00e3o Paulo. Os alunos atendidos nas\u00a0Escolas\u00a0Sociais\u00a0t\u00eam acesso a uma educa\u00e7\u00e3o de qualidade e gratuita que vai desde a educa\u00e7\u00e3o infantil at\u00e9 o ensino m\u00e9dio, al\u00e9m de projetos educacionais e pedag\u00f3gicos que acontecem no per\u00edodo contr\u00e1rio \u00e0s aulas.\u00a0<a href=\"http:\/\/sender.helpi.com.br\/l\/oGJ763892VT2oaMnZD892d9Tt8Mg\/Zz4hRC1rqDNr763ifT6CQUtg\/GqSmZAjhqoqI892JItNQCkhQ\" target=\"_blank\" rel=\"noopener noreferrer noreferrer\">https:\/\/maristaescolassociais.org.br\/<\/a><\/em><\/p>\n<p><img loading=\"lazy\" decoding=\"async\" class=\" wp-image-16536 aligncenter\" src=\"https:\/\/blogs.correiobraziliense.com.br\/aricunha\/wp-content\/uploads\/sites\/13\/2020\/05\/ir.jpg\" alt=\"\" width=\"544\" height=\"543\" srcset=\"https:\/\/blogs.correiobraziliense.com.br\/aricunha\/wp-content\/uploads\/sites\/13\/2020\/05\/ir.jpg 534w, https:\/\/blogs.correiobraziliense.com.br\/aricunha\/wp-content\/uploads\/sites\/13\/2020\/05\/ir-150x150.jpg 150w, https:\/\/blogs.correiobraziliense.com.br\/aricunha\/wp-content\/uploads\/sites\/13\/2020\/05\/ir-300x300.jpg 300w, https:\/\/blogs.correiobraziliense.com.br\/aricunha\/wp-content\/uploads\/sites\/13\/2020\/05\/ir-350x350.jpg 350w, https:\/\/blogs.correiobraziliense.com.br\/aricunha\/wp-content\/uploads\/sites\/13\/2020\/05\/ir-230x230.jpg 230w\" sizes=\"auto, (max-width: 544px) 100vw, 544px\" \/><\/p>\n<p>&nbsp;<\/p>\n<p><strong>Estranho<\/strong><\/p>\n<p>Desde a manh\u00e3 at\u00e9 o \u00faltimo jornal, em v\u00e1rios canais de TV, por streaming ou r\u00e1dio, jornais, \u00a0Covid-19 \u00e9 imbat\u00edvel na primeira coloca\u00e7\u00e3o como assunto ou destaque. Estranho mesmo \u00e9 que a palavra que designa o pa\u00eds respons\u00e1vel por essa revolu\u00e7\u00e3o mundial n\u00e3o \u00e9 citada em nenhuma mat\u00e9ria.<\/p>\n<figure id=\"attachment_16530\" aria-describedby=\"caption-attachment-16530\" style=\"width: 547px\" class=\"wp-caption aligncenter\"><img loading=\"lazy\" decoding=\"async\" class=\" wp-image-16530\" src=\"https:\/\/blogs.correiobraziliense.com.br\/aricunha\/wp-content\/uploads\/sites\/13\/2020\/05\/v\u00edrus.jpg\" alt=\"\" width=\"547\" height=\"388\" srcset=\"https:\/\/blogs.correiobraziliense.com.br\/aricunha\/wp-content\/uploads\/sites\/13\/2020\/05\/v\u00edrus.jpg 714w, https:\/\/blogs.correiobraziliense.com.br\/aricunha\/wp-content\/uploads\/sites\/13\/2020\/05\/v\u00edrus-300x213.jpg 300w, https:\/\/blogs.correiobraziliense.com.br\/aricunha\/wp-content\/uploads\/sites\/13\/2020\/05\/v\u00edrus-350x249.jpg 350w, https:\/\/blogs.correiobraziliense.com.br\/aricunha\/wp-content\/uploads\/sites\/13\/2020\/05\/v\u00edrus-550x391.jpg 550w, https:\/\/blogs.correiobraziliense.com.br\/aricunha\/wp-content\/uploads\/sites\/13\/2020\/05\/v\u00edrus-230x163.jpg 230w\" sizes=\"auto, (max-width: 547px) 100vw, 547px\" \/><figcaption id=\"caption-attachment-16530\" class=\"wp-caption-text\">Charge do Alex<\/figcaption><\/figure>\n<p>&nbsp;<\/p>\n<p><strong>HIST\u00d3RIA DE BRAS\u00cdLIA<\/strong><\/p>\n<p>Mas Bras\u00edlia vive, Bras\u00edlia continua, nos seus 600 mil metros quadrados de constru\u00e7\u00e3o j\u00e1 realizados, nos seus 240 quil\u00f4metros de esgotos j\u00e1 plantados, nos seus 90 milh\u00f5es de litro d\u2019\u00e1gua de reserva, no seu milh\u00e3o e meio de metros quadrados de asfalto de primeira. <strong>(Publicado em 06\/01\/1962).<\/strong><\/p>\n","protected":false},"excerpt":{"rendered":"<p>VISTO, LIDO E OUVIDO, criada por Ari Cunha (In memoriam) Desde 1960, com Circe Cunha e Mamfil jornalistacircecunha@gmail.com Facebook.com\/vistolidoeouvido Instagram.com\/vistolidoeouvido &nbsp; Para os que buscam o bom senso e o equil\u00edbrio entre opostos e as vicissitudes da vida, o melhor caminho a seguir \u00e9 aquele situado no meio, onde se pode observar, com mais justeza e equidist\u00e2ncia, as nuances de [&hellip;]<\/p>\n","protected":false},"author":34,"featured_media":16528,"comment_status":"open","ping_status":"open","sticky":false,"template":"","format":"standard","meta":{"footnotes":""},"categories":[23],"tags":[2231,2232,133,1235,114,1542,553,1143,261,119,2230,68,2,69,16],"class_list":["post-16524","post","type-post","status-publish","format-standard","has-post-thumbnail","hentry","category-integra","tag-apoiadoresdopresidentebolsonaro","tag-dilma","tag-direitaeesquerdanobrasil","tag-governobolsonaro","tag-historiadebrasilia","tag-ideologias","tag-lula","tag-manifestacoes","tag-politicanobrasil","tag-pt","tag-radicalismonapolitica","tag-aricunha","tag-brasilia","tag-circecunha","tag-mamfil"],"_links":{"self":[{"href":"https:\/\/blogs.correiobraziliense.com.br\/aricunha\/wp-json\/wp\/v2\/posts\/16524","targetHints":{"allow":["GET"]}}],"collection":[{"href":"https:\/\/blogs.correiobraziliense.com.br\/aricunha\/wp-json\/wp\/v2\/posts"}],"about":[{"href":"https:\/\/blogs.correiobraziliense.com.br\/aricunha\/wp-json\/wp\/v2\/types\/post"}],"author":[{"embeddable":true,"href":"https:\/\/blogs.correiobraziliense.com.br\/aricunha\/wp-json\/wp\/v2\/users\/34"}],"replies":[{"embeddable":true,"href":"https:\/\/blogs.correiobraziliense.com.br\/aricunha\/wp-json\/wp\/v2\/comments?post=16524"}],"version-history":[{"count":7,"href":"https:\/\/blogs.correiobraziliense.com.br\/aricunha\/wp-json\/wp\/v2\/posts\/16524\/revisions"}],"predecessor-version":[{"id":16537,"href":"https:\/\/blogs.correiobraziliense.com.br\/aricunha\/wp-json\/wp\/v2\/posts\/16524\/revisions\/16537"}],"wp:featuredmedia":[{"embeddable":true,"href":"https:\/\/blogs.correiobraziliense.com.br\/aricunha\/wp-json\/wp\/v2\/media\/16528"}],"wp:attachment":[{"href":"https:\/\/blogs.correiobraziliense.com.br\/aricunha\/wp-json\/wp\/v2\/media?parent=16524"}],"wp:term":[{"taxonomy":"category","embeddable":true,"href":"https:\/\/blogs.correiobraziliense.com.br\/aricunha\/wp-json\/wp\/v2\/categories?post=16524"},{"taxonomy":"post_tag","embeddable":true,"href":"https:\/\/blogs.correiobraziliense.com.br\/aricunha\/wp-json\/wp\/v2\/tags?post=16524"}],"curies":[{"name":"wp","href":"https:\/\/api.w.org\/{rel}","templated":true}]}}