{"id":16446,"date":"2020-04-30T01:00:29","date_gmt":"2020-04-30T04:00:29","guid":{"rendered":"https:\/\/blogs.correiobraziliense.com.br\/aricunha\/?p=16446"},"modified":"2020-04-29T18:26:48","modified_gmt":"2020-04-29T21:26:48","slug":"povo-solitario","status":"publish","type":"post","link":"https:\/\/blogs.correiobraziliense.com.br\/aricunha\/povo-solitario\/","title":{"rendered":"Povo solit\u00e1rio"},"content":{"rendered":"<p>VISTO, LIDO E OUVIDO, criada por Ari Cunha (In memoriam)<\/p>\n<p>Desde 1960, com Circe Cunha e Mamfil<\/p>\n<p>jornalistacircecunha@gmail.com<\/p>\n<p>Facebook.com\/vistolidoeouvido<\/p>\n<p>Instagram.com\/vistolidoeouvido<\/p>\n<p>&nbsp;<\/p>\n<figure id=\"attachment_16449\" aria-describedby=\"caption-attachment-16449\" style=\"width: 653px\" class=\"wp-caption aligncenter\"><img loading=\"lazy\" decoding=\"async\" class=\" wp-image-16449\" src=\"https:\/\/blogs.correiobraziliense.com.br\/aricunha\/wp-content\/uploads\/sites\/13\/2020\/04\/valas.jpg\" alt=\"\" width=\"653\" height=\"414\" srcset=\"https:\/\/blogs.correiobraziliense.com.br\/aricunha\/wp-content\/uploads\/sites\/13\/2020\/04\/valas.jpg 823w, https:\/\/blogs.correiobraziliense.com.br\/aricunha\/wp-content\/uploads\/sites\/13\/2020\/04\/valas-300x190.jpg 300w, https:\/\/blogs.correiobraziliense.com.br\/aricunha\/wp-content\/uploads\/sites\/13\/2020\/04\/valas-768x487.jpg 768w, https:\/\/blogs.correiobraziliense.com.br\/aricunha\/wp-content\/uploads\/sites\/13\/2020\/04\/valas-350x222.jpg 350w, https:\/\/blogs.correiobraziliense.com.br\/aricunha\/wp-content\/uploads\/sites\/13\/2020\/04\/valas-550x349.jpg 550w, https:\/\/blogs.correiobraziliense.com.br\/aricunha\/wp-content\/uploads\/sites\/13\/2020\/04\/valas-230x146.jpg 230w\" sizes=\"auto, (max-width: 653px) 100vw, 653px\" \/><figcaption id=\"caption-attachment-16449\" class=\"wp-caption-text\">Foto: Andre Penner\/ap<\/figcaption><\/figure>\n<p>&nbsp;<\/p>\n<p>Ao longo do per\u00edodo de quarentena, que tudo indica que ser\u00e1 esticado sine die, por conta do aumento significativo no n\u00famero de mortes nesses \u00faltimos dias, tempo haver\u00e1 para que os analistas s\u00e9rios, que existem em grande quantidade nesse pa\u00eds, principalmente fora do governo, possam extrair desses acontecimentos um grande e precioso n\u00famero de li\u00e7\u00f5es que ser\u00e3o de grande valia para o futuro dos brasileiros e, qui\u00e7\u00e1, dos pr\u00f3ximos governos.<\/p>\n<p>A li\u00e7\u00e3o fundamental e que, \u00e0 primeira vista, parece at\u00e9 uma quest\u00e3o prim\u00e1ria \u00e9 que, independentemente da situa\u00e7\u00e3o de bonan\u00e7a nas finan\u00e7as p\u00fablicas e de estabilidade econ\u00f4mica interna e externamente, o Brasil tem que estar equipado e pronto para quaisquer eventualidades, seja ela uma guerra, um cataclisma ou o que for. A afirma\u00e7\u00e3o mal agourenta de um famoso jogador, de que copas do mundo n\u00e3o se fazem com hospitais, deve ser, doravante, tomada como uma li\u00e7\u00e3o b\u00e1sica \u00e0s avessas, de forma que todos entendam que a salva\u00e7\u00e3o de uma na\u00e7\u00e3o passa bem longe da constru\u00e7\u00e3o desses est\u00e1dios de futebol.<\/p>\n<p>Seria um exerc\u00edcio deveras complexo contabilizar todo o dinheiro p\u00fablico que, apenas nas \u00faltimas duas d\u00e9cadas, escoou pelo ralo da corrup\u00e7\u00e3o e da malversa\u00e7\u00e3o de recursos. Por certo, seriam na ordem de centenas de bilh\u00f5es de reais. Mas racioc\u00ednios dessa natureza n\u00e3o contam na contabilidade fria de mais de cinco mil mortos, at\u00e9 esse instante.<\/p>\n<p>O destino, esse ser exc\u00eantrico, prega suas pe\u00e7as de modo sinistro. Est\u00e1dios milion\u00e1rios e vazios ou transformados em hospitais de campanha, miram hospitais \u00e0 m\u00edngua de recursos e superlotados de moribundos. \u00c9 dessa contradi\u00e7\u00e3o cruel que vamos retirando os tijolos para constru\u00e7\u00e3o de nosso dia a dia improvisado. N\u00e3o \u00e9 dos ricos a culpa da mis\u00e9ria. Mas dos governos que, com a corrup\u00e7\u00e3o e o desd\u00e9m aos que empreendem, viram as costas aos que vivem \u00e0 mingua.<\/p>\n<p>Uma outra li\u00e7\u00e3o valiosa que pode ser aprendida com a atual crise e, quem sabe, dever\u00e1 ser usada apenas num futuro pr\u00f3ximo, quando os governantes encararem as adversidades com o olhar de estadistas, dotados apenas de humanismo e sinceridade, \u00e9 que mais do que gestores do dinheiro dos contribuintes, o pa\u00eds e sua gente necessitam de gestores de vidas.<\/p>\n<p>Com o alcance avassalador e ainda desconhecido do v\u00edrus, as v\u00edtimas v\u00e3o sendo transformadas em n\u00fameros estat\u00edsticos que crescem sem piedade, obrigando brasileiros a serem enterrados, lado a lado, em valas comuns, sem ao menos as condol\u00eancias familiares e os rituais crist\u00e3os, transformando celebra\u00e7\u00f5es f\u00fanebres e solenes num semear de mortos em terra \u00e1rida.<\/p>\n<p>E da\u00ed, se nenhuma colheita resultar dessa faina macabra? Importa, como se prega hoje, a p\u00e1tria acima de todos, como terra que vai cobrindo a sete palmos os soldados desconhecidos dessa batalha ingl\u00f3ria. Essa talvez seja a maior e mais preciosa de todas as li\u00e7\u00f5es extra\u00eddas dessa pandemia: estamos s\u00f3s, irremediavelmente s\u00f3s.<\/p>\n<p>&nbsp;<\/p>\n<p>&nbsp;<\/p>\n<p>&nbsp;<\/p>\n<p><strong>A frase que foi pronunciada:<\/strong><\/p>\n<p><em>\u201cN\u00f3s os pobres, somos como o algarismo zero, que por si s\u00f3 nada vale e faz valer a cifra que a ele se junta \u2013 tanto mais quanto mais zeros lhe forem acrescentados.\u201d<\/em><\/p>\n<p>Mateo Alem\u00e1n (1547-1614), escritor espanhol<\/p>\n<figure id=\"attachment_16452\" aria-describedby=\"caption-attachment-16452\" style=\"width: 358px\" class=\"wp-caption aligncenter\"><img loading=\"lazy\" decoding=\"async\" class=\" wp-image-16452\" src=\"https:\/\/blogs.correiobraziliense.com.br\/aricunha\/wp-content\/uploads\/sites\/13\/2020\/04\/Mateo.jpg\" alt=\"\" width=\"358\" height=\"484\" \/><figcaption id=\"caption-attachment-16452\" class=\"wp-caption-text\">Mateo Alem\u00e1n (Imagem: reprodu\u00e7\u00e3o da internet)<\/figcaption><\/figure>\n<p>&nbsp;<\/p>\n<p><strong>Sine<\/strong><\/p>\n<p>Parte da popula\u00e7\u00e3o que estava desempregada antes da chegada do coronav\u00edrus, est\u00e1 em situa\u00e7\u00e3o delicada. O Sine que estava sempre cheio de esperan\u00e7a com a carteira de trabalho na m\u00e3o, agora de portas fechadas, empurra uma classe, que prefere o trabalho a mesadas do governo, para a informalidade. \u00danica forma de sobreviver, por enquanto.<\/p>\n<figure id=\"attachment_16453\" aria-describedby=\"caption-attachment-16453\" style=\"width: 730px\" class=\"wp-caption aligncenter\"><img loading=\"lazy\" decoding=\"async\" class=\" wp-image-16453\" src=\"https:\/\/blogs.correiobraziliense.com.br\/aricunha\/wp-content\/uploads\/sites\/13\/2020\/04\/sine.jpg\" alt=\"\" width=\"730\" height=\"324\" srcset=\"https:\/\/blogs.correiobraziliense.com.br\/aricunha\/wp-content\/uploads\/sites\/13\/2020\/04\/sine.jpg 1347w, https:\/\/blogs.correiobraziliense.com.br\/aricunha\/wp-content\/uploads\/sites\/13\/2020\/04\/sine-300x133.jpg 300w, https:\/\/blogs.correiobraziliense.com.br\/aricunha\/wp-content\/uploads\/sites\/13\/2020\/04\/sine-768x340.jpg 768w, https:\/\/blogs.correiobraziliense.com.br\/aricunha\/wp-content\/uploads\/sites\/13\/2020\/04\/sine-1024x454.jpg 1024w, https:\/\/blogs.correiobraziliense.com.br\/aricunha\/wp-content\/uploads\/sites\/13\/2020\/04\/sine-350x155.jpg 350w, https:\/\/blogs.correiobraziliense.com.br\/aricunha\/wp-content\/uploads\/sites\/13\/2020\/04\/sine-550x244.jpg 550w, https:\/\/blogs.correiobraziliense.com.br\/aricunha\/wp-content\/uploads\/sites\/13\/2020\/04\/sine-230x102.jpg 230w\" sizes=\"auto, (max-width: 730px) 100vw, 730px\" \/><figcaption id=\"caption-attachment-16453\" class=\"wp-caption-text\">Print: sine.com.br<\/figcaption><\/figure>\n<p>&nbsp;<\/p>\n<p><strong>Diga que fico<\/strong><\/p>\n<p>Ron DeSantis est\u00e1 de olho na popula\u00e7\u00e3o brasileira que mora em Miami. Com o descompasso do coronav\u00edrus l\u00e1 e c\u00e1 e a evolu\u00e7\u00e3o do cont\u00e1gio, o conselho do governador \u00e9 que quem n\u00e3o voltar agora fique pelo Brasil at\u00e9 a pandemia passar. Se for necess\u00e1rio, os voos do Brasil ser\u00e3o cancelados.<\/p>\n<figure id=\"attachment_16454\" aria-describedby=\"caption-attachment-16454\" style=\"width: 548px\" class=\"wp-caption aligncenter\"><img loading=\"lazy\" decoding=\"async\" class=\" wp-image-16454\" src=\"https:\/\/blogs.correiobraziliense.com.br\/aricunha\/wp-content\/uploads\/sites\/13\/2020\/04\/YNLJFAMFUJHZJN6Y3YFY5YWKVQ.jpg\" alt=\"\" width=\"548\" height=\"308\" srcset=\"https:\/\/blogs.correiobraziliense.com.br\/aricunha\/wp-content\/uploads\/sites\/13\/2020\/04\/YNLJFAMFUJHZJN6Y3YFY5YWKVQ.jpg 1600w, https:\/\/blogs.correiobraziliense.com.br\/aricunha\/wp-content\/uploads\/sites\/13\/2020\/04\/YNLJFAMFUJHZJN6Y3YFY5YWKVQ-300x169.jpg 300w, https:\/\/blogs.correiobraziliense.com.br\/aricunha\/wp-content\/uploads\/sites\/13\/2020\/04\/YNLJFAMFUJHZJN6Y3YFY5YWKVQ-768x432.jpg 768w, https:\/\/blogs.correiobraziliense.com.br\/aricunha\/wp-content\/uploads\/sites\/13\/2020\/04\/YNLJFAMFUJHZJN6Y3YFY5YWKVQ-1024x576.jpg 1024w, https:\/\/blogs.correiobraziliense.com.br\/aricunha\/wp-content\/uploads\/sites\/13\/2020\/04\/YNLJFAMFUJHZJN6Y3YFY5YWKVQ-350x197.jpg 350w, https:\/\/blogs.correiobraziliense.com.br\/aricunha\/wp-content\/uploads\/sites\/13\/2020\/04\/YNLJFAMFUJHZJN6Y3YFY5YWKVQ-1440x810.jpg 1440w, https:\/\/blogs.correiobraziliense.com.br\/aricunha\/wp-content\/uploads\/sites\/13\/2020\/04\/YNLJFAMFUJHZJN6Y3YFY5YWKVQ-550x309.jpg 550w, https:\/\/blogs.correiobraziliense.com.br\/aricunha\/wp-content\/uploads\/sites\/13\/2020\/04\/YNLJFAMFUJHZJN6Y3YFY5YWKVQ-230x129.jpg 230w\" sizes=\"auto, (max-width: 548px) 100vw, 548px\" \/><figcaption id=\"caption-attachment-16454\" class=\"wp-caption-text\">Ron DeSantis (Foto: clickorlando.com)<\/figcaption><\/figure>\n<p>&nbsp;<\/p>\n<p><strong>Fantoches<\/strong><\/p>\n<p>Mais uma da Organiza\u00e7\u00e3o Mundial da Sa\u00fade. Segundo a institui\u00e7\u00e3o, a imunidade conferida pela infec\u00e7\u00e3o ainda \u00e9 question\u00e1vel. Colocam d\u00favida at\u00e9 nos testes que est\u00e3o sendo feitos. Aqui no Brasil, a bi\u00f3loga da USP Nat\u00e1lia Pasternak diz que o teste dar negativo n\u00e3o quer dizer nada. Fica dif\u00edcil acreditar numa pandemia com tanta desinforma\u00e7\u00e3o junta.<\/p>\n<figure id=\"attachment_16455\" aria-describedby=\"caption-attachment-16455\" style=\"width: 546px\" class=\"wp-caption aligncenter\"><img loading=\"lazy\" decoding=\"async\" class=\" wp-image-16455\" src=\"https:\/\/blogs.correiobraziliense.com.br\/aricunha\/wp-content\/uploads\/sites\/13\/2020\/04\/cov.jpg\" alt=\"\" width=\"546\" height=\"361\" srcset=\"https:\/\/blogs.correiobraziliense.com.br\/aricunha\/wp-content\/uploads\/sites\/13\/2020\/04\/cov.jpg 638w, https:\/\/blogs.correiobraziliense.com.br\/aricunha\/wp-content\/uploads\/sites\/13\/2020\/04\/cov-300x198.jpg 300w, https:\/\/blogs.correiobraziliense.com.br\/aricunha\/wp-content\/uploads\/sites\/13\/2020\/04\/cov-350x232.jpg 350w, https:\/\/blogs.correiobraziliense.com.br\/aricunha\/wp-content\/uploads\/sites\/13\/2020\/04\/cov-550x364.jpg 550w, https:\/\/blogs.correiobraziliense.com.br\/aricunha\/wp-content\/uploads\/sites\/13\/2020\/04\/cov-230x152.jpg 230w\" sizes=\"auto, (max-width: 546px) 100vw, 546px\" \/><figcaption id=\"caption-attachment-16455\" class=\"wp-caption-text\">Foto: Christian Mang\/Reuters<\/figcaption><\/figure>\n<p>&nbsp;<\/p>\n<p><strong>Fato grave<\/strong><\/p>\n<p>Muita calma nessa hora. H\u00e1 algo de podre no reino da Dinamarca. A tentativa de assassinato ao presidente da Rep\u00fablica, Jair Bolsonaro, foi toda filmada. Movimenta\u00e7\u00e3o em torno do alvo, depoimentos suspeitos anteriores ao fato, fuga para fora do Brasil de agentes suspeitos. A cortina do cen\u00e1rio est\u00e1 prestes a abrir depois do intervalo.<\/p>\n<p><iframe loading=\"lazy\" title=\"Exclusivo: Interfer\u00eancia de Bolsonaro na PF \u00e9 uma farsa, diz advogado do presidente\" width=\"1440\" height=\"810\" src=\"https:\/\/www.youtube.com\/embed\/T-OGfRZUICk?feature=oembed\" frameborder=\"0\" allow=\"accelerometer; autoplay; clipboard-write; encrypted-media; gyroscope; picture-in-picture; web-share\" referrerpolicy=\"strict-origin-when-cross-origin\" allowfullscreen><\/iframe><\/p>\n<p>&nbsp;<\/p>\n<p><strong>HIST\u00d3RIA DE BRAS\u00cdLIA<\/strong><\/p>\n<p>Antes mesmo de funcionar, a Creche Ana Paula j\u00e1 est\u00e1 sofrendo reformas. Eu bem que disse que aquele barraco n\u00e3o servia. <strong>(Publicado em 06\/01\/1962)<\/strong><\/p>\n","protected":false},"excerpt":{"rendered":"<p>VISTO, LIDO E OUVIDO, criada por Ari Cunha (In memoriam) Desde 1960, com Circe Cunha e Mamfil jornalistacircecunha@gmail.com Facebook.com\/vistolidoeouvido Instagram.com\/vistolidoeouvido &nbsp; &nbsp; Ao longo do per\u00edodo de quarentena, que tudo indica que ser\u00e1 esticado sine die, por conta do aumento significativo no n\u00famero de mortes nesses \u00faltimos dias, tempo haver\u00e1 para que os analistas s\u00e9rios, que existem em grande quantidade [&hellip;]<\/p>\n","protected":false},"author":34,"featured_media":16449,"comment_status":"open","ping_status":"open","sticky":false,"template":"","format":"standard","meta":{"footnotes":""},"categories":[23],"tags":[2148,2154,1235,114,689,2225,523,2224,68,2,69,16],"class_list":["post-16446","post","type-post","status-publish","format-standard","has-post-thumbnail","hentry","category-integra","tag-coronavirus","tag-covid-19","tag-governobolsonaro","tag-historiadebrasilia","tag-ministeriodasaude","tag-mortesnobrasil","tag-oms","tag-valasnobrasil","tag-aricunha","tag-brasilia","tag-circecunha","tag-mamfil"],"_links":{"self":[{"href":"https:\/\/blogs.correiobraziliense.com.br\/aricunha\/wp-json\/wp\/v2\/posts\/16446","targetHints":{"allow":["GET"]}}],"collection":[{"href":"https:\/\/blogs.correiobraziliense.com.br\/aricunha\/wp-json\/wp\/v2\/posts"}],"about":[{"href":"https:\/\/blogs.correiobraziliense.com.br\/aricunha\/wp-json\/wp\/v2\/types\/post"}],"author":[{"embeddable":true,"href":"https:\/\/blogs.correiobraziliense.com.br\/aricunha\/wp-json\/wp\/v2\/users\/34"}],"replies":[{"embeddable":true,"href":"https:\/\/blogs.correiobraziliense.com.br\/aricunha\/wp-json\/wp\/v2\/comments?post=16446"}],"version-history":[{"count":4,"href":"https:\/\/blogs.correiobraziliense.com.br\/aricunha\/wp-json\/wp\/v2\/posts\/16446\/revisions"}],"predecessor-version":[{"id":16456,"href":"https:\/\/blogs.correiobraziliense.com.br\/aricunha\/wp-json\/wp\/v2\/posts\/16446\/revisions\/16456"}],"wp:featuredmedia":[{"embeddable":true,"href":"https:\/\/blogs.correiobraziliense.com.br\/aricunha\/wp-json\/wp\/v2\/media\/16449"}],"wp:attachment":[{"href":"https:\/\/blogs.correiobraziliense.com.br\/aricunha\/wp-json\/wp\/v2\/media?parent=16446"}],"wp:term":[{"taxonomy":"category","embeddable":true,"href":"https:\/\/blogs.correiobraziliense.com.br\/aricunha\/wp-json\/wp\/v2\/categories?post=16446"},{"taxonomy":"post_tag","embeddable":true,"href":"https:\/\/blogs.correiobraziliense.com.br\/aricunha\/wp-json\/wp\/v2\/tags?post=16446"}],"curies":[{"name":"wp","href":"https:\/\/api.w.org\/{rel}","templated":true}]}}