{"id":16255,"date":"2020-04-05T01:00:43","date_gmt":"2020-04-05T04:00:43","guid":{"rendered":"https:\/\/blogs.correiobraziliense.com.br\/aricunha\/?p=16255"},"modified":"2020-04-03T18:44:30","modified_gmt":"2020-04-03T21:44:30","slug":"a-sociedade-desperta-e-ve-quem-esta-ao-seu-lado","status":"publish","type":"post","link":"https:\/\/blogs.correiobraziliense.com.br\/aricunha\/a-sociedade-desperta-e-ve-quem-esta-ao-seu-lado\/","title":{"rendered":"A sociedade desperta e v\u00ea quem est\u00e1 ao seu lado"},"content":{"rendered":"<p>VISTO, LIDO E OUVIDO, criada por Ari Cunha (In memoriam)<\/p>\n<p>Desde 1960, com Circe Cunha e Mamfil<\/p>\n<p>jornalistacircecunha@gmail.com<\/p>\n<p>Facebook.com\/vistolidoeouvido<\/p>\n<p>Instagram.com\/vistolidoeouvido<\/p>\n<p>&nbsp;<\/p>\n<figure id=\"attachment_16210\" aria-describedby=\"caption-attachment-16210\" style=\"width: 713px\" class=\"wp-caption aligncenter\"><img loading=\"lazy\" decoding=\"async\" class=\" wp-image-16210\" src=\"https:\/\/blogs.correiobraziliense.com.br\/aricunha\/wp-content\/uploads\/sites\/13\/2020\/03\/15829968435e5a9d6b087cd_1582996843_3x2_xl.jpg\" alt=\"\" width=\"713\" height=\"475\" srcset=\"https:\/\/blogs.correiobraziliense.com.br\/aricunha\/wp-content\/uploads\/sites\/13\/2020\/03\/15829968435e5a9d6b087cd_1582996843_3x2_xl.jpg 1200w, https:\/\/blogs.correiobraziliense.com.br\/aricunha\/wp-content\/uploads\/sites\/13\/2020\/03\/15829968435e5a9d6b087cd_1582996843_3x2_xl-300x200.jpg 300w, https:\/\/blogs.correiobraziliense.com.br\/aricunha\/wp-content\/uploads\/sites\/13\/2020\/03\/15829968435e5a9d6b087cd_1582996843_3x2_xl-768x512.jpg 768w, https:\/\/blogs.correiobraziliense.com.br\/aricunha\/wp-content\/uploads\/sites\/13\/2020\/03\/15829968435e5a9d6b087cd_1582996843_3x2_xl-1024x683.jpg 1024w, https:\/\/blogs.correiobraziliense.com.br\/aricunha\/wp-content\/uploads\/sites\/13\/2020\/03\/15829968435e5a9d6b087cd_1582996843_3x2_xl-350x233.jpg 350w, https:\/\/blogs.correiobraziliense.com.br\/aricunha\/wp-content\/uploads\/sites\/13\/2020\/03\/15829968435e5a9d6b087cd_1582996843_3x2_xl-550x367.jpg 550w, https:\/\/blogs.correiobraziliense.com.br\/aricunha\/wp-content\/uploads\/sites\/13\/2020\/03\/15829968435e5a9d6b087cd_1582996843_3x2_xl-230x153.jpg 230w\" sizes=\"auto, (max-width: 713px) 100vw, 713px\" \/><figcaption id=\"caption-attachment-16210\" class=\"wp-caption-text\">Charge do Jean Galv\u00e3o<\/figcaption><\/figure>\n<p>&nbsp;<\/p>\n<p>Diferen\u00e7a fundamental entre o fanatismo pol\u00edtico e a ci\u00eancia \u00e9 que, enquanto um se baseia na autoridade, a outra se baseia na observa\u00e7\u00e3o e raz\u00e3o. O objetivo final da ci\u00eancia \u00e9 a verdade. O da pol\u00edtica, \u00e9 o poder. As consequ\u00eancias desse debate t\u00eam, no entanto, ido muito al\u00e9m das discuss\u00f5es entre paralisa\u00e7\u00e3o e quarentena. No campo pol\u00edtico, as oposi\u00e7\u00f5es t\u00eam aproveitado o momento, n\u00e3o apenas para desacreditar as teses do presidente Bolsonaro como, para empurrar o pa\u00eds para uma crise institucional, o que na avali\u00e7\u00e3o dessa gente, renderia benef\u00edcios diretos j\u00e1 nas pr\u00f3ximas elei\u00e7\u00f5es.<\/p>\n<p>Para tanto, esses antagonistas n\u00e3o t\u00eam medido esfor\u00e7os, apropriando-se, inclusive, de estudos cient\u00edficos, distorcendo seu sentido e abrang\u00eancia, apresentando-os cinicamente fora do contexto, apenas para criar mais instabilidade pol\u00edtica em meio a um ambiente j\u00e1 demasiadamente inst\u00e1vel por conta da pandemia.<\/p>\n<p>Diante desse cen\u00e1rio, acreditam esses estrategistas do mal que provocar e disseminar a desesperan\u00e7a, medo, pavor, inseguran\u00e7a entre a popula\u00e7\u00e3o parece o mais l\u00f3gico a ser feito nesse momento. Obviamente que esse n\u00e3o \u00e9 caminho. A pandemia tem servido de pano de fundo para uma disputa pol\u00edtica que j\u00e1 vinha se arrastando h\u00e1 muito tempo e que, com essa crise, ganhou novos ingredientes. Criou-se assim uma situa\u00e7\u00e3o esdr\u00faxula em que a pr\u00f3pria doen\u00e7a e o futuro da economia parecem ter ficado em segundo plano.<\/p>\n<p>O mais preocupante \u00e9 que, enquanto a popula\u00e7\u00e3o \u00e9 distra\u00edda com uma disputa que s\u00f3 interessa de fato aos pol\u00edticos, principalmente aqueles cujo o horizonte se estende apenas at\u00e9 \u00e0s pr\u00f3ximas elei\u00e7\u00f5es, os brasileiros, como fonte de onde todo o poder emana e em cujo nome \u00e9 exercido, fica deixado de lado, numa peleja onde ele \u00e9 o mais atingido.<\/p>\n<p>Cria-se assim uma excentricidade em que o Estado relega a outros planos a sua fun\u00e7\u00e3o prec\u00edpua de proteger o cidad\u00e3o e se concentra numa disputa envolvendo apenas seus entes pol\u00edticos e seus interesses imediatos e de curto prazo. Bolsonaro mordeu a isca da imprensa que reconhece a compet\u00eancia do ministro que ele mesmo escolheu, e viu a\u00ed o princ\u00edpio do dividir para bagun\u00e7ar. T\u00e3o bom seriam boletins oficiais di\u00e1rios e respostas a perguntas escritas, evitando mais uma guerra a se enfrentar.<\/p>\n<p>Para um pa\u00eds continental como o nosso, o tamanho do problema exige coordena\u00e7\u00e3o de esfor\u00e7os e n\u00e3o disputas paroquiais. Deixando de lado raz\u00f5es pol\u00edticas e raz\u00f5es cient\u00edficas, at\u00e9 pela dimens\u00e3o do problema, o caminho do meio entre a experi\u00eancia sensorial dos pol\u00edticos e a afirma\u00e7\u00e3o da raz\u00e3o como base da ci\u00eancia m\u00e9dica, \u00e9 preciso a colabora\u00e7\u00e3o da pr\u00f3pria imprensa e de toda a popula\u00e7\u00e3o, sem a qual, n\u00e3o poder\u00e1 haver nem express\u00e3o num\u00e9rica para contornar uma crise desse tamanho.<\/p>\n<p>Dessa forma, a responsabilidade de cada um e de todos conjuntamente pode fazer a diferen\u00e7a. Essa uni\u00e3o de esfor\u00e7os parece ser a f\u00f3rmula universal e que em outras \u00e9pocas rendeu frutos positivos. Cada cidad\u00e3o deve se empenhar pelo bem da coletividade. Muitos t\u00eam dito que \u00e9 nas crises profundas que a civilidade, sobretudo a empatia social, adquirem mais pot\u00eancia para o aprimoramento da sociedade.<\/p>\n<p>Nessas horas, como n\u00e3o seria diferente, muitos passaram a torcer para que os bancos, o sistema financeiro e todos aqueles que sempre lucraram com o capitalismo selvagem que fez de nosso pa\u00eds uma das sociedades mais desiguais do planeta, adiantem-se e ofere\u00e7am, voluntariamente, suas contribui\u00e7\u00f5es para minorar os efeitos da crise. Utopia ou n\u00e3o, nesse rol de favorecidos e sempre superavit\u00e1rios, de quem se espera ajuda, incluem-se ainda as igrejas e outras institui\u00e7\u00f5es que sempre lucraram com isen\u00e7\u00f5es de impostos e o pouco controle pelos \u00f3rg\u00e3os do Estado e que v\u00eam fazendo a fortuna de uma minoria por d\u00e9cadas.<\/p>\n<p>Infelizmente est\u00e3o todos sumidos como submergidos ou fingindo-se de mortos. Na verdade, esperar aux\u00edlio desse conjunto de privilegiados da sociedade e mesmo daqueles pol\u00edticos que sempre usaram de suas posi\u00e7\u00f5es em proveito pr\u00f3prio seria frustrante e mesmo sem a\u00e7\u00e3o pr\u00e1tica. As iniciativas que t\u00eam chegado ao conhecimento do p\u00fablico v\u00eam, em sua maioria e por livre vontade, justamente dos pequenos e m\u00e9dios empres\u00e1rios que t\u00eam corrido para transformar suas empresas em organiza\u00e7\u00f5es voltadas para a produ\u00e7\u00e3o de bens e insumos de primeira necessidade para a \u00e1rea de sa\u00fade.<\/p>\n<p>Pequenas costureiras, passaram a fabricar m\u00e1scaras caseiras. Outros microempres\u00e1rios passaram a produzir m\u00e1scaras de acetato e outros itens, assim como pequenos comerciantes que doaram parte de seus estoques para hospitais. Na contram\u00e3o desses bons cidad\u00e3os existem aqueles que passaram descaradamente a lucrar com a crise, aumentando o pre\u00e7o dos alimentos, do material de prote\u00e7\u00e3o, mostrando que, para essa gente, \u00e9tica e dinheiro s\u00e3o incompat\u00edveis.<\/p>\n<p>Paradoxalmente, o isolamento social tem contribu\u00eddo para a vida em sociedade. A modalidade de trabalho home office, que antes era mal vista por algumas empresas e por grande parte dos governos, n\u00e3o apenas ganhou um novo impulso, como tem contribu\u00eddo para frear os gr\u00e1ficos de contamina\u00e7\u00e3o, desafogando o tr\u00e2nsito, diminu\u00eddo a polui\u00e7\u00e3o e os gastos com deslocamento e com consumo de outros bens e servi\u00e7os, indicando que essa pode ser a nova forma de trabalho daqui para frente.<\/p>\n<p>Iniciativas de todas as partes surgem a cada dia demonstrando o potencial adormecido da popula\u00e7\u00e3o e podem servir, inclusive, para que cres\u00e7amos nessa crise. As a\u00e7\u00f5es espont\u00e2neas, v\u00e3o desde doa\u00e7\u00f5es de bens e outros servi\u00e7os como outras que prop\u00f5em a formula\u00e7\u00e3o de listas para o conhecimento p\u00fablico, com a rela\u00e7\u00e3o daquelas empresas que est\u00e3o contribuindo de fato com recursos para combater os efeitos da crise de sa\u00fade. Dessa forma, o papel social desempenhado tanto por pessoas f\u00edsicas, como por pessoas jur\u00eddicas tem sido destacado e, por certo, a popula\u00e7\u00e3o h\u00e1 de lembrar quem esteve de fato ao seu lado nesse momento de agonia.<\/p>\n<p>&nbsp;<\/p>\n<p>&nbsp;<\/p>\n<p>&nbsp;<\/p>\n<p><strong>HIST\u00d3RIA DE BRAS\u00cdLIA<\/strong><\/p>\n<p>E por falar em IAPFESP, vamos ver as atitudes do seu novo presidente. H\u00e1 funcion\u00e1rios que dariam a vida pela sua reparti\u00e7\u00e3o, e vivem revoltados com as injusti\u00e7as existentes. <strong>(Publicado em 04\/01\/1962)<\/strong><\/p>\n","protected":false},"excerpt":{"rendered":"<p>VISTO, LIDO E OUVIDO, criada por Ari Cunha (In memoriam) Desde 1960, com Circe Cunha e Mamfil jornalistacircecunha@gmail.com Facebook.com\/vistolidoeouvido Instagram.com\/vistolidoeouvido &nbsp; &nbsp; Diferen\u00e7a fundamental entre o fanatismo pol\u00edtico e a ci\u00eancia \u00e9 que, enquanto um se baseia na autoridade, a outra se baseia na observa\u00e7\u00e3o e raz\u00e3o. O objetivo final da ci\u00eancia \u00e9 a verdade. O da pol\u00edtica, \u00e9 o [&hellip;]<\/p>\n","protected":false},"author":34,"featured_media":16210,"comment_status":"open","ping_status":"open","sticky":false,"template":"","format":"standard","meta":{"footnotes":""},"categories":[23],"tags":[1307,2148,2154,494,1235,114,2191,2192,68,2,69,16],"class_list":["post-16255","post","type-post","status-publish","format-standard","has-post-thumbnail","hentry","category-integra","tag-congressonacional","tag-coronavirus","tag-covid-19","tag-criseeconomica","tag-governobolsonaro","tag-historiadebrasilia","tag-imprensanacrise","tag-planalto","tag-aricunha","tag-brasilia","tag-circecunha","tag-mamfil"],"_links":{"self":[{"href":"https:\/\/blogs.correiobraziliense.com.br\/aricunha\/wp-json\/wp\/v2\/posts\/16255","targetHints":{"allow":["GET"]}}],"collection":[{"href":"https:\/\/blogs.correiobraziliense.com.br\/aricunha\/wp-json\/wp\/v2\/posts"}],"about":[{"href":"https:\/\/blogs.correiobraziliense.com.br\/aricunha\/wp-json\/wp\/v2\/types\/post"}],"author":[{"embeddable":true,"href":"https:\/\/blogs.correiobraziliense.com.br\/aricunha\/wp-json\/wp\/v2\/users\/34"}],"replies":[{"embeddable":true,"href":"https:\/\/blogs.correiobraziliense.com.br\/aricunha\/wp-json\/wp\/v2\/comments?post=16255"}],"version-history":[{"count":3,"href":"https:\/\/blogs.correiobraziliense.com.br\/aricunha\/wp-json\/wp\/v2\/posts\/16255\/revisions"}],"predecessor-version":[{"id":16257,"href":"https:\/\/blogs.correiobraziliense.com.br\/aricunha\/wp-json\/wp\/v2\/posts\/16255\/revisions\/16257"}],"wp:featuredmedia":[{"embeddable":true,"href":"https:\/\/blogs.correiobraziliense.com.br\/aricunha\/wp-json\/wp\/v2\/media\/16210"}],"wp:attachment":[{"href":"https:\/\/blogs.correiobraziliense.com.br\/aricunha\/wp-json\/wp\/v2\/media?parent=16255"}],"wp:term":[{"taxonomy":"category","embeddable":true,"href":"https:\/\/blogs.correiobraziliense.com.br\/aricunha\/wp-json\/wp\/v2\/categories?post=16255"},{"taxonomy":"post_tag","embeddable":true,"href":"https:\/\/blogs.correiobraziliense.com.br\/aricunha\/wp-json\/wp\/v2\/tags?post=16255"}],"curies":[{"name":"wp","href":"https:\/\/api.w.org\/{rel}","templated":true}]}}