{"id":16178,"date":"2020-03-25T01:00:13","date_gmt":"2020-03-25T04:00:13","guid":{"rendered":"https:\/\/blogs.correiobraziliense.com.br\/aricunha\/?p=16178"},"modified":"2020-03-24T20:18:35","modified_gmt":"2020-03-24T23:18:35","slug":"um-possivel-novo-mundo","status":"publish","type":"post","link":"https:\/\/blogs.correiobraziliense.com.br\/aricunha\/um-possivel-novo-mundo\/","title":{"rendered":"Um poss\u00edvel novo mundo"},"content":{"rendered":"<p>VISTO, LIDO E OUVIDO, criada por Ari Cunha (In memoriam)<\/p>\n<p>Desde 1960, com Circe Cunha e Mamfil<\/p>\n<p>jornalistacircecunha@gmail.com<\/p>\n<p>Facebook.com\/vistolidoeouvido<\/p>\n<p>Instagram.com\/vistolidoeouvido<\/p>\n<p>&nbsp;<\/p>\n<figure id=\"attachment_16190\" aria-describedby=\"caption-attachment-16190\" style=\"width: 638px\" class=\"wp-caption aligncenter\"><img loading=\"lazy\" decoding=\"async\" class=\" wp-image-16190\" src=\"https:\/\/blogs.correiobraziliense.com.br\/aricunha\/wp-content\/uploads\/sites\/13\/2020\/03\/bar-vazio.jpg\" alt=\"\" width=\"638\" height=\"425\" srcset=\"https:\/\/blogs.correiobraziliense.com.br\/aricunha\/wp-content\/uploads\/sites\/13\/2020\/03\/bar-vazio.jpg 680w, https:\/\/blogs.correiobraziliense.com.br\/aricunha\/wp-content\/uploads\/sites\/13\/2020\/03\/bar-vazio-300x200.jpg 300w, https:\/\/blogs.correiobraziliense.com.br\/aricunha\/wp-content\/uploads\/sites\/13\/2020\/03\/bar-vazio-350x233.jpg 350w, https:\/\/blogs.correiobraziliense.com.br\/aricunha\/wp-content\/uploads\/sites\/13\/2020\/03\/bar-vazio-550x366.jpg 550w, https:\/\/blogs.correiobraziliense.com.br\/aricunha\/wp-content\/uploads\/sites\/13\/2020\/03\/bar-vazio-230x153.jpg 230w\" sizes=\"auto, (max-width: 638px) 100vw, 638px\" \/><figcaption id=\"caption-attachment-16190\" class=\"wp-caption-text\">S\u00e3o Paulo: servi\u00e7os n\u00e3o-essenciais fechados. Foto: Tomaz Silva\/Ag\u00eancia Brasil<\/figcaption><\/figure>\n<p>&nbsp;<\/p>\n<p>Marco divisor da hist\u00f3ria da humanidade. Assim muitos analistas t\u00eam denominado o momento atual em que, jamais e em tempo algum, a maioria dos habitantes do planeta se viu obrigada a permanecer presa em suas resid\u00eancias. Por qualquer \u00e2ngulo que se tente esquadrinhar a hist\u00f3ria das civiliza\u00e7\u00f5es, nunca houve um per\u00edodo anterior semelhante onde, minimamente, os homens foram retidos dentro de casa para escapar de um flagelo externo. A estrat\u00e9gia do passado, para sobreviver \u00e0s crises profundas, era basicamente fugir para longe.<\/p>\n<p>Agora, com o perigo espalhado por todo o canto, a t\u00e1tica \u00e9 permanecer escondido em casa, longe das ruas. A morte, dizem muitos, est\u00e1 l\u00e1 fora, \u00e0 espreita. N\u00e3o s\u00f3 o que parece ser a morte f\u00edsica de muitos, mas o que se anuncia como ser os suspiros finais de um modelo de vida que acostumamos seguir sem pensar. Historiadores ousam afirmar que estamos no limiar de uma esp\u00e9cie de antirrevolu\u00e7\u00e3o, contr\u00e1ria aos princ\u00edpios trazidos pela Revolu\u00e7\u00e3o Industrial do s\u00e9culo XVIII, quando a produ\u00e7\u00e3o em massa e a migra\u00e7\u00e3o dos campos para a cidade criaram uma nova civiliza\u00e7\u00e3o, induzida pelo poder das m\u00e1quinas.<\/p>\n<p>Em muitos lugares, n\u00e3o s\u00e3o poucos aqueles que t\u00eam buscado ref\u00fagio, de volta ao campo e \u00e0 vida simples da labuta com a terra, onde foram plantadas as primeiras sementes de nossa civiliza\u00e7\u00e3o. Por certo, ainda \u00e9 cedo para confirmar a chegada definitiva de um novo modelo econ\u00f4mico e social. Por certo, tamb\u00e9m \u00e9 afirmado que sairemos desse per\u00edodo de retra\u00e7\u00e3o ao \u00fatero muito melhores moralmente. E por raz\u00f5es simples que sempre marcaram o comportamento humano: as dificuldades, ensinava o fil\u00f3sofo de Mondubim, aprimoram a moral e \u00e9tica, fazendo dos bons pessoas ainda melhores.<\/p>\n<p>O pr\u00f3prio sentido de grupo e de solidariedade entre as pessoas surge exatamente nesses per\u00edodos em que nos vemos afastados de nossos semelhantes. Sempre e em todo lugar os monges, os ascetas, que buscam aprimorar o esp\u00edrito, invariavelmente eram aconselhados a se retirarem, em isolamento e clausura, afim de buscar, no mais profundo de cada um, a fonte de luz e do equil\u00edbrio.<\/p>\n<p>H\u00e1 muito tem se falado sobre um certo processo de infantiliza\u00e7\u00e3o das sociedades, sobretudo daquelas gera\u00e7\u00f5es do p\u00f3s-guerra, onde muitas facilidades foram postas \u00e0 mesa de todos. Desacostumados a per\u00edodos de escassez e de privamentos, nossa sociedade atual parece ter esquecido que essa \u00e9, quer queiramos ou n\u00e3o, uma condi\u00e7\u00e3o inerente \u00e0 nossa exist\u00eancia sobre o planeta.<\/p>\n<p>A imperman\u00eancia de tudo \u00e9 a \u00fanica certeza que possu\u00edmos. De fato, para as pessoas, o que mais incomoda n\u00e3o \u00e9 estar exatamente preso, mas em n\u00e3o poder prosseguir em suas rotinas exatas e massificantes. Acostumados pela press\u00e3o do modelo que constru\u00edmos, a colher os frutos de nosso trabalho, longe de casa, perdemos esse contato com o lar, o que para muitos se tornou um lugar at\u00e9 desconhecido. At\u00e9 mesmo nosso pr\u00f3prio planeta, t\u00e3o repetidamente vilipendiado, teremos que encontrar nova maneira de nos relacionar daqui para frente.<\/p>\n<p>&nbsp;<\/p>\n<p>&nbsp;<\/p>\n<p>&nbsp;<\/p>\n<p><strong>A frase que foi pronunciada:<\/strong><\/p>\n<p><em>\u201cO que \u00e9 familiar n\u00e3o \u00e9 conhecido simplesmente porque \u00e9 familiar.\u201d<\/em><\/p>\n<p>Hegel (1807), um dos mais influentes fil\u00f3sofos da hist\u00f3ria<\/p>\n<figure id=\"attachment_16189\" aria-describedby=\"caption-attachment-16189\" style=\"width: 341px\" class=\"wp-caption aligncenter\"><img loading=\"lazy\" decoding=\"async\" class=\" wp-image-16189\" src=\"https:\/\/blogs.correiobraziliense.com.br\/aricunha\/wp-content\/uploads\/sites\/13\/2020\/03\/Hegel_portrait_by_Schlesinger_1831-1-1-1-1-1.jpg\" alt=\"\" width=\"341\" height=\"432\" srcset=\"https:\/\/blogs.correiobraziliense.com.br\/aricunha\/wp-content\/uploads\/sites\/13\/2020\/03\/Hegel_portrait_by_Schlesinger_1831-1-1-1-1-1.jpg 452w, https:\/\/blogs.correiobraziliense.com.br\/aricunha\/wp-content\/uploads\/sites\/13\/2020\/03\/Hegel_portrait_by_Schlesinger_1831-1-1-1-1-1-237x300.jpg 237w, https:\/\/blogs.correiobraziliense.com.br\/aricunha\/wp-content\/uploads\/sites\/13\/2020\/03\/Hegel_portrait_by_Schlesinger_1831-1-1-1-1-1-277x350.jpg 277w, https:\/\/blogs.correiobraziliense.com.br\/aricunha\/wp-content\/uploads\/sites\/13\/2020\/03\/Hegel_portrait_by_Schlesinger_1831-1-1-1-1-1-230x291.jpg 230w\" sizes=\"auto, (max-width: 341px) 100vw, 341px\" \/><figcaption id=\"caption-attachment-16189\" class=\"wp-caption-text\">Imagem: wikipedia.org<\/figcaption><\/figure>\n<p>&nbsp;<\/p>\n<p><strong>Biol\u00f3gica<\/strong><\/p>\n<p>Um leitor furioso compartilha conosco o aviso que recebeu de uma cl\u00ednica de fisioterapia que est\u00e1 funcionando normalmente. Al\u00e9m da irresponsabilidade, \u00e9 inacredit\u00e1vel que pessoas ligadas \u00e0 sa\u00fade desobede\u00e7am \u00e0s regras em momento de guerra.<\/p>\n<p><img loading=\"lazy\" decoding=\"async\" class=\" wp-image-16186 aligncenter\" src=\"https:\/\/blogs.correiobraziliense.com.br\/aricunha\/wp-content\/uploads\/sites\/13\/2020\/03\/WhatsApp-Image-2020-03-24-at-17.34.59.jpeg\" alt=\"\" width=\"545\" height=\"511\" srcset=\"https:\/\/blogs.correiobraziliense.com.br\/aricunha\/wp-content\/uploads\/sites\/13\/2020\/03\/WhatsApp-Image-2020-03-24-at-17.34.59.jpeg 1080w, https:\/\/blogs.correiobraziliense.com.br\/aricunha\/wp-content\/uploads\/sites\/13\/2020\/03\/WhatsApp-Image-2020-03-24-at-17.34.59-300x281.jpeg 300w, https:\/\/blogs.correiobraziliense.com.br\/aricunha\/wp-content\/uploads\/sites\/13\/2020\/03\/WhatsApp-Image-2020-03-24-at-17.34.59-768x720.jpeg 768w, https:\/\/blogs.correiobraziliense.com.br\/aricunha\/wp-content\/uploads\/sites\/13\/2020\/03\/WhatsApp-Image-2020-03-24-at-17.34.59-1024x960.jpeg 1024w, https:\/\/blogs.correiobraziliense.com.br\/aricunha\/wp-content\/uploads\/sites\/13\/2020\/03\/WhatsApp-Image-2020-03-24-at-17.34.59-350x328.jpeg 350w, https:\/\/blogs.correiobraziliense.com.br\/aricunha\/wp-content\/uploads\/sites\/13\/2020\/03\/WhatsApp-Image-2020-03-24-at-17.34.59-550x515.jpeg 550w, https:\/\/blogs.correiobraziliense.com.br\/aricunha\/wp-content\/uploads\/sites\/13\/2020\/03\/WhatsApp-Image-2020-03-24-at-17.34.59-230x216.jpeg 230w\" sizes=\"auto, (max-width: 545px) 100vw, 545px\" \/><\/p>\n<p>&nbsp;<\/p>\n<p><strong>Pesos e medidas<\/strong><\/p>\n<p>Por falar em desobedecer \u00e0s regras, a popula\u00e7\u00e3o faz sua parte e o governo deveria fazer a dele. Nos hospitais p\u00fablicos de S\u00e3o Paulo faltam m\u00e1scaras, luvas e outros materiais de prote\u00e7\u00e3o aos profissionais da sa\u00fade. \u00c9 bom que os governantes se atentem para as pr\u00f3prias obriga\u00e7\u00f5es na mesma medida que as ordens.<\/p>\n<figure id=\"attachment_16188\" aria-describedby=\"caption-attachment-16188\" style=\"width: 574px\" class=\"wp-caption aligncenter\"><img loading=\"lazy\" decoding=\"async\" class=\" wp-image-16188\" src=\"https:\/\/blogs.correiobraziliense.com.br\/aricunha\/wp-content\/uploads\/sites\/13\/2020\/03\/HXCDQZLVPVD2NCJ2YGJFWVVQ64-1-1-1.jpg\" alt=\"\" width=\"574\" height=\"383\" srcset=\"https:\/\/blogs.correiobraziliense.com.br\/aricunha\/wp-content\/uploads\/sites\/13\/2020\/03\/HXCDQZLVPVD2NCJ2YGJFWVVQ64-1-1-1.jpg 1500w, https:\/\/blogs.correiobraziliense.com.br\/aricunha\/wp-content\/uploads\/sites\/13\/2020\/03\/HXCDQZLVPVD2NCJ2YGJFWVVQ64-1-1-1-300x200.jpg 300w, https:\/\/blogs.correiobraziliense.com.br\/aricunha\/wp-content\/uploads\/sites\/13\/2020\/03\/HXCDQZLVPVD2NCJ2YGJFWVVQ64-1-1-1-768x512.jpg 768w, https:\/\/blogs.correiobraziliense.com.br\/aricunha\/wp-content\/uploads\/sites\/13\/2020\/03\/HXCDQZLVPVD2NCJ2YGJFWVVQ64-1-1-1-1024x683.jpg 1024w, https:\/\/blogs.correiobraziliense.com.br\/aricunha\/wp-content\/uploads\/sites\/13\/2020\/03\/HXCDQZLVPVD2NCJ2YGJFWVVQ64-1-1-1-350x233.jpg 350w, https:\/\/blogs.correiobraziliense.com.br\/aricunha\/wp-content\/uploads\/sites\/13\/2020\/03\/HXCDQZLVPVD2NCJ2YGJFWVVQ64-1-1-1-1440x960.jpg 1440w, https:\/\/blogs.correiobraziliense.com.br\/aricunha\/wp-content\/uploads\/sites\/13\/2020\/03\/HXCDQZLVPVD2NCJ2YGJFWVVQ64-1-1-1-550x367.jpg 550w, https:\/\/blogs.correiobraziliense.com.br\/aricunha\/wp-content\/uploads\/sites\/13\/2020\/03\/HXCDQZLVPVD2NCJ2YGJFWVVQ64-1-1-1-230x153.jpg 230w\" sizes=\"auto, (max-width: 574px) 100vw, 574px\" \/><figcaption id=\"caption-attachment-16188\" class=\"wp-caption-text\">O corredor de uma UTI na cidade de Brescia, na It\u00e1lia. CLAUDIO FURLAN\/LAPRESSE \/ AP (AP)<\/figcaption><\/figure>\n<p>&nbsp;<\/p>\n<p><strong>Em casa<\/strong><\/p>\n<p>Exames est\u00e3o suspensos para pessoas saud\u00e1veis. A informa\u00e7\u00e3o \u00e9 do Hospital S\u00edrio-Liban\u00eas, onde apenas 2% das coletas deram positivo. A infectologista Maura Salaroli de Oliveira, da Comiss\u00e3o de Controle de Infec\u00e7\u00e3o Hospitalar do S\u00edrio, quer que o hospital esteja pronto quando a demanda crescer, por isso n\u00e3o h\u00e1 necessidade ou indica\u00e7\u00e3o do exame para pessoas sem sintomas, o que ressalta a necessidade de ficar em casa, j\u00e1 que o v\u00edrus \u00e9 assintom\u00e1tico.<\/p>\n<p><iframe loading=\"lazy\" title=\"Covid-19\" width=\"1440\" height=\"810\" src=\"https:\/\/www.youtube.com\/embed\/6m_SCp6liHk?feature=oembed\" frameborder=\"0\" allow=\"accelerometer; autoplay; clipboard-write; encrypted-media; gyroscope; picture-in-picture; web-share\" referrerpolicy=\"strict-origin-when-cross-origin\" allowfullscreen><\/iframe><\/p>\n<p>&nbsp;<\/p>\n<p><strong>Voluntariado<\/strong><\/p>\n<p>J\u00e1 com 1.461 seguidores no Instagram, o Bras\u00edlia Maior que Codvid-19 uniu volunt\u00e1rios para produzir e adquirir material hospitalar. O m\u00e9dico residente do Hospital Universit\u00e1rio de Bras\u00edlia, Pedro Henrique Morais, est\u00e1 mobilizando as pessoas e doa\u00e7\u00f5es. Avisa que h\u00e1 recibo para os doadores e a presta\u00e7\u00e3o de contas \u00e9 minuciosa. Tudo transparente. Acesse a p\u00e1gina\u00a0<a href=\"https:\/\/www.instagram.com\/bsbmaiorquecovid\/?hl=pt-br\">Bras\u00edlia Maior que Covid-19<\/a>\u00a0para mais informa\u00e7\u00f5es e doe no link <a href=\"https:\/\/www.vakinha.com.br\/vaquinha\/brasilia-maior-que-covid-impressao-3d-1\">Bras\u00edlia maior que COVID impress\u00e3o 3D &#8211; 1<\/a>.<\/p>\n<p><img loading=\"lazy\" decoding=\"async\" class=\" wp-image-16179 aligncenter\" src=\"https:\/\/blogs.correiobraziliense.com.br\/aricunha\/wp-content\/uploads\/sites\/13\/2020\/03\/bmc.jpg\" alt=\"\" width=\"546\" height=\"319\" srcset=\"https:\/\/blogs.correiobraziliense.com.br\/aricunha\/wp-content\/uploads\/sites\/13\/2020\/03\/bmc.jpg 699w, https:\/\/blogs.correiobraziliense.com.br\/aricunha\/wp-content\/uploads\/sites\/13\/2020\/03\/bmc-300x175.jpg 300w, https:\/\/blogs.correiobraziliense.com.br\/aricunha\/wp-content\/uploads\/sites\/13\/2020\/03\/bmc-350x204.jpg 350w, https:\/\/blogs.correiobraziliense.com.br\/aricunha\/wp-content\/uploads\/sites\/13\/2020\/03\/bmc-550x321.jpg 550w, https:\/\/blogs.correiobraziliense.com.br\/aricunha\/wp-content\/uploads\/sites\/13\/2020\/03\/bmc-230x134.jpg 230w\" sizes=\"auto, (max-width: 546px) 100vw, 546px\" \/><\/p>\n<p><img loading=\"lazy\" decoding=\"async\" class=\" wp-image-16180 aligncenter\" src=\"https:\/\/blogs.correiobraziliense.com.br\/aricunha\/wp-content\/uploads\/sites\/13\/2020\/03\/Capturar-1.jpg\" alt=\"\" width=\"546\" height=\"493\" srcset=\"https:\/\/blogs.correiobraziliense.com.br\/aricunha\/wp-content\/uploads\/sites\/13\/2020\/03\/Capturar-1.jpg 596w, https:\/\/blogs.correiobraziliense.com.br\/aricunha\/wp-content\/uploads\/sites\/13\/2020\/03\/Capturar-1-300x271.jpg 300w, https:\/\/blogs.correiobraziliense.com.br\/aricunha\/wp-content\/uploads\/sites\/13\/2020\/03\/Capturar-1-350x316.jpg 350w, https:\/\/blogs.correiobraziliense.com.br\/aricunha\/wp-content\/uploads\/sites\/13\/2020\/03\/Capturar-1-550x496.jpg 550w, https:\/\/blogs.correiobraziliense.com.br\/aricunha\/wp-content\/uploads\/sites\/13\/2020\/03\/Capturar-1-230x208.jpg 230w\" sizes=\"auto, (max-width: 546px) 100vw, 546px\" \/><\/p>\n<p><img loading=\"lazy\" decoding=\"async\" class=\" wp-image-16181 aligncenter\" src=\"https:\/\/blogs.correiobraziliense.com.br\/aricunha\/wp-content\/uploads\/sites\/13\/2020\/03\/entr.jpg\" alt=\"\" width=\"346\" height=\"502\" srcset=\"https:\/\/blogs.correiobraziliense.com.br\/aricunha\/wp-content\/uploads\/sites\/13\/2020\/03\/entr.jpg 256w, https:\/\/blogs.correiobraziliense.com.br\/aricunha\/wp-content\/uploads\/sites\/13\/2020\/03\/entr-206x300.jpg 206w, https:\/\/blogs.correiobraziliense.com.br\/aricunha\/wp-content\/uploads\/sites\/13\/2020\/03\/entr-241x350.jpg 241w, https:\/\/blogs.correiobraziliense.com.br\/aricunha\/wp-content\/uploads\/sites\/13\/2020\/03\/entr-230x334.jpg 230w\" sizes=\"auto, (max-width: 346px) 100vw, 346px\" \/><\/p>\n<p><img loading=\"lazy\" decoding=\"async\" class=\"size-full wp-image-16182 aligncenter\" src=\"https:\/\/blogs.correiobraziliense.com.br\/aricunha\/wp-content\/uploads\/sites\/13\/2020\/03\/folder-1.jpg\" alt=\"\" width=\"423\" height=\"598\" srcset=\"https:\/\/blogs.correiobraziliense.com.br\/aricunha\/wp-content\/uploads\/sites\/13\/2020\/03\/folder-1.jpg 423w, https:\/\/blogs.correiobraziliense.com.br\/aricunha\/wp-content\/uploads\/sites\/13\/2020\/03\/folder-1-212x300.jpg 212w, https:\/\/blogs.correiobraziliense.com.br\/aricunha\/wp-content\/uploads\/sites\/13\/2020\/03\/folder-1-248x350.jpg 248w, https:\/\/blogs.correiobraziliense.com.br\/aricunha\/wp-content\/uploads\/sites\/13\/2020\/03\/folder-1-230x325.jpg 230w\" sizes=\"auto, (max-width: 423px) 100vw, 423px\" \/><\/p>\n<p><img loading=\"lazy\" decoding=\"async\" class=\" wp-image-16183 aligncenter\" src=\"https:\/\/blogs.correiobraziliense.com.br\/aricunha\/wp-content\/uploads\/sites\/13\/2020\/03\/folder-2.jpg\" alt=\"\" width=\"419\" height=\"437\" srcset=\"https:\/\/blogs.correiobraziliense.com.br\/aricunha\/wp-content\/uploads\/sites\/13\/2020\/03\/folder-2.jpg 499w, https:\/\/blogs.correiobraziliense.com.br\/aricunha\/wp-content\/uploads\/sites\/13\/2020\/03\/folder-2-287x300.jpg 287w, https:\/\/blogs.correiobraziliense.com.br\/aricunha\/wp-content\/uploads\/sites\/13\/2020\/03\/folder-2-335x350.jpg 335w, https:\/\/blogs.correiobraziliense.com.br\/aricunha\/wp-content\/uploads\/sites\/13\/2020\/03\/folder-2-230x240.jpg 230w\" sizes=\"auto, (max-width: 419px) 100vw, 419px\" \/><\/p>\n<p><img loading=\"lazy\" decoding=\"async\" class=\" wp-image-16184 aligncenter\" src=\"https:\/\/blogs.correiobraziliense.com.br\/aricunha\/wp-content\/uploads\/sites\/13\/2020\/03\/samu.jpg\" alt=\"\" width=\"549\" height=\"490\" srcset=\"https:\/\/blogs.correiobraziliense.com.br\/aricunha\/wp-content\/uploads\/sites\/13\/2020\/03\/samu.jpg 597w, https:\/\/blogs.correiobraziliense.com.br\/aricunha\/wp-content\/uploads\/sites\/13\/2020\/03\/samu-300x268.jpg 300w, https:\/\/blogs.correiobraziliense.com.br\/aricunha\/wp-content\/uploads\/sites\/13\/2020\/03\/samu-350x312.jpg 350w, https:\/\/blogs.correiobraziliense.com.br\/aricunha\/wp-content\/uploads\/sites\/13\/2020\/03\/samu-550x491.jpg 550w, https:\/\/blogs.correiobraziliense.com.br\/aricunha\/wp-content\/uploads\/sites\/13\/2020\/03\/samu-230x205.jpg 230w\" sizes=\"auto, (max-width: 549px) 100vw, 549px\" \/><\/p>\n<p><img loading=\"lazy\" decoding=\"async\" class=\" wp-image-16185 aligncenter\" src=\"https:\/\/blogs.correiobraziliense.com.br\/aricunha\/wp-content\/uploads\/sites\/13\/2020\/03\/unb.jpg\" alt=\"\" width=\"548\" height=\"520\" srcset=\"https:\/\/blogs.correiobraziliense.com.br\/aricunha\/wp-content\/uploads\/sites\/13\/2020\/03\/unb.jpg 596w, https:\/\/blogs.correiobraziliense.com.br\/aricunha\/wp-content\/uploads\/sites\/13\/2020\/03\/unb-300x284.jpg 300w, https:\/\/blogs.correiobraziliense.com.br\/aricunha\/wp-content\/uploads\/sites\/13\/2020\/03\/unb-350x332.jpg 350w, https:\/\/blogs.correiobraziliense.com.br\/aricunha\/wp-content\/uploads\/sites\/13\/2020\/03\/unb-550x521.jpg 550w, https:\/\/blogs.correiobraziliense.com.br\/aricunha\/wp-content\/uploads\/sites\/13\/2020\/03\/unb-230x218.jpg 230w\" sizes=\"auto, (max-width: 548px) 100vw, 548px\" \/><\/p>\n<p>&nbsp;<\/p>\n<p><strong>Em a\u00e7\u00e3o<\/strong><\/p>\n<p>Empresas de eventos que trabalham para o governo contabilizam os preju\u00edzos e come\u00e7am a se unir. Cancelamentos dos eventos j\u00e1 geraram, de imediato, uma s\u00e9rie de preju\u00edzos econ\u00f4micos e afetaram milhares de empregos diretos e indiretos.<\/p>\n<p>&nbsp;<\/p>\n<p><strong>Na pr\u00e1tica<\/strong><\/p>\n<p>Algumas medidas solicitadas para esse seguimento s\u00e3o a isen\u00e7\u00e3o de ISS e ICMS tamb\u00e9m para os promotores de feiras, n\u00e3o negativa\u00e7\u00e3o de empresas do setor para o Compras Net, libera\u00e7\u00e3o imediata do pagamento pelo Governo \u2013 estadual e municipal, suas secretarias e autarquias, na condi\u00e7\u00e3o de credor, dos valores de servi\u00e7os de eventos promovidos, realizados e patroc\u00ednios assumidos com empresas e classe art\u00edstica que ainda se encontram em pend\u00eancia (2020, 2019 e anos anteriores), e por a\u00ed vai.Coronav\u00edrus;<\/p>\n<p>&nbsp;<\/p>\n<p><strong>HIST\u00d3RIA DE BRAS\u00cdLIA<\/strong><\/p>\n<p>Em Bras\u00edlia, as coisas melhoram: bancos na Pra\u00e7a dos Tr\u00eas Poderes, preparativos para arboriza\u00e7\u00e3o na W-3, o Prof. L\u00facio Costa permitiu a ilumina\u00e7\u00e3o da Avenida das Na\u00e7\u00f5es, gente trabalhando, Prefeitura agindo. <strong>(Publicado em 04\/01\/1962)<\/strong><\/p>\n","protected":false},"excerpt":{"rendered":"<p>VISTO, LIDO E OUVIDO, criada por Ari Cunha (In memoriam) Desde 1960, com Circe Cunha e Mamfil jornalistacircecunha@gmail.com Facebook.com\/vistolidoeouvido Instagram.com\/vistolidoeouvido &nbsp; &nbsp; Marco divisor da hist\u00f3ria da humanidade. Assim muitos analistas t\u00eam denominado o momento atual em que, jamais e em tempo algum, a maioria dos habitantes do planeta se viu obrigada a permanecer presa em suas resid\u00eancias. Por qualquer [&hellip;]<\/p>\n","protected":false},"author":34,"featured_media":0,"comment_status":"open","ping_status":"open","sticky":false,"template":"","format":"standard","meta":{"footnotes":""},"categories":[23],"tags":[2148,2154,114,2169,2173,2159,68,2,69,16],"class_list":["post-16178","post","type-post","status-publish","format-standard","hentry","category-integra","tag-coronavirus","tag-covid-19","tag-historiadebrasilia","tag-isolamento","tag-isolamentonobrasil","tag-quarentena","tag-aricunha","tag-brasilia","tag-circecunha","tag-mamfil"],"_links":{"self":[{"href":"https:\/\/blogs.correiobraziliense.com.br\/aricunha\/wp-json\/wp\/v2\/posts\/16178","targetHints":{"allow":["GET"]}}],"collection":[{"href":"https:\/\/blogs.correiobraziliense.com.br\/aricunha\/wp-json\/wp\/v2\/posts"}],"about":[{"href":"https:\/\/blogs.correiobraziliense.com.br\/aricunha\/wp-json\/wp\/v2\/types\/post"}],"author":[{"embeddable":true,"href":"https:\/\/blogs.correiobraziliense.com.br\/aricunha\/wp-json\/wp\/v2\/users\/34"}],"replies":[{"embeddable":true,"href":"https:\/\/blogs.correiobraziliense.com.br\/aricunha\/wp-json\/wp\/v2\/comments?post=16178"}],"version-history":[{"count":2,"href":"https:\/\/blogs.correiobraziliense.com.br\/aricunha\/wp-json\/wp\/v2\/posts\/16178\/revisions"}],"predecessor-version":[{"id":16191,"href":"https:\/\/blogs.correiobraziliense.com.br\/aricunha\/wp-json\/wp\/v2\/posts\/16178\/revisions\/16191"}],"wp:attachment":[{"href":"https:\/\/blogs.correiobraziliense.com.br\/aricunha\/wp-json\/wp\/v2\/media?parent=16178"}],"wp:term":[{"taxonomy":"category","embeddable":true,"href":"https:\/\/blogs.correiobraziliense.com.br\/aricunha\/wp-json\/wp\/v2\/categories?post=16178"},{"taxonomy":"post_tag","embeddable":true,"href":"https:\/\/blogs.correiobraziliense.com.br\/aricunha\/wp-json\/wp\/v2\/tags?post=16178"}],"curies":[{"name":"wp","href":"https:\/\/api.w.org\/{rel}","templated":true}]}}