{"id":16061,"date":"2020-03-07T01:00:10","date_gmt":"2020-03-07T04:00:10","guid":{"rendered":"https:\/\/blogs.correiobraziliense.com.br\/aricunha\/?p=16061"},"modified":"2020-03-06T21:12:02","modified_gmt":"2020-03-07T00:12:02","slug":"desviar-os-olhos-do-proprio-umbigo-e-vislumbrar-o-futuro-do-brasil","status":"publish","type":"post","link":"https:\/\/blogs.correiobraziliense.com.br\/aricunha\/desviar-os-olhos-do-proprio-umbigo-e-vislumbrar-o-futuro-do-brasil\/","title":{"rendered":"Desviar os olhos do pr\u00f3prio umbigo e vislumbrar o futuro do Brasil"},"content":{"rendered":"<p>VISTO, LIDO E OUVIDO, criada por Ari Cunha (In memoriam)<\/p>\n<p>Desde 1960, com Circe Cunha e Mamfil<\/p>\n<p>jornalistacircecunha@gmail.com<\/p>\n<p>Facebook.com\/vistolidoeouvido<\/p>\n<p>Instagram.com\/vistolidoeouvido<\/p>\n<p>&nbsp;<\/p>\n<figure id=\"attachment_16063\" aria-describedby=\"caption-attachment-16063\" style=\"width: 679px\" class=\"wp-caption aligncenter\"><img loading=\"lazy\" decoding=\"async\" class=\" wp-image-16063\" src=\"https:\/\/blogs.correiobraziliense.com.br\/aricunha\/wp-content\/uploads\/sites\/13\/2020\/03\/bolsonaroguedes.jpg\" alt=\"\" width=\"679\" height=\"452\" srcset=\"https:\/\/blogs.correiobraziliense.com.br\/aricunha\/wp-content\/uploads\/sites\/13\/2020\/03\/bolsonaroguedes.jpg 930w, https:\/\/blogs.correiobraziliense.com.br\/aricunha\/wp-content\/uploads\/sites\/13\/2020\/03\/bolsonaroguedes-300x200.jpg 300w, https:\/\/blogs.correiobraziliense.com.br\/aricunha\/wp-content\/uploads\/sites\/13\/2020\/03\/bolsonaroguedes-768x511.jpg 768w, https:\/\/blogs.correiobraziliense.com.br\/aricunha\/wp-content\/uploads\/sites\/13\/2020\/03\/bolsonaroguedes-350x233.jpg 350w, https:\/\/blogs.correiobraziliense.com.br\/aricunha\/wp-content\/uploads\/sites\/13\/2020\/03\/bolsonaroguedes-550x366.jpg 550w, https:\/\/blogs.correiobraziliense.com.br\/aricunha\/wp-content\/uploads\/sites\/13\/2020\/03\/bolsonaroguedes-230x153.jpg 230w\" sizes=\"auto, (max-width: 679px) 100vw, 679px\" \/><figcaption id=\"caption-attachment-16063\" class=\"wp-caption-text\">Foto: Fabio Rodrigues Pozzebom\/Ag\u00eancia Brasil<\/figcaption><\/figure>\n<p>&nbsp;<\/p>\n<p>Comentaristas pol\u00edticos, que analisam a cena nacional com lupa de grosso cristal t\u00eam raz\u00e3o quando observaram que, ao longo de quase trinta anos sentado numa cadeira da C\u00e2mara dos Deputados, o presidente Bolsonaro, nesse of\u00edcio, aprendeu pouco, mas n\u00e3o esqueceu nada tamb\u00e9m. Talvez motivado por uma esp\u00e9cie de auto isolamento que imp\u00f4s a si, exilando-se da maioria das negocia\u00e7\u00f5es e acordos que constantemente ocorrem naquela Casa, o atual presidente jamais figurou em lista alguma como parlamentar de destaque, resumindo sua atua\u00e7\u00e3o \u00e0 defesa das For\u00e7as Armadas, de onde era oriundo, e \u00e0s Pol\u00edcias Militares, fazendo coro junto \u00e0 Frente Parlamentar da Seguran\u00e7a P\u00fablica.<\/p>\n<p>Ali\u00e1s \u00e9 esse mesmo grupo, conhecido como Bancada da Bala, que, no atual governo, passou de algo em torno de 100 deputados para 308 integrantes que mais t\u00eam sido fiel \u00e0s propostas oriundas do Executivo. Ainda assim, a atual crise opondo o Pal\u00e1cio do Planalto e o Congresso em torno dos recursos do Or\u00e7amento demonstrou, na pr\u00e1tica, que o presidente parece n\u00e3o ter aprendido e aperfei\u00e7oado a arte da negocia\u00e7\u00e3o pol\u00edtica. O que pode ser bom para o povo brasileiro com uma mudan\u00e7a radical na performance de se governar ou, o outro lado da balan\u00e7a, pode despencar com as manobras j\u00e1 conhecidas para tirar da corrida quem rejeita as regras.<\/p>\n<p>At\u00e9 mesmo a forma\u00e7\u00e3o de seu gabinete, ocupado em boa parte por militares, deixa claro que o tr\u00e2nsito do atual presidente em meio a classe pol\u00edtica \u00e9 restrito. Essa pode ser uma caracter\u00edstica boa para sua biografia e pode, ao mesmo tempo ser um entrave e tanto em seu governo. Ao fechar a porteira do Estado ao atacad\u00e3o do toma l\u00e1-d\u00e1-c\u00e1, rejeitando o tradicional presidencialismo de coaliz\u00e3o, o presidente se colocou, sabidamente, numa posi\u00e7\u00e3o em que ele se veria, mais cedo ou mais tarde, ref\u00e9m do Legislativo, toda vez que qualquer negocia\u00e7\u00e3o fosse posta sobre \u00e0 mesa. Esse mesmo Legislativo que assina o pre\u00e2mbulo da Constitui\u00e7\u00e3o como \u2018representante do povo\u201d.<\/p>\n<p>Nesse ambiente hostil de parte a parte e em que o pr\u00f3prio Pal\u00e1cio chegou a admitir a exist\u00eancia de clima de chantagem expl\u00edcita, a hist\u00f3ria do presidencialismo no Brasil ensaiava se repetir como farsa, ao se ouvir, no meio das raposas pol\u00edticas a palavra, impeachment por suposto crime de responsabilidade. O caminho mais curto para alcan\u00e7ar um impeachment de um presidente \u00e9 pela aus\u00eancia de uma bancada expressiva no Congresso. Essa regra \u00e9 conhecida. A senha para contornar essa defici\u00eancia num\u00e9rica no Legislativo, foi usada, mais uma vez ao apelar pelo apoio das ruas.<\/p>\n<p>Seguindo o mesmo roteiro j\u00e1 ensaiado por outros presidentes, essa tem sido uma esp\u00e9cie de bot\u00e3o vermelho do p\u00e2nico, quando a situa\u00e7\u00e3o amea\u00e7a sair do controle. Nessa legislatura, as m\u00eddias sociais eletr\u00f4nicas refletem o que pensa a popula\u00e7\u00e3o, n\u00e3o mais seus representantes no Congresso.<\/p>\n<p>A convoca\u00e7\u00e3o pelas manifesta\u00e7\u00f5es do pr\u00f3ximo dia 15, pode at\u00e9 mostrar uma resposta satisfat\u00f3ria a esse pedido de SOS vindo do Pal\u00e1cio, mas, sobretudo, deixa patente a defici\u00eancia do atual modelo de presidencialismo e de rela\u00e7\u00e3o entre os Poderes. Essa situa\u00e7\u00e3o de amea\u00e7as rec\u00edprocas chega ao paroxismo, quando se sabe que com negocia\u00e7\u00e3o haver\u00e1 necessariamente o retorno anti\u00e9tico do balc\u00e3o de neg\u00f3cios. Sem essas negocia\u00e7\u00f5es o que se tem \u00e9 o impasse e as chances de um novo impeachment no horizonte. \u00c9 essa l\u00f3gica marota, popularmente conhecida como \u201cd\u00e1 ou desce\u201d, que, nesses tempos de baixaria, \u00e9 preciso ser debelada o quanto antes, \u00e0 bem do futuro do Pa\u00eds.<\/p>\n<p>&nbsp;<\/p>\n<p>&nbsp;<\/p>\n<p>&nbsp;<\/p>\n<p><strong>A frase que foi pronunciada:<\/strong><\/p>\n<p><em>\u201cComo amigo tenho uma s\u00e9rie de imperfei\u00e7\u00f5es, mas como inimigo, sou perfeito.\u201d<\/em><\/p>\n<p>J\u00e2nio Quadros, ex-presidente do Brasil<\/p>\n<figure id=\"attachment_16062\" aria-describedby=\"caption-attachment-16062\" style=\"width: 547px\" class=\"wp-caption aligncenter\"><img loading=\"lazy\" decoding=\"async\" class=\" wp-image-16062\" src=\"https:\/\/blogs.correiobraziliense.com.br\/aricunha\/wp-content\/uploads\/sites\/13\/2020\/03\/59fecd06-139d-40cb-bd60-91378837e0f0.jpeg\" alt=\"\" width=\"547\" height=\"459\" srcset=\"https:\/\/blogs.correiobraziliense.com.br\/aricunha\/wp-content\/uploads\/sites\/13\/2020\/03\/59fecd06-139d-40cb-bd60-91378837e0f0.jpeg 537w, https:\/\/blogs.correiobraziliense.com.br\/aricunha\/wp-content\/uploads\/sites\/13\/2020\/03\/59fecd06-139d-40cb-bd60-91378837e0f0-300x251.jpeg 300w, https:\/\/blogs.correiobraziliense.com.br\/aricunha\/wp-content\/uploads\/sites\/13\/2020\/03\/59fecd06-139d-40cb-bd60-91378837e0f0-350x293.jpeg 350w, https:\/\/blogs.correiobraziliense.com.br\/aricunha\/wp-content\/uploads\/sites\/13\/2020\/03\/59fecd06-139d-40cb-bd60-91378837e0f0-230x193.jpeg 230w\" sizes=\"auto, (max-width: 547px) 100vw, 547px\" \/><figcaption id=\"caption-attachment-16062\" class=\"wp-caption-text\">Foto: senado.leg<\/figcaption><\/figure>\n<p>&nbsp;<\/p>\n<p><strong>Urnas<\/strong><\/p>\n<p>Essa quest\u00e3o de desconfian\u00e7a na veracidade das elei\u00e7\u00f5es, proporcionadas com a ado\u00e7\u00e3o das urnas eletr\u00f4nicas, ganhou maiores repercuss\u00f5es com trocas de acusa\u00e7\u00f5es entre defensores e detratores do modelo, a partir das elei\u00e7\u00f5es de 2014, quando o tucano A\u00e9cio Neves perdeu as elei\u00e7\u00f5es para Dilma Rousseff por uma pequena margem de votos. De fato, qualquer candidato que acenda a chama da discuss\u00e3o sobre a violabilidade das urnas, um vento carregado de interesse escuso a apaga.<\/p>\n<figure id=\"attachment_10696\" aria-describedby=\"caption-attachment-10696\" style=\"width: 549px\" class=\"wp-caption aligncenter\"><img loading=\"lazy\" decoding=\"async\" class=\" wp-image-10696\" src=\"https:\/\/blogs.correiobraziliense.com.br\/aricunha\/wp-content\/uploads\/sites\/13\/2018\/04\/urna-eletronica-2.jpg\" alt=\"\" width=\"549\" height=\"380\" srcset=\"https:\/\/blogs.correiobraziliense.com.br\/aricunha\/wp-content\/uploads\/sites\/13\/2018\/04\/urna-eletronica-2.jpg 960w, https:\/\/blogs.correiobraziliense.com.br\/aricunha\/wp-content\/uploads\/sites\/13\/2018\/04\/urna-eletronica-2-300x208.jpg 300w, https:\/\/blogs.correiobraziliense.com.br\/aricunha\/wp-content\/uploads\/sites\/13\/2018\/04\/urna-eletronica-2-768x531.jpg 768w, https:\/\/blogs.correiobraziliense.com.br\/aricunha\/wp-content\/uploads\/sites\/13\/2018\/04\/urna-eletronica-2-350x242.jpg 350w, https:\/\/blogs.correiobraziliense.com.br\/aricunha\/wp-content\/uploads\/sites\/13\/2018\/04\/urna-eletronica-2-550x380.jpg 550w, https:\/\/blogs.correiobraziliense.com.br\/aricunha\/wp-content\/uploads\/sites\/13\/2018\/04\/urna-eletronica-2-230x159.jpg 230w\" sizes=\"auto, (max-width: 549px) 100vw, 549px\" \/><figcaption id=\"caption-attachment-10696\" class=\"wp-caption-text\">Charge: averdadequeamidianaomostra.blogspot.com.br<\/figcaption><\/figure>\n<p>&nbsp;<\/p>\n<p><strong>Pela democracia<\/strong><\/p>\n<p>Para o TSE, a instala\u00e7\u00e3o do voto impresso em todo pa\u00eds exigiria um investimento de at\u00e9 R$ 1,8 bilh\u00e3o por elei\u00e7\u00e3o. Na ponta do l\u00e1pis, a democracia vale muito mais do que o que j\u00e1 foi decomposto pela corrup\u00e7\u00e3o.<\/p>\n<figure id=\"attachment_10695\" aria-describedby=\"caption-attachment-10695\" style=\"width: 548px\" class=\"wp-caption aligncenter\"><img loading=\"lazy\" decoding=\"async\" class=\" wp-image-10695\" src=\"https:\/\/blogs.correiobraziliense.com.br\/aricunha\/wp-content\/uploads\/sites\/13\/2018\/04\/Auditoria-nas-urnas-eletr\u00f4nicas.jpg\" alt=\"\" width=\"548\" height=\"380\" srcset=\"https:\/\/blogs.correiobraziliense.com.br\/aricunha\/wp-content\/uploads\/sites\/13\/2018\/04\/Auditoria-nas-urnas-eletr\u00f4nicas.jpg 513w, https:\/\/blogs.correiobraziliense.com.br\/aricunha\/wp-content\/uploads\/sites\/13\/2018\/04\/Auditoria-nas-urnas-eletr\u00f4nicas-300x208.jpg 300w, https:\/\/blogs.correiobraziliense.com.br\/aricunha\/wp-content\/uploads\/sites\/13\/2018\/04\/Auditoria-nas-urnas-eletr\u00f4nicas-350x242.jpg 350w, https:\/\/blogs.correiobraziliense.com.br\/aricunha\/wp-content\/uploads\/sites\/13\/2018\/04\/Auditoria-nas-urnas-eletr\u00f4nicas-230x159.jpg 230w\" sizes=\"auto, (max-width: 548px) 100vw, 548px\" \/><figcaption id=\"caption-attachment-10695\" class=\"wp-caption-text\">Charge: almirquites.blogspot.com.br<\/figcaption><\/figure>\n<p>&nbsp;<\/p>\n<p><strong>Na pr\u00e1tica<\/strong><\/p>\n<p>Peritos da Pol\u00edcia Federal defendem o voto impresso.\u00a0 J\u00e1 aconteceu de um representante dos peritos ter extra\u00eddo a chave secreta que protege as urnas eletr\u00f4nicas e enviado of\u00edcio para os pol\u00edticos que defendem o voto impresso sobre as possibilidades de fraudes nas urnas.<\/p>\n<figure id=\"attachment_11895\" aria-describedby=\"caption-attachment-11895\" style=\"width: 551px\" class=\"wp-caption aligncenter\"><img loading=\"lazy\" decoding=\"async\" class=\" wp-image-11895\" src=\"https:\/\/blogs.correiobraziliense.com.br\/aricunha\/wp-content\/uploads\/sites\/13\/2018\/08\/ChargeBessinha_UrnaVotoAberto_tvdestaques.jpg\" alt=\"\" width=\"551\" height=\"242\" srcset=\"https:\/\/blogs.correiobraziliense.com.br\/aricunha\/wp-content\/uploads\/sites\/13\/2018\/08\/ChargeBessinha_UrnaVotoAberto_tvdestaques.jpg 681w, https:\/\/blogs.correiobraziliense.com.br\/aricunha\/wp-content\/uploads\/sites\/13\/2018\/08\/ChargeBessinha_UrnaVotoAberto_tvdestaques-300x132.jpg 300w, https:\/\/blogs.correiobraziliense.com.br\/aricunha\/wp-content\/uploads\/sites\/13\/2018\/08\/ChargeBessinha_UrnaVotoAberto_tvdestaques-350x154.jpg 350w, https:\/\/blogs.correiobraziliense.com.br\/aricunha\/wp-content\/uploads\/sites\/13\/2018\/08\/ChargeBessinha_UrnaVotoAberto_tvdestaques-550x241.jpg 550w, https:\/\/blogs.correiobraziliense.com.br\/aricunha\/wp-content\/uploads\/sites\/13\/2018\/08\/ChargeBessinha_UrnaVotoAberto_tvdestaques-230x101.jpg 230w\" sizes=\"auto, (max-width: 551px) 100vw, 551px\" \/><figcaption id=\"caption-attachment-11895\" class=\"wp-caption-text\">Charge: Bessinha<\/figcaption><\/figure>\n<p>&nbsp;<\/p>\n<p><strong>HIST\u00d3RIA DE BRAS\u00cdLIA<\/strong><\/p>\n<p>Cond\u00f3i a qualquer ser humano ver um semelhante com fome, mas a solu\u00e7\u00e3o menos indicada \u00e9 humilhar um homem sem trabalho, com um prato dado de gra\u00e7a para que ele possa viver. <strong>(Publicado em 16\/12\/1961)<\/strong><\/p>\n","protected":false},"excerpt":{"rendered":"<p>VISTO, LIDO E OUVIDO, criada por Ari Cunha (In memoriam) Desde 1960, com Circe Cunha e Mamfil jornalistacircecunha@gmail.com Facebook.com\/vistolidoeouvido Instagram.com\/vistolidoeouvido &nbsp; &nbsp; Comentaristas pol\u00edticos, que analisam a cena nacional com lupa de grosso cristal t\u00eam raz\u00e3o quando observaram que, ao longo de quase trinta anos sentado numa cadeira da C\u00e2mara dos Deputados, o presidente Bolsonaro, nesse of\u00edcio, aprendeu pouco, mas [&hellip;]<\/p>\n","protected":false},"author":34,"featured_media":16063,"comment_status":"open","ping_status":"open","sticky":false,"template":"","format":"standard","meta":{"footnotes":""},"categories":[23],"tags":[861,1307,1235,114,2141,1433,2142,2116,626,68,2,69,16],"class_list":["post-16061","post","type-post","status-publish","format-standard","has-post-thumbnail","hentry","category-integra","tag-camaradosdeputados","tag-congressonacional","tag-governobolsonaro","tag-historiadebrasilia","tag-ministrodaeconomia","tag-ministropauloguedes","tag-orcamentoimpositivo","tag-orcamentonobrasil","tag-senadofederal","tag-aricunha","tag-brasilia","tag-circecunha","tag-mamfil"],"_links":{"self":[{"href":"https:\/\/blogs.correiobraziliense.com.br\/aricunha\/wp-json\/wp\/v2\/posts\/16061","targetHints":{"allow":["GET"]}}],"collection":[{"href":"https:\/\/blogs.correiobraziliense.com.br\/aricunha\/wp-json\/wp\/v2\/posts"}],"about":[{"href":"https:\/\/blogs.correiobraziliense.com.br\/aricunha\/wp-json\/wp\/v2\/types\/post"}],"author":[{"embeddable":true,"href":"https:\/\/blogs.correiobraziliense.com.br\/aricunha\/wp-json\/wp\/v2\/users\/34"}],"replies":[{"embeddable":true,"href":"https:\/\/blogs.correiobraziliense.com.br\/aricunha\/wp-json\/wp\/v2\/comments?post=16061"}],"version-history":[{"count":1,"href":"https:\/\/blogs.correiobraziliense.com.br\/aricunha\/wp-json\/wp\/v2\/posts\/16061\/revisions"}],"predecessor-version":[{"id":16064,"href":"https:\/\/blogs.correiobraziliense.com.br\/aricunha\/wp-json\/wp\/v2\/posts\/16061\/revisions\/16064"}],"wp:featuredmedia":[{"embeddable":true,"href":"https:\/\/blogs.correiobraziliense.com.br\/aricunha\/wp-json\/wp\/v2\/media\/16063"}],"wp:attachment":[{"href":"https:\/\/blogs.correiobraziliense.com.br\/aricunha\/wp-json\/wp\/v2\/media?parent=16061"}],"wp:term":[{"taxonomy":"category","embeddable":true,"href":"https:\/\/blogs.correiobraziliense.com.br\/aricunha\/wp-json\/wp\/v2\/categories?post=16061"},{"taxonomy":"post_tag","embeddable":true,"href":"https:\/\/blogs.correiobraziliense.com.br\/aricunha\/wp-json\/wp\/v2\/tags?post=16061"}],"curies":[{"name":"wp","href":"https:\/\/api.w.org\/{rel}","templated":true}]}}