{"id":16014,"date":"2020-02-28T01:00:55","date_gmt":"2020-02-28T04:00:55","guid":{"rendered":"https:\/\/blogs.correiobraziliense.com.br\/aricunha\/?p=16014"},"modified":"2020-02-27T18:58:25","modified_gmt":"2020-02-27T21:58:25","slug":"e-as-vozes-das-ruas-nao-serao-mais-roucas-viva-a-midia-social","status":"publish","type":"post","link":"https:\/\/blogs.correiobraziliense.com.br\/aricunha\/e-as-vozes-das-ruas-nao-serao-mais-roucas-viva-a-midia-social\/","title":{"rendered":"E as vozes das ruas n\u00e3o ser\u00e3o mais roucas. Viva a m\u00eddia social."},"content":{"rendered":"<p>VISTO, LIDO E OUVIDO, criada por Ari Cunha (In memoriam)<\/p>\n<p>Desde 1960, com Circe Cunha e Mamfil<\/p>\n<p>jornalistacircecunha@gmail.com<\/p>\n<p>Facebook.com\/vistolidoeouvido<\/p>\n<p>Instagram.com\/vistolidoeouvido<\/p>\n<p>&nbsp;<\/p>\n<figure id=\"attachment_16015\" aria-describedby=\"caption-attachment-16015\" style=\"width: 695px\" class=\"wp-caption aligncenter\"><img loading=\"lazy\" decoding=\"async\" class=\" wp-image-16015\" src=\"https:\/\/blogs.correiobraziliense.com.br\/aricunha\/wp-content\/uploads\/sites\/13\/2020\/02\/img_corrupcao-petrobras_charge.jpg\" alt=\"\" width=\"695\" height=\"415\" srcset=\"https:\/\/blogs.correiobraziliense.com.br\/aricunha\/wp-content\/uploads\/sites\/13\/2020\/02\/img_corrupcao-petrobras_charge.jpg 450w, https:\/\/blogs.correiobraziliense.com.br\/aricunha\/wp-content\/uploads\/sites\/13\/2020\/02\/img_corrupcao-petrobras_charge-300x179.jpg 300w, https:\/\/blogs.correiobraziliense.com.br\/aricunha\/wp-content\/uploads\/sites\/13\/2020\/02\/img_corrupcao-petrobras_charge-350x209.jpg 350w, https:\/\/blogs.correiobraziliense.com.br\/aricunha\/wp-content\/uploads\/sites\/13\/2020\/02\/img_corrupcao-petrobras_charge-230x137.jpg 230w\" sizes=\"auto, (max-width: 695px) 100vw, 695px\" \/><figcaption id=\"caption-attachment-16015\" class=\"wp-caption-text\">Charge do Duke<\/figcaption><\/figure>\n<p>&nbsp;<\/p>\n<p>Boa parte da sociedade est\u00e1 com a mem\u00f3ria viva em rela\u00e7\u00e3o \u00e0 longa crise social, econ\u00f4mica e pol\u00edtica dos \u00faltimos anos. As redes sociais tiveram o cond\u00e3o de mudar a percep\u00e7\u00e3o de boa parte da sociedade n\u00e3o somente para os problemas do pa\u00eds, mas sobretudo para aumentar o desejo e a atitude de muitos em dire\u00e7\u00e3o aos valores pr\u00f3prios, fazendo brotar nos brasileiros um sentimento mais individualista e voltado exclusivamente para as necessidades imediatas e a longo prazo das pessoas. Parece resultar da no\u00e7\u00e3o de que o Estado pouco ou nada faz pelos brasileiros. Muitos consideram hoje que a melhor estrat\u00e9gia \u00e9 partir para a luta individual, ao inv\u00e9s de esperar por qualquer amparo do governo.<\/p>\n<p>\u00c9 preciso salientar que esse individualismo, cada vez mais presente na sociedade, pode inverter a pr\u00f3pria l\u00f3gica do Estado, fazendo com que o governo passe a depender, cada vez mais, da vontade de uma popula\u00e7\u00e3o indiferente e distante, propiciando, inclusive, a considerar a hip\u00f3tese da desobedi\u00eancia civil.<\/p>\n<p>Dados os efeitos da corrup\u00e7\u00e3o sist\u00eamica, conforme implantado pelos governos petistas e que tinham como objetivos diretos o enfraquecimento do Estado paulatinamente ao empoderamento do partido, apesar das investidas da pol\u00edcia e de toda a revela\u00e7\u00e3o da trama, deram frutos diversos; uns bons, outros nem tanto. Ao aumentar a descren\u00e7a na pol\u00edtica, retardou a consolida\u00e7\u00e3o plena da democracia. As revela\u00e7\u00f5es feitas pela pol\u00edcia e pelo Minist\u00e9rio P\u00fablico apresentaram, para o distinto p\u00fablico, uma elite corrupta e disposta a tudo para enriquecer r\u00e1pido e sem esfor\u00e7o.<\/p>\n<p>Para um pa\u00eds que conta com mais de 700 mil presos, em condi\u00e7\u00f5es sub-humanas de c\u00e1rcere, essas revela\u00e7\u00f5es serviram muito mais como que um simples incentivo para a a\u00e7\u00e3o continuada no mundo do crime. Deu a essa parcela da popula\u00e7\u00e3o a certeza de que a cadeia ainda \u00e9 lugar para pretos e pobres.<\/p>\n<p>Entender a corrup\u00e7\u00e3o como algo moldado pela heran\u00e7a hist\u00f3rica ib\u00e9rica, onde o patrimonialismo cartorial era a t\u00f4nica, mostra apenas as ra\u00edzes ancestrais do problema e que fazia parte inerente do sistema mercantilista e colonialista da \u00e9poca. Se antes a explora\u00e7\u00e3o e os desvios tinham origem em vontades vindas do exterior, com o desenvolvimento do capitalismo de compadrio, \u00e9 muito mais rent\u00e1vel a uma empresa cooptar pol\u00edticos e agentes p\u00fablicos buscando neg\u00f3cios fabulosos com o Estado em troca de propinas e outros meios il\u00edcitos. Al\u00e9m das empresas privadas, sempre dispostas a servir aos pol\u00edticos de forma geral, as estatais cumpriam seu papel de facilitadoras dos neg\u00f3cios nebulosos da elite dirigente.<\/p>\n<p>Transformadas em moedas de troca, dentro do toma l\u00e1 d\u00e1 c\u00e1 generalizado, as nomea\u00e7\u00f5es pol\u00edticas para altos cargos nas estatais tinham um peso crucial na expans\u00e3o dos casos de corrup\u00e7\u00e3o, servindo como ponta de lan\u00e7a dos partidos para se apoderarem dos recursos da na\u00e7\u00e3o. Torna-se compreens\u00edvel o discurso de muitos dirigentes pol\u00edticos no sentido de o Estado manter controle das estatais.<\/p>\n<p>Obviamente que n\u00e3o se trata de nacionalismos ou protecionismo da economia nacional, mas t\u00e3o somente de reservar esse nicho de mercado \u00e0 sanha desmedida dos partidos pol\u00edticos. Por a\u00ed se v\u00ea a raz\u00e3o da redu\u00e7\u00e3o do tamanho do Estado, que incomoda tanta gente. Se por um lado os muitos casos de corrup\u00e7\u00e3o do passado revelados serviram para mostrar como \u00e9 f\u00e1cil desviar dinheiro p\u00fablico, por outro mostrou que impondo um fim a institutos como o foro privilegiado, a possibilidade de nomea\u00e7\u00f5es pol\u00edticas para cargos t\u00e9cnicos e maior agilidade e presteza nas decis\u00f5es da justi\u00e7a trazem a f\u00f3rmula m\u00e1gica para reduzir, da noite para o dia, t\u00e3o imenso volume de caos de malversa\u00e7\u00e3o dos recursos p\u00fablicos.<\/p>\n<p>Seis pilhas de um metro quadrado de \u00e1rea por cinco metros de altura cada, contendo notas fict\u00edcias de R$ 100, ficaram expostas por um longo per\u00edodo na Boca Maldita, principal rua de Curitiba. O monumento simbolizava o montante de R$ 4 bilh\u00f5es recuperados pela for\u00e7a tarefa da Lava Jato. \u00c9 pouqu\u00edssimo, se comparado ao volume fant\u00e1stico de dinheiro desviado por grupos pol\u00edticos diversos, apenas na \u00faltima d\u00e9cada. \u00c9, contudo, muito dinheiro, para os padr\u00f5es de um pa\u00eds como o Brasil, onde historicamente a impunidade e corrup\u00e7\u00e3o sempre foram tratadas de forma parcimoniosa pelas autoridades, sempre constrangidas em punir pessoas e grupos do mesmo estamento social, pol\u00edtico e econ\u00f4mico.<\/p>\n<p>Segundo estimativas feitas por t\u00e9cnicos no rastreio de dinheiro de origem suspeita, o Brasil perdeu por ano, em m\u00e9dia, R$ 200 bilh\u00f5es com esquemas de corrup\u00e7\u00e3o. Somente com rela\u00e7\u00e3o \u00e0 Petrobras, calcula-se que foram desviados, apenas nos governos petistas, entre R$ 30 e R$ 40 bilh\u00f5es, embora, de forma oficiosa, a estatal tenha divulgado um \u201cpreju\u00edzo\u201d de apenas R$ 6 bilh\u00f5es com desvios de dinheiro dos cofres da empresa. Para se defender de processos no exterior, a estatal tem apresentado sua defesa em cima da tese de que foi v\u00edtima da a\u00e7\u00e3o dos corruptos, embora a justi\u00e7a dos Estados Unidos e de diversos outros pa\u00edses, que possuem recursos investidos na empresa, afirmem que h\u00e1 muitos funcion\u00e1rios de carreira da Petrobras envolvidos diretamente nestes esquemas nebulosos.<\/p>\n<p>De toda a forma, o cerco que vai se fechando aqui e no exterior, cedo ou tarde, chegar\u00e1 a um resultado bem pr\u00f3ximo da verdade. A \u00faltima not\u00edcia \u00e9 que um su\u00ed\u00e7o brasileiro foi considerado culpado por cumplicidade em suborno e lavagem de dinheiro. Essa \u00e9 uma senten\u00e7a importante porque trata da prova de pagamentos de mais de US$ 35 milh\u00f5es feitos por sete anos (2007-2014) por meio de mediadores na Su\u00ed\u00e7a e no Brasil a funcion\u00e1rios da Petrobras.<\/p>\n<p>&nbsp;<\/p>\n<p>&nbsp;<\/p>\n<p>&nbsp;<\/p>\n<p><strong>HIST\u00d3RIA DE BRAS\u00cdLIA<\/strong><\/p>\n<p>H\u00e1 o caso de v\u00e1rios oper\u00e1rios de uma obra, que pediram as contas e foram para a fila da Novacap. <strong>(Publicado em 16\/12\/1961)<\/strong><\/p>\n","protected":false},"excerpt":{"rendered":"<p>VISTO, LIDO E OUVIDO, criada por Ari Cunha (In memoriam) Desde 1960, com Circe Cunha e Mamfil jornalistacircecunha@gmail.com Facebook.com\/vistolidoeouvido Instagram.com\/vistolidoeouvido &nbsp; &nbsp; Boa parte da sociedade est\u00e1 com a mem\u00f3ria viva em rela\u00e7\u00e3o \u00e0 longa crise social, econ\u00f4mica e pol\u00edtica dos \u00faltimos anos. As redes sociais tiveram o cond\u00e3o de mudar a percep\u00e7\u00e3o de boa parte da sociedade n\u00e3o somente [&hellip;]<\/p>\n","protected":false},"author":34,"featured_media":16015,"comment_status":"open","ping_status":"open","sticky":false,"template":"","format":"standard","meta":{"footnotes":""},"categories":[23],"tags":[1307,2128,454,1007,1490,114,946,166,119,68,2,69,16,2127],"class_list":["post-16014","post","type-post","status-publish","format-standard","has-post-thumbnail","hentry","category-integra","tag-congressonacional","tag-corrupcaonapetrobras","tag-corrupcaonobrasil","tag-governodilma","tag-governolula","tag-historiadebrasilia","tag-operacaolavajato","tag-petrobras","tag-pt","tag-aricunha","tag-brasilia","tag-circecunha","tag-mamfil","tag-politicos-no-brasil"],"_links":{"self":[{"href":"https:\/\/blogs.correiobraziliense.com.br\/aricunha\/wp-json\/wp\/v2\/posts\/16014","targetHints":{"allow":["GET"]}}],"collection":[{"href":"https:\/\/blogs.correiobraziliense.com.br\/aricunha\/wp-json\/wp\/v2\/posts"}],"about":[{"href":"https:\/\/blogs.correiobraziliense.com.br\/aricunha\/wp-json\/wp\/v2\/types\/post"}],"author":[{"embeddable":true,"href":"https:\/\/blogs.correiobraziliense.com.br\/aricunha\/wp-json\/wp\/v2\/users\/34"}],"replies":[{"embeddable":true,"href":"https:\/\/blogs.correiobraziliense.com.br\/aricunha\/wp-json\/wp\/v2\/comments?post=16014"}],"version-history":[{"count":1,"href":"https:\/\/blogs.correiobraziliense.com.br\/aricunha\/wp-json\/wp\/v2\/posts\/16014\/revisions"}],"predecessor-version":[{"id":16016,"href":"https:\/\/blogs.correiobraziliense.com.br\/aricunha\/wp-json\/wp\/v2\/posts\/16014\/revisions\/16016"}],"wp:featuredmedia":[{"embeddable":true,"href":"https:\/\/blogs.correiobraziliense.com.br\/aricunha\/wp-json\/wp\/v2\/media\/16015"}],"wp:attachment":[{"href":"https:\/\/blogs.correiobraziliense.com.br\/aricunha\/wp-json\/wp\/v2\/media?parent=16014"}],"wp:term":[{"taxonomy":"category","embeddable":true,"href":"https:\/\/blogs.correiobraziliense.com.br\/aricunha\/wp-json\/wp\/v2\/categories?post=16014"},{"taxonomy":"post_tag","embeddable":true,"href":"https:\/\/blogs.correiobraziliense.com.br\/aricunha\/wp-json\/wp\/v2\/tags?post=16014"}],"curies":[{"name":"wp","href":"https:\/\/api.w.org\/{rel}","templated":true}]}}