{"id":15859,"date":"2020-02-05T01:00:43","date_gmt":"2020-02-05T04:00:43","guid":{"rendered":"https:\/\/blogs.correiobraziliense.com.br\/aricunha\/?p=15859"},"modified":"2020-02-04T19:08:23","modified_gmt":"2020-02-04T22:08:23","slug":"um-mundo-de-faz-de-contas","status":"publish","type":"post","link":"https:\/\/blogs.correiobraziliense.com.br\/aricunha\/um-mundo-de-faz-de-contas\/","title":{"rendered":"Um mundo de faz de contas"},"content":{"rendered":"<p>VISTO, LIDO E OUVIDO, criada por Ari Cunha (In memoriam)<\/p>\n<p>Desde 1960, com Circe Cunha e Mamfil<\/p>\n<p>jornalistacircecunha@gmail.com<\/p>\n<p>Facebook.com\/vistolidoeouvido<\/p>\n<p>Instagram.com\/vistolidoeouvido<\/p>\n<p>&nbsp;<\/p>\n<figure id=\"attachment_15870\" aria-describedby=\"caption-attachment-15870\" style=\"width: 642px\" class=\"wp-caption aligncenter\"><img loading=\"lazy\" decoding=\"async\" class=\" wp-image-15870\" src=\"https:\/\/blogs.correiobraziliense.com.br\/aricunha\/wp-content\/uploads\/sites\/13\/2020\/02\/x86626362_BrasiliaDF-22-01-2020-Encontro-com-Regina-Duarte-Foto-Carolina-Antunes-PR-.jpg.pagespeed.ic_.YRZ7aZaYDA.jpg\" alt=\"\" width=\"642\" height=\"385\" srcset=\"https:\/\/blogs.correiobraziliense.com.br\/aricunha\/wp-content\/uploads\/sites\/13\/2020\/02\/x86626362_BrasiliaDF-22-01-2020-Encontro-com-Regina-Duarte-Foto-Carolina-Antunes-PR-.jpg.pagespeed.ic_.YRZ7aZaYDA.jpg 1086w, https:\/\/blogs.correiobraziliense.com.br\/aricunha\/wp-content\/uploads\/sites\/13\/2020\/02\/x86626362_BrasiliaDF-22-01-2020-Encontro-com-Regina-Duarte-Foto-Carolina-Antunes-PR-.jpg.pagespeed.ic_.YRZ7aZaYDA-300x180.jpg 300w, https:\/\/blogs.correiobraziliense.com.br\/aricunha\/wp-content\/uploads\/sites\/13\/2020\/02\/x86626362_BrasiliaDF-22-01-2020-Encontro-com-Regina-Duarte-Foto-Carolina-Antunes-PR-.jpg.pagespeed.ic_.YRZ7aZaYDA-768x461.jpg 768w, https:\/\/blogs.correiobraziliense.com.br\/aricunha\/wp-content\/uploads\/sites\/13\/2020\/02\/x86626362_BrasiliaDF-22-01-2020-Encontro-com-Regina-Duarte-Foto-Carolina-Antunes-PR-.jpg.pagespeed.ic_.YRZ7aZaYDA-1024x615.jpg 1024w, https:\/\/blogs.correiobraziliense.com.br\/aricunha\/wp-content\/uploads\/sites\/13\/2020\/02\/x86626362_BrasiliaDF-22-01-2020-Encontro-com-Regina-Duarte-Foto-Carolina-Antunes-PR-.jpg.pagespeed.ic_.YRZ7aZaYDA-350x210.jpg 350w, https:\/\/blogs.correiobraziliense.com.br\/aricunha\/wp-content\/uploads\/sites\/13\/2020\/02\/x86626362_BrasiliaDF-22-01-2020-Encontro-com-Regina-Duarte-Foto-Carolina-Antunes-PR-.jpg.pagespeed.ic_.YRZ7aZaYDA-550x330.jpg 550w, https:\/\/blogs.correiobraziliense.com.br\/aricunha\/wp-content\/uploads\/sites\/13\/2020\/02\/x86626362_BrasiliaDF-22-01-2020-Encontro-com-Regina-Duarte-Foto-Carolina-Antunes-PR-.jpg.pagespeed.ic_.YRZ7aZaYDA-230x138.jpg 230w\" sizes=\"auto, (max-width: 642px) 100vw, 642px\" \/><figcaption id=\"caption-attachment-15870\" class=\"wp-caption-text\">Foto: Carolina Antunes\/PR<\/figcaption><\/figure>\n<p>&nbsp;<\/p>\n<p>Seria poss\u00edvel estender o mundo do faz-de-contas para a vida real? Em alguma medida \u00e9 certamente o que fazemos no dia-a-dia, quando temos que nos adaptar \u00e0s exig\u00eancias do mundo externo, principalmente nas rela\u00e7\u00f5es profissionais e no contado racional com a sociedade. Mas em se tratando de atores e atrizes, que ganham a vida interpretando situa\u00e7\u00f5es e personagens fict\u00edcios, transportar a m\u00e1scara do teatro para o cotidiano seria quase como viver constantemente acorrentado \u00e0 vida do imagin\u00e1rio.<\/p>\n<p>Um ator, cujo o nome prefiro declinar, certa vez afirmou que nos encontros que mantinha regularmente com profissionais de sua \u00e1rea, fosse em festas ou mesmo na rua, n\u00e3o conseguia distinguir nessas pessoas a fronteira entre o real e a fic\u00e7\u00e3o. Em sua avalia\u00e7\u00e3o, todos pareciam fingir situa\u00e7\u00f5es. Essa caracter\u00edstica nos indiv\u00edduos ligados \u00e0 arte da representa\u00e7\u00e3o era tamanha e t\u00e3o descarada que pareciam estar todos em cena. Com a m\u00e1scara pregada ao rosto, todos pareciam estender seus personagens para dentro da vida real. Mas o que seria, de fato, a vida real? Chegava a se interrogar. J\u00e1 no fim da vida, chegou \u00e0 conclus\u00e3o que ele era tamb\u00e9m um ator e, por conseguinte, um fingidor.<\/p>\n<p>Esses fatos s\u00e3o mencionados a prop\u00f3sito da recente indica\u00e7\u00e3o da atriz Regina Duarte para a Secretaria Especial da Cultura. Como poucos em qualquer esfera social, sempre foi coerente com o que acredita. Enfrentou o nado contra a corrente para firmar e se expor no que acreditava. At\u00e9 ent\u00e3o, as profundas divis\u00f5es pol\u00edticas no meio art\u00edstico s\u00f3 passaram a ser percebidas por todos com a sa\u00edda, pela porta dos fundos, do Partido dos Trabalhadores do poder.<\/p>\n<p>Depois de 2016, com a destitui\u00e7\u00e3o de Dilma da presid\u00eancia, parte da classe art\u00edstica nacional, que adotou a narrativa ficcional do golpe, veio, descaradamente, se opondo e se afastando cada vez mais da outra parcela de colegas que despertaram para o engodo do Lulismo.<\/p>\n<p>A partir da\u00ed um enredo dram\u00e1tico foi sendo criado e fez com que esses her\u00f3is nacionais da fic\u00e7\u00e3o passassem a se hostilizar mutuamente e de prefer\u00eancia diante do p\u00fablico. N\u00e3o houve show ou pe\u00e7a de teatro que n\u00e3o fosse declarado, fora do script, posi\u00e7\u00f5es pol\u00edticas, quer partindo de incita\u00e7\u00f5es vindas do palco, quer da plateia. Firmou-se assim uma cisma e uma fenda geol\u00f3gica e profunda no seio art\u00edstico e que, possivelmente, jamais ser\u00e1 reparada.<\/p>\n<p>De certa forma essa cis\u00e3o \u00e9 boa e ruim. Por um lado, esse acontecimento mostra ao grande p\u00fablico que uma parte dos artistas conseguem sair de cena e se inserir na vida real, de modo natural. Enquanto outra parcela desses profissionais insiste em se manter em cena e dentro do enredo e dos personagens que criaram para si mesmos ainda em 2002. Essa contribui\u00e7\u00e3o mal\u00e9fica, legada por um misto de partido pol\u00edtico e organiza\u00e7\u00e3o criminosa foi, por certo, a maior heran\u00e7a deixada desses tempos de fic\u00e7\u00e3o.<\/p>\n<p>Ao seguir a t\u00e1tica, de dividir para governar, o Lulismo, talvez o maior mambembe pol\u00edtico que j\u00e1 existiu, conseguiu o que pretendia: confundir realidade com fic\u00e7\u00e3o, atraindo para si at\u00e9 aqueles que todos acreditavam ser experts no mundo do faz de contas.<\/p>\n<p>&nbsp;<\/p>\n<p>&nbsp;<\/p>\n<p>&nbsp;<\/p>\n<p><strong>A frase que foi pronunciada:<\/strong><\/p>\n<p><em>\u201cUma das mais cativantes ironias do pensamento moderno \u00e9 o fato de que o m\u00e9todo cient\u00edfico, do qual ingenuamente se esperou no passado que pudesse banir o mist\u00e9rio do mundo, deixa-o cada dia mais inexplic\u00e1vel.\u201d<\/em><\/p>\n<p>Carl Becker, historiador e fil\u00f3sofo norte americano<\/p>\n<figure id=\"attachment_15868\" aria-describedby=\"caption-attachment-15868\" style=\"width: 396px\" class=\"wp-caption aligncenter\"><img loading=\"lazy\" decoding=\"async\" class=\" wp-image-15868\" src=\"https:\/\/blogs.correiobraziliense.com.br\/aricunha\/wp-content\/uploads\/sites\/13\/2020\/02\/Carl-Becker.jpg\" alt=\"\" width=\"396\" height=\"492\" srcset=\"https:\/\/blogs.correiobraziliense.com.br\/aricunha\/wp-content\/uploads\/sites\/13\/2020\/02\/Carl-Becker.jpg 241w, https:\/\/blogs.correiobraziliense.com.br\/aricunha\/wp-content\/uploads\/sites\/13\/2020\/02\/Carl-Becker-230x286.jpg 230w\" sizes=\"auto, (max-width: 396px) 100vw, 396px\" \/><figcaption id=\"caption-attachment-15868\" class=\"wp-caption-text\">Foto: britannica.com<\/figcaption><\/figure>\n<p>&nbsp;<\/p>\n<p>&nbsp;<\/p>\n<p><strong>Den\u00fancia<\/strong><\/p>\n<p>Leitor reclama dos falsos motoristas de Uber que abordam passageiros na plataforma superior do aeroporto. Um deles atendeu uma senhora que chegava de voo internacional que, desavisada, entrou no carro do fals\u00e1rio. Ao chegar em \u00c1guas Claras e pagar ao motorista, desceu do carro e ele arrancou em velocidade levando todos os pertences da viajante.<\/p>\n<figure id=\"attachment_15575\" aria-describedby=\"caption-attachment-15575\" style=\"width: 551px\" class=\"wp-caption aligncenter\"><img loading=\"lazy\" decoding=\"async\" class=\" wp-image-15575\" src=\"https:\/\/blogs.correiobraziliense.com.br\/aricunha\/wp-content\/uploads\/sites\/13\/2019\/12\/uber.jpg\" alt=\"\" width=\"551\" height=\"355\" srcset=\"https:\/\/blogs.correiobraziliense.com.br\/aricunha\/wp-content\/uploads\/sites\/13\/2019\/12\/uber.jpg 697w, https:\/\/blogs.correiobraziliense.com.br\/aricunha\/wp-content\/uploads\/sites\/13\/2019\/12\/uber-300x193.jpg 300w, https:\/\/blogs.correiobraziliense.com.br\/aricunha\/wp-content\/uploads\/sites\/13\/2019\/12\/uber-350x225.jpg 350w, https:\/\/blogs.correiobraziliense.com.br\/aricunha\/wp-content\/uploads\/sites\/13\/2019\/12\/uber-550x354.jpg 550w, https:\/\/blogs.correiobraziliense.com.br\/aricunha\/wp-content\/uploads\/sites\/13\/2019\/12\/uber-230x148.jpg 230w\" sizes=\"auto, (max-width: 551px) 100vw, 551px\" \/><figcaption id=\"caption-attachment-15575\" class=\"wp-caption-text\">Foto: tecnoblog.net<\/figcaption><\/figure>\n<p>&nbsp;<\/p>\n<p>&nbsp;<\/p>\n<p><strong>Alea Jacta est<\/strong><\/p>\n<p>Desde o tempo do ex-governador Rollemberg, Richard Jean Marie Dubois alimenta a ideia de que os empres\u00e1rios da cidade s\u00e3o brilhantes e que precisam de mais oportunidades de neg\u00f3cios. Da\u00ed o \u00e2nimo no encontro com o governador Ibaneis Rocha para finalizar o acordo de concess\u00f5es para a administra\u00e7\u00e3o do est\u00e1dio Man\u00e9 Garrincha.<\/p>\n<p><iframe loading=\"lazy\" title=\"Quais s\u00e3o os planos de Richard Dubois?\" width=\"1440\" height=\"810\" src=\"https:\/\/www.youtube.com\/embed\/NLu1vtuiSn0?feature=oembed\" frameborder=\"0\" allow=\"accelerometer; autoplay; clipboard-write; encrypted-media; gyroscope; picture-in-picture; web-share\" referrerpolicy=\"strict-origin-when-cross-origin\" allowfullscreen><\/iframe><\/p>\n<p>&nbsp;<\/p>\n<p>&nbsp;<\/p>\n<p><strong>E-commerce<\/strong><\/p>\n<p>\u00c9lie \u00e9 uma sapataria masculina de Fran\u00e7a que enfrentou a entrada de sapatos chineses baratos, resistiu \u00e0 concorr\u00eancia e hoje tem um portal espetacular, de f\u00e1cil acesso, super amig\u00e1vel para fazer compras no Brasil e pelo mundo. Veja a seguir a hist\u00f3ria curiosa de como nasceram as marcas famosas de rel\u00f3gios. O texto \u00e9 da \u00c9lie.<\/p>\n<p><strong><em>Omega<\/em><\/strong><\/p>\n<figure id=\"attachment_15860\" aria-describedby=\"caption-attachment-15860\" style=\"width: 448px\" class=\"wp-caption aligncenter\"><img loading=\"lazy\" decoding=\"async\" class=\" wp-image-15860\" src=\"https:\/\/blogs.correiobraziliense.com.br\/aricunha\/wp-content\/uploads\/sites\/13\/2020\/02\/omega.jpg\" alt=\"\" width=\"448\" height=\"486\" srcset=\"https:\/\/blogs.correiobraziliense.com.br\/aricunha\/wp-content\/uploads\/sites\/13\/2020\/02\/omega.jpg 480w, https:\/\/blogs.correiobraziliense.com.br\/aricunha\/wp-content\/uploads\/sites\/13\/2020\/02\/omega-276x300.jpg 276w, https:\/\/blogs.correiobraziliense.com.br\/aricunha\/wp-content\/uploads\/sites\/13\/2020\/02\/omega-322x350.jpg 322w, https:\/\/blogs.correiobraziliense.com.br\/aricunha\/wp-content\/uploads\/sites\/13\/2020\/02\/omega-230x250.jpg 230w\" sizes=\"auto, (max-width: 448px) 100vw, 448px\" \/><figcaption id=\"caption-attachment-15860\" class=\"wp-caption-text\">Al\u00e9m de serem reconhecidos como os modelos dos Jogos Ol\u00edmpicos, os rel\u00f3gios Omega s\u00e3o vers\u00e1teis e oferecem o m\u00e1ximo da eleg\u00e2ncia.<\/figcaption><\/figure>\n<p><em>\u00a0\u00a0\u00a0\u00a0\u00a0\u00a0\u00a0\u00a0\u00a0\u00a0\u00a0\u00a0\u00a0\u00a0\u00a0 Apontada como a mais cobi\u00e7ada entre os amantes de um bom e exclusivo modelo, a\u00a0<strong>marca de rel\u00f3gio Omega<\/strong>, que hoje pertente ao Grupo Swatch, surgiu na Su\u00ed\u00e7a e, segundo os registros, foi criada pelo relojeiro Louis Brandt, no ano de 1848.<\/em><\/p>\n<p><em>\u00a0\u00a0\u00a0\u00a0\u00a0\u00a0\u00a0\u00a0\u00a0\u00a0\u00a0\u00a0\u00a0\u00a0\u00a0 O nome Omega foi propagado ap\u00f3s seus modelos serem definidos como\u00a0<strong>cron\u00f4metros oficiais dos Jogos Ol\u00edmpicos<\/strong>\u00a0desde 1932 e esse cen\u00e1rio foi fomentado com o passar dos anos, como por exemplo, quando o\u00a0<strong>modelo Seepmaster<\/strong>\u00a0acompanhou os astronautas da Nasa durante a primeira visita \u00e0 Lua e tamb\u00e9m quando as telinhas exibiram um exemplar Omega no pulso de James Bond, nas cenas do filme OO7.<\/em><\/p>\n<p><em>\u00a0\u00a0\u00a0\u00a0\u00a0\u00a0\u00a0\u00a0\u00a0\u00a0\u00a0\u00a0\u00a0\u00a0\u00a0 E caso esteja curioso sobre o valor de um produto com esse patamar, saiba que a m\u00e9dia est\u00e1 tabelada entre\u00a0US$ 3 mil e US$ 8 mil, mas alguns modelos tamb\u00e9m ultrapassam muito essa faixa de pre\u00e7o.<\/em><\/p>\n<p><strong><em>TAG Heuer<\/em><\/strong><\/p>\n<figure id=\"attachment_15862\" aria-describedby=\"caption-attachment-15862\" style=\"width: 450px\" class=\"wp-caption aligncenter\"><img loading=\"lazy\" decoding=\"async\" class=\"size-full wp-image-15862\" src=\"https:\/\/blogs.correiobraziliense.com.br\/aricunha\/wp-content\/uploads\/sites\/13\/2020\/02\/TAG-Heuer.jpg\" alt=\"\" width=\"450\" height=\"450\" srcset=\"https:\/\/blogs.correiobraziliense.com.br\/aricunha\/wp-content\/uploads\/sites\/13\/2020\/02\/TAG-Heuer.jpg 450w, https:\/\/blogs.correiobraziliense.com.br\/aricunha\/wp-content\/uploads\/sites\/13\/2020\/02\/TAG-Heuer-150x150.jpg 150w, https:\/\/blogs.correiobraziliense.com.br\/aricunha\/wp-content\/uploads\/sites\/13\/2020\/02\/TAG-Heuer-300x300.jpg 300w, https:\/\/blogs.correiobraziliense.com.br\/aricunha\/wp-content\/uploads\/sites\/13\/2020\/02\/TAG-Heuer-350x350.jpg 350w, https:\/\/blogs.correiobraziliense.com.br\/aricunha\/wp-content\/uploads\/sites\/13\/2020\/02\/TAG-Heuer-230x230.jpg 230w\" sizes=\"auto, (max-width: 450px) 100vw, 450px\" \/><figcaption id=\"caption-attachment-15862\" class=\"wp-caption-text\">Seja exibido nas telinhas durante cenas de filmes ou nos pulsos dos motoristas da F\u00f3rmula 1, os rel\u00f3gios TAG Heuer s\u00e3o o m\u00e1ximo!<\/figcaption><\/figure>\n<p><em>\u00a0\u00a0\u00a0\u00a0\u00a0\u00a0\u00a0\u00a0\u00a0\u00a0\u00a0\u00a0\u00a0\u00a0\u00a0 Para o usu\u00e1rio que deseja pe\u00e7as luxuosas e com o m\u00e1ximo de precis\u00e3o, os\u00a0<strong>modelos de rel\u00f3gio da marca TAG Heue<\/strong>r, que foi fundada no ano de 1860 por Edouard Heuer, s\u00e3o os melhores!<\/em><\/p>\n<p><em>\u00a0\u00a0\u00a0\u00a0\u00a0\u00a0\u00a0\u00a0\u00a0\u00a0\u00a0\u00a0\u00a0\u00a0\u00a0 Esses produtos, al\u00e9m de toda a excel\u00eancia de seus materiais, est\u00e3o relacionados ao esporte F\u00f3rmula 1 desde quando foi utilizado por motoristas inesquec\u00edveis, como o brasileiro Senna, que com frequ\u00eancia aparecia com um\u00a0<strong>rel\u00f3gio TAG Heuer<\/strong>\u00a0em seu pulso.<\/em><\/p>\n<p><em>\u00a0\u00a0\u00a0\u00a0\u00a0\u00a0\u00a0\u00a0\u00a0\u00a0\u00a0\u00a0\u00a0\u00a0\u00a0 Outro motivo de ser uma das marcas mais queridinhas \u00e9 que o ator Steve McQueen tamb\u00e9m est\u00e1 na lista dos usu\u00e1rios fi\u00e9is, tanto que optou por usar um\u00a0<strong>modelo TAG Heuer no filme Le Mans<\/strong>, que fez sucesso em 1971.<\/em><\/p>\n<p><em>\u00a0\u00a0\u00a0\u00a0\u00a0\u00a0\u00a0\u00a0\u00a0\u00a0\u00a0\u00a0\u00a0\u00a0\u00a0 E caso voc\u00ea queira um exemplar em sua cole\u00e7\u00e3o, como os mais vendidos Aquaracer, Link, Carrera, Monaco, F\u00f3rmula 1, Kirium, Monza ou Autavia, ter\u00e1 que desembolsar entre US$ 1,5 mil e US$ 6 mil \u2013 mas, se preferir, a linha oferece tamb\u00e9m os modelos especiais, que custam cerca de US$ 50 mil.<\/em><\/p>\n<p><strong><em>Rolex<\/em><\/strong><\/p>\n<figure id=\"attachment_15863\" aria-describedby=\"caption-attachment-15863\" style=\"width: 450px\" class=\"wp-caption aligncenter\"><img loading=\"lazy\" decoding=\"async\" class=\"size-full wp-image-15863\" src=\"https:\/\/blogs.correiobraziliense.com.br\/aricunha\/wp-content\/uploads\/sites\/13\/2020\/02\/Rolex.jpg\" alt=\"\" width=\"450\" height=\"450\" srcset=\"https:\/\/blogs.correiobraziliense.com.br\/aricunha\/wp-content\/uploads\/sites\/13\/2020\/02\/Rolex.jpg 450w, https:\/\/blogs.correiobraziliense.com.br\/aricunha\/wp-content\/uploads\/sites\/13\/2020\/02\/Rolex-150x150.jpg 150w, https:\/\/blogs.correiobraziliense.com.br\/aricunha\/wp-content\/uploads\/sites\/13\/2020\/02\/Rolex-300x300.jpg 300w, https:\/\/blogs.correiobraziliense.com.br\/aricunha\/wp-content\/uploads\/sites\/13\/2020\/02\/Rolex-350x350.jpg 350w, https:\/\/blogs.correiobraziliense.com.br\/aricunha\/wp-content\/uploads\/sites\/13\/2020\/02\/Rolex-230x230.jpg 230w\" sizes=\"auto, (max-width: 450px) 100vw, 450px\" \/><figcaption id=\"caption-attachment-15863\" class=\"wp-caption-text\">Quando o nome Rolex aparece, o dif\u00edcil \u00e9 encontrar algu\u00e9m que n\u00e3o conhe\u00e7a e\/ou deseje um de seus rel\u00f3gios.<\/figcaption><\/figure>\n<p><em>\u00a0\u00a0\u00a0\u00a0\u00a0\u00a0\u00a0\u00a0\u00a0\u00a0\u00a0\u00a0\u00a0\u00a0\u00a0 Ah! Basta ler ou pronunciar esse nome para todos j\u00e1 descobrirem que o assunto da roda de conversa em quest\u00e3o \u00e9 sobre os mais incr\u00edveis modelos de rel\u00f3gios, n\u00e3o \u00e9? Afinal, conhecida mundialmente, a marca Rolex \u00e9 protagonista de vendas h\u00e1 d\u00e9cadas.<\/em><\/p>\n<p><em>\u00a0\u00a0\u00a0\u00a0\u00a0\u00a0\u00a0\u00a0\u00a0\u00a0\u00a0\u00a0\u00a0\u00a0\u00a0 Considerada como uma das marcas mais valiosas do mundo e s\u00edmbolo de bom gosto e sofistica\u00e7\u00e3o, essa empresa foi fundada pelo alem\u00e3o Hans Wilsdorf ainda no ano de 1905 e desde o lan\u00e7amento do modelo chamado\u00a0<strong>Oyster<\/strong>, que foi o primeiro comercializado com garantia de impermeabilidade e resist\u00eancia ao choque, mostrou que veio para ficar.<\/em><\/p>\n<p><em>\u00a0\u00a0\u00a0\u00a0\u00a0\u00a0\u00a0\u00a0\u00a0\u00a0\u00a0\u00a0\u00a0\u00a0\u00a0 Hoje, a lista de\u00a0<strong>rel\u00f3gios Rolex<\/strong>\u00a0\u00e9 infinita e o que n\u00e3o falta \u00e9 op\u00e7\u00e3o para agradar os mais variados gostos e estilos. No entanto, quem deseja ser dono de um produto t\u00e3o conceituado, tamb\u00e9m precisa estar disposto a gastar, pois no valor m\u00ednimo est\u00e1 calculado em US$ 4 mil e a m\u00e9dia exige a multiplica\u00e7\u00e3o desse n\u00famero por cinco, ou seja, US$ 20 mil.<\/em><\/p>\n<p><strong><em>Panerai<\/em><\/strong><\/p>\n<p><img loading=\"lazy\" decoding=\"async\" class=\"size-full wp-image-15864 aligncenter\" src=\"https:\/\/blogs.correiobraziliense.com.br\/aricunha\/wp-content\/uploads\/sites\/13\/2020\/02\/Panerai.jpg\" alt=\"\" width=\"450\" height=\"450\" srcset=\"https:\/\/blogs.correiobraziliense.com.br\/aricunha\/wp-content\/uploads\/sites\/13\/2020\/02\/Panerai.jpg 450w, https:\/\/blogs.correiobraziliense.com.br\/aricunha\/wp-content\/uploads\/sites\/13\/2020\/02\/Panerai-150x150.jpg 150w, https:\/\/blogs.correiobraziliense.com.br\/aricunha\/wp-content\/uploads\/sites\/13\/2020\/02\/Panerai-300x300.jpg 300w, https:\/\/blogs.correiobraziliense.com.br\/aricunha\/wp-content\/uploads\/sites\/13\/2020\/02\/Panerai-350x350.jpg 350w, https:\/\/blogs.correiobraziliense.com.br\/aricunha\/wp-content\/uploads\/sites\/13\/2020\/02\/Panerai-230x230.jpg 230w\" sizes=\"auto, (max-width: 450px) 100vw, 450px\" \/><\/p>\n<p><em>\u00a0\u00a0\u00a0\u00a0\u00a0\u00a0\u00a0\u00a0\u00a0\u00a0\u00a0\u00a0\u00a0\u00a0\u00a0 Engana-se quem pensa que a Su\u00ed\u00e7a tem exclusividade na cria\u00e7\u00e3o das melhores marcas de rel\u00f3gio j\u00e1 criadas, at\u00e9 mesmo porque a\u00a0<strong>Panerai<\/strong>\u00a0foi fundada em terrinas italianas, no ano de 1860 por Giovanni Panerai.<\/em><\/p>\n<p><em>\u00a0\u00a0\u00a0\u00a0\u00a0\u00a0\u00a0\u00a0\u00a0\u00a0\u00a0\u00a0\u00a0\u00a0\u00a0 Seus modelos, que atendem perfeitamente a demanda dos mais criteriosos apaixonados por rel\u00f3gios, foram essenciais para o sucesso das miss\u00f5es realizadas por mergulhadores italianos durante a Segunda Guerra Mundial e ca\u00edram no gosto dos colecionadores quando um contrato com a Ferrari foi assinado no ano de 2005.<\/em><\/p>\n<p><em>\u00a0\u00a0\u00a0\u00a0\u00a0\u00a0\u00a0\u00a0\u00a0\u00a0\u00a0\u00a0\u00a0\u00a0\u00a0 O valor de cada modelo tamb\u00e9m pode variar entre US$ 4 mil\u00a0e US$ 20 mil e, os conhecidos exemplares especiais, como Luminor 1950 Tourbillon GMT (foto), podem chegar a US$ 110 mil.<\/em><\/p>\n<p><strong><em>Hublot<\/em><\/strong><\/p>\n<figure id=\"attachment_15865\" aria-describedby=\"caption-attachment-15865\" style=\"width: 445px\" class=\"wp-caption aligncenter\"><img loading=\"lazy\" decoding=\"async\" class=\"size-full wp-image-15865\" src=\"https:\/\/blogs.correiobraziliense.com.br\/aricunha\/wp-content\/uploads\/sites\/13\/2020\/02\/Hublot-1.png\" alt=\"\" width=\"445\" height=\"429\" srcset=\"https:\/\/blogs.correiobraziliense.com.br\/aricunha\/wp-content\/uploads\/sites\/13\/2020\/02\/Hublot-1.png 445w, https:\/\/blogs.correiobraziliense.com.br\/aricunha\/wp-content\/uploads\/sites\/13\/2020\/02\/Hublot-1-300x289.png 300w, https:\/\/blogs.correiobraziliense.com.br\/aricunha\/wp-content\/uploads\/sites\/13\/2020\/02\/Hublot-1-350x337.png 350w, https:\/\/blogs.correiobraziliense.com.br\/aricunha\/wp-content\/uploads\/sites\/13\/2020\/02\/Hublot-1-230x222.png 230w\" sizes=\"auto, (max-width: 445px) 100vw, 445px\" \/><figcaption id=\"caption-attachment-15865\" class=\"wp-caption-text\">A qualidade dessa marca \u00e9 tamanha, que os seus rel\u00f3gios podem custar mais de\u00a0US$ 80 mil.<\/figcaption><\/figure>\n<p><em>\u00a0\u00a0\u00a0\u00a0\u00a0\u00a0\u00a0\u00a0\u00a0\u00a0\u00a0\u00a0\u00a0\u00a0\u00a0 Dizem que tudo o que \u00e9 novo e diferente, causa certo estranhamento, j\u00e1 ouviu algo semelhante? Bom, independentemente de sua resposta, a hist\u00f3ria da\u00a0<strong>marca de rel\u00f3gios de luxo Hublot<\/strong>, que foi projetada pelo italiano Carlo Crocco em 1980, ilustra perfeitamente esse cen\u00e1rio, afinal, o que n\u00e3o faltou foi espanto e \u201colhares tortos\u201d quando a empresa divulgou a cria\u00e7\u00e3o de um modelo fabricado com ouro e borracha.<\/em><\/p>\n<p><em>Ao anunciar essa ousada produ\u00e7\u00e3o, que demorou tr\u00eas anos para ser conclu\u00edda, o coment\u00e1rio que circulava o mercado relojoeiro foi un\u00e2nime, pois todos consideravam imposs\u00edvel mesclar os dois materiais e apresentar um resultado final aceit\u00e1vel.<\/em><\/p>\n<p><em>Por\u00e9m, foi o modelo criticado antes mesmo de ser concretizado, foi um sucesso, assim como todos os outros e por isso, a marca consolidou-se rapidamente entre as principais relojoarias mundiais.<\/em><\/p>\n<p><em>Em 2010, por exemplo, os\u00a0<strong>rel\u00f3gios da linha Hublot<\/strong>\u00a0foram definidos como os primeiros oficiais da Fifa e quanto aos valores, para possuir um desses exemplares tradicionais, o cliente dever\u00e1 pagar cerca de US$ 4 a US$ 10 mil \u2013 mas, assim como as outras marcas de luxo, h\u00e1 op\u00e7\u00f5es para quem deseja investir mais nesse poderoso acess\u00f3rio, como o<strong>\u00a0Big Bang Tourbillon Power Reserve,<\/strong>\u00a0que custa aproximadamente US$ 80\u00a0mil.<\/em><\/p>\n<p><strong><em>Jaeger-Lecoultre<\/em><\/strong><\/p>\n<figure id=\"attachment_15866\" aria-describedby=\"caption-attachment-15866\" style=\"width: 445px\" class=\"wp-caption aligncenter\"><img loading=\"lazy\" decoding=\"async\" class=\" wp-image-15866\" src=\"https:\/\/blogs.correiobraziliense.com.br\/aricunha\/wp-content\/uploads\/sites\/13\/2020\/02\/Jaeger-Lecoultre.png\" alt=\"\" width=\"445\" height=\"621\" srcset=\"https:\/\/blogs.correiobraziliense.com.br\/aricunha\/wp-content\/uploads\/sites\/13\/2020\/02\/Jaeger-Lecoultre.png 383w, https:\/\/blogs.correiobraziliense.com.br\/aricunha\/wp-content\/uploads\/sites\/13\/2020\/02\/Jaeger-Lecoultre-215x300.png 215w, https:\/\/blogs.correiobraziliense.com.br\/aricunha\/wp-content\/uploads\/sites\/13\/2020\/02\/Jaeger-Lecoultre-251x350.png 251w, https:\/\/blogs.correiobraziliense.com.br\/aricunha\/wp-content\/uploads\/sites\/13\/2020\/02\/Jaeger-Lecoultre-230x321.png 230w\" sizes=\"auto, (max-width: 445px) 100vw, 445px\" \/><figcaption id=\"caption-attachment-15866\" class=\"wp-caption-text\">Esse modelo chamado\u00a0Master Grande Tradition Grande Complication \u00e9 vendido por US$ 372 mil.<\/figcaption><\/figure>\n<p><em>\u00a0\u00a0\u00a0\u00a0\u00a0\u00a0\u00a0\u00a0\u00a0\u00a0\u00a0\u00a0\u00a0\u00a0\u00a0 S\u00f3 de possuir um modelo da conhecida marca de\u00a0<strong>rel\u00f3gios Jaeger-Lecoultre<\/strong>, o homem j\u00e1 se torna elegante, isso \u00e9 fato. Essa marca, que foi criada por Antoine LeCoultres, hoje \u00e9 reconhecida mundialmente e desejada por todos que entendem de moda, qualidade e estilo, existe h\u00e1 quase dois s\u00e9culos e traz um pequeno ateli\u00ea como cen\u00e1rio do in\u00edcio de seus trabalhos.<\/em><\/p>\n<p><em>\u00a0\u00a0\u00a0\u00a0\u00a0\u00a0\u00a0\u00a0\u00a0\u00a0\u00a0\u00a0\u00a0\u00a0\u00a0 Todo o sucesso dessa empresa deve-se ao neto de seu idealizador, Jacques-David LeCoultre, que sem medo de desafios, logo aceitou a proposta do relojoeiro parisiense, Edmond Jaeger, e criou uma s\u00e9rie de rel\u00f3gios de bolso ultrafinos.<\/em><\/p>\n<p><em>\u00a0\u00a0\u00a0\u00a0\u00a0\u00a0\u00a0\u00a0\u00a0\u00a0\u00a0\u00a0\u00a0\u00a0\u00a0 Atualmente, os modelos mais b\u00e1sicos das cole\u00e7\u00f5es criados pela marca Jaeger-Lecoultre custam em torno de US$ 4 mil, mas tamb\u00e9m \u00e9 poss\u00edvel adquirir itens avaliados com seis d\u00edgitos, como Master Grande Tradition Grande Complication, que s\u00f3 \u00e9 vendido por US$ 372 mil.<\/em><\/p>\n<p><strong><em>Cartier<\/em><\/strong><\/p>\n<figure id=\"attachment_15867\" aria-describedby=\"caption-attachment-15867\" style=\"width: 445px\" class=\"wp-caption aligncenter\"><img loading=\"lazy\" decoding=\"async\" class=\" wp-image-15867\" src=\"https:\/\/blogs.correiobraziliense.com.br\/aricunha\/wp-content\/uploads\/sites\/13\/2020\/02\/Cartier.jpg\" alt=\"\" width=\"445\" height=\"595\" srcset=\"https:\/\/blogs.correiobraziliense.com.br\/aricunha\/wp-content\/uploads\/sites\/13\/2020\/02\/Cartier.jpg 337w, https:\/\/blogs.correiobraziliense.com.br\/aricunha\/wp-content\/uploads\/sites\/13\/2020\/02\/Cartier-225x300.jpg 225w, https:\/\/blogs.correiobraziliense.com.br\/aricunha\/wp-content\/uploads\/sites\/13\/2020\/02\/Cartier-262x350.jpg 262w, https:\/\/blogs.correiobraziliense.com.br\/aricunha\/wp-content\/uploads\/sites\/13\/2020\/02\/Cartier-230x307.jpg 230w\" sizes=\"auto, (max-width: 445px) 100vw, 445px\" \/><figcaption id=\"caption-attachment-15867\" class=\"wp-caption-text\">Prova da sofistica\u00e7\u00e3o dessa marca \u00e9 o seu reconhecimento como a joalheria dos reis.<\/figcaption><\/figure>\n<p><em>\u00a0\u00a0\u00a0\u00a0\u00a0\u00a0\u00a0\u00a0\u00a0\u00a0\u00a0\u00a0\u00a0\u00a0\u00a0 Como prova do sucesso que uma empresa familiar pode atingir, a empresa\u00a0<strong>Cartier<\/strong>, que foi fundada em 1847 por Louis-Fran\u00e7ois Cartier e alcan\u00e7ou o \u00e1pice aos comandos de seu filho, Louis Cartier, tamb\u00e9m est\u00e1 presente na lista das melhores marcas de rel\u00f3gios e joias do mundo.<\/em><\/p>\n<p><em>\u00a0\u00a0\u00a0\u00a0\u00a0\u00a0\u00a0\u00a0\u00a0\u00a0\u00a0\u00a0\u00a0\u00a0\u00a0 Ao satisfazer os desejos do Rei Eduardo VII do Reino Unido e outros integrantes da realeza brit\u00e2nica e mundial, a marca passou a ser chamada de\u00a0<\/em><strong><em>\u201ca joalheria dos reis\u201d\u00a0<\/em><\/strong><em>e em 1904, inseriu o Brasil em sua hist\u00f3ria quando, em homenagem ao aviador Santos Dumont, criou um modelo de rel\u00f3gio de pulso com o seu nome.<\/em><\/p>\n<p><em>\u00a0\u00a0\u00a0\u00a0\u00a0\u00a0\u00a0\u00a0\u00a0\u00a0\u00a0\u00a0\u00a0\u00a0\u00a0 O valor dos seus itens, conforme o cat\u00e1logo, est\u00e1 entre US$ 5 mil e US$20, entretanto, h\u00e1 modelos como o Rotonde de Cartier Mysterious Double Tourbillon, que est\u00e1 avaliado em US$ 157 mil.<\/em><\/p>\n<p>&nbsp;<\/p>\n<p>&nbsp;<\/p>\n<p><strong>Impressionante<\/strong><\/p>\n<p>Acabou-se o manuseio de livros para muitos jovens. O nome do objeto que substitui uma biblioteca \u00e9 Kindle. At\u00e9 1100 livros digitais podem ser baixados para leitura. Pelo zoom, as letras ficam do tamanho que o leitor quiser. O dicion\u00e1rio pode ser consultado durante a leitura, inclusive em outras l\u00ednguas. Al\u00e9m disso, \u00e9 poss\u00edvel fazer anota\u00e7\u00f5es nas p\u00e1ginas. H\u00e1 tamb\u00e9m a possibilidade de calcular o tempo de leitura. O tamanho \u00e9 menor que a metade de uma folha A4. Vejam as imagens a seguir.<\/p>\n<p><iframe loading=\"lazy\" title=\"Review Amazon Kindle (2019 10\u00aa gera\u00e7\u00e3o): \u00e9 custo-benef\u00edcio que voc\u00ea queria? - TecMundo\" width=\"1440\" height=\"810\" src=\"https:\/\/www.youtube.com\/embed\/YBifHf3lQno?feature=oembed\" frameborder=\"0\" allow=\"accelerometer; autoplay; clipboard-write; encrypted-media; gyroscope; picture-in-picture; web-share\" referrerpolicy=\"strict-origin-when-cross-origin\" allowfullscreen><\/iframe><\/p>\n<p>&nbsp;<\/p>\n<p><strong>HIST\u00d3RIA DE BRAS\u00cdLIA<\/strong><\/p>\n<p>Agora, as pessoas que participaram da mesma concorr\u00eancia, informam que a firma vencedora n\u00e3o est\u00e1 cumprindo com as determina\u00e7\u00f5es do contrato, e apontam como infra\u00e7\u00e3o o fato de o terreno n\u00e3o ter sido arado, n\u00e3o ter sido gradeado nem nivelado. <strong>(Publicado em 15\/12\/1961)<\/strong><\/p>\n","protected":false},"excerpt":{"rendered":"<p>VISTO, LIDO E OUVIDO, criada por Ari Cunha (In memoriam) Desde 1960, com Circe Cunha e Mamfil jornalistacircecunha@gmail.com Facebook.com\/vistolidoeouvido Instagram.com\/vistolidoeouvido &nbsp; &nbsp; Seria poss\u00edvel estender o mundo do faz-de-contas para a vida real? Em alguma medida \u00e9 certamente o que fazemos no dia-a-dia, quando temos que nos adaptar \u00e0s exig\u00eancias do mundo externo, principalmente nas rela\u00e7\u00f5es profissionais e no contado [&hellip;]<\/p>\n","protected":false},"author":34,"featured_media":15870,"comment_status":"open","ping_status":"open","sticky":false,"template":"","format":"standard","meta":{"footnotes":""},"categories":[23],"tags":[2065,133,1235,114,2068,837,119,2066,2067,68,2,69,16],"class_list":["post-15859","post","type-post","status-publish","format-standard","has-post-thumbnail","hentry","category-integra","tag-atrizeseatoresdaglobo","tag-direitaeesquerdanobrasil","tag-governobolsonaro","tag-historiadebrasilia","tag-josedeabreu","tag-lulismo","tag-pt","tag-reginaduarte","tag-secretariadacultura","tag-aricunha","tag-brasilia","tag-circecunha","tag-mamfil"],"_links":{"self":[{"href":"https:\/\/blogs.correiobraziliense.com.br\/aricunha\/wp-json\/wp\/v2\/posts\/15859","targetHints":{"allow":["GET"]}}],"collection":[{"href":"https:\/\/blogs.correiobraziliense.com.br\/aricunha\/wp-json\/wp\/v2\/posts"}],"about":[{"href":"https:\/\/blogs.correiobraziliense.com.br\/aricunha\/wp-json\/wp\/v2\/types\/post"}],"author":[{"embeddable":true,"href":"https:\/\/blogs.correiobraziliense.com.br\/aricunha\/wp-json\/wp\/v2\/users\/34"}],"replies":[{"embeddable":true,"href":"https:\/\/blogs.correiobraziliense.com.br\/aricunha\/wp-json\/wp\/v2\/comments?post=15859"}],"version-history":[{"count":3,"href":"https:\/\/blogs.correiobraziliense.com.br\/aricunha\/wp-json\/wp\/v2\/posts\/15859\/revisions"}],"predecessor-version":[{"id":15871,"href":"https:\/\/blogs.correiobraziliense.com.br\/aricunha\/wp-json\/wp\/v2\/posts\/15859\/revisions\/15871"}],"wp:featuredmedia":[{"embeddable":true,"href":"https:\/\/blogs.correiobraziliense.com.br\/aricunha\/wp-json\/wp\/v2\/media\/15870"}],"wp:attachment":[{"href":"https:\/\/blogs.correiobraziliense.com.br\/aricunha\/wp-json\/wp\/v2\/media?parent=15859"}],"wp:term":[{"taxonomy":"category","embeddable":true,"href":"https:\/\/blogs.correiobraziliense.com.br\/aricunha\/wp-json\/wp\/v2\/categories?post=15859"},{"taxonomy":"post_tag","embeddable":true,"href":"https:\/\/blogs.correiobraziliense.com.br\/aricunha\/wp-json\/wp\/v2\/tags?post=15859"}],"curies":[{"name":"wp","href":"https:\/\/api.w.org\/{rel}","templated":true}]}}