{"id":15817,"date":"2020-01-30T01:00:44","date_gmt":"2020-01-30T04:00:44","guid":{"rendered":"https:\/\/blogs.correiobraziliense.com.br\/aricunha\/?p=15817"},"modified":"2020-01-28T21:39:27","modified_gmt":"2020-01-29T00:39:27","slug":"para-salvar-o-pais-do-subdesenvolvimento-cultural","status":"publish","type":"post","link":"https:\/\/blogs.correiobraziliense.com.br\/aricunha\/para-salvar-o-pais-do-subdesenvolvimento-cultural\/","title":{"rendered":"Para salvar o pa\u00eds do subdesenvolvimento cultural"},"content":{"rendered":"<p>VISTO, LIDO E OUVIDO, criada por Ari Cunha (In memoriam)<\/p>\n<p>Desde 1960, com Circe Cunha e Mamfil<\/p>\n<p>jornalistacircecunha@gmail.com<\/p>\n<p>Facebook.com\/vistolidoeouvido<\/p>\n<p>Instagram.com\/vistolidoeouvido<\/p>\n<p>&nbsp;<\/p>\n<figure id=\"attachment_14337\" aria-describedby=\"caption-attachment-14337\" style=\"width: 634px\" class=\"wp-caption aligncenter\"><img loading=\"lazy\" decoding=\"async\" class=\" wp-image-14337\" src=\"https:\/\/blogs.correiobraziliense.com.br\/aricunha\/wp-content\/uploads\/sites\/13\/2019\/06\/7061284_EDUCACAO.jpg\" alt=\"\" width=\"634\" height=\"463\" srcset=\"https:\/\/blogs.correiobraziliense.com.br\/aricunha\/wp-content\/uploads\/sites\/13\/2019\/06\/7061284_EDUCACAO.jpg 807w, https:\/\/blogs.correiobraziliense.com.br\/aricunha\/wp-content\/uploads\/sites\/13\/2019\/06\/7061284_EDUCACAO-300x219.jpg 300w, https:\/\/blogs.correiobraziliense.com.br\/aricunha\/wp-content\/uploads\/sites\/13\/2019\/06\/7061284_EDUCACAO-768x561.jpg 768w, https:\/\/blogs.correiobraziliense.com.br\/aricunha\/wp-content\/uploads\/sites\/13\/2019\/06\/7061284_EDUCACAO-350x256.jpg 350w, https:\/\/blogs.correiobraziliense.com.br\/aricunha\/wp-content\/uploads\/sites\/13\/2019\/06\/7061284_EDUCACAO-550x402.jpg 550w, https:\/\/blogs.correiobraziliense.com.br\/aricunha\/wp-content\/uploads\/sites\/13\/2019\/06\/7061284_EDUCACAO-230x168.jpg 230w\" sizes=\"auto, (max-width: 634px) 100vw, 634px\" \/><figcaption id=\"caption-attachment-14337\" class=\"wp-caption-text\">Ilustra\u00e7\u00e3o: profissaoatitude.com.br<\/figcaption><\/figure>\n<p>&nbsp;<\/p>\n<p>Sem d\u00favida, o desertar para a necessidade de retirar o cidad\u00e3o brasileiro da escurid\u00e3o do analfabetismo foi uma das mais importantes contribui\u00e7\u00f5es do movimento modernista e que viria a ser parcialmente atendido somente com a chamada revolu\u00e7\u00e3o de trinta, com a implanta\u00e7\u00e3o das primeiras e mais importantes escolas p\u00fablicas, fundadas nas capitais.<\/p>\n<p>Embora ainda frequentadas em grande parte pela elite do pa\u00eds, foi gra\u00e7as a esses estabelecimentos que o Brasil deu os primeiros passos em dire\u00e7\u00e3o ao saber. Pertence a esse per\u00edodo tamb\u00e9m a propaga\u00e7\u00e3o de um lema que chamava a aten\u00e7\u00e3o para a necessidade de combate ao analfabetismo e que por muito tempo serviu como norte a alguns governos. Criado pelo escritor Monteiro Lobato, o lema dizia: &#8220;Um pa\u00eds se faz com homens e livros&#8221;, querendo dizer, nas suas entrelinhas, que o pa\u00eds realmente pr\u00f3spero se constr\u00f3i com cidad\u00e3os letrados e c\u00f4nscios de seus destinos, que n\u00e3o se deixam manipular, sabem da sua import\u00e2ncia e possuem clareza sobre a condi\u00e7\u00e3o humana e sobre o mundo em volta.<\/p>\n<p>Passado exatamente um s\u00e9culo dessas primeiras manifesta\u00e7\u00f5es sobre a import\u00e2ncia na aquisi\u00e7\u00e3o do saber e dom\u00ednio das letras, \u00e9 poss\u00edvel constatar ainda que o Brasil ostenta algo em torno de 12% de sua popula\u00e7\u00e3o vivendo na escurid\u00e3o absoluta do analfabetismo e outros tantos por cento ostentando o diploma de analfabetos estruturais, ou seja, sabem ler e escrever, mas n\u00e3o entendem o que escrevem ou leem.<\/p>\n<p>O mais significativo e sintom\u00e1tico desse tempo de escurid\u00e3o que parece estar de volta, com a televis\u00e3o e outras atra\u00e7\u00f5es sabidamente sub culturais (sem contrapartida aos subs\u00eddios que recebem do governo), pode ser verificado nas grandes metr\u00f3poles brasileiras, tamb\u00e9m com o fechamento de praticamente todas as livrarias existentes.<\/p>\n<p>Sem bibliotecas p\u00fablicas de refer\u00eancia e agora com a despedida melanc\u00f3lica das poucas\u00a0 livrarias que existiam pelo pa\u00eds, parecem restar poucos caminhos para salvar o Brasil do subdesenvolvimento cultural: ou as grandes editoras de livros se unem, criando uma gigante do setor, ou o governo assume esse papel, deixando de lado estatais que produzem derivados de petr\u00f3leo, e organize uma bem aparelhada estatal do livro, erguendo uma editora nacional e moderna, com a publica\u00e7\u00e3o de livros\u00a0 de alta qualidade a pre\u00e7os honestos e acess\u00edveis a todos.<\/p>\n<p>Ou \u00e9 isso, ou ser\u00e1 o retorno do bicho-de-p\u00e9 e da barriga cheia de lombrigas.<\/p>\n<p>&nbsp;<\/p>\n<p>&nbsp;<\/p>\n<p><strong>A frase que foi pronunciada:<\/strong><\/p>\n<p><em>\u201cNunca conheci um homem t\u00e3o ignorante que n\u00e3o pudesse aprender algo com ele.\u201d<\/em><\/p>\n<p>Galileo Galilei, f\u00edsico, matem\u00e1tico, astr\u00f4nomo e fil\u00f3sofo florentino.<\/p>\n<p><iframe loading=\"lazy\" title=\"Saiba mais sobre Galileu Galilei, o pai da ci\u00eancia moderna\" width=\"1440\" height=\"810\" src=\"https:\/\/www.youtube.com\/embed\/RUcZylWElas?feature=oembed\" frameborder=\"0\" allow=\"accelerometer; autoplay; clipboard-write; encrypted-media; gyroscope; picture-in-picture; web-share\" referrerpolicy=\"strict-origin-when-cross-origin\" allowfullscreen><\/iframe><\/p>\n<p>&nbsp;<\/p>\n<p>&nbsp;<\/p>\n<p><strong>Ainda isso<\/strong><\/p>\n<p>Depois da divulga\u00e7\u00e3o de que o Brasil ocupou as \u00faltimas posi\u00e7\u00f5es no Programa Internacional de Avalia\u00e7\u00e3o de Estudantes (Pisa), realizado pela Organiza\u00e7\u00e3o para a Coopera\u00e7\u00e3o do Desenvolvimento Econ\u00f4mico (OCDE), at\u00e9 agora, como pol\u00edtica p\u00fablica, o que se tem visto \u00e9 a sugest\u00e3o das Secretarias de Educa\u00e7\u00e3o para que os professores n\u00e3o reprovem alunos. Sejam ruins ou p\u00e9ssimos.<\/p>\n<figure id=\"attachment_15826\" aria-describedby=\"caption-attachment-15826\" style=\"width: 549px\" class=\"wp-caption aligncenter\"><img loading=\"lazy\" decoding=\"async\" class=\" wp-image-15826\" src=\"https:\/\/blogs.correiobraziliense.com.br\/aricunha\/wp-content\/uploads\/sites\/13\/2020\/01\/qualnossa_nota.png\" alt=\"\" width=\"549\" height=\"383\" srcset=\"https:\/\/blogs.correiobraziliense.com.br\/aricunha\/wp-content\/uploads\/sites\/13\/2020\/01\/qualnossa_nota.png 643w, https:\/\/blogs.correiobraziliense.com.br\/aricunha\/wp-content\/uploads\/sites\/13\/2020\/01\/qualnossa_nota-300x209.png 300w, https:\/\/blogs.correiobraziliense.com.br\/aricunha\/wp-content\/uploads\/sites\/13\/2020\/01\/qualnossa_nota-350x244.png 350w, https:\/\/blogs.correiobraziliense.com.br\/aricunha\/wp-content\/uploads\/sites\/13\/2020\/01\/qualnossa_nota-550x383.png 550w, https:\/\/blogs.correiobraziliense.com.br\/aricunha\/wp-content\/uploads\/sites\/13\/2020\/01\/qualnossa_nota-230x160.png 230w\" sizes=\"auto, (max-width: 549px) 100vw, 549px\" \/><figcaption id=\"caption-attachment-15826\" class=\"wp-caption-text\">Charge do Cleverson<\/figcaption><\/figure>\n<p>&nbsp;<\/p>\n<p><strong>Abuso<\/strong><\/p>\n<p>Pais de col\u00e9gios particulares nos enviaram a foto de uma maletinha com alguns livros onde \u00e9 cobrado nada menos que R$650,00. Material obrigat\u00f3rio para crian\u00e7as de 4 anos de idade. Um verdadeiro absurdo! Veja as fotos a seguir.<\/p>\n<p><img loading=\"lazy\" decoding=\"async\" class=\"wp-image-15822 alignleft\" src=\"https:\/\/blogs.correiobraziliense.com.br\/aricunha\/wp-content\/uploads\/sites\/13\/2020\/01\/WhatsApp-Image-2020-01-28-at-12.56.25-1-1-1-1-1.jpeg\" alt=\"\" width=\"344\" height=\"445\" srcset=\"https:\/\/blogs.correiobraziliense.com.br\/aricunha\/wp-content\/uploads\/sites\/13\/2020\/01\/WhatsApp-Image-2020-01-28-at-12.56.25-1-1-1-1-1.jpeg 990w, https:\/\/blogs.correiobraziliense.com.br\/aricunha\/wp-content\/uploads\/sites\/13\/2020\/01\/WhatsApp-Image-2020-01-28-at-12.56.25-1-1-1-1-1-232x300.jpeg 232w, https:\/\/blogs.correiobraziliense.com.br\/aricunha\/wp-content\/uploads\/sites\/13\/2020\/01\/WhatsApp-Image-2020-01-28-at-12.56.25-1-1-1-1-1-768x993.jpeg 768w, https:\/\/blogs.correiobraziliense.com.br\/aricunha\/wp-content\/uploads\/sites\/13\/2020\/01\/WhatsApp-Image-2020-01-28-at-12.56.25-1-1-1-1-1-792x1024.jpeg 792w, https:\/\/blogs.correiobraziliense.com.br\/aricunha\/wp-content\/uploads\/sites\/13\/2020\/01\/WhatsApp-Image-2020-01-28-at-12.56.25-1-1-1-1-1-271x350.jpeg 271w, https:\/\/blogs.correiobraziliense.com.br\/aricunha\/wp-content\/uploads\/sites\/13\/2020\/01\/WhatsApp-Image-2020-01-28-at-12.56.25-1-1-1-1-1-550x711.jpeg 550w, https:\/\/blogs.correiobraziliense.com.br\/aricunha\/wp-content\/uploads\/sites\/13\/2020\/01\/WhatsApp-Image-2020-01-28-at-12.56.25-1-1-1-1-1-230x297.jpeg 230w\" sizes=\"auto, (max-width: 344px) 100vw, 344px\" \/> <img loading=\"lazy\" decoding=\"async\" class=\"wp-image-15823 alignright\" src=\"https:\/\/blogs.correiobraziliense.com.br\/aricunha\/wp-content\/uploads\/sites\/13\/2020\/01\/WhatsApp-Image-2020-01-28-at-12.56.25-2.jpeg\" alt=\"\" width=\"379\" height=\"446\" srcset=\"https:\/\/blogs.correiobraziliense.com.br\/aricunha\/wp-content\/uploads\/sites\/13\/2020\/01\/WhatsApp-Image-2020-01-28-at-12.56.25-2.jpeg 1088w, https:\/\/blogs.correiobraziliense.com.br\/aricunha\/wp-content\/uploads\/sites\/13\/2020\/01\/WhatsApp-Image-2020-01-28-at-12.56.25-2-255x300.jpeg 255w, https:\/\/blogs.correiobraziliense.com.br\/aricunha\/wp-content\/uploads\/sites\/13\/2020\/01\/WhatsApp-Image-2020-01-28-at-12.56.25-2-768x904.jpeg 768w, https:\/\/blogs.correiobraziliense.com.br\/aricunha\/wp-content\/uploads\/sites\/13\/2020\/01\/WhatsApp-Image-2020-01-28-at-12.56.25-2-870x1024.jpeg 870w, https:\/\/blogs.correiobraziliense.com.br\/aricunha\/wp-content\/uploads\/sites\/13\/2020\/01\/WhatsApp-Image-2020-01-28-at-12.56.25-2-298x350.jpeg 298w, https:\/\/blogs.correiobraziliense.com.br\/aricunha\/wp-content\/uploads\/sites\/13\/2020\/01\/WhatsApp-Image-2020-01-28-at-12.56.25-2-550x647.jpeg 550w, https:\/\/blogs.correiobraziliense.com.br\/aricunha\/wp-content\/uploads\/sites\/13\/2020\/01\/WhatsApp-Image-2020-01-28-at-12.56.25-2-230x271.jpeg 230w\" sizes=\"auto, (max-width: 379px) 100vw, 379px\" \/><\/p>\n<p>&nbsp;<\/p>\n<p>&nbsp;<\/p>\n<p><img loading=\"lazy\" decoding=\"async\" class=\"wp-image-15824 aligncenter\" src=\"https:\/\/blogs.correiobraziliense.com.br\/aricunha\/wp-content\/uploads\/sites\/13\/2020\/01\/WhatsApp-Image-2020-01-28-at-12.56.25-3-e1580257421411.jpeg\" alt=\"\" width=\"548\" height=\"308\" srcset=\"https:\/\/blogs.correiobraziliense.com.br\/aricunha\/wp-content\/uploads\/sites\/13\/2020\/01\/WhatsApp-Image-2020-01-28-at-12.56.25-3-e1580257421411.jpeg 1280w, https:\/\/blogs.correiobraziliense.com.br\/aricunha\/wp-content\/uploads\/sites\/13\/2020\/01\/WhatsApp-Image-2020-01-28-at-12.56.25-3-e1580257421411-300x169.jpeg 300w, https:\/\/blogs.correiobraziliense.com.br\/aricunha\/wp-content\/uploads\/sites\/13\/2020\/01\/WhatsApp-Image-2020-01-28-at-12.56.25-3-e1580257421411-1024x576.jpeg 1024w, https:\/\/blogs.correiobraziliense.com.br\/aricunha\/wp-content\/uploads\/sites\/13\/2020\/01\/WhatsApp-Image-2020-01-28-at-12.56.25-3-e1580257421411-350x197.jpeg 350w, https:\/\/blogs.correiobraziliense.com.br\/aricunha\/wp-content\/uploads\/sites\/13\/2020\/01\/WhatsApp-Image-2020-01-28-at-12.56.25-3-e1580257421411-550x309.jpeg 550w, https:\/\/blogs.correiobraziliense.com.br\/aricunha\/wp-content\/uploads\/sites\/13\/2020\/01\/WhatsApp-Image-2020-01-28-at-12.56.25-3-e1580257421411-230x129.jpeg 230w, https:\/\/blogs.correiobraziliense.com.br\/aricunha\/wp-content\/uploads\/sites\/13\/2020\/01\/WhatsApp-Image-2020-01-28-at-12.56.25-3-e1580257421411-768x432.jpeg 768w\" sizes=\"auto, (max-width: 548px) 100vw, 548px\" \/><\/p>\n<p><img loading=\"lazy\" decoding=\"async\" class=\"wp-image-15825 aligncenter\" src=\"https:\/\/blogs.correiobraziliense.com.br\/aricunha\/wp-content\/uploads\/sites\/13\/2020\/01\/WhatsApp-Image-2020-01-28-at-12.56.25.jpeg\" alt=\"\" width=\"548\" height=\"439\" srcset=\"https:\/\/blogs.correiobraziliense.com.br\/aricunha\/wp-content\/uploads\/sites\/13\/2020\/01\/WhatsApp-Image-2020-01-28-at-12.56.25.jpeg 1280w, https:\/\/blogs.correiobraziliense.com.br\/aricunha\/wp-content\/uploads\/sites\/13\/2020\/01\/WhatsApp-Image-2020-01-28-at-12.56.25-300x240.jpeg 300w, https:\/\/blogs.correiobraziliense.com.br\/aricunha\/wp-content\/uploads\/sites\/13\/2020\/01\/WhatsApp-Image-2020-01-28-at-12.56.25-768x614.jpeg 768w, https:\/\/blogs.correiobraziliense.com.br\/aricunha\/wp-content\/uploads\/sites\/13\/2020\/01\/WhatsApp-Image-2020-01-28-at-12.56.25-1024x819.jpeg 1024w, https:\/\/blogs.correiobraziliense.com.br\/aricunha\/wp-content\/uploads\/sites\/13\/2020\/01\/WhatsApp-Image-2020-01-28-at-12.56.25-350x280.jpeg 350w, https:\/\/blogs.correiobraziliense.com.br\/aricunha\/wp-content\/uploads\/sites\/13\/2020\/01\/WhatsApp-Image-2020-01-28-at-12.56.25-550x440.jpeg 550w, https:\/\/blogs.correiobraziliense.com.br\/aricunha\/wp-content\/uploads\/sites\/13\/2020\/01\/WhatsApp-Image-2020-01-28-at-12.56.25-230x184.jpeg 230w\" sizes=\"auto, (max-width: 548px) 100vw, 548px\" \/><\/p>\n<p>&nbsp;<\/p>\n<p>&nbsp;<\/p>\n<p><strong>Mosquitoeira<\/strong><\/p>\n<p>Criada por Ant\u00f4nio C. Gon\u00e7alves Pereira e Hermano C\u00e9sar M. Jambo, a mosquitoeira \u00e9 uma armadilha caseira que pode diminuir a prolifera\u00e7\u00e3o de mosquitos. Veja a seguir como usar a garrafa pet para esse fim.<\/p>\n<p><iframe loading=\"lazy\" title=\"Mosquitoeira\" width=\"1333\" height=\"1000\" src=\"https:\/\/www.youtube.com\/embed\/--E8pfy2EqE?start=20&amp;feature=oembed\" frameborder=\"0\" allow=\"accelerometer; autoplay; clipboard-write; encrypted-media; gyroscope; picture-in-picture; web-share\" referrerpolicy=\"strict-origin-when-cross-origin\" allowfullscreen><\/iframe><\/p>\n<p>&nbsp;<\/p>\n<p>&nbsp;<\/p>\n<p><strong>Mobilidade<\/strong><\/p>\n<p>Mesmo em locais onde h\u00e1 cal\u00e7adas, cadeirantes preferem o asfalto para fugir dos postes no meio do caminho ou as sucessivas subidas e descidas de meio fio.<\/p>\n<p><img loading=\"lazy\" decoding=\"async\" class=\" wp-image-15821 aligncenter\" src=\"https:\/\/blogs.correiobraziliense.com.br\/aricunha\/wp-content\/uploads\/sites\/13\/2020\/01\/WhatsApp-Image-2020-01-28-at-13.08.35.jpeg\" alt=\"\" width=\"550\" height=\"977\" srcset=\"https:\/\/blogs.correiobraziliense.com.br\/aricunha\/wp-content\/uploads\/sites\/13\/2020\/01\/WhatsApp-Image-2020-01-28-at-13.08.35.jpeg 720w, https:\/\/blogs.correiobraziliense.com.br\/aricunha\/wp-content\/uploads\/sites\/13\/2020\/01\/WhatsApp-Image-2020-01-28-at-13.08.35-169x300.jpeg 169w, https:\/\/blogs.correiobraziliense.com.br\/aricunha\/wp-content\/uploads\/sites\/13\/2020\/01\/WhatsApp-Image-2020-01-28-at-13.08.35-576x1024.jpeg 576w, https:\/\/blogs.correiobraziliense.com.br\/aricunha\/wp-content\/uploads\/sites\/13\/2020\/01\/WhatsApp-Image-2020-01-28-at-13.08.35-197x350.jpeg 197w, https:\/\/blogs.correiobraziliense.com.br\/aricunha\/wp-content\/uploads\/sites\/13\/2020\/01\/WhatsApp-Image-2020-01-28-at-13.08.35-550x978.jpeg 550w, https:\/\/blogs.correiobraziliense.com.br\/aricunha\/wp-content\/uploads\/sites\/13\/2020\/01\/WhatsApp-Image-2020-01-28-at-13.08.35-230x409.jpeg 230w\" sizes=\"auto, (max-width: 550px) 100vw, 550px\" \/><\/p>\n<p>&nbsp;<\/p>\n<p>&nbsp;<\/p>\n<p><strong>Sem emprego<\/strong><\/p>\n<p>Prova do desemprego na capital est\u00e1 na fila gigantesca formada em volta do Est\u00e1dio Man\u00e9 Garrincha. Gente com diploma em curso superior, experi\u00eancia em diversas atividades administrativas, engrossaram as filas para o \u201cbanco de talentos\u201d em servi\u00e7os gerais.<\/p>\n<figure id=\"attachment_15820\" aria-describedby=\"caption-attachment-15820\" style=\"width: 551px\" class=\"wp-caption aligncenter\"><img loading=\"lazy\" decoding=\"async\" class=\" wp-image-15820\" src=\"https:\/\/blogs.correiobraziliense.com.br\/aricunha\/wp-content\/uploads\/sites\/13\/2020\/01\/20200128081013984706o.jpg\" alt=\"\" width=\"551\" height=\"367\" srcset=\"https:\/\/blogs.correiobraziliense.com.br\/aricunha\/wp-content\/uploads\/sites\/13\/2020\/01\/20200128081013984706o.jpg 820w, https:\/\/blogs.correiobraziliense.com.br\/aricunha\/wp-content\/uploads\/sites\/13\/2020\/01\/20200128081013984706o-300x200.jpg 300w, https:\/\/blogs.correiobraziliense.com.br\/aricunha\/wp-content\/uploads\/sites\/13\/2020\/01\/20200128081013984706o-768x512.jpg 768w, https:\/\/blogs.correiobraziliense.com.br\/aricunha\/wp-content\/uploads\/sites\/13\/2020\/01\/20200128081013984706o-350x233.jpg 350w, https:\/\/blogs.correiobraziliense.com.br\/aricunha\/wp-content\/uploads\/sites\/13\/2020\/01\/20200128081013984706o-550x367.jpg 550w, https:\/\/blogs.correiobraziliense.com.br\/aricunha\/wp-content\/uploads\/sites\/13\/2020\/01\/20200128081013984706o-230x153.jpg 230w\" sizes=\"auto, (max-width: 551px) 100vw, 551px\" \/><figcaption id=\"caption-attachment-15820\" class=\"wp-caption-text\">Foto: Ed Alves\/CB\/ DA Press<\/figcaption><\/figure>\n<p>&nbsp;<\/p>\n<p>&nbsp;<\/p>\n<p><strong>Novamente<\/strong><\/p>\n<p>Dentre os in\u00fameros infiltrados que t\u00eam se concentrado em minar o pessoal nomeado pelo presidente Bolsonaro, agora chega a not\u00edcia de que a Pol\u00edcia Federal j\u00e1 concluiu a an\u00e1lise sobre as mensagens que derrubaram o general Santos Cruz. Eram falsas.<\/p>\n<figure id=\"attachment_15819\" aria-describedby=\"caption-attachment-15819\" style=\"width: 550px\" class=\"wp-caption aligncenter\"><img loading=\"lazy\" decoding=\"async\" class=\"wp-image-15819 \" src=\"https:\/\/blogs.correiobraziliense.com.br\/aricunha\/wp-content\/uploads\/sites\/13\/2020\/01\/25239279-e1580256864118.jpg\" alt=\"\" width=\"550\" height=\"703\" srcset=\"https:\/\/blogs.correiobraziliense.com.br\/aricunha\/wp-content\/uploads\/sites\/13\/2020\/01\/25239279-e1580256864118.jpg 576w, https:\/\/blogs.correiobraziliense.com.br\/aricunha\/wp-content\/uploads\/sites\/13\/2020\/01\/25239279-e1580256864118-234x300.jpg 234w, https:\/\/blogs.correiobraziliense.com.br\/aricunha\/wp-content\/uploads\/sites\/13\/2020\/01\/25239279-e1580256864118-274x350.jpg 274w, https:\/\/blogs.correiobraziliense.com.br\/aricunha\/wp-content\/uploads\/sites\/13\/2020\/01\/25239279-e1580256864118-550x704.jpg 550w, https:\/\/blogs.correiobraziliense.com.br\/aricunha\/wp-content\/uploads\/sites\/13\/2020\/01\/25239279-e1580256864118-230x294.jpg 230w\" sizes=\"auto, (max-width: 550px) 100vw, 550px\" \/><figcaption id=\"caption-attachment-15819\" class=\"wp-caption-text\">Mensagens de WhatsApp atribu\u00eddas a Santos Cruz fazem cr\u00edticas a Bolsonaro e aos filhos dele Divulga\u00e7\u00e3o \/ Ministro Santos Cruz<\/figcaption><\/figure>\n<p>&nbsp;<\/p>\n<p>&nbsp;<\/p>\n<p><strong>HIST\u00d3RIA DE BRAS\u00cdLIA<\/strong><\/p>\n<p>Os candangos da obra do Hotel Nacional interromperam, ontem, seu trabalho para dar ca\u00e7a a um veado que apareceu em frente \u00e0s lojinhas. <strong>(Publicado em 15\/12\/1961)<\/strong><\/p>\n","protected":false},"excerpt":{"rendered":"<p>VISTO, LIDO E OUVIDO, criada por Ari Cunha (In memoriam) Desde 1960, com Circe Cunha e Mamfil jornalistacircecunha@gmail.com Facebook.com\/vistolidoeouvido Instagram.com\/vistolidoeouvido &nbsp; &nbsp; Sem d\u00favida, o desertar para a necessidade de retirar o cidad\u00e3o brasileiro da escurid\u00e3o do analfabetismo foi uma das mais importantes contribui\u00e7\u00f5es do movimento modernista e que viria a ser parcialmente atendido somente com a chamada revolu\u00e7\u00e3o de [&hellip;]<\/p>\n","protected":false},"author":34,"featured_media":14337,"comment_status":"open","ping_status":"open","sticky":false,"template":"","format":"standard","meta":{"footnotes":""},"categories":[23],"tags":[2056,2053,604,2057,114,2055,68,2,69,16],"class_list":["post-15817","post","type-post","status-publish","format-standard","has-post-thumbnail","hentry","category-integra","tag-analfabetismoestrutural","tag-analfabetismonobrasil","tag-educacaonobrasil","tag-falenciadaslivrarias","tag-historiadebrasilia","tag-subdesenvolvimentocultural","tag-aricunha","tag-brasilia","tag-circecunha","tag-mamfil"],"_links":{"self":[{"href":"https:\/\/blogs.correiobraziliense.com.br\/aricunha\/wp-json\/wp\/v2\/posts\/15817","targetHints":{"allow":["GET"]}}],"collection":[{"href":"https:\/\/blogs.correiobraziliense.com.br\/aricunha\/wp-json\/wp\/v2\/posts"}],"about":[{"href":"https:\/\/blogs.correiobraziliense.com.br\/aricunha\/wp-json\/wp\/v2\/types\/post"}],"author":[{"embeddable":true,"href":"https:\/\/blogs.correiobraziliense.com.br\/aricunha\/wp-json\/wp\/v2\/users\/34"}],"replies":[{"embeddable":true,"href":"https:\/\/blogs.correiobraziliense.com.br\/aricunha\/wp-json\/wp\/v2\/comments?post=15817"}],"version-history":[{"count":3,"href":"https:\/\/blogs.correiobraziliense.com.br\/aricunha\/wp-json\/wp\/v2\/posts\/15817\/revisions"}],"predecessor-version":[{"id":15828,"href":"https:\/\/blogs.correiobraziliense.com.br\/aricunha\/wp-json\/wp\/v2\/posts\/15817\/revisions\/15828"}],"wp:featuredmedia":[{"embeddable":true,"href":"https:\/\/blogs.correiobraziliense.com.br\/aricunha\/wp-json\/wp\/v2\/media\/14337"}],"wp:attachment":[{"href":"https:\/\/blogs.correiobraziliense.com.br\/aricunha\/wp-json\/wp\/v2\/media?parent=15817"}],"wp:term":[{"taxonomy":"category","embeddable":true,"href":"https:\/\/blogs.correiobraziliense.com.br\/aricunha\/wp-json\/wp\/v2\/categories?post=15817"},{"taxonomy":"post_tag","embeddable":true,"href":"https:\/\/blogs.correiobraziliense.com.br\/aricunha\/wp-json\/wp\/v2\/tags?post=15817"}],"curies":[{"name":"wp","href":"https:\/\/api.w.org\/{rel}","templated":true}]}}