{"id":15803,"date":"2020-01-28T01:00:14","date_gmt":"2020-01-28T04:00:14","guid":{"rendered":"https:\/\/blogs.correiobraziliense.com.br\/aricunha\/?p=15803"},"modified":"2020-01-27T20:05:20","modified_gmt":"2020-01-27T23:05:20","slug":"sistema-punitivo-ou-um-laisser-faire","status":"publish","type":"post","link":"https:\/\/blogs.correiobraziliense.com.br\/aricunha\/sistema-punitivo-ou-um-laisser-faire\/","title":{"rendered":"Sistema punitivo ou um laisser faire?"},"content":{"rendered":"<p>VISTO, LIDO E OUVIDO, criada por Ari Cunha (In memoriam)<\/p>\n<p>Desde 1960, com Circe Cunha e Mamfil<\/p>\n<p>jornalistacircecunha@gmail.com<\/p>\n<p>Facebook.com\/vistolidoeouvido<\/p>\n<p>Instagram.com\/vistolidoeouvido<\/p>\n<p>&nbsp;<\/p>\n<p><img loading=\"lazy\" decoding=\"async\" class=\"size-full wp-image-15809 aligncenter\" src=\"https:\/\/blogs.correiobraziliense.com.br\/aricunha\/wp-content\/uploads\/sites\/13\/2020\/01\/Capturar.jpg\" alt=\"\" width=\"642\" height=\"361\" srcset=\"https:\/\/blogs.correiobraziliense.com.br\/aricunha\/wp-content\/uploads\/sites\/13\/2020\/01\/Capturar.jpg 642w, https:\/\/blogs.correiobraziliense.com.br\/aricunha\/wp-content\/uploads\/sites\/13\/2020\/01\/Capturar-300x169.jpg 300w, https:\/\/blogs.correiobraziliense.com.br\/aricunha\/wp-content\/uploads\/sites\/13\/2020\/01\/Capturar-350x197.jpg 350w, https:\/\/blogs.correiobraziliense.com.br\/aricunha\/wp-content\/uploads\/sites\/13\/2020\/01\/Capturar-550x309.jpg 550w, https:\/\/blogs.correiobraziliense.com.br\/aricunha\/wp-content\/uploads\/sites\/13\/2020\/01\/Capturar-230x129.jpg 230w\" sizes=\"auto, (max-width: 642px) 100vw, 642px\" \/><\/p>\n<p>&nbsp;<\/p>\n<p>Com a expans\u00e3o das m\u00eddias pelas redes sociais, a sensa\u00e7\u00e3o \u00e9 de que esses casos passaram a se repetir de hora em hora, incentivados pela leni\u00eancia de parte dos \u00f3rg\u00e3os fiscalizadores, com apoio tamb\u00e9m de parcela do pr\u00f3prio judici\u00e1rio, afoito em conceder habeas corpus aos convivas do mesmo andar social. Para os muitos brasileiros de bem, essa rotina mals\u00e3 n\u00e3o tem sido capaz ainda de entorpecer a capacidade de se indignar e de manter alguma esperan\u00e7a de que, em algum momento, a rapinagem ir\u00e1 cessar, quer pela exaust\u00e3o das riquezas, seja pela revolta popular ou pela tomada de consci\u00eancia da parte sadia da justi\u00e7a.<\/p>\n<p>Enquanto isso n\u00e3o ocorre, furtam, como dizia Padre Ant\u00f4nio Vieira j\u00e1 em 1655, \u201cpelo modo infinitivo, porque n\u00e3o tem fim o furtar com o fim do governo, e sempre aqui deixam ra\u00edzes, em que se v\u00e3o continuando os furtos.\u201d S\u00e3o tantos casos seguidos que um canal de televis\u00e3o at\u00e9 j\u00e1 criou uma esp\u00e9cie de logomarca padr\u00e3o, que aparece sempre ao fim do notici\u00e1rio policial, bem no rodap\u00e9 da TV, em que se l\u00ea entre par\u00eanteses: \u201cO que dizem os citados\u201d.<\/p>\n<p>Come\u00e7a ent\u00e3o o desenrolar das ladainhas das mais estapaf\u00fardias justificativas de cada um desses envolvidos no que parece ser o maior cipoal de ladravazes j\u00e1 reunidos, de uma s\u00f3 vez num mesmo Estado.<\/p>\n<p>A vingan\u00e7a que muitos enxergam para esses gatunos \u00e9 que o produto de suas rapinagens acabar\u00e1, ao fim de um longo processo, na algibeira de seus obsequiosos advogados, em forma de honor\u00e1veis honor\u00e1rios, transformados em mans\u00f5es, carros de luxo, rel\u00f3gios sofisticados, vinhos fin\u00edssimos e outros itens t\u00e3o ao agrado dessa gente que forma uma casta aparte da na\u00e7\u00e3o e que, ao fim, ao cabo, \u00e9 tudo farinha do mesmo saco.<\/p>\n<p>Quem assiste, l\u00ea ou ouve nas r\u00e1dios os principais notici\u00e1rios de nosso cotidiano, geralmente ao fim do dia, depois de uma longa e exaustiva jornada de trabalho, vai para a cama cada vez mais convencido de que esse \u00e9 realmente um pa\u00eds sui generis e de riquezas inesgot\u00e1veis. De outra forma, como seria poss\u00edvel ao Brasil n\u00e3o ter ainda desaparecido do mapa mundi e resistido a mais de quinhentos anos de pilhagem cont\u00ednua?<\/p>\n<p>Esse, sem d\u00favida, \u00e9 um mist\u00e9rio que parece caber bem nos contos ao estilo realismo fant\u00e1stico.\u00a0 A sequ\u00eancia ininterrupta com que desfilam imp\u00e1vidos e, na nossa cara, os mais inusitados e escabrosos casos de desvios de dinheiro p\u00fablico, praticados, na sua maioria, pelas principais lideran\u00e7as pol\u00edticas do pa\u00eds, \u00e9 tamanha que, para caber na nossa realidade, se transforma numa esp\u00e9cie de rotina, em que a banaliza\u00e7\u00e3o do mal \u00e9 vista sem maiores sustos.<\/p>\n<p>&nbsp;<\/p>\n<p>&nbsp;<\/p>\n<p>&nbsp;<\/p>\n<p><strong>A frase que foi pronunciada:<\/strong><\/p>\n<p><em>\u201cNunca duvide que um pequeno grupo de cidad\u00e3os atenciosos e comprometidos possa mudar o mundo. Na verdade, \u00e9 a \u00fanica coisa que j\u00e1 houve.\u201d<\/em><\/p>\n<p>Margaret Mead, antrop\u00f3loga cultural norte-americana.<\/p>\n<figure id=\"attachment_15807\" aria-describedby=\"caption-attachment-15807\" style=\"width: 546px\" class=\"wp-caption aligncenter\"><img loading=\"lazy\" decoding=\"async\" class=\" wp-image-15807\" src=\"https:\/\/blogs.correiobraziliense.com.br\/aricunha\/wp-content\/uploads\/sites\/13\/2020\/01\/mm.jpg\" alt=\"\" width=\"546\" height=\"416\" srcset=\"https:\/\/blogs.correiobraziliense.com.br\/aricunha\/wp-content\/uploads\/sites\/13\/2020\/01\/mm.jpg 450w, https:\/\/blogs.correiobraziliense.com.br\/aricunha\/wp-content\/uploads\/sites\/13\/2020\/01\/mm-300x229.jpg 300w, https:\/\/blogs.correiobraziliense.com.br\/aricunha\/wp-content\/uploads\/sites\/13\/2020\/01\/mm-350x267.jpg 350w, https:\/\/blogs.correiobraziliense.com.br\/aricunha\/wp-content\/uploads\/sites\/13\/2020\/01\/mm-230x175.jpg 230w\" sizes=\"auto, (max-width: 546px) 100vw, 546px\" \/><figcaption id=\"caption-attachment-15807\" class=\"wp-caption-text\">Foto: britannica.com<\/figcaption><\/figure>\n<p>&nbsp;<\/p>\n<p>&nbsp;<\/p>\n<p><strong>Paci\u00eancia<\/strong><\/p>\n<p>Regina Ivete Lopes simplesmente n\u00e3o conseguia mais fazer Pilates com as m\u00fasicas que a academia adotava. Diplomaticamente, sugeriu ao professor, que acabara de se formar, a ouvir uma colet\u00e2nea de Mozart como contraponto. O rapaz nunca ouviu falar no compositor austr\u00edaco.<\/p>\n<p><iframe loading=\"lazy\" title=\"Mozart vs Beethoven: The Key Differences Every Pianist Should Know\" width=\"1440\" height=\"810\" src=\"https:\/\/www.youtube.com\/embed\/c6WN5Fjp0S8?feature=oembed\" frameborder=\"0\" allow=\"accelerometer; autoplay; clipboard-write; encrypted-media; gyroscope; picture-in-picture; web-share\" referrerpolicy=\"strict-origin-when-cross-origin\" allowfullscreen><\/iframe><\/p>\n<p>&nbsp;<\/p>\n<p>&nbsp;<\/p>\n<p><strong>Essa n\u00e3o<\/strong><\/p>\n<p>Contando o ocorrido para as amigas veio outra bomba. Num curso de l\u00ednguas, o assunto foi Beethoven. Algu\u00e9m disse de imediato que conhecia. Era aquele c\u00e3o S\u00e3o Bernardo protagonista de um filme. Fazer o qu\u00ea?<\/p>\n<p><iframe loading=\"lazy\" title=\"Ludwig van Beethoven | Writer of the Future | Biography\" width=\"1440\" height=\"810\" src=\"https:\/\/www.youtube.com\/embed\/PSrME5tj-is?feature=oembed\" frameborder=\"0\" allow=\"accelerometer; autoplay; clipboard-write; encrypted-media; gyroscope; picture-in-picture; web-share\" referrerpolicy=\"strict-origin-when-cross-origin\" allowfullscreen><\/iframe><\/p>\n<p>&nbsp;<\/p>\n<p>&nbsp;<\/p>\n<p><strong>Fim de linha<\/strong><\/p>\n<p>Outro dia, em uma universidade particular, o professor quis saber se algu\u00e9m identificaria Napole\u00e3o Bonaparte em uma gravura. O \u00fanico que arriscou disse que era S\u00e3o Jorge.<\/p>\n<figure id=\"attachment_15806\" aria-describedby=\"caption-attachment-15806\" style=\"width: 549px\" class=\"wp-caption aligncenter\"><img loading=\"lazy\" decoding=\"async\" class=\" wp-image-15806\" src=\"https:\/\/blogs.correiobraziliense.com.br\/aricunha\/wp-content\/uploads\/sites\/13\/2020\/01\/napoleon-big.jpg\" alt=\"\" width=\"549\" height=\"278\" srcset=\"https:\/\/blogs.correiobraziliense.com.br\/aricunha\/wp-content\/uploads\/sites\/13\/2020\/01\/napoleon-big.jpg 800w, https:\/\/blogs.correiobraziliense.com.br\/aricunha\/wp-content\/uploads\/sites\/13\/2020\/01\/napoleon-big-300x152.jpg 300w, https:\/\/blogs.correiobraziliense.com.br\/aricunha\/wp-content\/uploads\/sites\/13\/2020\/01\/napoleon-big-768x389.jpg 768w, https:\/\/blogs.correiobraziliense.com.br\/aricunha\/wp-content\/uploads\/sites\/13\/2020\/01\/napoleon-big-350x177.jpg 350w, https:\/\/blogs.correiobraziliense.com.br\/aricunha\/wp-content\/uploads\/sites\/13\/2020\/01\/napoleon-big-550x278.jpg 550w, https:\/\/blogs.correiobraziliense.com.br\/aricunha\/wp-content\/uploads\/sites\/13\/2020\/01\/napoleon-big-230x116.jpg 230w\" sizes=\"auto, (max-width: 549px) 100vw, 549px\" \/><figcaption id=\"caption-attachment-15806\" class=\"wp-caption-text\">Pintura que retrata Napole\u00e3o Bonaparte (Foto: Reprodu\u00e7\u00e3o)<\/figcaption><\/figure>\n<p>&nbsp;<\/p>\n<p>&nbsp;<\/p>\n<p><strong>Chega de funk<\/strong><\/p>\n<p>Como dizia Ariano Suassuna, o fato de s\u00f3 darem osso n\u00e3o significa que o povo s\u00f3 gosta de osso. Experimente dar fil\u00e9. S\u00e3o v\u00e1rios os projetos para crian\u00e7as vulner\u00e1veis que levam a m\u00fasica erudita, esportes, ballet e tudo \u00e9 muito bem recebido.<\/p>\n<p><iframe loading=\"lazy\" title=\"Crian\u00e7a dan\u00e7ando funk\ud83d\ude31\ud83d\ude0d\" width=\"1440\" height=\"810\" src=\"https:\/\/www.youtube.com\/embed\/fqlGLPvuqgA?feature=oembed\" frameborder=\"0\" allow=\"accelerometer; autoplay; clipboard-write; encrypted-media; gyroscope; picture-in-picture; web-share\" referrerpolicy=\"strict-origin-when-cross-origin\" allowfullscreen><\/iframe><\/p>\n<p>&nbsp;<\/p>\n<p>&nbsp;<\/p>\n<p><strong>Segredo<\/strong><\/p>\n<p>Pela primeira vez em Bras\u00edlia, ser\u00e1 o encontro de uma das classes profissionais mais importantes do pa\u00eds, os pr\u00e1ticos. Tudo organizado pelo Conselho Nacional de Praticagem. O evento ser\u00e1 no dia 6 de fevereiro no Clube Naval.<\/p>\n<p><iframe loading=\"lazy\" title=\"Veja o que faz um pr\u00e1tico de navios   CNEWS\" width=\"1440\" height=\"810\" src=\"https:\/\/www.youtube.com\/embed\/OkmfldxVmg4?feature=oembed\" frameborder=\"0\" allow=\"accelerometer; autoplay; clipboard-write; encrypted-media; gyroscope; picture-in-picture; web-share\" referrerpolicy=\"strict-origin-when-cross-origin\" allowfullscreen><\/iframe><\/p>\n<p>&nbsp;<\/p>\n<p>&nbsp;<\/p>\n<p><strong>Erro de c\u00e1lculo<\/strong><\/p>\n<p>S\u00e3o muitos os pensionatos de mo\u00e7as em Bras\u00edlia. Mas os pre\u00e7os est\u00e3o bem fora da realidade. Enquanto se \u00e9 poss\u00edvel alugar uma quitinete por R$700, um quarto para duas pessoas custa R$ 600.<\/p>\n<p>&nbsp;<\/p>\n<p>&nbsp;<\/p>\n<p>&nbsp;<\/p>\n<p><strong>HIST\u00d3RIA DE BRAS\u00cdLIA <\/strong><\/p>\n<p>Quem construiu a Escola Classe da superquadra 108, que v\u00e1 ver a belezinha de impermeabiliza\u00e7\u00e3o do pr\u00e9dio. Ontem, a entrega das notas dos alunos foi feita dentro de uma sala de aula, com \u00e1gua pingando do teto, e dois candangos com um rodo evitando o empo\u00e7amento. <strong>(Publicado em 15\/12\/1961)<\/strong><\/p>\n","protected":false},"excerpt":{"rendered":"<p>VISTO, LIDO E OUVIDO, criada por Ari Cunha (In memoriam) Desde 1960, com Circe Cunha e Mamfil jornalistacircecunha@gmail.com Facebook.com\/vistolidoeouvido Instagram.com\/vistolidoeouvido &nbsp; &nbsp; Com a expans\u00e3o das m\u00eddias pelas redes sociais, a sensa\u00e7\u00e3o \u00e9 de que esses casos passaram a se repetir de hora em hora, incentivados pela leni\u00eancia de parte dos \u00f3rg\u00e3os fiscalizadores, com apoio tamb\u00e9m de parcela do pr\u00f3prio [&hellip;]<\/p>\n","protected":false},"author":34,"featured_media":15809,"comment_status":"open","ping_status":"open","sticky":false,"template":"","format":"standard","meta":{"footnotes":""},"categories":[23],"tags":[1307,287,2048,114,1475,288,68,2,69,16,51],"class_list":["post-15803","post","type-post","status-publish","format-standard","has-post-thumbnail","hentry","category-integra","tag-congressonacional","tag-corrupcao","tag-desviodedinheiropublico","tag-historiadebrasilia","tag-justicanobrasil","tag-politicosnobrasil","tag-aricunha","tag-brasilia","tag-circecunha","tag-mamfil","tag-politica"],"_links":{"self":[{"href":"https:\/\/blogs.correiobraziliense.com.br\/aricunha\/wp-json\/wp\/v2\/posts\/15803","targetHints":{"allow":["GET"]}}],"collection":[{"href":"https:\/\/blogs.correiobraziliense.com.br\/aricunha\/wp-json\/wp\/v2\/posts"}],"about":[{"href":"https:\/\/blogs.correiobraziliense.com.br\/aricunha\/wp-json\/wp\/v2\/types\/post"}],"author":[{"embeddable":true,"href":"https:\/\/blogs.correiobraziliense.com.br\/aricunha\/wp-json\/wp\/v2\/users\/34"}],"replies":[{"embeddable":true,"href":"https:\/\/blogs.correiobraziliense.com.br\/aricunha\/wp-json\/wp\/v2\/comments?post=15803"}],"version-history":[{"count":4,"href":"https:\/\/blogs.correiobraziliense.com.br\/aricunha\/wp-json\/wp\/v2\/posts\/15803\/revisions"}],"predecessor-version":[{"id":15810,"href":"https:\/\/blogs.correiobraziliense.com.br\/aricunha\/wp-json\/wp\/v2\/posts\/15803\/revisions\/15810"}],"wp:featuredmedia":[{"embeddable":true,"href":"https:\/\/blogs.correiobraziliense.com.br\/aricunha\/wp-json\/wp\/v2\/media\/15809"}],"wp:attachment":[{"href":"https:\/\/blogs.correiobraziliense.com.br\/aricunha\/wp-json\/wp\/v2\/media?parent=15803"}],"wp:term":[{"taxonomy":"category","embeddable":true,"href":"https:\/\/blogs.correiobraziliense.com.br\/aricunha\/wp-json\/wp\/v2\/categories?post=15803"},{"taxonomy":"post_tag","embeddable":true,"href":"https:\/\/blogs.correiobraziliense.com.br\/aricunha\/wp-json\/wp\/v2\/tags?post=15803"}],"curies":[{"name":"wp","href":"https:\/\/api.w.org\/{rel}","templated":true}]}}