{"id":15773,"date":"2020-01-23T01:00:19","date_gmt":"2020-01-23T04:00:19","guid":{"rendered":"https:\/\/blogs.correiobraziliense.com.br\/aricunha\/?p=15773"},"modified":"2020-01-23T11:21:47","modified_gmt":"2020-01-23T14:21:47","slug":"dinheiro-publico-para-o-que-a-nacao-nao-necessita-tem-de-sobra","status":"publish","type":"post","link":"https:\/\/blogs.correiobraziliense.com.br\/aricunha\/dinheiro-publico-para-o-que-a-nacao-nao-necessita-tem-de-sobra\/","title":{"rendered":"Dinheiro p\u00fablico, para o que a na\u00e7\u00e3o n\u00e3o necessita, tem de sobra!"},"content":{"rendered":"<p>VISTO, LIDO E OUVIDO, criada por Ari Cunha (In memoriam)<\/p>\n<p>Desde 1960, com Circe Cunha e Mamfil<\/p>\n<p>jornalistacircecunha@gmail.com<\/p>\n<p>Facebook.com\/vistolidoeouvido<\/p>\n<p>Instagram.com\/vistolidoeouvido<\/p>\n<p>&nbsp;<\/p>\n<figure id=\"attachment_10296\" aria-describedby=\"caption-attachment-10296\" style=\"width: 640px\" class=\"wp-caption aligncenter\"><img loading=\"lazy\" decoding=\"async\" class=\"size-full wp-image-10296\" src=\"https:\/\/blogs.correiobraziliense.com.br\/aricunha\/wp-content\/uploads\/sites\/13\/2018\/03\/dinheiro-p\u00fablico-ralo.png\" alt=\"\" width=\"640\" height=\"444\" srcset=\"https:\/\/blogs.correiobraziliense.com.br\/aricunha\/wp-content\/uploads\/sites\/13\/2018\/03\/dinheiro-p\u00fablico-ralo.png 640w, https:\/\/blogs.correiobraziliense.com.br\/aricunha\/wp-content\/uploads\/sites\/13\/2018\/03\/dinheiro-p\u00fablico-ralo-300x208.png 300w, https:\/\/blogs.correiobraziliense.com.br\/aricunha\/wp-content\/uploads\/sites\/13\/2018\/03\/dinheiro-p\u00fablico-ralo-350x243.png 350w, https:\/\/blogs.correiobraziliense.com.br\/aricunha\/wp-content\/uploads\/sites\/13\/2018\/03\/dinheiro-p\u00fablico-ralo-550x382.png 550w, https:\/\/blogs.correiobraziliense.com.br\/aricunha\/wp-content\/uploads\/sites\/13\/2018\/03\/dinheiro-p\u00fablico-ralo-230x160.png 230w\" sizes=\"auto, (max-width: 640px) 100vw, 640px\" \/><figcaption id=\"caption-attachment-10296\" class=\"wp-caption-text\">Charge do Amorim (folhapolitica.org)<\/figcaption><\/figure>\n<p>&nbsp;<\/p>\n<p>Dinheiro p\u00fablico neste pa\u00eds \u00e9 como al\u00e7a de caix\u00e3o de defunto importante: todos querem segurar e carregar. A desfa\u00e7atez e a pouca cerim\u00f4nia com que os respons\u00e1veis pela gest\u00e3o desses recursos, que saem da algibeira dos pagadores de impostos, torram em despesas, absolutamente sup\u00e9rfluas, ou mesmo tratam de desviar para si, n\u00e3o possuem paralelo no mundo contempor\u00e2neo.<\/p>\n<p>S\u00e3o fortunas t\u00e3o fabulosas que somem no espa\u00e7o, que foi necess\u00e1rio Congresso, Executivo e Judici\u00e1rio se unirem em tratativas estrat\u00e9gicas e regulares para encontrarem f\u00f3rmulas capazes minorar a puni\u00e7\u00e3o aos gestores p\u00fablicos, principalmente aqueles oriundos das classes pol\u00edticas. A pobreza, a defici\u00eancia de escolaridade e outros fatores de ordem social e sociol\u00f3gicas que explicavam nosso subdesenvolvimento cr\u00f4nico, j\u00e1 n\u00e3o podem, no momento presente, servir de pretexto para justificar esse atraso do Brasil em rela\u00e7\u00e3o \u00e0 muitos pa\u00edses do Ocidente, mormente aqueles reunidos na Organiza\u00e7\u00e3o para a Coopera\u00e7\u00e3o e Desenvolvimento Econ\u00f4mico (OCDE).<\/p>\n<p>Hoje qualquer an\u00e1lise sociol\u00f3gica s\u00e9ria que pretenda encontrar as ra\u00edzes de nosso subdesenvolvimento secular, ter\u00e1 que apontar como uma das causas principais e permanentes o fator pol\u00edtico ou mais precisamente nossa classe pol\u00edtica. Fosse vivo Celso Furtado (1920-2004) ou mesmo H\u00e9lio Jaguaribe (1923-2018), dois pensadores contempor\u00e2neos que se debru\u00e7aram sobre a quest\u00e3o da perpetua\u00e7\u00e3o do subdesenvolvimento nacional, concordariam com o novo indicador, representado agora pela classe pol\u00edtica nacional, como sendo um dos fatores primordiais por detr\u00e1s de nosso atraso como Estado.<\/p>\n<p>Para um pa\u00eds com altos \u00edndices de pobreza e com alt\u00edssima concentra\u00e7\u00e3o de renda, torrar, literalmente, centenas de milh\u00f5es de reais do contribuinte em fogos de artificio, para marcar a passagem do calend\u00e1rio anual, pagando altos cach\u00eas a artistas e outras atra\u00e7\u00f5es \u00e9 um acinte, mas acontece todo o ano. Depois vem o carnaval, que faz a alegria das escolas de samba e dos turistas desavisados que para aqui vem.<\/p>\n<p>Nesses festejos, em lugares em que os hospitais praticamente n\u00e3o funcionam e onde os servi\u00e7os p\u00fablicos quase inexistem, mais algumas centenas de milh\u00f5es de recursos do contribuinte brasileiro, caem na folia, desaparecendo no turbilh\u00e3o da galeria. N\u00e3o h\u00e1 como economizar na melhoria de escolas e hospitais, pois logo ali na frente, come\u00e7am as elei\u00e7\u00f5es e a\u00ed \u00e9 que o dinheiro arrancado do cidad\u00e3o vira fuma\u00e7a.<\/p>\n<p>Esse ano ser\u00e3o R$ 2 bilh\u00f5es do Fundo Eleitoral, mais R$ 1 bilh\u00e3o do Fundo Partid\u00e1rio, para serem distribu\u00eddos justamente na promo\u00e7\u00e3o e perpetua\u00e7\u00e3o daqueles que est\u00e3o classificados como causa de nossa parada no tempo. Se isso n\u00e3o \u00e9 gastar sem prop\u00f3sito ou sem prioridade, recursos p\u00fablicos, ent\u00e3o o que seria?<\/p>\n<p>S\u00e3o tantos os casos em que os cofres p\u00fablicos s\u00e3o vilipendiados, que para n\u00e3o acontecer a situa\u00e7\u00e3o surreal de ter que processar e prender toda a classe dirigente do pa\u00eds, por forma\u00e7\u00e3o de quadrilha e malversa\u00e7\u00e3o do Tesouro Nacional, esses mesmos dirigentes se veem for\u00e7ados a organizar uma esp\u00e9cie de \u201cconcertaci\u00f3n\u201d onde a confec\u00e7\u00e3o de leis, suas interpreta\u00e7\u00f5es posteriores e execu\u00e7\u00e3o das mesmas, se fa\u00e7am de modo a n\u00e3o alterar ou punir o status quo vigente.<\/p>\n<p>Dessa forma, desviar dinheiro em elei\u00e7\u00f5es para o pr\u00f3prio bolso \u00e9 transformado de roubo comum, previsto no C\u00f3digo Penal \u00e0 crime de caixa 2, que passa a ser remetido ao Tribunal Eleitoral para a prescri\u00e7\u00e3o e posterior perd\u00e3o. Em outro cen\u00e1rio e com o mesmo afinco em driblar a lei maior da \u00e9tica p\u00fablica, aprova-se, em tempo rel\u00e2mpago, Proposta de Emenda \u00e0 Constitui\u00e7\u00e3o (PEC) garantindo que parlamentares negociem livremente com governadores e prefeitos o destino de emendas individuais, sem vincula\u00e7\u00e3o com programas do governo federal e sem a fiscaliza\u00e7\u00e3o do Tribunal de Contas da Uni\u00e3o.<\/p>\n<p>&nbsp;<\/p>\n<p>&nbsp;<\/p>\n<p>&nbsp;<\/p>\n<p><strong>A frase que foi pronunciada:<\/strong><\/p>\n<p><em>\u201cA especula\u00e7\u00e3o \u00e9 no com\u00e9rcio uma necessidade; \u00e9 nos abusos, uma inconveni\u00eancia; mas entre as inconveni\u00eancias dos abusos e a necessidade do uso, essa, em todos os casos dessa esp\u00e9cie a liberdade, que deve ser respeitada, porque se em nome de abusos poss\u00edveis nos quiserem tirar a liberdade do uso, talvez n\u00e3o nos deixem \u00e1gua para beber.\u201d<\/em><\/p>\n<p>Rui Barbosa, jurista, advogado, pol\u00edtico diplomata, escritor, fil\u00f3logo, jornalista, tradutor e orador brasileiro.<\/p>\n<figure id=\"attachment_15775\" aria-describedby=\"caption-attachment-15775\" style=\"width: 309px\" class=\"wp-caption aligncenter\"><img loading=\"lazy\" decoding=\"async\" class=\" wp-image-15775\" src=\"https:\/\/blogs.correiobraziliense.com.br\/aricunha\/wp-content\/uploads\/sites\/13\/2020\/01\/rui-barbosa.jpg\" alt=\"\" width=\"309\" height=\"427\" \/><figcaption id=\"caption-attachment-15775\" class=\"wp-caption-text\">Foto: academia.org<\/figcaption><\/figure>\n<p>&nbsp;<\/p>\n<p><strong>Cel\u00edacos<\/strong><\/p>\n<p>Nossa leitora Beatriz de Oliveira acrescenta no coment\u00e1rio sobre a falta de h\u00f3stia sem gl\u00faten, que a iniciativa adotada pela igreja \u00e9 que, aos cel\u00edacos, o vinho substitui a h\u00f3stia. Basta conversar com o pessoal da pastoral lit\u00fargica.<\/p>\n<figure id=\"attachment_15774\" aria-describedby=\"caption-attachment-15774\" style=\"width: 549px\" class=\"wp-caption aligncenter\"><img loading=\"lazy\" decoding=\"async\" class=\" wp-image-15774\" src=\"https:\/\/blogs.correiobraziliense.com.br\/aricunha\/wp-content\/uploads\/sites\/13\/2020\/01\/h\u00f3stia.jpg\" alt=\"\" width=\"549\" height=\"399\" srcset=\"https:\/\/blogs.correiobraziliense.com.br\/aricunha\/wp-content\/uploads\/sites\/13\/2020\/01\/h\u00f3stia.jpg 744w, https:\/\/blogs.correiobraziliense.com.br\/aricunha\/wp-content\/uploads\/sites\/13\/2020\/01\/h\u00f3stia-300x218.jpg 300w, https:\/\/blogs.correiobraziliense.com.br\/aricunha\/wp-content\/uploads\/sites\/13\/2020\/01\/h\u00f3stia-350x255.jpg 350w, https:\/\/blogs.correiobraziliense.com.br\/aricunha\/wp-content\/uploads\/sites\/13\/2020\/01\/h\u00f3stia-550x400.jpg 550w, https:\/\/blogs.correiobraziliense.com.br\/aricunha\/wp-content\/uploads\/sites\/13\/2020\/01\/h\u00f3stia-230x167.jpg 230w\" sizes=\"auto, (max-width: 549px) 100vw, 549px\" \/><figcaption id=\"caption-attachment-15774\" class=\"wp-caption-text\">Foto: Arquivo cancaonova.com<\/figcaption><\/figure>\n<p>&nbsp;<\/p>\n<p><strong>Multimistura<\/strong><\/p>\n<p>Dra. Clara Takaki Brand\u00e3o, a criadora da multimistura, merece todo o respeito do povo brasileiro. Folha de mandioca, farelo de arroz e gergelim. Segundo o professor Nagib Nassar, s\u00e3o 26% de prote\u00edna s\u00f3 na folha de mandioca. Essa \u00e9 uma mistura que salva vidas e que precisa compor a merenda escolar.<\/p>\n<p><iframe loading=\"lazy\" title=\"Multimistura - exemplo e import\u00e2ncia\" width=\"1333\" height=\"1000\" src=\"https:\/\/www.youtube.com\/embed\/ex5QF2oV-NQ?feature=oembed\" frameborder=\"0\" allow=\"accelerometer; autoplay; clipboard-write; encrypted-media; gyroscope; picture-in-picture; web-share\" referrerpolicy=\"strict-origin-when-cross-origin\" allowfullscreen><\/iframe><\/p>\n<p>&nbsp;<\/p>\n<p><strong>V\u00e3o!<\/strong><\/p>\n<p>Elogiad\u00edssima a \u00f3pera O Barbeiro de Sevilha numa vers\u00e3o em portugu\u00eas superdivertida, para todas as idades. Nos dias 17,18,19,24,25 e 26 de janeiro, no Espa\u00e7o Renato Russo. 6\u00aa e s\u00e1bado \u00e0s 20h e aos domingos \u00e0s 19h. Ingressos de 15 e 30 reais. Herm\u00f3genes Correia \u00e9 o F\u00edgaro, e Janette Dornellas e Carol Ara\u00fajo s\u00e3o a Rosina. A dire\u00e7\u00e3o musical \u00e9 do pianista Rafael Ribeiro.<\/p>\n<p><iframe loading=\"lazy\" title=\"Rossini. O Barbeiro de Sevilha - F\u00edgaro. Traduzido - Legendado.\" width=\"1333\" height=\"1000\" src=\"https:\/\/www.youtube.com\/embed\/jyiLscCyJ98?feature=oembed\" frameborder=\"0\" allow=\"accelerometer; autoplay; clipboard-write; encrypted-media; gyroscope; picture-in-picture; web-share\" referrerpolicy=\"strict-origin-when-cross-origin\" allowfullscreen><\/iframe><\/p>\n<p>&nbsp;<\/p>\n<p><strong>HIST\u00d3RIA DE BRAS\u00cdLIA<\/strong><\/p>\n<p>De trezentas e tantas raz\u00f5es pelas quais \u201cvoc\u00ea pode confiar no governo Carlos Lacerda\u201d, h\u00e1 v\u00e1rias, como as do setor transporte, onde aparece: ret\u00edfica de tantas bielas, de tantos semieixos, etc. <strong>(Publicado em 14\/12\/1961)<\/strong><\/p>\n","protected":false},"excerpt":{"rendered":"<p>VISTO, LIDO E OUVIDO, criada por Ari Cunha (In memoriam) Desde 1960, com Circe Cunha e Mamfil jornalistacircecunha@gmail.com Facebook.com\/vistolidoeouvido Instagram.com\/vistolidoeouvido &nbsp; &nbsp; Dinheiro p\u00fablico neste pa\u00eds \u00e9 como al\u00e7a de caix\u00e3o de defunto importante: todos querem segurar e carregar. A desfa\u00e7atez e a pouca cerim\u00f4nia com que os respons\u00e1veis pela gest\u00e3o desses recursos, que saem da algibeira dos pagadores de [&hellip;]<\/p>\n","protected":false},"author":34,"featured_media":0,"comment_status":"open","ping_status":"open","sticky":false,"template":"","format":"standard","meta":{"footnotes":""},"categories":[23],"tags":[454,1788,2042,1426,114,288,68,2,69,16],"class_list":["post-15773","post","type-post","status-publish","format-standard","hentry","category-integra","tag-corrupcaonobrasil","tag-dinheiropublico","tag-fundao","tag-fundoeleitoral","tag-historiadebrasilia","tag-politicosnobrasil","tag-aricunha","tag-brasilia","tag-circecunha","tag-mamfil"],"_links":{"self":[{"href":"https:\/\/blogs.correiobraziliense.com.br\/aricunha\/wp-json\/wp\/v2\/posts\/15773","targetHints":{"allow":["GET"]}}],"collection":[{"href":"https:\/\/blogs.correiobraziliense.com.br\/aricunha\/wp-json\/wp\/v2\/posts"}],"about":[{"href":"https:\/\/blogs.correiobraziliense.com.br\/aricunha\/wp-json\/wp\/v2\/types\/post"}],"author":[{"embeddable":true,"href":"https:\/\/blogs.correiobraziliense.com.br\/aricunha\/wp-json\/wp\/v2\/users\/34"}],"replies":[{"embeddable":true,"href":"https:\/\/blogs.correiobraziliense.com.br\/aricunha\/wp-json\/wp\/v2\/comments?post=15773"}],"version-history":[{"count":3,"href":"https:\/\/blogs.correiobraziliense.com.br\/aricunha\/wp-json\/wp\/v2\/posts\/15773\/revisions"}],"predecessor-version":[{"id":15778,"href":"https:\/\/blogs.correiobraziliense.com.br\/aricunha\/wp-json\/wp\/v2\/posts\/15773\/revisions\/15778"}],"wp:attachment":[{"href":"https:\/\/blogs.correiobraziliense.com.br\/aricunha\/wp-json\/wp\/v2\/media?parent=15773"}],"wp:term":[{"taxonomy":"category","embeddable":true,"href":"https:\/\/blogs.correiobraziliense.com.br\/aricunha\/wp-json\/wp\/v2\/categories?post=15773"},{"taxonomy":"post_tag","embeddable":true,"href":"https:\/\/blogs.correiobraziliense.com.br\/aricunha\/wp-json\/wp\/v2\/tags?post=15773"}],"curies":[{"name":"wp","href":"https:\/\/api.w.org\/{rel}","templated":true}]}}