{"id":15747,"date":"2020-01-19T01:00:22","date_gmt":"2020-01-19T04:00:22","guid":{"rendered":"https:\/\/blogs.correiobraziliense.com.br\/aricunha\/?p=15747"},"modified":"2020-01-18T16:01:42","modified_gmt":"2020-01-18T19:01:42","slug":"milicias-uma-questao-a-ser-enfrentada","status":"publish","type":"post","link":"https:\/\/blogs.correiobraziliense.com.br\/aricunha\/milicias-uma-questao-a-ser-enfrentada\/","title":{"rendered":"Mil\u00edcias uma quest\u00e3o a ser enfrentada"},"content":{"rendered":"<p>VISTO, LIDO E OUVIDO, criada por Ari Cunha (In memoriam)<\/p>\n<p>Desde 1960, com Circe Cunha e Mamfil<\/p>\n<p>jornalistacircecunha@gmail.com<\/p>\n<p>Facebook.com\/vistolidoeouvido<\/p>\n<p>Instagram.com\/vistolidoeouvido<\/p>\n<p>&nbsp;<\/p>\n<figure id=\"attachment_15750\" aria-describedby=\"caption-attachment-15750\" style=\"width: 679px\" class=\"wp-caption aligncenter\"><img loading=\"lazy\" decoding=\"async\" class=\" wp-image-15750\" src=\"https:\/\/blogs.correiobraziliense.com.br\/aricunha\/wp-content\/uploads\/sites\/13\/2020\/01\/partidos.jpg\" alt=\"\" width=\"679\" height=\"415\" srcset=\"https:\/\/blogs.correiobraziliense.com.br\/aricunha\/wp-content\/uploads\/sites\/13\/2020\/01\/partidos.jpg 840w, https:\/\/blogs.correiobraziliense.com.br\/aricunha\/wp-content\/uploads\/sites\/13\/2020\/01\/partidos-300x183.jpg 300w, https:\/\/blogs.correiobraziliense.com.br\/aricunha\/wp-content\/uploads\/sites\/13\/2020\/01\/partidos-768x469.jpg 768w, https:\/\/blogs.correiobraziliense.com.br\/aricunha\/wp-content\/uploads\/sites\/13\/2020\/01\/partidos-350x214.jpg 350w, https:\/\/blogs.correiobraziliense.com.br\/aricunha\/wp-content\/uploads\/sites\/13\/2020\/01\/partidos-550x336.jpg 550w, https:\/\/blogs.correiobraziliense.com.br\/aricunha\/wp-content\/uploads\/sites\/13\/2020\/01\/partidos-230x140.jpg 230w\" sizes=\"auto, (max-width: 679px) 100vw, 679px\" \/><figcaption id=\"caption-attachment-15750\" class=\"wp-caption-text\">Charge do Nicolielo<\/figcaption><\/figure>\n<p>&nbsp;<\/p>\n<p>\u00c9 sabido que os extremos, por for\u00e7a de uma repuls\u00e3o, at\u00e9 imagin\u00e1ria, acabam se tocando. Caso conhecido por n\u00f3s e por muitos desse fen\u00f4meno, que pode at\u00e9 n\u00e3o ter uma explica\u00e7\u00e3o racional na f\u00edsica qu\u00e2ntica, mas encontra seu exemplo mais perfeito no caso das mil\u00edcias, formadas por policiais e ex-policiais que passam a agir como justiceiros por conta pr\u00f3pria, com seu pr\u00f3prio c\u00f3digo de conduta, atuando como verdadeiros criminosos.<\/p>\n<p>Escudados por um corporativismo e com o preparo necess\u00e1rio para enfrentar a bala seus oponentes, esses indiv\u00edduos t\u00eam por caracter\u00edstica o n\u00e3o temor \u00e0 lei, que conhecem de perto. Principalmente o lado complacente da justi\u00e7a com esses anti-her\u00f3is.<\/p>\n<p>Na escola da pol\u00edcia com o conhecimento adquirido em prepara\u00e7\u00e3o, e nas ruas, principalmente com o envolvimento que possuem com autoridades de todo o escal\u00e3o do Estado, suas fraquezas e culpas, fazem dos milicianos uma tropa mais dif\u00edcil de combates do que as quadrilhas comuns de criminosos. Uma caracter\u00edstica desses falsos her\u00f3is e que logo salta aos olhos, \u00e9 que por sua origem no seio no pr\u00f3prio Estado, fazem com que eles se tornem at\u00e9 mais vis e mais criminosos do que os pr\u00f3prios e tradicionais bandidos.<\/p>\n<p>Esse verdadeiro ex\u00e9rcito de malfeitores em prolifera\u00e7\u00e3o, n\u00e3o apenas em regi\u00f5es do Rio de Janeiro e S\u00e3o Paulo, lembra, para alguns que o antigo Esquadr\u00e3o da Morte, que atuava na fronteira entre o Estado ditatorial do final dos anos sessenta, gerou outros descendentes, s\u00f3 que muito mais letais e prejudiciais \u00e0s popula\u00e7\u00f5es.<\/p>\n<p>Trata-se, na opini\u00e3o de alguns especialistas no assunto, de um potencial grupo paramilitar que se n\u00e3o vier a ser combatido, na raiz, trar\u00e1 s\u00e9rios problemas ao pa\u00eds, j\u00e1 atolado na quest\u00e3o da criminalidade. As suspeitas que personagens do alto escal\u00e3o mant\u00e9m proximidades com esses grupos, fez acender a luz para o problema.<\/p>\n<p>Pena que o Congresso, t\u00e3o enredado em problemas pessoais de seus membros com a pr\u00f3pria justi\u00e7a, n\u00e3o possa realizar um profundo inqu\u00e9rito de investiga\u00e7\u00e3o sobre essa quest\u00e3o, \u00e0 tempo de colocar toda a sociedade a par de um problema que cresce e que se espalha at\u00e9 dentro do pr\u00f3prio Estado.<\/p>\n<p>Bancadas como a da Bala, em defesa disfar\u00e7ada, fazem desse grupo tamb\u00e9m \u00e9 um assunto da maior import\u00e2ncia e que n\u00e3o vem sendo tratado com o cuidado que mereceria. A no\u00e7\u00e3o de que esses grupos agem apenas para deter quadrilhas de traficantes e outros bandidos tradicionais, \u00e9 al\u00e9m de enganosa, uma esp\u00e9cie de antipropaganda que visa angariar apoio popular para suas a\u00e7\u00f5es.<\/p>\n<p>Comunidades compostas por milhares de fam\u00edlias que vivem h\u00e1 anos sob o jugo dessas mil\u00edcias, sabem exatamente do que estamos falando e sentem, na pele, o dom\u00ednio amea\u00e7ador e violento desses grupos. O medo impera nessas comunidades, quem ousa se opor ao controle desses grupos \u00e9 amea\u00e7ado, for\u00e7ado a sair da pr\u00f3pria casa ou simplesmente morto de morte matada, sendo que as investiga\u00e7\u00f5es, jamais chegam ao seu curso final. Infiltrados no Executivo e no Legislativo, tanto local como federal esses grupos encontram a simpatia de muitos pr\u00f3ceres do governo e mesmo do judici\u00e1rio. N\u00e3o por outra raz\u00e3o \u00e9 poss\u00edvel afirmar que esse \u00e9 mais um ovo da serpente que vem sendo lentamente chocado no seio da sociedade aos olhos de todos.<\/p>\n<p>Muito mais do que um fen\u00f4meno puramente brasileiro, a exist\u00eancia das mil\u00edcias \u00e9 mais uma prova da leni\u00eancia dos Tr\u00eas Poderes em enfrentar uma quest\u00e3o que, mais cedo ou mais tarde, poder\u00e1 estar fincado em definitivo entre n\u00f3s. N\u00e3o se deixem iludir: a quest\u00e3o da viol\u00eancia no Brasil, uma das maiores do mundo, jamais ir\u00e1 recuar pela a\u00e7\u00e3o de milicianos ou assemelhados. Pelo contr\u00e1rio, trata-se de mais um fator de inseguran\u00e7a a agravar nosso problema.<\/p>\n<p>&nbsp;<\/p>\n<p>&nbsp;<\/p>\n<p>&nbsp;<\/p>\n<p><strong>A frase que foi pronunciada:<\/strong><\/p>\n<p><em>&#8220;A invas\u00e3o de um ex\u00e9rcito pode ser detida, mas n\u00e3o a invas\u00e3o das id\u00e9ias.&#8221;<\/em><\/p>\n<p>Victor Hugo, romancista, poeta, dramaturgo, ensa\u00edsta, artista, estadista e ativista franc\u00eas<\/p>\n<figure id=\"attachment_15751\" aria-describedby=\"caption-attachment-15751\" style=\"width: 447px\" class=\"wp-caption aligncenter\"><img loading=\"lazy\" decoding=\"async\" class=\" wp-image-15751\" src=\"https:\/\/blogs.correiobraziliense.com.br\/aricunha\/wp-content\/uploads\/sites\/13\/2020\/01\/download.jpg\" alt=\"\" width=\"447\" height=\"251\" srcset=\"https:\/\/blogs.correiobraziliense.com.br\/aricunha\/wp-content\/uploads\/sites\/13\/2020\/01\/download.jpg 300w, https:\/\/blogs.correiobraziliense.com.br\/aricunha\/wp-content\/uploads\/sites\/13\/2020\/01\/download-230x129.jpg 230w\" sizes=\"auto, (max-width: 447px) 100vw, 447px\" \/><figcaption id=\"caption-attachment-15751\" class=\"wp-caption-text\">Foto: opiniaoenoticia.com<\/figcaption><\/figure>\n<p>&nbsp;<\/p>\n<p><strong>Preferido<\/strong><\/p>\n<p>Curiosamente, o Guinness Book bateu um recorde. \u00c9 o livro mais roubado do mundo.<\/p>\n<p><iframe loading=\"lazy\" title=\"Guinness World Records 2020 Cover Reveal\" width=\"1440\" height=\"810\" src=\"https:\/\/www.youtube.com\/embed\/OeMaWcGnIqw?feature=oembed\" frameborder=\"0\" allow=\"accelerometer; autoplay; clipboard-write; encrypted-media; gyroscope; picture-in-picture; web-share\" referrerpolicy=\"strict-origin-when-cross-origin\" allowfullscreen><\/iframe><\/p>\n<p>&nbsp;<\/p>\n<p><strong>Brincadeira<\/strong><\/p>\n<p>Outra curiosidade que poderia sacudir as feministas \u00e9 a origem do nome GOLF: Getlemens Only Ladies Forbbiden (Apenas cavalheiros. Damas proibidas.). Seria um esc\u00e2ndalo se fosse verdade. Mas n\u00e3o \u00e9.<\/p>\n<figure id=\"attachment_15752\" aria-describedby=\"caption-attachment-15752\" style=\"width: 546px\" class=\"wp-caption aligncenter\"><img loading=\"lazy\" decoding=\"async\" class=\" wp-image-15752\" src=\"https:\/\/blogs.correiobraziliense.com.br\/aricunha\/wp-content\/uploads\/sites\/13\/2020\/01\/regras-golfe-como-jogar.jpg\" alt=\"\" width=\"546\" height=\"273\" srcset=\"https:\/\/blogs.correiobraziliense.com.br\/aricunha\/wp-content\/uploads\/sites\/13\/2020\/01\/regras-golfe-como-jogar.jpg 600w, https:\/\/blogs.correiobraziliense.com.br\/aricunha\/wp-content\/uploads\/sites\/13\/2020\/01\/regras-golfe-como-jogar-300x150.jpg 300w, https:\/\/blogs.correiobraziliense.com.br\/aricunha\/wp-content\/uploads\/sites\/13\/2020\/01\/regras-golfe-como-jogar-350x175.jpg 350w, https:\/\/blogs.correiobraziliense.com.br\/aricunha\/wp-content\/uploads\/sites\/13\/2020\/01\/regras-golfe-como-jogar-550x275.jpg 550w, https:\/\/blogs.correiobraziliense.com.br\/aricunha\/wp-content\/uploads\/sites\/13\/2020\/01\/regras-golfe-como-jogar-230x115.jpg 230w\" sizes=\"auto, (max-width: 546px) 100vw, 546px\" \/><figcaption id=\"caption-attachment-15752\" class=\"wp-caption-text\">Foto: regrasdoesporte.com<\/figcaption><\/figure>\n<p>&nbsp;<\/p>\n<p><strong>Estocolmo<\/strong><\/p>\n<p>Um verdadeiro absurdo o pre\u00e7o do material escolar. Em col\u00e9gios particulares, livros custam uma f\u00e1bula. Em escolas estrangeiras ou bil\u00edngues, alguns itens s\u00e3o cobrados em d\u00f3lar. A venda casada tamb\u00e9m \u00e9 adotada. H\u00e1 a op\u00e7\u00e3o de os pais escolherem outro estabelecimento, mas se submetem a isso porque o ensino \u00e9 bom. E \u00e9 a\u00ed que mora o perigo.<\/p>\n<figure id=\"attachment_15753\" aria-describedby=\"caption-attachment-15753\" style=\"width: 411px\" class=\"wp-caption aligncenter\"><img loading=\"lazy\" decoding=\"async\" class=\" wp-image-15753\" src=\"https:\/\/blogs.correiobraziliense.com.br\/aricunha\/wp-content\/uploads\/sites\/13\/2020\/01\/charge-material-escolar.jpg\" alt=\"\" width=\"411\" height=\"411\" srcset=\"https:\/\/blogs.correiobraziliense.com.br\/aricunha\/wp-content\/uploads\/sites\/13\/2020\/01\/charge-material-escolar.jpg 320w, https:\/\/blogs.correiobraziliense.com.br\/aricunha\/wp-content\/uploads\/sites\/13\/2020\/01\/charge-material-escolar-150x150.jpg 150w, https:\/\/blogs.correiobraziliense.com.br\/aricunha\/wp-content\/uploads\/sites\/13\/2020\/01\/charge-material-escolar-300x300.jpg 300w, https:\/\/blogs.correiobraziliense.com.br\/aricunha\/wp-content\/uploads\/sites\/13\/2020\/01\/charge-material-escolar-230x230.jpg 230w\" sizes=\"auto, (max-width: 411px) 100vw, 411px\" \/><figcaption id=\"caption-attachment-15753\" class=\"wp-caption-text\">Charge do Duke<\/figcaption><\/figure>\n<p>&nbsp;<\/p>\n<p><strong>HIST\u00d3RIA DE BRAS\u00cdLIA<\/strong><\/p>\n<p>O Deputado Hugo Borghi pediu, ontem, licen\u00e7a \u00e0 C\u00e2mara dos deputados, para fazer uma viagem ao exterior, sem \u00f4nus para o governo. Pediu, entretanto, interfer\u00eancia do Legislativo, para facilitar a aquisi\u00e7\u00e3o de 10 mil d\u00f3lares. <strong>(Publicado em 14\/12\/1961)<\/strong><\/p>\n","protected":false},"excerpt":{"rendered":"<p>VISTO, LIDO E OUVIDO, criada por Ari Cunha (In memoriam) Desde 1960, com Circe Cunha e Mamfil jornalistacircecunha@gmail.com Facebook.com\/vistolidoeouvido Instagram.com\/vistolidoeouvido &nbsp; &nbsp; \u00c9 sabido que os extremos, por for\u00e7a de uma repuls\u00e3o, at\u00e9 imagin\u00e1ria, acabam se tocando. Caso conhecido por n\u00f3s e por muitos desse fen\u00f4meno, que pode at\u00e9 n\u00e3o ter uma explica\u00e7\u00e3o racional na f\u00edsica qu\u00e2ntica, mas encontra seu [&hellip;]<\/p>\n","protected":false},"author":34,"featured_media":15750,"comment_status":"open","ping_status":"open","sticky":false,"template":"","format":"standard","meta":{"footnotes":""},"categories":[23],"tags":[2035,2038,454,114,2037,178,2036,68,2,69,16],"class_list":["post-15747","post","type-post","status-publish","format-standard","has-post-thumbnail","hentry","category-integra","tag-circecunh","tag-corrpcaonapolicia","tag-corrupcaonobrasil","tag-historiadebrasilia","tag-milicias","tag-violencianobrasil","tag-a-mamfil","tag-aricunha","tag-brasilia","tag-circecunha","tag-mamfil"],"_links":{"self":[{"href":"https:\/\/blogs.correiobraziliense.com.br\/aricunha\/wp-json\/wp\/v2\/posts\/15747","targetHints":{"allow":["GET"]}}],"collection":[{"href":"https:\/\/blogs.correiobraziliense.com.br\/aricunha\/wp-json\/wp\/v2\/posts"}],"about":[{"href":"https:\/\/blogs.correiobraziliense.com.br\/aricunha\/wp-json\/wp\/v2\/types\/post"}],"author":[{"embeddable":true,"href":"https:\/\/blogs.correiobraziliense.com.br\/aricunha\/wp-json\/wp\/v2\/users\/34"}],"replies":[{"embeddable":true,"href":"https:\/\/blogs.correiobraziliense.com.br\/aricunha\/wp-json\/wp\/v2\/comments?post=15747"}],"version-history":[{"count":2,"href":"https:\/\/blogs.correiobraziliense.com.br\/aricunha\/wp-json\/wp\/v2\/posts\/15747\/revisions"}],"predecessor-version":[{"id":15754,"href":"https:\/\/blogs.correiobraziliense.com.br\/aricunha\/wp-json\/wp\/v2\/posts\/15747\/revisions\/15754"}],"wp:featuredmedia":[{"embeddable":true,"href":"https:\/\/blogs.correiobraziliense.com.br\/aricunha\/wp-json\/wp\/v2\/media\/15750"}],"wp:attachment":[{"href":"https:\/\/blogs.correiobraziliense.com.br\/aricunha\/wp-json\/wp\/v2\/media?parent=15747"}],"wp:term":[{"taxonomy":"category","embeddable":true,"href":"https:\/\/blogs.correiobraziliense.com.br\/aricunha\/wp-json\/wp\/v2\/categories?post=15747"},{"taxonomy":"post_tag","embeddable":true,"href":"https:\/\/blogs.correiobraziliense.com.br\/aricunha\/wp-json\/wp\/v2\/tags?post=15747"}],"curies":[{"name":"wp","href":"https:\/\/api.w.org\/{rel}","templated":true}]}}