{"id":15703,"date":"2020-01-10T01:00:11","date_gmt":"2020-01-10T04:00:11","guid":{"rendered":"https:\/\/blogs.correiobraziliense.com.br\/aricunha\/?p=15703"},"modified":"2020-01-09T19:41:14","modified_gmt":"2020-01-09T22:41:14","slug":"estado-versus-economia-de-mercado-uma-discussao-sem-fim","status":"publish","type":"post","link":"https:\/\/blogs.correiobraziliense.com.br\/aricunha\/estado-versus-economia-de-mercado-uma-discussao-sem-fim\/","title":{"rendered":"Estado versus economia de mercado, uma discuss\u00e3o sem fim"},"content":{"rendered":"<p>VISTO, LIDO E OUVIDO, criada por Ari Cunha (In memoriam)<\/p>\n<p>Desde 1960, com Circe Cunha e Mamfil<\/p>\n<p>jornalistacircecunha@gmail.com<\/p>\n<p>Facebook.com\/vistolidoeouvido<\/p>\n<p>Instagram.com\/vistolidoeouvido<\/p>\n<p>&nbsp;<\/p>\n<figure id=\"attachment_15706\" aria-describedby=\"caption-attachment-15706\" style=\"width: 513px\" class=\"wp-caption aligncenter\"><img loading=\"lazy\" decoding=\"async\" class=\" wp-image-15706\" src=\"https:\/\/blogs.correiobraziliense.com.br\/aricunha\/wp-content\/uploads\/sites\/13\/2020\/01\/el-liberalismo-economico.jpg\" alt=\"\" width=\"513\" height=\"456\" srcset=\"https:\/\/blogs.correiobraziliense.com.br\/aricunha\/wp-content\/uploads\/sites\/13\/2020\/01\/el-liberalismo-economico.jpg 400w, https:\/\/blogs.correiobraziliense.com.br\/aricunha\/wp-content\/uploads\/sites\/13\/2020\/01\/el-liberalismo-economico-300x266.jpg 300w, https:\/\/blogs.correiobraziliense.com.br\/aricunha\/wp-content\/uploads\/sites\/13\/2020\/01\/el-liberalismo-economico-350x311.jpg 350w, https:\/\/blogs.correiobraziliense.com.br\/aricunha\/wp-content\/uploads\/sites\/13\/2020\/01\/el-liberalismo-economico-230x204.jpg 230w\" sizes=\"auto, (max-width: 513px) 100vw, 513px\" \/><figcaption id=\"caption-attachment-15706\" class=\"wp-caption-text\">Ilustra\u00e7\u00e3o: elmunicipio.es<\/figcaption><\/figure>\n<p>Com rela\u00e7\u00e3o ao Brasil, dentro da discuss\u00e3o: estatismo versus economia de mercado, \u00e9 poss\u00edvel, logo de sa\u00edda, afirmar que continentalidade \u00e9 destino. Por essa afirma\u00e7\u00e3o, entende-se que, no atual est\u00e1gio de desenvolvimento econ\u00f4mico e social do Pa\u00eds, existe h\u00e1 tempos uma ideia, n\u00e3o totalmente err\u00f4nea, de que o Brasil, por seus recursos naturais e por sua economia pungente, alberga, ao mesmo tempo, um Estado rico, mas que \u00e9 habitado por uma popula\u00e7\u00e3o, em grande parte, vivendo na faixa da pobreza ou pr\u00f3ximo a ela.<\/p>\n<p>Com uma dicotomia dessa natureza, falar em Pa\u00eds desenvolvido, sem levar em conta outros aspectos como o \u00cdndice de Desenvolvimento Humano ou outros indicadores sociais, torna-se complicado e at\u00e9 injusto. Discuss\u00f5es sobre estatismo ou interven\u00e7\u00e3o do Estado na economia versos liberalismo ou livre mercado, que em muitos pa\u00edses tem sido, h\u00e1 mais de um s\u00e9culo, um tema j\u00e1 superado, no Brasil, por suas peculiaridades, como grande extens\u00e3o territorial, deficiente infraestrutura, desigualdades sociais e regionais, concentra\u00e7\u00e3o de renda e outros fatores, n\u00e3o \u00e9 um tema simples e que consiga abarcar todas as variantes do Pa\u00eds.<\/p>\n<p>O subdesenvolvimento cr\u00f4nico e persistente est\u00e1, na vis\u00e3o de muitos analistas, ligado justamente \u00e0 grande desigualdade social e \u00e0 alta concentra\u00e7\u00e3o de renda. Pa\u00eds algum logrou atingir o patamar de desenvolvido, deixando para tr\u00e1s o bem-estar econ\u00f4mico de sua popula\u00e7\u00e3o. Evidentemente, h\u00e1 setores que a maioria do empresariado nacional jamais ousou investir, talvez com a perspectiva de um baixo retorno.<\/p>\n<p>Investidores, internos ou externos, preferem escolher \u00e1reas onde as aplica\u00e7\u00f5es prometem retornos garantidos e a curto prazo. Para complicar uma discuss\u00e3o para l\u00e1 de complexa, os recentes esc\u00e2ndalos envolvendo praticamente todos os membros do governo passado, apanhados em rela\u00e7\u00f5es prom\u00edscuas com os mais altos empres\u00e1rios nacionais, falsamente interessados em investir no Pa\u00eds, mostrou que esse problema do livre mercado, ao capturar literalmente o Estado, gera ainda um complicador capaz inclusive de implodir o pr\u00f3prio Estado, de dentro para fora. Foi justamente essa experi\u00eancia vivida recentemente pelo Pa\u00eds que seguramente contribuiu ainda mais para sufocar a economia, levando-a a uma recess\u00e3o sem paralelo na nossa hist\u00f3ria.<\/p>\n<p>Deixadas ao Laissez faire, laissez passer, sem regulamenta\u00e7\u00e3o minuciosa, as empresas privadas brasileiras e mesmo as estrangeiras n\u00e3o teriam temor algum de, em pouco tempo, transformarem-se em agentes predadoras e com alto poder de influ\u00eancia dentro da m\u00e1quina do Estado. Por outro lado, o modelo de estatismo e de economia centralizada pelo Estado, como tem sido visto nas \u00faltimas d\u00e9cadas, mostrou que tamb\u00e9m o governo \u00e9 um mau empres\u00e1rio e ref\u00e9m de um corporativismo poderoso que atua abertamente dentro dos Tr\u00eas Poderes, cada um garantindo vantagens e outros ganhos imediatos, mesmo em tempos de crise aguda.<\/p>\n<p>A associa\u00e7\u00e3o entre a classe pol\u00edtica e empresarial tem sido um dos flagelos nacionais e n\u00e3o h\u00e1 no horizonte f\u00f3rmula capaz de deter essa uni\u00e3o, sem uma reforma radical do Estado. De fato, o esc\u00e2ndalo do Petrol\u00e3o trouxe, ao lado dos preju\u00edzos bilion\u00e1rios e quase insan\u00e1veis, um conjunto de li\u00e7\u00f5es que ainda necessitam ser absorvidas e implementadas e que v\u00e3o muito al\u00e9m de conceitos como compliance e outros e que se estendem por toda a estrutura hist\u00f3rica do pa\u00eds.<\/p>\n<p>N\u00e3o aprender com esses erros e crimes, adotando modelos liberais ou estatizantes sem rigorosos crit\u00e9rios e reflex\u00f5es, \u00e9 persistir pelos mesmos caminhos que nos trouxe at\u00e9 aqui e de onde ainda desejamos sair a tempo de acompanhar os passos largos deste s\u00e9culo XXI.<\/p>\n<p>&nbsp;<\/p>\n<p>&nbsp;<\/p>\n<p>&nbsp;<\/p>\n<p><strong>A frase que foi pronunciada:<\/strong><\/p>\n<p><em>\u201cOs jovens est\u00e3o mais aptos a inventar que a julgar; mais aptos a executar que a aconselhar; mais aptos a tomar a iniciativa que a gerir.\u201d<\/em><\/p>\n<p>Francis Bacon (1561 &#8211; 1626) pol\u00edtico, fil\u00f3sofo, cientista, ensa\u00edsta ingl\u00eas.<\/p>\n<figure id=\"attachment_15705\" aria-describedby=\"caption-attachment-15705\" style=\"width: 547px\" class=\"wp-caption aligncenter\"><img loading=\"lazy\" decoding=\"async\" class=\" wp-image-15705\" src=\"https:\/\/blogs.correiobraziliense.com.br\/aricunha\/wp-content\/uploads\/sites\/13\/2020\/01\/xFrancis_Bacon_montagem.jpg.pagespeed.ic_.3zLGOLg2lF-1-1.jpg\" alt=\"\" width=\"547\" height=\"328\" srcset=\"https:\/\/blogs.correiobraziliense.com.br\/aricunha\/wp-content\/uploads\/sites\/13\/2020\/01\/xFrancis_Bacon_montagem.jpg.pagespeed.ic_.3zLGOLg2lF-1-1.jpg 1086w, https:\/\/blogs.correiobraziliense.com.br\/aricunha\/wp-content\/uploads\/sites\/13\/2020\/01\/xFrancis_Bacon_montagem.jpg.pagespeed.ic_.3zLGOLg2lF-1-1-300x180.jpg 300w, https:\/\/blogs.correiobraziliense.com.br\/aricunha\/wp-content\/uploads\/sites\/13\/2020\/01\/xFrancis_Bacon_montagem.jpg.pagespeed.ic_.3zLGOLg2lF-1-1-768x461.jpg 768w, https:\/\/blogs.correiobraziliense.com.br\/aricunha\/wp-content\/uploads\/sites\/13\/2020\/01\/xFrancis_Bacon_montagem.jpg.pagespeed.ic_.3zLGOLg2lF-1-1-1024x615.jpg 1024w, https:\/\/blogs.correiobraziliense.com.br\/aricunha\/wp-content\/uploads\/sites\/13\/2020\/01\/xFrancis_Bacon_montagem.jpg.pagespeed.ic_.3zLGOLg2lF-1-1-350x210.jpg 350w, https:\/\/blogs.correiobraziliense.com.br\/aricunha\/wp-content\/uploads\/sites\/13\/2020\/01\/xFrancis_Bacon_montagem.jpg.pagespeed.ic_.3zLGOLg2lF-1-1-550x330.jpg 550w, https:\/\/blogs.correiobraziliense.com.br\/aricunha\/wp-content\/uploads\/sites\/13\/2020\/01\/xFrancis_Bacon_montagem.jpg.pagespeed.ic_.3zLGOLg2lF-1-1-230x138.jpg 230w\" sizes=\"auto, (max-width: 547px) 100vw, 547px\" \/><figcaption id=\"caption-attachment-15705\" class=\"wp-caption-text\">Foto: oglobo.globo.com<\/figcaption><\/figure>\n<p>&nbsp;<\/p>\n<p>&nbsp;<\/p>\n<p><strong>Hino<\/strong><\/p>\n<p>Emmanuelle Coelho, da Ag\u00eancia Bras\u00edlia, caprichou na mat\u00e9ria sobre a compositora, pianista e professora Neusa Fran\u00e7a, autora do Hino \u00e0 Bras\u00edlia. Veja na \u00edntegra em <a href=\"https:\/\/www.agenciabrasilia.df.gov.br\/2020\/01\/09\/um-hino-que-brasilia-ganhou-na-primeira-infancia\/\">Um hino que Bras\u00edlia ganhou na primeira inf\u00e2ncia<\/a>. Seria bom o governo estimular a crian\u00e7ada a aprender a cantar o Hino oficial da cidade. Passou da hora de divulgarmos a m\u00fasica de Neusa Fran\u00e7a e letra de Geir Campos.<\/p>\n<p>https:\/\/www.youtube.com\/watch?v=aX4g1JW_jLc&#038;feature=emb_err_watch_on_yt<\/p>\n<p>&nbsp;<\/p>\n<p>&nbsp;<\/p>\n<p><strong>Boa<\/strong><\/p>\n<p>Escola Classe JK, que fica no Sol Nascente\/P\u00f4r do Sol, vai ser entregue no in\u00edcio de fevereiro. Mil alunos, crian\u00e7as entre 6 e 10 anos, ser\u00e3o beneficiados. Est\u00e1 no momento sendo mobiliada gra\u00e7as a uma emenda parlamentar do deputado distrital delegado Fernando Fernandes.<\/p>\n<p><iframe loading=\"lazy\" title=\"#TatuzinhoPorA\u00ed: Deputado Fernando Fernandes ajuda na mob\u00edlia da Escola Classe JK\" width=\"1440\" height=\"810\" src=\"https:\/\/www.youtube.com\/embed\/jT60xaBim3o?feature=oembed\" frameborder=\"0\" allow=\"accelerometer; autoplay; clipboard-write; encrypted-media; gyroscope; picture-in-picture; web-share\" referrerpolicy=\"strict-origin-when-cross-origin\" allowfullscreen><\/iframe><\/p>\n<p>&nbsp;<\/p>\n<p>&nbsp;<\/p>\n<p><strong>D\u2019al\u00e9m mar<\/strong><\/p>\n<p>Vila DVO \u2013 Projeto Social Escolinha de Futebol Comunit\u00e1rio no Gama \u00e9 um sucesso. Mais de 300 crian\u00e7as beneficiadas. Vendo o sucesso do programa, a Escola Americana ofereceu curso de ingl\u00eas de gra\u00e7a para algumas crian\u00e7as do projeto. Vantuil, o vigilante foi quem come\u00e7ou tudo. Hoje, um dos meninos que j\u00e1 \u00e9 rapaz, joga em Portugal.<\/p>\n<figure id=\"attachment_15704\" aria-describedby=\"caption-attachment-15704\" style=\"width: 550px\" class=\"wp-caption aligncenter\"><img loading=\"lazy\" decoding=\"async\" class=\" wp-image-15704\" src=\"https:\/\/blogs.correiobraziliense.com.br\/aricunha\/wp-content\/uploads\/sites\/13\/2020\/01\/VILA-DVO.jpg\" alt=\"\" width=\"550\" height=\"309\" srcset=\"https:\/\/blogs.correiobraziliense.com.br\/aricunha\/wp-content\/uploads\/sites\/13\/2020\/01\/VILA-DVO.jpg 795w, https:\/\/blogs.correiobraziliense.com.br\/aricunha\/wp-content\/uploads\/sites\/13\/2020\/01\/VILA-DVO-300x168.jpg 300w, https:\/\/blogs.correiobraziliense.com.br\/aricunha\/wp-content\/uploads\/sites\/13\/2020\/01\/VILA-DVO-768x431.jpg 768w, https:\/\/blogs.correiobraziliense.com.br\/aricunha\/wp-content\/uploads\/sites\/13\/2020\/01\/VILA-DVO-350x196.jpg 350w, https:\/\/blogs.correiobraziliense.com.br\/aricunha\/wp-content\/uploads\/sites\/13\/2020\/01\/VILA-DVO-550x309.jpg 550w, https:\/\/blogs.correiobraziliense.com.br\/aricunha\/wp-content\/uploads\/sites\/13\/2020\/01\/VILA-DVO-230x129.jpg 230w\" sizes=\"auto, (max-width: 550px) 100vw, 550px\" \/><figcaption id=\"caption-attachment-15704\" class=\"wp-caption-text\">Foto: reprodu\u00e7\u00e3o globoplay.globo.com<\/figcaption><\/figure>\n<p>&nbsp;<\/p>\n<p>&nbsp;<\/p>\n<p><strong>HIST\u00d3RIA DE BRAS\u00cdLIA<\/strong><\/p>\n<p>Para a Procuradoria Geral da Rep\u00fablica: o governador Ney Braga, do Paran\u00e1, ainda tem apartamento em Bras\u00edlia, apesar de exercer o mandato em seu Estado. <strong>(Publicado em 13\/12\/1961)<\/strong><\/p>\n","protected":false},"excerpt":{"rendered":"<p>VISTO, LIDO E OUVIDO, criada por Ari Cunha (In memoriam) Desde 1960, com Circe Cunha e Mamfil jornalistacircecunha@gmail.com Facebook.com\/vistolidoeouvido Instagram.com\/vistolidoeouvido &nbsp; Com rela\u00e7\u00e3o ao Brasil, dentro da discuss\u00e3o: estatismo versus economia de mercado, \u00e9 poss\u00edvel, logo de sa\u00edda, afirmar que continentalidade \u00e9 destino. Por essa afirma\u00e7\u00e3o, entende-se que, no atual est\u00e1gio de desenvolvimento econ\u00f4mico e social do Pa\u00eds, existe h\u00e1 [&hellip;]<\/p>\n","protected":false},"author":34,"featured_media":15706,"comment_status":"open","ping_status":"open","sticky":false,"template":"","format":"standard","meta":{"footnotes":""},"categories":[23],"tags":[287,2026,2027,114,2025,2024,156,68,2,69,16],"class_list":["post-15703","post","type-post","status-publish","format-standard","has-post-thumbnail","hentry","category-integra","tag-corrupcao","tag-empresasprivadasnobrasil","tag-estatismo","tag-historiadebrasilia","tag-laissezfairelaissezpasser","tag-livremercadonobrasil","tag-privatizacao","tag-aricunha","tag-brasilia","tag-circecunha","tag-mamfil"],"_links":{"self":[{"href":"https:\/\/blogs.correiobraziliense.com.br\/aricunha\/wp-json\/wp\/v2\/posts\/15703","targetHints":{"allow":["GET"]}}],"collection":[{"href":"https:\/\/blogs.correiobraziliense.com.br\/aricunha\/wp-json\/wp\/v2\/posts"}],"about":[{"href":"https:\/\/blogs.correiobraziliense.com.br\/aricunha\/wp-json\/wp\/v2\/types\/post"}],"author":[{"embeddable":true,"href":"https:\/\/blogs.correiobraziliense.com.br\/aricunha\/wp-json\/wp\/v2\/users\/34"}],"replies":[{"embeddable":true,"href":"https:\/\/blogs.correiobraziliense.com.br\/aricunha\/wp-json\/wp\/v2\/comments?post=15703"}],"version-history":[{"count":2,"href":"https:\/\/blogs.correiobraziliense.com.br\/aricunha\/wp-json\/wp\/v2\/posts\/15703\/revisions"}],"predecessor-version":[{"id":15708,"href":"https:\/\/blogs.correiobraziliense.com.br\/aricunha\/wp-json\/wp\/v2\/posts\/15703\/revisions\/15708"}],"wp:featuredmedia":[{"embeddable":true,"href":"https:\/\/blogs.correiobraziliense.com.br\/aricunha\/wp-json\/wp\/v2\/media\/15706"}],"wp:attachment":[{"href":"https:\/\/blogs.correiobraziliense.com.br\/aricunha\/wp-json\/wp\/v2\/media?parent=15703"}],"wp:term":[{"taxonomy":"category","embeddable":true,"href":"https:\/\/blogs.correiobraziliense.com.br\/aricunha\/wp-json\/wp\/v2\/categories?post=15703"},{"taxonomy":"post_tag","embeddable":true,"href":"https:\/\/blogs.correiobraziliense.com.br\/aricunha\/wp-json\/wp\/v2\/tags?post=15703"}],"curies":[{"name":"wp","href":"https:\/\/api.w.org\/{rel}","templated":true}]}}