{"id":15672,"date":"2020-01-04T01:00:07","date_gmt":"2020-01-04T04:00:07","guid":{"rendered":"https:\/\/blogs.correiobraziliense.com.br\/aricunha\/?p=15672"},"modified":"2020-01-03T19:16:41","modified_gmt":"2020-01-03T22:16:41","slug":"o-preco-das-crises-internacionais-e-ciclicas-no-bolso-dos-brasileiros","status":"publish","type":"post","link":"https:\/\/blogs.correiobraziliense.com.br\/aricunha\/o-preco-das-crises-internacionais-e-ciclicas-no-bolso-dos-brasileiros\/","title":{"rendered":"O pre\u00e7o das crises internacionais e c\u00edclicas no bolso dos brasileiros"},"content":{"rendered":"<p>VISTO, LIDO E OUVIDO, criada por Ari Cunha (In memoriam)<\/p>\n<p>Desde 1960, com Circe Cunha e Mamfil<\/p>\n<p>jornalistacircecunha@gmail.com<\/p>\n<p>Facebook.com\/vistolidoeouvido<\/p>\n<p>Instagram.com\/vistolidoeouvido<\/p>\n<p>&nbsp;<\/p>\n<figure id=\"attachment_15673\" aria-describedby=\"caption-attachment-15673\" style=\"width: 660px\" class=\"wp-caption aligncenter\"><img loading=\"lazy\" decoding=\"async\" class=\"size-full wp-image-15673\" src=\"https:\/\/blogs.correiobraziliense.com.br\/aricunha\/wp-content\/uploads\/sites\/13\/2020\/01\/101683124_combustvel.jpg\" alt=\"\" width=\"660\" height=\"371\" srcset=\"https:\/\/blogs.correiobraziliense.com.br\/aricunha\/wp-content\/uploads\/sites\/13\/2020\/01\/101683124_combustvel.jpg 660w, https:\/\/blogs.correiobraziliense.com.br\/aricunha\/wp-content\/uploads\/sites\/13\/2020\/01\/101683124_combustvel-300x169.jpg 300w, https:\/\/blogs.correiobraziliense.com.br\/aricunha\/wp-content\/uploads\/sites\/13\/2020\/01\/101683124_combustvel-350x197.jpg 350w, https:\/\/blogs.correiobraziliense.com.br\/aricunha\/wp-content\/uploads\/sites\/13\/2020\/01\/101683124_combustvel-550x309.jpg 550w, https:\/\/blogs.correiobraziliense.com.br\/aricunha\/wp-content\/uploads\/sites\/13\/2020\/01\/101683124_combustvel-230x129.jpg 230w\" sizes=\"auto, (max-width: 660px) 100vw, 660px\" \/><figcaption id=\"caption-attachment-15673\" class=\"wp-caption-text\">Foto: bbc.com<\/figcaption><\/figure>\n<p>&nbsp;<\/p>\n<p>Mais uma crise artificial e paralela est\u00e1 se armando agora contra os consumidores brasileiros por parte do governo em conluio com a Petrobras, a estatal problema do pa\u00eds. O assassinato do general e comandante da Guarda Revolucion\u00e1ria do Ir\u00e3, Qassim Suleimani, visto pela maioria dos analistas como um verdadeiro cataclismo para o j\u00e1 inst\u00e1vel Oriente M\u00e9dio, ter\u00e1, seguramente, repercuss\u00f5es na geopol\u00edtica daquela parte do planeta e, sem d\u00favidas, provocou uma alta de aproximadamente 4% nos pre\u00e7os do barril de petr\u00f3leo no mercado internacional.<\/p>\n<p>De antem\u00e3o, o presidente Jair Bolsonaro j\u00e1 admitiu que esse acontecimento trar\u00e1 impactos nos pre\u00e7os do combust\u00edvel vendidos nos postos de todo o Pa\u00eds. Para o consumidor m\u00e9dio, fica dif\u00edcil entender como a cada crise internacional, ocorrida nesse nosso mundo inst\u00e1vel, a primeira grande repercuss\u00e3o e a mais sentida pelos brasileiros seja, justamente, o aumento autom\u00e1tico nos pre\u00e7os dos combust\u00edveis.<\/p>\n<p>Para um pa\u00eds condenado por mais de seis d\u00e9cadas a ter como \u00fanico meio de transporte as rodovias, qualquer mal-entendido no exterior \u00e9 logo sentido no bolso do cidad\u00e3o, n\u00e3o s\u00f3 diante das bombas de abastecimento, mas, principalmente, no aumento da infla\u00e7\u00e3o: esse tormento que existe de forma permanente nos pre\u00e7os exibidos nas g\u00f4ndolas dos supermercados, mas que os \u00edndices oficiais teimam em colocar em n\u00fameros suaves.<\/p>\n<p>Com as descobertas dos po\u00e7os do pr\u00e9-sal, cujo o volume \u00e9 sempre apresentado em n\u00fameros patri\u00f3ticos e inflados, o Brasil, pelo menos na propaganda oficial, se tornou autossuficiente, extraindo algo em torno de 2,6 milh\u00f5es de barris ao dia. Numa produ\u00e7\u00e3o suficiente n\u00e3o s\u00f3 para atender a demanda do mercado interno, mas, at\u00e9 para exportar parte do excedente. Mesmo assim a estatal alega que a importa\u00e7\u00e3o de \u00f3leo leve, necess\u00e1rio para misturar ao \u00f3leo pesado que segue para as refinarias \u00e9 ainda preciso e estrat\u00e9gico.<\/p>\n<p>O consumidor n\u00e3o entende nada de estrat\u00e9gias de mercado, o que ele sabe e v\u00ea diariamente nas bombas de abastecimento \u00e9 a venda de combust\u00edvel misturado ao \u00e1lcool e outros solventes serem vendidos a pre\u00e7os que sempre flutuam para cima, nunca para baixo.<\/p>\n<p>O repasse de pre\u00e7os \u00e9 j\u00e1 entendido aqui no Brasil como um processo autom\u00e1tico. Basta um espirro no Oriente M\u00e9dio e os pre\u00e7os por aqui ficam com febre. Para os cidad\u00e3os \u00e9 imposs\u00edvel compreender como uma empresa desse porte, que sempre lucrou com o mercado interno, n\u00e3o consegue, em tempo algum, funcionar como uma empresa reguladora e fornecedora de bons produtos a pre\u00e7os justos. N\u00e3o h\u00e1 explica\u00e7\u00e3o para o fato de termos ainda a gasolina e o \u00f3leo diesel mais caros de todo o continente, inclusive de pa\u00edses que n\u00e3o produzem nem uma gota de petr\u00f3leo.<\/p>\n<p>Interessados nessas varia\u00e7\u00f5es de pre\u00e7os do tipo esquizofr\u00eanicos, os postos de combust\u00edveis de todo o Distrito Federal, os mesmos por diversas vezes flagrados em combina\u00e7\u00f5es e a\u00e7\u00f5es do tipo cartel, aguardam, com ansiedade c\u00famplice, o sinal j\u00e1 conhecido da estatal para elevar, mais uma vez, os pre\u00e7os dos combust\u00edveis.<\/p>\n<p>Um dia, quando esse valioso mercado for completamente aberto \u00e0 concorr\u00eancia de outras empresas, os brasileiros ir\u00e3o perceber finalmente quanto tempo e recursos foram desperdi\u00e7ados com esse modelo nacionalista, monopolista e estatizante do petr\u00f3leo.<\/p>\n<p>&nbsp;<\/p>\n<p>&nbsp;<\/p>\n<p>&nbsp;<\/p>\n<p><strong>A frase que foi pronunciada:<\/strong><\/p>\n<p><em>\u201cNo dia em que o mundo n\u00e3o precisar mais de petr\u00f3leo, o Ir\u00e3 estar\u00e1 livre.\u201d<\/em><\/p>\n<p>Abbas Kiarotsami, poeta, cineasta, roteirista, produtor e fot\u00f3grafo iraniano.<\/p>\n<p><iframe loading=\"lazy\" title=\"Ataque ordenado por Trump mata principal general iraniano e eleva tens\u00e3o\" width=\"1440\" height=\"810\" src=\"https:\/\/www.youtube.com\/embed\/L0Fm05MKk3s?feature=oembed\" frameborder=\"0\" allow=\"accelerometer; autoplay; clipboard-write; encrypted-media; gyroscope; picture-in-picture; web-share\" referrerpolicy=\"strict-origin-when-cross-origin\" allowfullscreen><\/iframe><\/p>\n<p>&nbsp;<\/p>\n<p>&nbsp;<\/p>\n<p><strong>Sem sentido<\/strong><\/p>\n<p>Dif\u00edcil compreender a raz\u00e3o de n\u00e3o haver trabalhadores a todo vapor nas obras das tesourinhas. Enquanto o tr\u00e2nsito est\u00e1 leve, ningu\u00e9m trabalha. No hor\u00e1rio de pico, m\u00e1quinas e homens nas pistas.<\/p>\n<p>https:\/\/www.youtube.com\/watch?time_continue=2&#038;v=HcUjTTvZqbg&#038;feature=emb_logo<\/p>\n<p>&nbsp;<\/p>\n<p>&nbsp;<\/p>\n<p><strong>Muito pouco<\/strong><\/p>\n<p>Um passeio pela Torre de TV \u00e0 noite mostra como a capital do Brasil precisa de atrativos para os visitantes. Nossos governantes andam pelo mundo e sabem que o que dinamiza o turismo \u00e9 a cultura local, o respeito pela hist\u00f3ria, tradi\u00e7\u00f5es a valoriza\u00e7\u00e3o das belezas naturais&#8230; como o cerrado, por exemplo: ber\u00e7o de toda \u00e1gua.<\/p>\n<p><iframe loading=\"lazy\" title=\"JL \u2013 Bras\u00edlia ganha maior \u00e1rvore natalina do pa\u00eds com 224 metros\" width=\"1440\" height=\"810\" src=\"https:\/\/www.youtube.com\/embed\/-5jZxj6twpU?feature=oembed\" frameborder=\"0\" allow=\"accelerometer; autoplay; clipboard-write; encrypted-media; gyroscope; picture-in-picture; web-share\" referrerpolicy=\"strict-origin-when-cross-origin\" allowfullscreen><\/iframe><\/p>\n<p>&nbsp;<\/p>\n<p>&nbsp;<\/p>\n<p><strong>Parceiros<\/strong><\/p>\n<p>Escolhidos o Banco Santander e o Bancoob. Est\u00e3o autorizados ou credenciados para a presta\u00e7\u00e3o de servi\u00e7os de arrecada\u00e7\u00e3o de tributos e outras receitas p\u00fablicas do DF. O ato foi assinado pelo secret\u00e1rio Ot\u00e1vio Rufino dos Santos.<\/p>\n<p>&nbsp;<\/p>\n<p>&nbsp;<\/p>\n<p>&nbsp;<\/p>\n<p><strong>Muda Bras\u00edlia<\/strong><\/p>\n<p>N\u00e3o s\u00e3o todas as quadras do DF que contam com a urbanidade dos donos de c\u00e3es. Na Asa Sul, v\u00e1rias prefeituras disponibilizam saquinhos para colher os excrementos dos animais. Na Asa Norte, apenas algumas adotaram essa pr\u00e1tica. Mas ainda \u00e9 maioria quem prefere deixar as fezes do pet na grama ou nas cal\u00e7adas.<\/p>\n<figure id=\"attachment_15674\" aria-describedby=\"caption-attachment-15674\" style=\"width: 548px\" class=\"wp-caption aligncenter\"><img loading=\"lazy\" decoding=\"async\" class=\" wp-image-15674\" src=\"https:\/\/blogs.correiobraziliense.com.br\/aricunha\/wp-content\/uploads\/sites\/13\/2020\/01\/c\u00e3o.jpg\" alt=\"\" width=\"548\" height=\"311\" srcset=\"https:\/\/blogs.correiobraziliense.com.br\/aricunha\/wp-content\/uploads\/sites\/13\/2020\/01\/c\u00e3o.jpg 587w, https:\/\/blogs.correiobraziliense.com.br\/aricunha\/wp-content\/uploads\/sites\/13\/2020\/01\/c\u00e3o-300x170.jpg 300w, https:\/\/blogs.correiobraziliense.com.br\/aricunha\/wp-content\/uploads\/sites\/13\/2020\/01\/c\u00e3o-350x199.jpg 350w, https:\/\/blogs.correiobraziliense.com.br\/aricunha\/wp-content\/uploads\/sites\/13\/2020\/01\/c\u00e3o-550x312.jpg 550w, https:\/\/blogs.correiobraziliense.com.br\/aricunha\/wp-content\/uploads\/sites\/13\/2020\/01\/c\u00e3o-230x130.jpg 230w\" sizes=\"auto, (max-width: 548px) 100vw, 548px\" \/><figcaption id=\"caption-attachment-15674\" class=\"wp-caption-text\">Foto: vetquality.com<\/figcaption><\/figure>\n<p>&nbsp;<\/p>\n<p>&nbsp;<\/p>\n<p><strong>HIST\u00d3RIA DE BRAS\u00cdLIA<\/strong><\/p>\n<p>Dizem as not\u00edcias que J\u00e2nio desembarcar\u00e1 no Cear\u00e1, e vir\u00e1 para S\u00e3o Paulo por terra. Depois do manifesto lido pelo sr. Castilho Cabral, recomendamos ao sr. J\u00e2nio Quadros desembarcar em Itanhaem, de madrugada, e ir correndo para a Vila Maria. <strong>(Publicado em 13\/12\/1961)<\/strong><\/p>\n","protected":false},"excerpt":{"rendered":"<p>VISTO, LIDO E OUVIDO, criada por Ari Cunha (In memoriam) Desde 1960, com Circe Cunha e Mamfil jornalistacircecunha@gmail.com Facebook.com\/vistolidoeouvido Instagram.com\/vistolidoeouvido &nbsp; &nbsp; Mais uma crise artificial e paralela est\u00e1 se armando agora contra os consumidores brasileiros por parte do governo em conluio com a Petrobras, a estatal problema do pa\u00eds. O assassinato do general e comandante da Guarda Revolucion\u00e1ria do [&hellip;]<\/p>\n","protected":false},"author":34,"featured_media":15673,"comment_status":"open","ping_status":"open","sticky":false,"template":"","format":"standard","meta":{"footnotes":""},"categories":[23],"tags":[2012,2011,114,166,165,1244,2013,68,2,69,16],"class_list":["post-15672","post","type-post","status-publish","format-standard","has-post-thumbnail","hentry","category-integra","tag-ataquedoseuaaoira","tag-crisesinternacionais","tag-historiadebrasilia","tag-petrobras","tag-petroleonobrasil","tag-precodagasolina","tag-qassimsuleimani","tag-aricunha","tag-brasilia","tag-circecunha","tag-mamfil"],"_links":{"self":[{"href":"https:\/\/blogs.correiobraziliense.com.br\/aricunha\/wp-json\/wp\/v2\/posts\/15672","targetHints":{"allow":["GET"]}}],"collection":[{"href":"https:\/\/blogs.correiobraziliense.com.br\/aricunha\/wp-json\/wp\/v2\/posts"}],"about":[{"href":"https:\/\/blogs.correiobraziliense.com.br\/aricunha\/wp-json\/wp\/v2\/types\/post"}],"author":[{"embeddable":true,"href":"https:\/\/blogs.correiobraziliense.com.br\/aricunha\/wp-json\/wp\/v2\/users\/34"}],"replies":[{"embeddable":true,"href":"https:\/\/blogs.correiobraziliense.com.br\/aricunha\/wp-json\/wp\/v2\/comments?post=15672"}],"version-history":[{"count":1,"href":"https:\/\/blogs.correiobraziliense.com.br\/aricunha\/wp-json\/wp\/v2\/posts\/15672\/revisions"}],"predecessor-version":[{"id":15675,"href":"https:\/\/blogs.correiobraziliense.com.br\/aricunha\/wp-json\/wp\/v2\/posts\/15672\/revisions\/15675"}],"wp:featuredmedia":[{"embeddable":true,"href":"https:\/\/blogs.correiobraziliense.com.br\/aricunha\/wp-json\/wp\/v2\/media\/15673"}],"wp:attachment":[{"href":"https:\/\/blogs.correiobraziliense.com.br\/aricunha\/wp-json\/wp\/v2\/media?parent=15672"}],"wp:term":[{"taxonomy":"category","embeddable":true,"href":"https:\/\/blogs.correiobraziliense.com.br\/aricunha\/wp-json\/wp\/v2\/categories?post=15672"},{"taxonomy":"post_tag","embeddable":true,"href":"https:\/\/blogs.correiobraziliense.com.br\/aricunha\/wp-json\/wp\/v2\/tags?post=15672"}],"curies":[{"name":"wp","href":"https:\/\/api.w.org\/{rel}","templated":true}]}}