{"id":15606,"date":"2019-12-26T01:00:07","date_gmt":"2019-12-26T04:00:07","guid":{"rendered":"https:\/\/blogs.correiobraziliense.com.br\/aricunha\/?p=15606"},"modified":"2019-12-26T10:33:10","modified_gmt":"2019-12-26T13:33:10","slug":"uma-imagem-vale-mais-que-mil-palavras-ate-na-medicina","status":"publish","type":"post","link":"https:\/\/blogs.correiobraziliense.com.br\/aricunha\/uma-imagem-vale-mais-que-mil-palavras-ate-na-medicina\/","title":{"rendered":"Uma imagem vale mais que mil palavras. At\u00e9 na medicina."},"content":{"rendered":"<p>VISTO, LIDO E OUVIDO, criada por Ari Cunha (In memoriam)<\/p>\n<p>Desde 1960, com Circe Cunha e Mamfil<\/p>\n<p>jornalistacircecunha@gmail.com<\/p>\n<p>Facebook.com\/vistolidoeouvido<\/p>\n<p>Instagram.com\/vistolidoeouvido<\/p>\n<p>&nbsp;<\/p>\n<figure id=\"attachment_15613\" aria-describedby=\"caption-attachment-15613\" style=\"width: 652px\" class=\"wp-caption aligncenter\"><img loading=\"lazy\" decoding=\"async\" class=\" wp-image-15613\" src=\"https:\/\/blogs.correiobraziliense.com.br\/aricunha\/wp-content\/uploads\/sites\/13\/2019\/12\/excesso-exames-saude.jpg\" alt=\"\" width=\"652\" height=\"326\" srcset=\"https:\/\/blogs.correiobraziliense.com.br\/aricunha\/wp-content\/uploads\/sites\/13\/2019\/12\/excesso-exames-saude.jpg 560w, https:\/\/blogs.correiobraziliense.com.br\/aricunha\/wp-content\/uploads\/sites\/13\/2019\/12\/excesso-exames-saude-300x150.jpg 300w, https:\/\/blogs.correiobraziliense.com.br\/aricunha\/wp-content\/uploads\/sites\/13\/2019\/12\/excesso-exames-saude-350x175.jpg 350w, https:\/\/blogs.correiobraziliense.com.br\/aricunha\/wp-content\/uploads\/sites\/13\/2019\/12\/excesso-exames-saude-550x275.jpg 550w, https:\/\/blogs.correiobraziliense.com.br\/aricunha\/wp-content\/uploads\/sites\/13\/2019\/12\/excesso-exames-saude-230x115.jpg 230w\" sizes=\"auto, (max-width: 652px) 100vw, 652px\" \/><figcaption id=\"caption-attachment-15613\" class=\"wp-caption-text\">Foto: epoca.globo.com<\/figcaption><\/figure>\n<p>&nbsp;<\/p>\n<p>Por tr\u00e1s de tantos pedidos de exames, est\u00e1 o mercado da medicina, representado pelos laborat\u00f3rios e pelas cl\u00ednicas, pelos hospitais pelos planos de sa\u00fade e por muitos m\u00e9dicos ligados a esses esquemas bilion\u00e1rios que encontraram, em nosso pa\u00eds, um para\u00edso e uma mina de ouro para essas rotinas duvidosas.<\/p>\n<p>Nos \u00faltimos anos, um fator muito espec\u00edfico, e de ordem estrutural, vem contribuindo n\u00e3o s\u00f3 para esses n\u00fameros exagerados de exames que s\u00e3o solicitados aos pacientes, como para o aumento de casos de erros m\u00e9dicos. Trata-se obviamente da m\u00e1 forma\u00e7\u00e3o dos m\u00e9dicos, principalmente daqueles oriundos das in\u00fameras faculdades que foram criadas em todo o pa\u00eds nos anos mais recentes. N\u00e3o \u00e9 de hoje que m\u00e9dicos e especialistas em exames laboratoriais e de imagens alertam para os perigos causados aos pr\u00f3prios pacientes pelo excesso e banaliza\u00e7\u00e3o desses procedimentos.<\/p>\n<p>Por falta de uma regula\u00e7\u00e3o mais precisa pelos \u00f3rg\u00e3os de vigil\u00e2ncia de sa\u00fade, o Brasil se tornou campe\u00e3o mundial em exames de imagens e exames laboratoriais. Com isso muitos pacientes s\u00e3o submetidos \u00e0 uma bateria de procedimentos cl\u00ednicos, muitos deles, absolutamente desnecess\u00e1rios e in\u00f3cuos do ponto de vista do diagn\u00f3stico.<\/p>\n<p>A mercantiliza\u00e7\u00e3o da medicina, representada pela gan\u00e2ncia das cl\u00ednicas de exames laboratoriais e de imagens, dos planos de sa\u00fade, dos hospitais particulares, aliadas \u00e0 m\u00e1 forma\u00e7\u00e3o profissional de uma imensa gera\u00e7\u00e3o de novos m\u00e9dicos, oriundos de escolas sem qualidade atestada, resultaram nesse descalabro que faz com que no Brasil o n\u00famero de pedidos de exames m\u00e9dicos sejam o triplo dos requeridos em pa\u00edses como Fran\u00e7a, Alemanha, Estados Unidos e Reino Unido.<\/p>\n<p>Para se ter uma ideia, enquanto em pa\u00edses da Europa a m\u00e9dia anual de exames como a resson\u00e2ncia magn\u00e9tica representava, em 2016, 52 pedidos para cada mil habitantes, aqui esse n\u00famero chega a mais de 149 para cada grupo de mil brasileiros. De fato, muita gente j\u00e1 pode perceber, durante as curt\u00edssimas consultas m\u00e9dicas que, cada vez mais, esses profissionais, por inseguran\u00e7a e pela defici\u00eancia de forma\u00e7\u00e3o, j\u00e1 n\u00e3o conhecem os segredos e a import\u00e2ncia da etiologia, ou seja o estudo das causas e origem de uma doen\u00e7a.<\/p>\n<p>Na raiz do problema est\u00e1 o fato de que muitos m\u00e9dicos j\u00e1 n\u00e3o conversam mais com seus pacientes. H\u00e1 casos, inclusive de profissionais que, sequer, olham nos olhos de seus pacientes, permanecendo, durante toda a consulta de cabe\u00e7a baixa, fazendo anota\u00e7\u00f5es. Muitos desses profissionais apoiam seu trabalho de diagnose exclusivamente com base nos resultados mostrados pela pilha de exames pedidos. A rela\u00e7\u00e3o m\u00e9dico\/paciente, fundamental para a boa pr\u00e1tica da medicina, desaparece e passa a ser substitu\u00edda pelos o que dizem os n\u00fameros e as imagens.<\/p>\n<p>&nbsp;<\/p>\n<p><strong>\u00a0<\/strong><\/p>\n<p><strong>\u00a0<\/strong><\/p>\n<p><strong>A frase que foi pronunciada:<\/strong><\/p>\n<p><em>\u201cSe o vosso m\u00e9dico n\u00e3o aprova que fa\u00e7ais coisas que vos s\u00e3o agrad\u00e1veis, que bebais vinho ou que tomeis tal ou tal alimento, n\u00e3o vos de isso nenhum cuidado: eu vos procurarei outro, que n\u00e3o ser\u00e1 do mesmo parecer.\u201d<\/em><\/p>\n<p>Michel de Montaigne, fil\u00f3sofo, escritor e humanista franc\u00eas.<\/p>\n<figure id=\"attachment_15612\" aria-describedby=\"caption-attachment-15612\" style=\"width: 551px\" class=\"wp-caption aligncenter\"><img loading=\"lazy\" decoding=\"async\" class=\" wp-image-15612\" src=\"https:\/\/blogs.correiobraziliense.com.br\/aricunha\/wp-content\/uploads\/sites\/13\/2019\/12\/michel.jpg\" alt=\"\" width=\"551\" height=\"352\" srcset=\"https:\/\/blogs.correiobraziliense.com.br\/aricunha\/wp-content\/uploads\/sites\/13\/2019\/12\/michel.jpg 448w, https:\/\/blogs.correiobraziliense.com.br\/aricunha\/wp-content\/uploads\/sites\/13\/2019\/12\/michel-300x192.jpg 300w, https:\/\/blogs.correiobraziliense.com.br\/aricunha\/wp-content\/uploads\/sites\/13\/2019\/12\/michel-350x223.jpg 350w, https:\/\/blogs.correiobraziliense.com.br\/aricunha\/wp-content\/uploads\/sites\/13\/2019\/12\/michel-230x147.jpg 230w\" sizes=\"auto, (max-width: 551px) 100vw, 551px\" \/><figcaption id=\"caption-attachment-15612\" class=\"wp-caption-text\">Cr\u00e9dito: Wikimedia Commons\/Wikipedia<\/figcaption><\/figure>\n<p><strong>\u00a0<\/strong><\/p>\n<p><strong>\u00a0<\/strong><\/p>\n<p><strong>Energia<\/strong><\/p>\n<p>No Natal a falta de luz, que se iniciou na v\u00e9spera, permaneceu em algumas localidades de Bras\u00edlia. Como o servi\u00e7o \u00e9 terceirizado, n\u00e3o havia tanta esperan\u00e7a de solu\u00e7\u00e3o. Sem geladeira e chuveiro funcionando, a CEB se fez presente de forma marcante nas festas natalinas. E a conta \u00f3!<\/p>\n<figure id=\"attachment_14307\" aria-describedby=\"caption-attachment-14307\" style=\"width: 548px\" class=\"wp-caption aligncenter\"><img loading=\"lazy\" decoding=\"async\" class=\" wp-image-14307\" src=\"https:\/\/blogs.correiobraziliense.com.br\/aricunha\/wp-content\/uploads\/sites\/13\/2019\/06\/CEB.jpg\" alt=\"\" width=\"548\" height=\"367\" srcset=\"https:\/\/blogs.correiobraziliense.com.br\/aricunha\/wp-content\/uploads\/sites\/13\/2019\/06\/CEB.jpg 530w, https:\/\/blogs.correiobraziliense.com.br\/aricunha\/wp-content\/uploads\/sites\/13\/2019\/06\/CEB-300x201.jpg 300w, https:\/\/blogs.correiobraziliense.com.br\/aricunha\/wp-content\/uploads\/sites\/13\/2019\/06\/CEB-350x234.jpg 350w, https:\/\/blogs.correiobraziliense.com.br\/aricunha\/wp-content\/uploads\/sites\/13\/2019\/06\/CEB-230x154.jpg 230w\" sizes=\"auto, (max-width: 548px) 100vw, 548px\" \/><figcaption id=\"caption-attachment-14307\" class=\"wp-caption-text\">Foto: portalvarada.com<\/figcaption><\/figure>\n<p><strong>\u00a0<\/strong><\/p>\n<p><strong>\u00a0<\/strong><\/p>\n<p><strong>Taguatinga<\/strong><\/p>\n<p>Mais refor\u00e7o policial \u00e9 necess\u00e1rio na Pra\u00e7a do Rel\u00f3gio. Quando os habitantes e trabalhadores do local j\u00e1 se acostuma com os casos de furtos e vadiagem, \u00e9 porque alguma coisa est\u00e1 errada. O local \u00e9 de grande circula\u00e7\u00e3o e precisa de policiamento ostensivo.<\/p>\n<figure id=\"attachment_15611\" aria-describedby=\"caption-attachment-15611\" style=\"width: 548px\" class=\"wp-caption aligncenter\"><img loading=\"lazy\" decoding=\"async\" class=\" wp-image-15611\" src=\"https:\/\/blogs.correiobraziliense.com.br\/aricunha\/wp-content\/uploads\/sites\/13\/2019\/12\/tagua.jpg\" alt=\"\" width=\"548\" height=\"365\" srcset=\"https:\/\/blogs.correiobraziliense.com.br\/aricunha\/wp-content\/uploads\/sites\/13\/2019\/12\/tagua.jpg 519w, https:\/\/blogs.correiobraziliense.com.br\/aricunha\/wp-content\/uploads\/sites\/13\/2019\/12\/tagua-300x200.jpg 300w, https:\/\/blogs.correiobraziliense.com.br\/aricunha\/wp-content\/uploads\/sites\/13\/2019\/12\/tagua-350x233.jpg 350w, https:\/\/blogs.correiobraziliense.com.br\/aricunha\/wp-content\/uploads\/sites\/13\/2019\/12\/tagua-230x153.jpg 230w\" sizes=\"auto, (max-width: 548px) 100vw, 548px\" \/><figcaption id=\"caption-attachment-15611\" class=\"wp-caption-text\">Foto: D\u00eanio Sim\u00f5es\/Ag\u00eancia Bras\u00edlia<\/figcaption><\/figure>\n<p><strong>\u00a0<\/strong><\/p>\n<p><strong>\u00a0<\/strong><\/p>\n<p><strong>Consumidor<\/strong><\/p>\n<p>\u00c9 bom que os consumidores saibam que pessoas f\u00edsicas podem perfeitamente fracionar embalagens de mercados que for\u00e7am a compra total do produto. Outro dia, em um grande supermercado, um cliente separou uma cartela de ovos que vinha em uma caixa com duas cartelas e provou no caixa que era seu direito levar apenas uma bandeja.<\/p>\n<p>&nbsp;<\/p>\n<p>&nbsp;<\/p>\n<p><strong>At\u00e9 hoje<\/strong><\/p>\n<p>Ainda em outubro desse ano, alunos lesados pelo Alub tinham que ser recebidos pelas escolas. Gra\u00e7as \u00e0 Promotoria de Justi\u00e7a de Defesa da Educa\u00e7\u00e3o do Consumidor, a parte lesada pode ser acolhida. J\u00e1 o Alub vem h\u00e1 anos lesando estudantes e at\u00e9 agora ningu\u00e9m conseguiu impedir.<\/p>\n<figure id=\"attachment_15610\" aria-describedby=\"caption-attachment-15610\" style=\"width: 551px\" class=\"wp-caption aligncenter\"><img loading=\"lazy\" decoding=\"async\" class=\" wp-image-15610\" src=\"https:\/\/blogs.correiobraziliense.com.br\/aricunha\/wp-content\/uploads\/sites\/13\/2019\/12\/alub.jpg\" alt=\"\" width=\"551\" height=\"367\" srcset=\"https:\/\/blogs.correiobraziliense.com.br\/aricunha\/wp-content\/uploads\/sites\/13\/2019\/12\/alub.jpg 1200w, https:\/\/blogs.correiobraziliense.com.br\/aricunha\/wp-content\/uploads\/sites\/13\/2019\/12\/alub-300x200.jpg 300w, https:\/\/blogs.correiobraziliense.com.br\/aricunha\/wp-content\/uploads\/sites\/13\/2019\/12\/alub-768x512.jpg 768w, https:\/\/blogs.correiobraziliense.com.br\/aricunha\/wp-content\/uploads\/sites\/13\/2019\/12\/alub-1024x683.jpg 1024w, https:\/\/blogs.correiobraziliense.com.br\/aricunha\/wp-content\/uploads\/sites\/13\/2019\/12\/alub-350x233.jpg 350w, https:\/\/blogs.correiobraziliense.com.br\/aricunha\/wp-content\/uploads\/sites\/13\/2019\/12\/alub-550x367.jpg 550w, https:\/\/blogs.correiobraziliense.com.br\/aricunha\/wp-content\/uploads\/sites\/13\/2019\/12\/alub-230x153.jpg 230w\" sizes=\"auto, (max-width: 551px) 100vw, 551px\" \/><figcaption id=\"caption-attachment-15610\" class=\"wp-caption-text\">Fotos: Vitor Mendon\u00e7a\/Jornal de Bras\u00edlia<\/figcaption><\/figure>\n<p><strong>\u00a0<\/strong><\/p>\n<p><strong>\u00a0<\/strong><\/p>\n<p><strong>Inteligente<\/strong><\/p>\n<p>Propaganda mal organizada \u00e9 praga para o visual. Nada como os tel\u00f5es de led em grandes cidades do mundo. Organizados em \u00e1rea que n\u00e3o agridem e mostram at\u00e9 \u00e1udio visual sincronizado. Temos muito ch\u00e3o pela frente para compreender o que \u00e9 uma cidade mundialmente visitada.<\/p>\n<figure id=\"attachment_15518\" aria-describedby=\"caption-attachment-15518\" style=\"width: 552px\" class=\"wp-caption aligncenter\"><img loading=\"lazy\" decoding=\"async\" class=\"wp-image-15518\" src=\"https:\/\/blogs.correiobraziliense.com.br\/aricunha\/wp-content\/uploads\/sites\/13\/2019\/12\/24cid3f1.jpg\" alt=\"\" width=\"552\" height=\"368\" srcset=\"https:\/\/blogs.correiobraziliense.com.br\/aricunha\/wp-content\/uploads\/sites\/13\/2019\/12\/24cid3f1.jpg 1200w, https:\/\/blogs.correiobraziliense.com.br\/aricunha\/wp-content\/uploads\/sites\/13\/2019\/12\/24cid3f1-300x200.jpg 300w, https:\/\/blogs.correiobraziliense.com.br\/aricunha\/wp-content\/uploads\/sites\/13\/2019\/12\/24cid3f1-768x512.jpg 768w, https:\/\/blogs.correiobraziliense.com.br\/aricunha\/wp-content\/uploads\/sites\/13\/2019\/12\/24cid3f1-1024x683.jpg 1024w, https:\/\/blogs.correiobraziliense.com.br\/aricunha\/wp-content\/uploads\/sites\/13\/2019\/12\/24cid3f1-350x233.jpg 350w, https:\/\/blogs.correiobraziliense.com.br\/aricunha\/wp-content\/uploads\/sites\/13\/2019\/12\/24cid3f1-550x367.jpg 550w, https:\/\/blogs.correiobraziliense.com.br\/aricunha\/wp-content\/uploads\/sites\/13\/2019\/12\/24cid3f1-230x153.jpg 230w\" sizes=\"auto, (max-width: 552px) 100vw, 552px\" \/><figcaption id=\"caption-attachment-15518\" class=\"wp-caption-text\">Foto: jornaldebrasilia.com.br<\/figcaption><\/figure>\n<p>&nbsp;<\/p>\n<p>&nbsp;<\/p>\n<p><strong>E nada<\/strong><\/p>\n<p>Inc\u00eandios na Amaz\u00f4nia j\u00e1 foram esclarecidos. Mas as praias brasileiras continuam agonizando sem que culpados sejam punidos. J\u00e1 acabaram com rios inteiros do Brasil, incendiaram florestas, despejaram \u00f3leo pelo mar e a popula\u00e7\u00e3o geme enquanto a soberania nacional lamenta.<\/p>\n<figure id=\"attachment_15090\" aria-describedby=\"caption-attachment-15090\" style=\"width: 549px\" class=\"wp-caption aligncenter\"><img loading=\"lazy\" decoding=\"async\" class=\" wp-image-15090\" src=\"https:\/\/blogs.correiobraziliense.com.br\/aricunha\/wp-content\/uploads\/sites\/13\/2019\/10\/mancha.jpg\" alt=\"\" width=\"549\" height=\"295\" srcset=\"https:\/\/blogs.correiobraziliense.com.br\/aricunha\/wp-content\/uploads\/sites\/13\/2019\/10\/mancha.jpg 854w, https:\/\/blogs.correiobraziliense.com.br\/aricunha\/wp-content\/uploads\/sites\/13\/2019\/10\/mancha-300x161.jpg 300w, https:\/\/blogs.correiobraziliense.com.br\/aricunha\/wp-content\/uploads\/sites\/13\/2019\/10\/mancha-768x413.jpg 768w, https:\/\/blogs.correiobraziliense.com.br\/aricunha\/wp-content\/uploads\/sites\/13\/2019\/10\/mancha-350x188.jpg 350w, https:\/\/blogs.correiobraziliense.com.br\/aricunha\/wp-content\/uploads\/sites\/13\/2019\/10\/mancha-550x296.jpg 550w, https:\/\/blogs.correiobraziliense.com.br\/aricunha\/wp-content\/uploads\/sites\/13\/2019\/10\/mancha-230x124.jpg 230w\" sizes=\"auto, (max-width: 549px) 100vw, 549px\" \/><figcaption id=\"caption-attachment-15090\" class=\"wp-caption-text\">Foto: Simone Santos\/Projeto Praia Limpa<\/figcaption><\/figure>\n<p>&nbsp;<\/p>\n<p>&nbsp;<\/p>\n<p><strong>HIST\u00d3RIA DE BRAS\u00cdLIA<\/strong><\/p>\n<p>Apenas, dessa vez n\u00e3o disse que o Lago est\u00e1 inundando a W-3 e o Pal\u00e1cio do Planalto, como disse certa vez. <strong>(Publicado em 12\/12\/1961)<\/strong><\/p>\n","protected":false},"excerpt":{"rendered":"<p>VISTO, LIDO E OUVIDO, criada por Ari Cunha (In memoriam) Desde 1960, com Circe Cunha e Mamfil jornalistacircecunha@gmail.com Facebook.com\/vistolidoeouvido Instagram.com\/vistolidoeouvido &nbsp; &nbsp; Por tr\u00e1s de tantos pedidos de exames, est\u00e1 o mercado da medicina, representado pelos laborat\u00f3rios e pelas cl\u00ednicas, pelos hospitais pelos planos de sa\u00fade e por muitos m\u00e9dicos ligados a esses esquemas bilion\u00e1rios que encontraram, em nosso pa\u00eds, [&hellip;]<\/p>\n","protected":false},"author":34,"featured_media":15613,"comment_status":"open","ping_status":"open","sticky":false,"template":"","format":"standard","meta":{"footnotes":""},"categories":[23],"tags":[114,2000,1999,859,2001,68,2,69,16],"class_list":["post-15606","post","type-post","status-publish","format-standard","has-post-thumbnail","hentry","category-integra","tag-historiadebrasilia","tag-laboratoriosnobrasil","tag-medicinanobrasil","tag-planosdesaudenobrasil","tag-prescricaodeexames","tag-aricunha","tag-brasilia","tag-circecunha","tag-mamfil"],"_links":{"self":[{"href":"https:\/\/blogs.correiobraziliense.com.br\/aricunha\/wp-json\/wp\/v2\/posts\/15606","targetHints":{"allow":["GET"]}}],"collection":[{"href":"https:\/\/blogs.correiobraziliense.com.br\/aricunha\/wp-json\/wp\/v2\/posts"}],"about":[{"href":"https:\/\/blogs.correiobraziliense.com.br\/aricunha\/wp-json\/wp\/v2\/types\/post"}],"author":[{"embeddable":true,"href":"https:\/\/blogs.correiobraziliense.com.br\/aricunha\/wp-json\/wp\/v2\/users\/34"}],"replies":[{"embeddable":true,"href":"https:\/\/blogs.correiobraziliense.com.br\/aricunha\/wp-json\/wp\/v2\/comments?post=15606"}],"version-history":[{"count":5,"href":"https:\/\/blogs.correiobraziliense.com.br\/aricunha\/wp-json\/wp\/v2\/posts\/15606\/revisions"}],"predecessor-version":[{"id":15616,"href":"https:\/\/blogs.correiobraziliense.com.br\/aricunha\/wp-json\/wp\/v2\/posts\/15606\/revisions\/15616"}],"wp:featuredmedia":[{"embeddable":true,"href":"https:\/\/blogs.correiobraziliense.com.br\/aricunha\/wp-json\/wp\/v2\/media\/15613"}],"wp:attachment":[{"href":"https:\/\/blogs.correiobraziliense.com.br\/aricunha\/wp-json\/wp\/v2\/media?parent=15606"}],"wp:term":[{"taxonomy":"category","embeddable":true,"href":"https:\/\/blogs.correiobraziliense.com.br\/aricunha\/wp-json\/wp\/v2\/categories?post=15606"},{"taxonomy":"post_tag","embeddable":true,"href":"https:\/\/blogs.correiobraziliense.com.br\/aricunha\/wp-json\/wp\/v2\/tags?post=15606"}],"curies":[{"name":"wp","href":"https:\/\/api.w.org\/{rel}","templated":true}]}}