{"id":15584,"date":"2019-12-22T01:00:57","date_gmt":"2019-12-22T04:00:57","guid":{"rendered":"https:\/\/blogs.correiobraziliense.com.br\/aricunha\/?p=15584"},"modified":"2019-12-21T12:41:23","modified_gmt":"2019-12-21T15:41:23","slug":"o-caminho-do-meio-para-as-universidades-brasileiras","status":"publish","type":"post","link":"https:\/\/blogs.correiobraziliense.com.br\/aricunha\/o-caminho-do-meio-para-as-universidades-brasileiras\/","title":{"rendered":"O caminho do meio para as universidades brasileiras"},"content":{"rendered":"<p>VISTO, LIDO E OUVIDO, criada por Ari Cunha (In memoriam)<\/p>\n<p>Desde 1960, com Circe Cunha e Mamfil<\/p>\n<p>jornalistacircecunha@gmail.com<\/p>\n<p>Facebook.com\/vistolidoeouvido<\/p>\n<p>Instagram.com\/vistolidoeouvido<\/p>\n<p>&nbsp;<\/p>\n<figure id=\"attachment_15586\" aria-describedby=\"caption-attachment-15586\" style=\"width: 620px\" class=\"wp-caption aligncenter\"><img loading=\"lazy\" decoding=\"async\" class=\"size-full wp-image-15586\" src=\"https:\/\/blogs.correiobraziliense.com.br\/aricunha\/wp-content\/uploads\/sites\/13\/2019\/12\/20062016_Manifestacao1_MarcelaDAlessandro.jpg\" alt=\"\" width=\"620\" height=\"413\" srcset=\"https:\/\/blogs.correiobraziliense.com.br\/aricunha\/wp-content\/uploads\/sites\/13\/2019\/12\/20062016_Manifestacao1_MarcelaDAlessandro.jpg 620w, https:\/\/blogs.correiobraziliense.com.br\/aricunha\/wp-content\/uploads\/sites\/13\/2019\/12\/20062016_Manifestacao1_MarcelaDAlessandro-300x200.jpg 300w, https:\/\/blogs.correiobraziliense.com.br\/aricunha\/wp-content\/uploads\/sites\/13\/2019\/12\/20062016_Manifestacao1_MarcelaDAlessandro-350x233.jpg 350w, https:\/\/blogs.correiobraziliense.com.br\/aricunha\/wp-content\/uploads\/sites\/13\/2019\/12\/20062016_Manifestacao1_MarcelaDAlessandro-550x366.jpg 550w, https:\/\/blogs.correiobraziliense.com.br\/aricunha\/wp-content\/uploads\/sites\/13\/2019\/12\/20062016_Manifestacao1_MarcelaDAlessandro-230x153.jpg 230w\" sizes=\"auto, (max-width: 620px) 100vw, 620px\" \/><figcaption id=\"caption-attachment-15586\" class=\"wp-caption-text\">Foto: Marcela D&#8217;Alessandro<\/figcaption><\/figure>\n<p>&nbsp;<\/p>\n<p>Em resposta \u00e0 atenciosa carta enviada a essa coluna pela leitora Maria Celeste Dominici e que reproduzimos abaixo, rebatendo algumas afirma\u00e7\u00f5es contidas no editorial \u201cAs universidades e o caminho do meio\u201d, publicado em 14 de dezembro, esclarecemos que em momento algum classificamos alunos e professores da Universidade de Bras\u00edlia como \u201cmanada\u201d, quando dissemos que: \u201cA abdu\u00e7\u00e3o de entidades representativas tanto dos trabalhadores na educa\u00e7\u00e3o como dos pr\u00f3prios alunos pelos partidos de esquerda contribu\u00edram para um maior distanciamento entre a sociedade e essas institui\u00e7\u00f5es, fato esse que acabou servindo de pretexto tamb\u00e9m para um certo clima de animosidade entre o atual governo de direita e as universidades.\u201d Na realidade, e isso \u00e9 do conhecimento p\u00fablico, tanto os diret\u00f3rios estudantis como os \u00f3rg\u00e3os representativos dos professores, n\u00e3o s\u00f3 das universidades, mas dos ensinos de base e fundamentais, v\u00eam, h\u00e1 anos, sendo controlados e orientados pelos partidos de esquerda, ligados \u00e0 CUT e a outros sindicatos de classe.<\/p>\n<p>O que o editorial destacou como fundamental para uma institui\u00e7\u00e3o p\u00fablica de ensino, financiada muitas vezes por aqueles que jamais ter\u00e3o condi\u00e7\u00f5es de frequent\u00e1-las, \u00e9 que ela se mantenha equidistante das ideologias dos governos de plant\u00e3o, pelo simples fato dessas entidades serem permanentes, ao contr\u00e1rio de governos que v\u00eam e v\u00e3o ao sabor da predile\u00e7\u00e3o dos eleitores. A quest\u00e3o da pluralidade pol\u00edtica dentro das universidades ainda \u00e9 uma quest\u00e3o a ser resolvida entre professores e alunos, at\u00e9 para que essas institui\u00e7\u00f5es alcancem a sua verdadeira universalidade. Segue a missiva que compartilhamos com os leitores.<\/p>\n<p>\u201cQuero comentar uns pontos de tua coluna de 14 de dezembro, \u201cUniversidades e o caminho do meio\u201d. Uma universidade com esp\u00edrito verdadeiramente cient\u00edfico lida com todas as correntes de pensamento se n\u00e3o, deixa de ser uma universidade. Considerar que os estudantes e professores podem ser abduzidos por partidos de esquerda (ou de direita, ou de centro) \u00e9 considerar que s\u00e3o uma manada, e n\u00e3o pessoas com senso cr\u00edtico.<\/p>\n<p>Se h\u00e1 identifica\u00e7\u00e3o maior com uma ou outra corrente \u00e9 necess\u00e1rio entender quais s\u00e3o as raz\u00f5es. Talvez as gritantes desigualdades sociais, raciais, de g\u00eanero e etc. levem as pessoas a questionarem mais e serem menos propensas a apoiarem o sistema gerador de tudo isso. Voc\u00ea disse que as universidades est\u00e3o em permanente confronto com as autoridades. Acho que sempre h\u00e1 diverg\u00eancias, o que \u00e9 totalmente normal, principalmente em um pa\u00eds que, entra governo, sai governo, a administra\u00e7\u00e3o \u00e9 sofr\u00edvel. N\u00e3o diga que estudantes e professores s\u00e3o militantes!!! A universidade tem a obriga\u00e7\u00e3o de levar ao estudante o esp\u00edrito cr\u00edtico, para que n\u00e3o seja, como se dizia na minha \u00e9poca, uma vaca de pres\u00e9pio. Precisamos cada vez mais de massa cr\u00edtica. Para se chegar \u00e0 verdade, cient\u00edfica, pol\u00edtica ou qualquer verdade \u00e9 necess\u00e1ria capacidade de an\u00e1lise, de reflex\u00e3o, de cr\u00edtica. Imposs\u00edvel a maturidade sem capacidade de cr\u00edtica. Esse governo que se instalou nos deixa em depress\u00e3o, porque \u00e9 dif\u00edcil encontrar alguma a\u00e7\u00e3o positiva. Abra\u00e7os, Maria Celeste Dominici.\u201d<\/p>\n<p>&nbsp;<\/p>\n<p>&nbsp;<\/p>\n<p>&nbsp;<\/p>\n<p><strong>A frase que foi pronunciada:<\/strong><\/p>\n<p><em>\u201c\u00c9 uma exig\u00eancia da natureza que o homem de tempos em tempos se anestesie sem dormir; da\u00ed o gosto de fumar tabaco, beber aguardente ou fumar \u00f3pio.\u201d<\/em><\/p>\n<p>Goethe (1820), poeta alem\u00e3o<\/p>\n<figure id=\"attachment_15587\" aria-describedby=\"caption-attachment-15587\" style=\"width: 538px\" class=\"wp-caption aligncenter\"><img loading=\"lazy\" decoding=\"async\" class=\" wp-image-15587\" src=\"https:\/\/blogs.correiobraziliense.com.br\/aricunha\/wp-content\/uploads\/sites\/13\/2019\/12\/Goethe-foto-ampla-1.jpg\" alt=\"\" width=\"538\" height=\"304\" srcset=\"https:\/\/blogs.correiobraziliense.com.br\/aricunha\/wp-content\/uploads\/sites\/13\/2019\/12\/Goethe-foto-ampla-1.jpg 620w, https:\/\/blogs.correiobraziliense.com.br\/aricunha\/wp-content\/uploads\/sites\/13\/2019\/12\/Goethe-foto-ampla-1-300x169.jpg 300w, https:\/\/blogs.correiobraziliense.com.br\/aricunha\/wp-content\/uploads\/sites\/13\/2019\/12\/Goethe-foto-ampla-1-350x198.jpg 350w, https:\/\/blogs.correiobraziliense.com.br\/aricunha\/wp-content\/uploads\/sites\/13\/2019\/12\/Goethe-foto-ampla-1-550x310.jpg 550w, https:\/\/blogs.correiobraziliense.com.br\/aricunha\/wp-content\/uploads\/sites\/13\/2019\/12\/Goethe-foto-ampla-1-230x130.jpg 230w\" sizes=\"auto, (max-width: 538px) 100vw, 538px\" \/><figcaption id=\"caption-attachment-15587\" class=\"wp-caption-text\">Goethe in the Roman Campagna (1786) by Johann Heinrich Wilhelm Tischbein | Reprodu\u00e7\u00e3o<\/figcaption><\/figure>\n<p>&nbsp;<\/p>\n<p>&nbsp;<\/p>\n<p><strong>Aptid\u00f5es<\/strong><\/p>\n<p>Dib Francis acaba de criar um grupo no WhatsApp, onde pessoas preocupadas com o destino da Cultura na cidade t\u00eam a oportunidade de discutir e amadurecer ideias sobre o assunto, para arrega\u00e7ar as mangas e trazer de volta \u00e0 Bras\u00edlia a arte de todas as formas. Silvestre Gorgulho e Luizinha Dornas fazem parte do grupo como destaque. Pela hist\u00f3ria, pelas ideias e principalmente pela acolhida dos que conhecem o trabalho deles.<\/p>\n<p>&nbsp;<\/p>\n<p>&nbsp;<\/p>\n<p><strong>F\u00e9 demais<\/strong><\/p>\n<p>Contendas sobre o museu da B\u00edblia come\u00e7am. O Conselho de Arquitetura e Urbanismo do Distrito Federal n\u00e3o reconhece o Museu da B\u00edblia como sendo de autoria de Oscar Niemeyer. Isso \u00e9 um problema, j\u00e1 que a responsabilidade t\u00e9cnica do projeto precisa de um nome. A pedra fundamental foi lan\u00e7ada.<\/p>\n<figure id=\"attachment_15588\" aria-describedby=\"caption-attachment-15588\" style=\"width: 550px\" class=\"wp-caption aligncenter\"><img loading=\"lazy\" decoding=\"async\" class=\" wp-image-15588\" src=\"https:\/\/blogs.correiobraziliense.com.br\/aricunha\/wp-content\/uploads\/sites\/13\/2019\/12\/whatsapp-image-2019-12-18-at-18-36-06-1-600x332.jpeg\" alt=\"\" width=\"550\" height=\"304\" srcset=\"https:\/\/blogs.correiobraziliense.com.br\/aricunha\/wp-content\/uploads\/sites\/13\/2019\/12\/whatsapp-image-2019-12-18-at-18-36-06-1-600x332.jpeg 600w, https:\/\/blogs.correiobraziliense.com.br\/aricunha\/wp-content\/uploads\/sites\/13\/2019\/12\/whatsapp-image-2019-12-18-at-18-36-06-1-600x332-300x166.jpeg 300w, https:\/\/blogs.correiobraziliense.com.br\/aricunha\/wp-content\/uploads\/sites\/13\/2019\/12\/whatsapp-image-2019-12-18-at-18-36-06-1-600x332-350x194.jpeg 350w, https:\/\/blogs.correiobraziliense.com.br\/aricunha\/wp-content\/uploads\/sites\/13\/2019\/12\/whatsapp-image-2019-12-18-at-18-36-06-1-600x332-550x304.jpeg 550w, https:\/\/blogs.correiobraziliense.com.br\/aricunha\/wp-content\/uploads\/sites\/13\/2019\/12\/whatsapp-image-2019-12-18-at-18-36-06-1-600x332-230x127.jpeg 230w\" sizes=\"auto, (max-width: 550px) 100vw, 550px\" \/><figcaption id=\"caption-attachment-15588\" class=\"wp-caption-text\">Museu Nacional da B\u00edblia. Foto: Divulga\u00e7\u00e3o<\/figcaption><\/figure>\n<p>&nbsp;<\/p>\n<p>&nbsp;<\/p>\n<p><strong>Embrapa-DF<\/strong><\/p>\n<p>Celso Luiz Moretti assume oficialmente a Presid\u00eancia da Empresa. A decis\u00e3o foi anunciada pela ministra da agricultura, pecu\u00e1ria e abastecimento, Tereza Cristina.<\/p>\n<figure id=\"attachment_15589\" aria-describedby=\"caption-attachment-15589\" style=\"width: 551px\" class=\"wp-caption aligncenter\"><img loading=\"lazy\" decoding=\"async\" class=\" wp-image-15589\" src=\"https:\/\/blogs.correiobraziliense.com.br\/aricunha\/wp-content\/uploads\/sites\/13\/2019\/12\/celso-moretti-presidente-da-embrapa-1-1-1-1-1.jpg\" alt=\"\" width=\"551\" height=\"367\" srcset=\"https:\/\/blogs.correiobraziliense.com.br\/aricunha\/wp-content\/uploads\/sites\/13\/2019\/12\/celso-moretti-presidente-da-embrapa-1-1-1-1-1.jpg 1600w, https:\/\/blogs.correiobraziliense.com.br\/aricunha\/wp-content\/uploads\/sites\/13\/2019\/12\/celso-moretti-presidente-da-embrapa-1-1-1-1-1-300x200.jpg 300w, https:\/\/blogs.correiobraziliense.com.br\/aricunha\/wp-content\/uploads\/sites\/13\/2019\/12\/celso-moretti-presidente-da-embrapa-1-1-1-1-1-768x512.jpg 768w, https:\/\/blogs.correiobraziliense.com.br\/aricunha\/wp-content\/uploads\/sites\/13\/2019\/12\/celso-moretti-presidente-da-embrapa-1-1-1-1-1-1024x682.jpg 1024w, https:\/\/blogs.correiobraziliense.com.br\/aricunha\/wp-content\/uploads\/sites\/13\/2019\/12\/celso-moretti-presidente-da-embrapa-1-1-1-1-1-350x233.jpg 350w, https:\/\/blogs.correiobraziliense.com.br\/aricunha\/wp-content\/uploads\/sites\/13\/2019\/12\/celso-moretti-presidente-da-embrapa-1-1-1-1-1-1440x959.jpg 1440w, https:\/\/blogs.correiobraziliense.com.br\/aricunha\/wp-content\/uploads\/sites\/13\/2019\/12\/celso-moretti-presidente-da-embrapa-1-1-1-1-1-550x366.jpg 550w, https:\/\/blogs.correiobraziliense.com.br\/aricunha\/wp-content\/uploads\/sites\/13\/2019\/12\/celso-moretti-presidente-da-embrapa-1-1-1-1-1-230x153.jpg 230w\" sizes=\"auto, (max-width: 551px) 100vw, 551px\" \/><figcaption id=\"caption-attachment-15589\" class=\"wp-caption-text\">Foto: Robinson Cipriano\/Embrapa<\/figcaption><\/figure>\n<p>&nbsp;<\/p>\n<p>&nbsp;<\/p>\n<p><strong>Novidade<\/strong><\/p>\n<p>TJ-TO fez mais do que pediu a apelante. Investiga\u00e7\u00e3o de paternidade. Reconhecimento de paternidade. Retifica\u00e7\u00e3o para acr\u00e9scimo do patron\u00edmico paterno sem preju\u00edzo da paternidade socioafetiva.<\/p>\n<p>&nbsp;<\/p>\n<p>&nbsp;<\/p>\n<p><strong>Parceria<\/strong><\/p>\n<p>Muita gente reclama que para colocar cr\u00e9dito no bilhete \u00fanico s\u00f3 \u00e9 poss\u00edvel com dinheiro vivo. O GDF tem suas raz\u00f5es. Mas seria interessante que o BRB, CAIXA e BB disponibilizassem caixas eletr\u00f4nicos perto das centrais com a possibilidade de sacar pequena quantia em trocado.<\/p>\n<figure id=\"attachment_15590\" aria-describedby=\"caption-attachment-15590\" style=\"width: 547px\" class=\"wp-caption aligncenter\"><img loading=\"lazy\" decoding=\"async\" class=\" wp-image-15590\" src=\"https:\/\/blogs.correiobraziliense.com.br\/aricunha\/wp-content\/uploads\/sites\/13\/2019\/12\/dftrans.jpg\" alt=\"\" width=\"547\" height=\"410\" srcset=\"https:\/\/blogs.correiobraziliense.com.br\/aricunha\/wp-content\/uploads\/sites\/13\/2019\/12\/dftrans.jpg 620w, https:\/\/blogs.correiobraziliense.com.br\/aricunha\/wp-content\/uploads\/sites\/13\/2019\/12\/dftrans-300x225.jpg 300w, https:\/\/blogs.correiobraziliense.com.br\/aricunha\/wp-content\/uploads\/sites\/13\/2019\/12\/dftrans-350x263.jpg 350w, https:\/\/blogs.correiobraziliense.com.br\/aricunha\/wp-content\/uploads\/sites\/13\/2019\/12\/dftrans-550x413.jpg 550w, https:\/\/blogs.correiobraziliense.com.br\/aricunha\/wp-content\/uploads\/sites\/13\/2019\/12\/dftrans-230x173.jpg 230w\" sizes=\"auto, (max-width: 547px) 100vw, 547px\" \/><figcaption id=\"caption-attachment-15590\" class=\"wp-caption-text\">Foto: TV Globo\/Reprodu\u00e7\u00e3o)<\/figcaption><\/figure>\n<p>&nbsp;<\/p>\n<p>&nbsp;<\/p>\n<p><strong>Emocionante<\/strong><\/p>\n<p>Coisa boa \u00e9 para ser divulgada. Em hor\u00e1rio especial, a crian\u00e7ada diagnosticada com autismo \u00e9 recebida pelo Papai Noel do Bras\u00edlia Shopping. Sem aglomera\u00e7\u00e3o de pessoas, os pequenos ficam mais \u00e0 vontade para realizar o sonho de trocar algumas ideias com o bom velhinho.<\/p>\n<figure id=\"attachment_15591\" aria-describedby=\"caption-attachment-15591\" style=\"width: 546px\" class=\"wp-caption aligncenter\"><img loading=\"lazy\" decoding=\"async\" class=\" wp-image-15591\" src=\"https:\/\/blogs.correiobraziliense.com.br\/aricunha\/wp-content\/uploads\/sites\/13\/2019\/12\/whatsapp-image-2019-12-20-at-16.37.28-1.jpeg\" alt=\"\" width=\"546\" height=\"410\" srcset=\"https:\/\/blogs.correiobraziliense.com.br\/aricunha\/wp-content\/uploads\/sites\/13\/2019\/12\/whatsapp-image-2019-12-20-at-16.37.28-1.jpeg 1000w, https:\/\/blogs.correiobraziliense.com.br\/aricunha\/wp-content\/uploads\/sites\/13\/2019\/12\/whatsapp-image-2019-12-20-at-16.37.28-1-300x225.jpeg 300w, https:\/\/blogs.correiobraziliense.com.br\/aricunha\/wp-content\/uploads\/sites\/13\/2019\/12\/whatsapp-image-2019-12-20-at-16.37.28-1-768x576.jpeg 768w, https:\/\/blogs.correiobraziliense.com.br\/aricunha\/wp-content\/uploads\/sites\/13\/2019\/12\/whatsapp-image-2019-12-20-at-16.37.28-1-350x263.jpeg 350w, https:\/\/blogs.correiobraziliense.com.br\/aricunha\/wp-content\/uploads\/sites\/13\/2019\/12\/whatsapp-image-2019-12-20-at-16.37.28-1-550x413.jpeg 550w, https:\/\/blogs.correiobraziliense.com.br\/aricunha\/wp-content\/uploads\/sites\/13\/2019\/12\/whatsapp-image-2019-12-20-at-16.37.28-1-230x173.jpeg 230w\" sizes=\"auto, (max-width: 546px) 100vw, 546px\" \/><figcaption id=\"caption-attachment-15591\" class=\"wp-caption-text\">Karen Catite tira foto do filho, Jo\u00e3o, com o Papai Noel \u2014 Foto: Nicole Angel\/ G1<\/figcaption><\/figure>\n<p>&nbsp;<\/p>\n<p>&nbsp;<\/p>\n<p><strong>HIST\u00d3RIA DE BRAS\u00cdLIA<\/strong><\/p>\n<p>\u00c9 comum o cancelamento de voo por defici\u00eancia t\u00e9cnica. (Pouco passageiro para embarcar). \u00c9 comum o atraso de aeronaves, durante horas. \u00c9 comum a substitui\u00e7\u00e3o de equipamento \u00e0 \u00faltima hora. Tudo isto, sem que a empresa relapsa se sinta na obriga\u00e7\u00e3o da m\u00ednima explica\u00e7\u00e3o ao passageiro. <strong>(Publicado em 12\/12\/1961)<\/strong><\/p>\n","protected":false},"excerpt":{"rendered":"<p>VISTO, LIDO E OUVIDO, criada por Ari Cunha (In memoriam) Desde 1960, com Circe Cunha e Mamfil jornalistacircecunha@gmail.com Facebook.com\/vistolidoeouvido Instagram.com\/vistolidoeouvido &nbsp; &nbsp; Em resposta \u00e0 atenciosa carta enviada a essa coluna pela leitora Maria Celeste Dominici e que reproduzimos abaixo, rebatendo algumas afirma\u00e7\u00f5es contidas no editorial \u201cAs universidades e o caminho do meio\u201d, publicado em 14 de dezembro, esclarecemos que [&hellip;]<\/p>\n","protected":false},"author":34,"featured_media":15586,"comment_status":"open","ping_status":"open","sticky":false,"template":"","format":"standard","meta":{"footnotes":""},"categories":[23],"tags":[1993,1964,114,1940,1994,108,1977,68,2,69,16],"class_list":["post-15584","post","type-post","status-publish","format-standard","has-post-thumbnail","hentry","category-integra","tag-direitaeesquerdanobrail","tag-ensinopublico","tag-historiadebrasilia","tag-mnisteriodaeducacao","tag-politicaeminstituicoesdeensino","tag-universidadedebrasilia","tag-universidadesnobrasil","tag-aricunha","tag-brasilia","tag-circecunha","tag-mamfil"],"_links":{"self":[{"href":"https:\/\/blogs.correiobraziliense.com.br\/aricunha\/wp-json\/wp\/v2\/posts\/15584","targetHints":{"allow":["GET"]}}],"collection":[{"href":"https:\/\/blogs.correiobraziliense.com.br\/aricunha\/wp-json\/wp\/v2\/posts"}],"about":[{"href":"https:\/\/blogs.correiobraziliense.com.br\/aricunha\/wp-json\/wp\/v2\/types\/post"}],"author":[{"embeddable":true,"href":"https:\/\/blogs.correiobraziliense.com.br\/aricunha\/wp-json\/wp\/v2\/users\/34"}],"replies":[{"embeddable":true,"href":"https:\/\/blogs.correiobraziliense.com.br\/aricunha\/wp-json\/wp\/v2\/comments?post=15584"}],"version-history":[{"count":2,"href":"https:\/\/blogs.correiobraziliense.com.br\/aricunha\/wp-json\/wp\/v2\/posts\/15584\/revisions"}],"predecessor-version":[{"id":15592,"href":"https:\/\/blogs.correiobraziliense.com.br\/aricunha\/wp-json\/wp\/v2\/posts\/15584\/revisions\/15592"}],"wp:featuredmedia":[{"embeddable":true,"href":"https:\/\/blogs.correiobraziliense.com.br\/aricunha\/wp-json\/wp\/v2\/media\/15586"}],"wp:attachment":[{"href":"https:\/\/blogs.correiobraziliense.com.br\/aricunha\/wp-json\/wp\/v2\/media?parent=15584"}],"wp:term":[{"taxonomy":"category","embeddable":true,"href":"https:\/\/blogs.correiobraziliense.com.br\/aricunha\/wp-json\/wp\/v2\/categories?post=15584"},{"taxonomy":"post_tag","embeddable":true,"href":"https:\/\/blogs.correiobraziliense.com.br\/aricunha\/wp-json\/wp\/v2\/tags?post=15584"}],"curies":[{"name":"wp","href":"https:\/\/api.w.org\/{rel}","templated":true}]}}