{"id":15514,"date":"2019-12-12T01:00:39","date_gmt":"2019-12-12T04:00:39","guid":{"rendered":"https:\/\/blogs.correiobraziliense.com.br\/aricunha\/?p=15514"},"modified":"2019-12-11T19:20:38","modified_gmt":"2019-12-11T22:20:38","slug":"cresce-em-todo-o-pais-o-apoio-as-candidaturas-avulsas","status":"publish","type":"post","link":"https:\/\/blogs.correiobraziliense.com.br\/aricunha\/cresce-em-todo-o-pais-o-apoio-as-candidaturas-avulsas\/","title":{"rendered":"Cresce em todo o pa\u00eds o apoio as candidaturas avulsas"},"content":{"rendered":"<p>VISTO, LIDO E OUVIDO, criada por Ari Cunha (In memoriam)<\/p>\n<p>Desde 1960, com Circe Cunha e Mamfil<\/p>\n<p>jornalistacircecunha@gmail.com<\/p>\n<p>Facebook.com\/vistolidoeouvido<\/p>\n<p>Instagram.com\/vistolidoeouvido<\/p>\n<p>&nbsp;<\/p>\n<figure id=\"attachment_15516\" aria-describedby=\"caption-attachment-15516\" style=\"width: 580px\" class=\"wp-caption aligncenter\"><img loading=\"lazy\" decoding=\"async\" class=\"size-full wp-image-15516\" src=\"https:\/\/blogs.correiobraziliense.com.br\/aricunha\/wp-content\/uploads\/sites\/13\/2019\/12\/Charge-04-a.jpg\" alt=\"\" width=\"580\" height=\"375\" srcset=\"https:\/\/blogs.correiobraziliense.com.br\/aricunha\/wp-content\/uploads\/sites\/13\/2019\/12\/Charge-04-a.jpg 580w, https:\/\/blogs.correiobraziliense.com.br\/aricunha\/wp-content\/uploads\/sites\/13\/2019\/12\/Charge-04-a-300x194.jpg 300w, https:\/\/blogs.correiobraziliense.com.br\/aricunha\/wp-content\/uploads\/sites\/13\/2019\/12\/Charge-04-a-350x226.jpg 350w, https:\/\/blogs.correiobraziliense.com.br\/aricunha\/wp-content\/uploads\/sites\/13\/2019\/12\/Charge-04-a-550x356.jpg 550w, https:\/\/blogs.correiobraziliense.com.br\/aricunha\/wp-content\/uploads\/sites\/13\/2019\/12\/Charge-04-a-230x149.jpg 230w\" sizes=\"auto, (max-width: 580px) 100vw, 580px\" \/><figcaption id=\"caption-attachment-15516\" class=\"wp-caption-text\">Charge do Ed Carlos (Humor Pol\u00edtico)<\/figcaption><\/figure>\n<p>&nbsp;<\/p>\n<p>Com a aprova\u00e7\u00e3o agora, pelo Tribunal Superior Eleitoral (TSE), do pedido de registro do estatuto e do \u00f3rg\u00e3o de dire\u00e7\u00e3o nacional, o partido de extrema esquerda Unidade Popular (UP) passa a ser a 33\u00aa legenda autorizada a disputar as elei\u00e7\u00f5es de 2020. Com isso. O UP passar\u00e1 a contar tamb\u00e9m com os benef\u00edcios do fundo partid\u00e1rio e eleitoral, uma mina de bilh\u00f5es de reais retirada compulsoriamente do contribuinte, inclusive de \u00e1reas como Sa\u00fade e Educa\u00e7\u00e3o, para abastecer mais uma sigla partid\u00e1ria.<\/p>\n<p>Essa mir\u00edade de legendas partid\u00e1rias, num pa\u00eds onde os ide\u00e1rios pol\u00edticos de fato s\u00e3o escassos para n\u00e3o dizer inexistentes, repete o mesmo modelo e mecanismo, j\u00e1 desmontado. Com os antigos sindicatos: todos vivendo \u00e0s custas do contribuinte cidad\u00e3o. Somente esse fato explica a multiplicidade de partidos, quando se sabe que n\u00e3o existe, em parte alguma do planeta, mais do que duas ou tr\u00eas ideologias a orientar legendas pol\u00edticas. Da mesma forma a \u00fanica maneira de estancar essa verdadeira prolifera\u00e7\u00e3o infecciosa de siglas sem conte\u00fado \u00e9 cortando o repasse de dinheiro p\u00fablico at\u00e9 o \u00faltimo centavo. Sem essa transfus\u00e3o de sangue do cidad\u00e3o diretamente para os caciques que controlam essas legendas, muitas delas desaparecer\u00e3o quase por completo como justamente aconteceu com os sindicatos parasitas.<\/p>\n<p>Outra forma de empreender uma \u201csele\u00e7\u00e3o natural\u201d dessas dezenas de partidos sem representatividade real, \u00e9 atrav\u00e9s da aprova\u00e7\u00e3o de uma legisla\u00e7\u00e3o que permita o livre lan\u00e7amento de candidaturas avulsas, sem a necessidade de qualquer filia\u00e7\u00e3o partid\u00e1ria. Obviamente que uma medida dessa natureza encontra no atual parlamento, ferrenha oposi\u00e7\u00e3o, sob os mais absurdos e inver\u00eddicos argumentos. De fato, esse parece ser um caminho que vem ganhando for\u00e7a, fora e longe do Congresso, mas junto da popula\u00e7\u00e3o, n\u00e3o apenas em virtude do esgotamento do atual modelo representativo, mas, sobretudo pelo desgaste que a classe pol\u00edtica sofre junto ao eleitorado, quer pela voracidade com que avan\u00e7am no dinheiro do contribuinte, quer pelos seguidos casos de corrup\u00e7\u00e3o em que est\u00e3o envolvidos boa parte desses atuais pol\u00edticos.<\/p>\n<p>Para o ministro relator do caso no Supremo Tribunal Federal (STF), Roberto Barroso a a\u00e7\u00e3o que discute as candidaturas avulsas de pessoas sem filia\u00e7\u00e3o partid\u00e1ria, possivelmente estar\u00e1 pronta para julgamento ainda no primeiro semestre de 2020. Para o ministro \u201cuma das raz\u00f5es de ter considerado especialmente importante esse debate p\u00fablico \u00e9 que mesmo as lideran\u00e7as pol\u00edticas mais relevantes reconhecem que n\u00f3s vivemos um momento de um certo deslocamento entre a classe pol\u00edtica e a sociedade civil&#8221;. Seria necess\u00e1ria uma mudan\u00e7a no texto constitucional, o que s\u00f3 pode ocorrer no \u00e2mbito do Legislativo, refrat\u00e1rio, de in\u00edcio \u00e0 ideia.<\/p>\n<p>De sa\u00edda \u00e9 preciso atentar para o que entende os cientistas pol\u00edticos sobre essa discuss\u00e3o. Embora alguns reconhe\u00e7am ainda a import\u00e2ncia dos partidos pol\u00edticos para o funcionamento da democracia, outros entendem que essa premissa \u00e9 falsa e pode ser uma sa\u00edda para a crise atual de representatividade e para a pr\u00f3pria fragilidade dos partidos.<\/p>\n<p>Um fato que comprova essa tese pode ser aferido quando se verifica que desde o retorno da democracia, para ficar apenas nessas tr\u00eas \u00faltimas d\u00e9cadas, todas as crises experimentadas pelo pa\u00eds tiveram sua origem no modelo pol\u00edtico partid\u00e1rio. Qualquer pesquisa de opini\u00e3o p\u00fablica tem demonstrado que os partidos pol\u00edticos s\u00e3o as institui\u00e7\u00f5es mais negativamente avaliadas junto \u00e0 popula\u00e7\u00e3o.<\/p>\n<p>A absten\u00e7\u00e3o nas elei\u00e7\u00f5es \u00e9 outra prerrogativa da pouca representatividade partid\u00e1ria. Outro indicador \u00e9 a tamb\u00e9m baixa taxa de filia\u00e7\u00e3o partid\u00e1ria, o que denota a aus\u00eancia de identifica\u00e7\u00e3o dos eleitores com os atuais partidos. Na verdade, o que acontece agora com as dezenas de siglas aconteceu tamb\u00e9m com os sindicatos: baixa representatividade e um interesse apenas por aqueles que delas retiram proveito pr\u00f3prio. A aprova\u00e7\u00e3o absurda do fundo eleitoral de quase R$ 4 bilh\u00f5es talvez tenha dado in\u00edcio ao longo e pomposo funeral dessas legendas, marcando o in\u00edcio de um novo tempo.<\/p>\n<p>&nbsp;<\/p>\n<p>&nbsp;<\/p>\n<p>&nbsp;<\/p>\n<p>&nbsp;<\/p>\n<p><strong>A frase que foi pronunciada:<\/strong><\/p>\n<p><em>\u201cO PT diz ter um programa oper\u00e1rio. Mas \u00e9 um programa de radicais de classe m\u00e9dia que imaginam representar a classe oper\u00e1ria, e n\u00e3o os oper\u00e1rios, porque estes querem mesmo \u00e9 se integrar \u00e0 sociedade de consumo, ter empregos, boa vida etc. N\u00e3o lhes passa pela cabe\u00e7a coisas como socialismo.\u201d<\/em><\/p>\n<p>Paulo Francis, jornalista falecido em fev. de 1997.<\/p>\n<figure id=\"attachment_15517\" aria-describedby=\"caption-attachment-15517\" style=\"width: 1024px\" class=\"wp-caption alignnone\"><img loading=\"lazy\" decoding=\"async\" class=\"size-full wp-image-15517\" src=\"https:\/\/blogs.correiobraziliense.com.br\/aricunha\/wp-content\/uploads\/sites\/13\/2019\/12\/1271530481-paulo-francis-ae-1024x649.jpg\" alt=\"\" width=\"1024\" height=\"649\" srcset=\"https:\/\/blogs.correiobraziliense.com.br\/aricunha\/wp-content\/uploads\/sites\/13\/2019\/12\/1271530481-paulo-francis-ae-1024x649.jpg 1024w, https:\/\/blogs.correiobraziliense.com.br\/aricunha\/wp-content\/uploads\/sites\/13\/2019\/12\/1271530481-paulo-francis-ae-1024x649-300x190.jpg 300w, https:\/\/blogs.correiobraziliense.com.br\/aricunha\/wp-content\/uploads\/sites\/13\/2019\/12\/1271530481-paulo-francis-ae-1024x649-768x487.jpg 768w, https:\/\/blogs.correiobraziliense.com.br\/aricunha\/wp-content\/uploads\/sites\/13\/2019\/12\/1271530481-paulo-francis-ae-1024x649-350x222.jpg 350w, https:\/\/blogs.correiobraziliense.com.br\/aricunha\/wp-content\/uploads\/sites\/13\/2019\/12\/1271530481-paulo-francis-ae-1024x649-550x349.jpg 550w, https:\/\/blogs.correiobraziliense.com.br\/aricunha\/wp-content\/uploads\/sites\/13\/2019\/12\/1271530481-paulo-francis-ae-1024x649-230x146.jpg 230w\" sizes=\"auto, (max-width: 1024px) 100vw, 1024px\" \/><figcaption id=\"caption-attachment-15517\" class=\"wp-caption-text\">Paulo Francis &#8211; AE (Foto: jovempan.com)<\/figcaption><\/figure>\n<p>&nbsp;<\/p>\n<p>&nbsp;<\/p>\n<p><strong>Sem sentido<\/strong><\/p>\n<p>Completa celeuma. Quem mora no in\u00edcio do Lago Norte n\u00e3o consegue conceber a raz\u00e3o de impedirem o retorno para quem sai dos conjuntos das quadras 2. O resultado pr\u00e1tico \u00e9 a invas\u00e3o ao posto de gasolina para contornar a via. Geralmente, quem n\u00e3o faz uso da facilidade gosta de complicar a vida alheia.<\/p>\n<p>&nbsp;<\/p>\n<p>&nbsp;<\/p>\n<p><strong>Polui\u00e7\u00e3o visual<\/strong><\/p>\n<p>Trabalho incans\u00e1vel da Agefiz contra os cartazes pela cidade. Pode ser festinha, bazar, c\u00e3o perdido. Se tiver endere\u00e7o, geralmente o fiscal aparece no local para comunicar a retirada do aviso. Por enquanto, s\u00f3 os an\u00fancios luminosos, pagos, que atrapalham a concentra\u00e7\u00e3o dos motoristas, s\u00e3o permitidos.<\/p>\n<figure id=\"attachment_15518\" aria-describedby=\"caption-attachment-15518\" style=\"width: 551px\" class=\"wp-caption aligncenter\"><img loading=\"lazy\" decoding=\"async\" class=\" wp-image-15518\" src=\"https:\/\/blogs.correiobraziliense.com.br\/aricunha\/wp-content\/uploads\/sites\/13\/2019\/12\/24cid3f1.jpg\" alt=\"\" width=\"551\" height=\"367\" srcset=\"https:\/\/blogs.correiobraziliense.com.br\/aricunha\/wp-content\/uploads\/sites\/13\/2019\/12\/24cid3f1.jpg 1200w, https:\/\/blogs.correiobraziliense.com.br\/aricunha\/wp-content\/uploads\/sites\/13\/2019\/12\/24cid3f1-300x200.jpg 300w, https:\/\/blogs.correiobraziliense.com.br\/aricunha\/wp-content\/uploads\/sites\/13\/2019\/12\/24cid3f1-768x512.jpg 768w, https:\/\/blogs.correiobraziliense.com.br\/aricunha\/wp-content\/uploads\/sites\/13\/2019\/12\/24cid3f1-1024x683.jpg 1024w, https:\/\/blogs.correiobraziliense.com.br\/aricunha\/wp-content\/uploads\/sites\/13\/2019\/12\/24cid3f1-350x233.jpg 350w, https:\/\/blogs.correiobraziliense.com.br\/aricunha\/wp-content\/uploads\/sites\/13\/2019\/12\/24cid3f1-550x367.jpg 550w, https:\/\/blogs.correiobraziliense.com.br\/aricunha\/wp-content\/uploads\/sites\/13\/2019\/12\/24cid3f1-230x153.jpg 230w\" sizes=\"auto, (max-width: 551px) 100vw, 551px\" \/><figcaption id=\"caption-attachment-15518\" class=\"wp-caption-text\">\u00c1guas Claras. Foto: jornaldebrasilia.com<\/figcaption><\/figure>\n<p>&nbsp;<\/p>\n<p>&nbsp;<\/p>\n<p><strong>HIST\u00d3RIA DE BRAS\u00cdLIA<\/strong><\/p>\n<p>O Congresso \u00e9 gozado. Est\u00e1 governando sem saber, fazendo tudo como no tempo do presidencialismo. Agora, h\u00e1 um movimento para a queda do gabinete. E o An\u00edsio Rocha \u00e9 quem explica muito bem: a maioria s\u00f3 viu queda de gabinete pelo notici\u00e1rio internacional. E quer ver aqui, como \u00e9, e o que \u00e9 que vai acontecer. <strong>(Publicado em 12\/12\/1961)<\/strong><\/p>\n<p>&nbsp;<\/p>\n","protected":false},"excerpt":{"rendered":"<p>VISTO, LIDO E OUVIDO, criada por Ari Cunha (In memoriam) Desde 1960, com Circe Cunha e Mamfil jornalistacircecunha@gmail.com Facebook.com\/vistolidoeouvido Instagram.com\/vistolidoeouvido &nbsp; &nbsp; Com a aprova\u00e7\u00e3o agora, pelo Tribunal Superior Eleitoral (TSE), do pedido de registro do estatuto e do \u00f3rg\u00e3o de dire\u00e7\u00e3o nacional, o partido de extrema esquerda Unidade Popular (UP) passa a ser a 33\u00aa legenda autorizada a disputar [&hellip;]<\/p>\n","protected":false},"author":34,"featured_media":15516,"comment_status":"open","ping_status":"open","sticky":false,"template":"","format":"standard","meta":{"footnotes":""},"categories":[23],"tags":[1974,287,114,1427,1975,261,68,2,69,16],"class_list":["post-15514","post","type-post","status-publish","format-standard","has-post-thumbnail","hentry","category-integra","tag-candidaturasavulsas","tag-corrupcao","tag-historiadebrasilia","tag-partidospoliticos","tag-politicadecoalizacao","tag-politicanobrasil","tag-aricunha","tag-brasilia","tag-circecunha","tag-mamfil"],"_links":{"self":[{"href":"https:\/\/blogs.correiobraziliense.com.br\/aricunha\/wp-json\/wp\/v2\/posts\/15514","targetHints":{"allow":["GET"]}}],"collection":[{"href":"https:\/\/blogs.correiobraziliense.com.br\/aricunha\/wp-json\/wp\/v2\/posts"}],"about":[{"href":"https:\/\/blogs.correiobraziliense.com.br\/aricunha\/wp-json\/wp\/v2\/types\/post"}],"author":[{"embeddable":true,"href":"https:\/\/blogs.correiobraziliense.com.br\/aricunha\/wp-json\/wp\/v2\/users\/34"}],"replies":[{"embeddable":true,"href":"https:\/\/blogs.correiobraziliense.com.br\/aricunha\/wp-json\/wp\/v2\/comments?post=15514"}],"version-history":[{"count":2,"href":"https:\/\/blogs.correiobraziliense.com.br\/aricunha\/wp-json\/wp\/v2\/posts\/15514\/revisions"}],"predecessor-version":[{"id":15519,"href":"https:\/\/blogs.correiobraziliense.com.br\/aricunha\/wp-json\/wp\/v2\/posts\/15514\/revisions\/15519"}],"wp:featuredmedia":[{"embeddable":true,"href":"https:\/\/blogs.correiobraziliense.com.br\/aricunha\/wp-json\/wp\/v2\/media\/15516"}],"wp:attachment":[{"href":"https:\/\/blogs.correiobraziliense.com.br\/aricunha\/wp-json\/wp\/v2\/media?parent=15514"}],"wp:term":[{"taxonomy":"category","embeddable":true,"href":"https:\/\/blogs.correiobraziliense.com.br\/aricunha\/wp-json\/wp\/v2\/categories?post=15514"},{"taxonomy":"post_tag","embeddable":true,"href":"https:\/\/blogs.correiobraziliense.com.br\/aricunha\/wp-json\/wp\/v2\/tags?post=15514"}],"curies":[{"name":"wp","href":"https:\/\/api.w.org\/{rel}","templated":true}]}}