{"id":15448,"date":"2019-12-04T01:00:12","date_gmt":"2019-12-04T04:00:12","guid":{"rendered":"https:\/\/blogs.correiobraziliense.com.br\/aricunha\/?p=15448"},"modified":"2019-12-04T17:14:30","modified_gmt":"2019-12-04T20:14:30","slug":"em-educacao-brasil-continua-levando-uma-pisa-de-outros-paises","status":"publish","type":"post","link":"https:\/\/blogs.correiobraziliense.com.br\/aricunha\/em-educacao-brasil-continua-levando-uma-pisa-de-outros-paises\/","title":{"rendered":"Em educa\u00e7\u00e3o, Brasil continua levando uma &#8220;Pisa&#8221; de outros pa\u00edses"},"content":{"rendered":"<p>VISTO, LIDO E OUVIDO, criada por Ari Cunha (In memoriam)<\/p>\n<p>Desde 1960, com Circe Cunha e Mamfil<\/p>\n<p>jornalistacircecunha@gmail.com<\/p>\n<p>Facebook.com\/vistolidoeouvido<\/p>\n<p>Instagram.com\/vistolidoeouvido<\/p>\n<p>&nbsp;<\/p>\n<figure id=\"attachment_15451\" aria-describedby=\"caption-attachment-15451\" style=\"width: 556px\" class=\"wp-caption aligncenter\"><img loading=\"lazy\" decoding=\"async\" class=\" wp-image-15451\" src=\"https:\/\/blogs.correiobraziliense.com.br\/aricunha\/wp-content\/uploads\/sites\/13\/2019\/12\/pisa2018-historico.jpg\" alt=\"\" width=\"556\" height=\"735\" srcset=\"https:\/\/blogs.correiobraziliense.com.br\/aricunha\/wp-content\/uploads\/sites\/13\/2019\/12\/pisa2018-historico.jpg 695w, https:\/\/blogs.correiobraziliense.com.br\/aricunha\/wp-content\/uploads\/sites\/13\/2019\/12\/pisa2018-historico-227x300.jpg 227w, https:\/\/blogs.correiobraziliense.com.br\/aricunha\/wp-content\/uploads\/sites\/13\/2019\/12\/pisa2018-historico-265x350.jpg 265w, https:\/\/blogs.correiobraziliense.com.br\/aricunha\/wp-content\/uploads\/sites\/13\/2019\/12\/pisa2018-historico-550x727.jpg 550w, https:\/\/blogs.correiobraziliense.com.br\/aricunha\/wp-content\/uploads\/sites\/13\/2019\/12\/pisa2018-historico-230x304.jpg 230w\" sizes=\"auto, (max-width: 556px) 100vw, 556px\" \/><figcaption id=\"caption-attachment-15451\" class=\"wp-caption-text\">Resultados do Brasil no Pisa na \u00faltima d\u00e9cada indicam tend\u00eancia de estagna\u00e7\u00e3o, diz OCDE \u2014 Foto: Aparecido Gon\u00e7alves\/G1<\/figcaption><\/figure>\n<p>&nbsp;<\/p>\n<p>Classificado entre os vinte piores pa\u00edses em educa\u00e7\u00e3o para jovens, o Brasil, mais uma vez, teve um fraco desempenho no ranking mundial que avalia a performance dos estudantes na faixa de 15 anos, nas disciplinas de matem\u00e1tica, ci\u00eancias e leitura. De acordo com dados fornecidos pelo Programa Internacional de Avalia\u00e7\u00e3o de Estudantes (Pisa), realizado a cada tr\u00eas anos pela Organiza\u00e7\u00e3o para a Coopera\u00e7\u00e3o e Desenvolvimento Econ\u00f4mico (OCDE), nosso pa\u00eds segue estagnado desde 2009 e com um desempenho abaixo do med\u00edocre, se comparado a outros estudantes de 79 pa\u00edses que tamb\u00e9m realizaram essas mesmas provas.<\/p>\n<p>O mais interessante em avalia\u00e7\u00f5es desse tipo \u00e9 que, por mais que as nossas autoridades busquem relativizar esse certame, ou mesmo desconsider\u00e1-lo como instrumento de aferi\u00e7\u00e3o da qualidade de nossa educa\u00e7\u00e3o, principalmente na \u00e1rea do ensino p\u00fablico, onde est\u00e1 a maior camada de brasileiros de baixa renda, n\u00e3o h\u00e1 como esconder ou minimizar o fato de que em mat\u00e9ria de educa\u00e7\u00e3o e de ensino vamos seguindo aceleradamente ladeira abaixo, h\u00e1 pelo menos uma d\u00e9cada.<\/p>\n<p>N\u00e3o \u00e9 preciso, nesse caso particular, buscar os culpados diretos. Mais importante \u00e9 aprender com seguidos erros e mudar as estrat\u00e9gias enquanto h\u00e1 tempo. Pelos resultados obtidos, ficamos sabendo que metade de nossos alunos que realizaram o teste n\u00e3o entendem o que leem, nem ao menos sabem fazer contas simples com n\u00fameros inteiros. Pior do que isso \u00e9 saber que 4 em cada 10 estudantes brasileiros n\u00e3o aprendem nem o b\u00e1sico, n\u00e3o conseguem tamb\u00e9m identificar a ideia principal de um texto, ler gr\u00e1ficos, resolver problemas simples ou mesmo entender experimentos cient\u00edficos simples.<\/p>\n<p>Na verdade, sa\u00edmos dos \u00faltimos lugares nesse ranking para posi\u00e7\u00f5es insignificantes pouco acima, \u00e0 frente de pa\u00edses como Cazaquist\u00e3o, B\u00f3snia e Herzegovina, que nas \u00faltimas d\u00e9cadas enfrentaram guerras devastadoras. Talvez o mais triste resultado dessa avalia\u00e7\u00e3o esteja na constata\u00e7\u00e3o de que o Brasil continua sendo um dos pa\u00edses mais desiguais em educa\u00e7\u00e3o, seguindo com isso a tradi\u00e7\u00e3o de estar colocado tamb\u00e9m entre os campe\u00f5es mundiais em desigualdade social e econ\u00f4mica, com uma das maiores concentra\u00e7\u00f5es de renda do planeta.<\/p>\n<p>Por meio do Pisa, \u00e9 poss\u00edvel constatar que, na \u00faltima d\u00e9cada, a diferen\u00e7a de performance entre alunos vem se aprofundando, impulsionada diretamente pela grande desigualdade socioecon\u00f4mica. Para se ter uma ideia, em 2018 a diferen\u00e7a de pontua\u00e7\u00e3o entre alunos ricos e de baixa renda nas provas de leitura ficou em 97 pontos, quando a m\u00e9dia internacional \u00e9 89 pontos. Para os especialistas nessa \u00e1rea, as condi\u00e7\u00f5es socioecon\u00f4micas est\u00e3o entre os fatores que mais influenciam o desempenho escolar.<\/p>\n<p>Outro aspecto, pouco edificante \u00e9 a constata\u00e7\u00e3o de que o Brasil \u00e9 o pa\u00eds com uma das menores variantes de mobilidade social entre todos as na\u00e7\u00f5es avaliadas. Pelo levantamento que \u00e9 feito paralelamente ao Pisa, tomamos conhecimento de que as chances de um aluno pobre estudar em uma escola de alto desempenho s\u00e3o de 13%, contra 20% em pa\u00edses como o Canad\u00e1 ou Finl\u00e2ndia.<\/p>\n<p>Essa desigualdade cr\u00f4nica em nosso pa\u00eds favorece tamb\u00e9m que os alunos pobres abandonem os estudos, descrentes da possibilidade de virem ingressar em uma faculdade. H\u00e1 ainda a constata\u00e7\u00e3o de que os pa\u00edses com melhores desempenhos s\u00e3o justamente aqueles que mais investem em educa\u00e7\u00e3o. Enquanto pa\u00edses como Macau, na China, investem US$ 150 mil ao ano per capta, o Brasil aparece com menos de US$ 30 mil ao ano.<\/p>\n<p>&nbsp;<\/p>\n<p>&nbsp;<\/p>\n<p>&nbsp;<\/p>\n<p><strong>A frase que foi pronunciada:<\/strong><\/p>\n<p><em>&#8220;Descobri que \u00e9 fundamental buscar respostas quando o organismo n\u00e3o est\u00e1 agindo de forma correta. As pessoas precisam ir atr\u00e1s de profissionais que realmente cuidem delas e que elas sintam que queiram ajud\u00e1-las.&#8221;<\/em><\/p>\n<p>Michelle Munhoz, de 32 anos, que estava com um linfoma de Hodgkin durante a gravidez, diagnosticado no Instituto Nacional de C\u00e2ncer.<\/p>\n<figure id=\"attachment_15453\" aria-describedby=\"caption-attachment-15453\" style=\"width: 551px\" class=\"wp-caption aligncenter\"><img loading=\"lazy\" decoding=\"async\" class=\" wp-image-15453\" src=\"https:\/\/blogs.correiobraziliense.com.br\/aricunha\/wp-content\/uploads\/sites\/13\/2019\/12\/109524209_michelle3.jpg\" alt=\"\" width=\"551\" height=\"310\" srcset=\"https:\/\/blogs.correiobraziliense.com.br\/aricunha\/wp-content\/uploads\/sites\/13\/2019\/12\/109524209_michelle3.jpg 800w, https:\/\/blogs.correiobraziliense.com.br\/aricunha\/wp-content\/uploads\/sites\/13\/2019\/12\/109524209_michelle3-300x169.jpg 300w, https:\/\/blogs.correiobraziliense.com.br\/aricunha\/wp-content\/uploads\/sites\/13\/2019\/12\/109524209_michelle3-768x432.jpg 768w, https:\/\/blogs.correiobraziliense.com.br\/aricunha\/wp-content\/uploads\/sites\/13\/2019\/12\/109524209_michelle3-350x197.jpg 350w, https:\/\/blogs.correiobraziliense.com.br\/aricunha\/wp-content\/uploads\/sites\/13\/2019\/12\/109524209_michelle3-550x309.jpg 550w, https:\/\/blogs.correiobraziliense.com.br\/aricunha\/wp-content\/uploads\/sites\/13\/2019\/12\/109524209_michelle3-230x129.jpg 230w\" sizes=\"auto, (max-width: 551px) 100vw, 551px\" \/><figcaption id=\"caption-attachment-15453\" class=\"wp-caption-text\">Foto: Michelle Munhoz e esposo (istv.com)<\/figcaption><\/figure>\n<p>&nbsp;<\/p>\n<p>&nbsp;<\/p>\n<p><strong>Aten\u00e7\u00e3o<\/strong><\/p>\n<p>Muitas faixas de pedestres da cidade precisam de refor\u00e7o na tinta. Seria muito bom a Secretaria de Obras e Infraestrutura refor\u00e7\u00e1-las nos fins de semana.<\/p>\n<figure id=\"attachment_15454\" aria-describedby=\"caption-attachment-15454\" style=\"width: 551px\" class=\"wp-caption aligncenter\"><img loading=\"lazy\" decoding=\"async\" class=\" wp-image-15454\" src=\"https:\/\/blogs.correiobraziliense.com.br\/aricunha\/wp-content\/uploads\/sites\/13\/2019\/12\/faixa.jpg\" alt=\"\" width=\"551\" height=\"287\" srcset=\"https:\/\/blogs.correiobraziliense.com.br\/aricunha\/wp-content\/uploads\/sites\/13\/2019\/12\/faixa.jpg 700w, https:\/\/blogs.correiobraziliense.com.br\/aricunha\/wp-content\/uploads\/sites\/13\/2019\/12\/faixa-300x156.jpg 300w, https:\/\/blogs.correiobraziliense.com.br\/aricunha\/wp-content\/uploads\/sites\/13\/2019\/12\/faixa-350x183.jpg 350w, https:\/\/blogs.correiobraziliense.com.br\/aricunha\/wp-content\/uploads\/sites\/13\/2019\/12\/faixa-550x287.jpg 550w, https:\/\/blogs.correiobraziliense.com.br\/aricunha\/wp-content\/uploads\/sites\/13\/2019\/12\/faixa-230x120.jpg 230w\" sizes=\"auto, (max-width: 551px) 100vw, 551px\" \/><figcaption id=\"caption-attachment-15454\" class=\"wp-caption-text\">Foto: reprodu\u00e7\u00e3o globoplay.globo.com<\/figcaption><\/figure>\n<p>&nbsp;<\/p>\n<p>&nbsp;<\/p>\n<p><strong>Solidariedade<\/strong><\/p>\n<p>Vai at\u00e9 o dia 6 de dezembro a ado\u00e7\u00e3o de cartinhas para o Papai Noel. No Senado, a parceria com os Correios foi um sucesso. Todas as cartinhas j\u00e1 foram adotadas pelos funcion\u00e1rios.<\/p>\n<p>https:\/\/www.youtube.com\/watch?v=1HlulXwv3XI&#038;feature=emb_logo<\/p>\n<p>&nbsp;<\/p>\n<p>&nbsp;<\/p>\n<p><strong>Receios<\/strong><\/p>\n<p>Desalojada pelo Festival de Cinema, a Orquestra Sinf\u00f4nica do Teatro Nacional Cl\u00e1udio Santoro voltou para o teatro para os ensaios. Os Bombeiros deram a licen\u00e7a. Mas a cena de um spot despencando no meio do palco anos atr\u00e1s ainda deixa os m\u00fasicos apreensivos.<\/p>\n<figure id=\"attachment_15455\" aria-describedby=\"caption-attachment-15455\" style=\"width: 547px\" class=\"wp-caption aligncenter\"><img loading=\"lazy\" decoding=\"async\" class=\" wp-image-15455\" src=\"https:\/\/blogs.correiobraziliense.com.br\/aricunha\/wp-content\/uploads\/sites\/13\/2019\/12\/brasilia-1.jpg\" alt=\"\" width=\"547\" height=\"365\" srcset=\"https:\/\/blogs.correiobraziliense.com.br\/aricunha\/wp-content\/uploads\/sites\/13\/2019\/12\/brasilia-1.jpg 820w, https:\/\/blogs.correiobraziliense.com.br\/aricunha\/wp-content\/uploads\/sites\/13\/2019\/12\/brasilia-1-300x200.jpg 300w, https:\/\/blogs.correiobraziliense.com.br\/aricunha\/wp-content\/uploads\/sites\/13\/2019\/12\/brasilia-1-768x512.jpg 768w, https:\/\/blogs.correiobraziliense.com.br\/aricunha\/wp-content\/uploads\/sites\/13\/2019\/12\/brasilia-1-350x233.jpg 350w, https:\/\/blogs.correiobraziliense.com.br\/aricunha\/wp-content\/uploads\/sites\/13\/2019\/12\/brasilia-1-550x367.jpg 550w, https:\/\/blogs.correiobraziliense.com.br\/aricunha\/wp-content\/uploads\/sites\/13\/2019\/12\/brasilia-1-230x153.jpg 230w\" sizes=\"auto, (max-width: 547px) 100vw, 547px\" \/><figcaption id=\"caption-attachment-15455\" class=\"wp-caption-text\">Foto: orquestrandobrasil.com<\/figcaption><\/figure>\n<p>&nbsp;<\/p>\n<p><strong>Adiamento<\/strong><\/p>\n<p>Depois do pedido de vistas de Paiva Martins, o processo entre Secretaria de Estado de Educa\u00e7\u00e3o do Distrito Federal &#8211; SEDF e o Instituto Candango de Solidariedade \u2013 ICS foi adiado. O caso trata da apura\u00e7\u00e3o de poss\u00edvel dano causado ao er\u00e1rio em decorr\u00eancia de irregularidades na execu\u00e7\u00e3o de um contrato de assist\u00eancia m\u00e9dica-odontol\u00f3gica e refor\u00e7o escolar para alunos da rede oficial de ensino do DF ocorrido em 2001.<\/p>\n<p>&nbsp;<\/p>\n<p>&nbsp;<\/p>\n<p><strong>HIST\u00d3RIA DE BRAS\u00cdLIA<\/strong><\/p>\n<p>O Correio Braziliense e a TV-Bras\u00edlia continuam sem telefones, quem tiver neg\u00f3cio conosco venha at\u00e9 aqui. Desculpas ao DTUI. <strong>(Publicado em 07\/12\/1961)<\/strong><\/p>\n","protected":false},"excerpt":{"rendered":"<p>VISTO, LIDO E OUVIDO, criada por Ari Cunha (In memoriam) Desde 1960, com Circe Cunha e Mamfil jornalistacircecunha@gmail.com Facebook.com\/vistolidoeouvido Instagram.com\/vistolidoeouvido &nbsp; &nbsp; Classificado entre os vinte piores pa\u00edses em educa\u00e7\u00e3o para jovens, o Brasil, mais uma vez, teve um fraco desempenho no ranking mundial que avalia a performance dos estudantes na faixa de 15 anos, nas disciplinas de matem\u00e1tica, ci\u00eancias [&hellip;]<\/p>\n","protected":false},"author":34,"featured_media":15451,"comment_status":"open","ping_status":"open","sticky":false,"template":"","format":"standard","meta":{"footnotes":""},"categories":[23],"tags":[1314,1116,604,1964,114,1477,1177,1934,68,2,69,16],"class_list":["post-15448","post","type-post","status-publish","format-standard","has-post-thumbnail","hentry","category-integra","tag-desigualdadeeconomica","tag-desigualdadesocial","tag-educacaonobrasil","tag-ensinopublico","tag-historiadebrasilia","tag-mec","tag-ministeriodaeducacao","tag-pisa2018","tag-aricunha","tag-brasilia","tag-circecunha","tag-mamfil"],"_links":{"self":[{"href":"https:\/\/blogs.correiobraziliense.com.br\/aricunha\/wp-json\/wp\/v2\/posts\/15448","targetHints":{"allow":["GET"]}}],"collection":[{"href":"https:\/\/blogs.correiobraziliense.com.br\/aricunha\/wp-json\/wp\/v2\/posts"}],"about":[{"href":"https:\/\/blogs.correiobraziliense.com.br\/aricunha\/wp-json\/wp\/v2\/types\/post"}],"author":[{"embeddable":true,"href":"https:\/\/blogs.correiobraziliense.com.br\/aricunha\/wp-json\/wp\/v2\/users\/34"}],"replies":[{"embeddable":true,"href":"https:\/\/blogs.correiobraziliense.com.br\/aricunha\/wp-json\/wp\/v2\/comments?post=15448"}],"version-history":[{"count":6,"href":"https:\/\/blogs.correiobraziliense.com.br\/aricunha\/wp-json\/wp\/v2\/posts\/15448\/revisions"}],"predecessor-version":[{"id":15459,"href":"https:\/\/blogs.correiobraziliense.com.br\/aricunha\/wp-json\/wp\/v2\/posts\/15448\/revisions\/15459"}],"wp:featuredmedia":[{"embeddable":true,"href":"https:\/\/blogs.correiobraziliense.com.br\/aricunha\/wp-json\/wp\/v2\/media\/15451"}],"wp:attachment":[{"href":"https:\/\/blogs.correiobraziliense.com.br\/aricunha\/wp-json\/wp\/v2\/media?parent=15448"}],"wp:term":[{"taxonomy":"category","embeddable":true,"href":"https:\/\/blogs.correiobraziliense.com.br\/aricunha\/wp-json\/wp\/v2\/categories?post=15448"},{"taxonomy":"post_tag","embeddable":true,"href":"https:\/\/blogs.correiobraziliense.com.br\/aricunha\/wp-json\/wp\/v2\/tags?post=15448"}],"curies":[{"name":"wp","href":"https:\/\/api.w.org\/{rel}","templated":true}]}}