{"id":15366,"date":"2019-11-21T01:00:55","date_gmt":"2019-11-21T04:00:55","guid":{"rendered":"https:\/\/blogs.correiobraziliense.com.br\/aricunha\/?p=15366"},"modified":"2019-11-21T12:25:03","modified_gmt":"2019-11-21T15:25:03","slug":"somos-a-6a-maior-economia-do-mundo-e-a-ultima-em-qualidade-de-educacao","status":"publish","type":"post","link":"https:\/\/blogs.correiobraziliense.com.br\/aricunha\/somos-a-6a-maior-economia-do-mundo-e-a-ultima-em-qualidade-de-educacao\/","title":{"rendered":"Somos a 6\u00aa maior economia do mundo e a \u00faltima em qualidade de educa\u00e7\u00e3o"},"content":{"rendered":"<p>VISTO, LIDO E OUVIDO, criada por Ari Cunha (In memoriam)<\/p>\n<p>Desde 1960, com Circe Cunha e Mamfil<\/p>\n<p>jornalistacircecunha@gmail.com<\/p>\n<p>Facebook.com\/vistolidoeouvido<\/p>\n<p>Instagram.com\/vistolidoeouvido<\/p>\n<p>&nbsp;<\/p>\n<figure id=\"attachment_15370\" aria-describedby=\"caption-attachment-15370\" style=\"width: 339px\" class=\"wp-caption alignright\"><img loading=\"lazy\" decoding=\"async\" class=\" wp-image-15370\" src=\"https:\/\/blogs.correiobraziliense.com.br\/aricunha\/wp-content\/uploads\/sites\/13\/2019\/11\/infografico-brasil-pisa-2015.png\" alt=\"\" width=\"339\" height=\"812\" srcset=\"https:\/\/blogs.correiobraziliense.com.br\/aricunha\/wp-content\/uploads\/sites\/13\/2019\/11\/infografico-brasil-pisa-2015.png 680w, https:\/\/blogs.correiobraziliense.com.br\/aricunha\/wp-content\/uploads\/sites\/13\/2019\/11\/infografico-brasil-pisa-2015-125x300.png 125w, https:\/\/blogs.correiobraziliense.com.br\/aricunha\/wp-content\/uploads\/sites\/13\/2019\/11\/infografico-brasil-pisa-2015-427x1024.png 427w, https:\/\/blogs.correiobraziliense.com.br\/aricunha\/wp-content\/uploads\/sites\/13\/2019\/11\/infografico-brasil-pisa-2015-146x350.png 146w, https:\/\/blogs.correiobraziliense.com.br\/aricunha\/wp-content\/uploads\/sites\/13\/2019\/11\/infografico-brasil-pisa-2015-550x1318.png 550w, https:\/\/blogs.correiobraziliense.com.br\/aricunha\/wp-content\/uploads\/sites\/13\/2019\/11\/infografico-brasil-pisa-2015-230x551.png 230w\" sizes=\"auto, (max-width: 339px) 100vw, 339px\" \/><figcaption id=\"caption-attachment-15370\" class=\"wp-caption-text\">Infogr\u00e1fico: exame.abril.com<\/figcaption><\/figure>\n<p>&nbsp;<\/p>\n<p>De tr\u00eas em tr\u00eas anos, a Organiza\u00e7\u00e3o para Coopera\u00e7\u00e3o e Desenvolvimento Econ\u00f4mico (OCDE) realiza o Programme For International Student Assessment (Pisa), onde avalia, de modo comparado e amostral, estudantes matriculados a partir do 7\u00ba ano do ensino fundamental, na faixa et\u00e1ria entre os 14 e 16 anos. A avalia\u00e7\u00e3o \u00e9 feita nas disciplinas de linguagem, Matem\u00e1tica e Ci\u00eancias. A prova \u00e9 realizada em 70 pa\u00edses que comp\u00f5em a Organiza\u00e7\u00e3o ou que s\u00e3o convidados a participar do torneio. O programa Internacional de Avalia\u00e7\u00e3o de Alunos vem sendo realizado desde o ano 2000 e tem se tornado um importante instrumento para medir n\u00e3o s\u00f3 o desempenho dos alunos, mas, sobretudo, que import\u00e2ncia cada pa\u00eds devota a quest\u00e3o da educa\u00e7\u00e3o b\u00e1sica de seus cidad\u00e3os.<\/p>\n<p>Numa \u00e9poca em que parte do mundo desenvolvido adentra para a chamada 4\u00aa revolu\u00e7\u00e3o industrial, com a combina\u00e7\u00e3o de m\u00e1quinas com processos digitais e onde a produ\u00e7\u00e3o de bens modificar\u00e1, de modo radical, a forma como vivemos, trabalhamos e nos relacionamos, \u00e9 imprescind\u00edvel que cada pa\u00eds promova as reformas adequadas no ensino para essa nova era tecnol\u00f3gica que j\u00e1 come\u00e7ou.<\/p>\n<p>Nesse novo mundo que se descortina, o conhecimento de base tecnol\u00f3gica ser\u00e1 o principal referencial de riqueza de uma na\u00e7\u00e3o. A introdu\u00e7\u00e3o da rob\u00f3tica e da digitaliza\u00e7\u00e3o diretamente nas linhas de produ\u00e7\u00e3o, criando as f\u00e1bricas inteligentes, aliadas aos avan\u00e7os na nanotecnologia, na neurotecnologia, na biotecnologia, na intelig\u00eancia artificial, entre outras descobertas, ir\u00e3o necessitar de m\u00e3o de obra cada vez mais especializadas e mais afeita a esse novo mundo.<\/p>\n<p>Com novas maneiras de produzir e consumir, muitos daqueles empregos e afazeres tradicionais, que hoje conhecemos, ir\u00e3o desaparecer, sendo substitu\u00eddos por outros totalmente diversos. A automa\u00e7\u00e3o geral do s\u00e9culo XXI \u00e9 uma realidade e a ela se liga, mais do que nunca, a educa\u00e7\u00e3o de qualidade com \u00eanfase nessas novas habilidades. Nesse quesito particular da perfeita intera\u00e7\u00e3o do homem com as novas tecnologias, o Brasil, segundo reconhece com desalento as pr\u00f3prias autoridades, vai muito mal.<\/p>\n<p>A qualidade da educa\u00e7\u00e3o em nosso pa\u00eds, medida em praticamente todos os rankings mundiais, mostra, de forma clara, que, em compara\u00e7\u00e3o com os principais pa\u00edses do globo, nosso desempenho \u00e9 vergonhoso. Entre os setenta pa\u00edses avaliados periodicamente pela OCDE, oscilamos sempre nos \u00faltimos lugares. Em 2015, por exemplo, ficamos na 65\u00aa posi\u00e7\u00e3o, ou seja, na rabeira do mundo.<\/p>\n<p>No Brasil a rela\u00e7\u00e3o investimento e qualidade da educa\u00e7\u00e3o, como mostram esses rankings, n\u00e3o andam juntas. Nosso pa\u00eds chega a investir nesse setor mais do que outras na\u00e7\u00f5es em desenvolvimento, aplicando algo em torno de 5% do Produto Interno Bruto (PIB), embora a rela\u00e7\u00e3o investimento por aluno (per capta) seja uma das piores do mundo. S\u00e3o 5,6 mil d\u00f3lares por aluno contra 9,7 mil d\u00f3lares, em m\u00e9dia, nos pa\u00edses da OCDE.<\/p>\n<p>No pr\u00f3ximo dia 3 de dezembro, a OCDE ir\u00e1 divulgar os resultados de 2018 do Pisa. O atual ministro da educa\u00e7\u00e3oo, Abraham Weintraub, j\u00e1 antecipou que nessa nova avalia\u00e7\u00e3o o Brasil ser\u00e1 o pior colocado da Am\u00e9rica Latina. Para um pa\u00eds que hoje \u00e9 considerado como a 6\u00aa maior economia do mundo, uma realidade como essa em nossa educa\u00e7\u00e3o aponta para um desequil\u00edbrio tremendo entre o quesito material ou de riqueza e o intelectual ou humano.<\/p>\n<p>&nbsp;<\/p>\n<p>&nbsp;<\/p>\n<p>&nbsp;<\/p>\n<p><strong>A frase que foi pronunciada:<\/strong><\/p>\n<p><em>&#8220;O ser humano \u00e9 aquilo que a educa\u00e7\u00e3o faz dele.&#8221;<\/em><\/p>\n<p>Immanuel Kant, fil\u00f3sofo alem\u00e3o.<\/p>\n<figure id=\"attachment_14233\" aria-describedby=\"caption-attachment-14233\" style=\"width: 358px\" class=\"wp-caption aligncenter\"><img loading=\"lazy\" decoding=\"async\" class=\" wp-image-14233\" src=\"https:\/\/blogs.correiobraziliense.com.br\/aricunha\/wp-content\/uploads\/sites\/13\/2019\/06\/kant.jpg\" alt=\"\" width=\"358\" height=\"507\" srcset=\"https:\/\/blogs.correiobraziliense.com.br\/aricunha\/wp-content\/uploads\/sites\/13\/2019\/06\/kant.jpg 267w, https:\/\/blogs.correiobraziliense.com.br\/aricunha\/wp-content\/uploads\/sites\/13\/2019\/06\/kant-212x300.jpg 212w, https:\/\/blogs.correiobraziliense.com.br\/aricunha\/wp-content\/uploads\/sites\/13\/2019\/06\/kant-247x350.jpg 247w, https:\/\/blogs.correiobraziliense.com.br\/aricunha\/wp-content\/uploads\/sites\/13\/2019\/06\/kant-230x326.jpg 230w\" sizes=\"auto, (max-width: 358px) 100vw, 358px\" \/><figcaption id=\"caption-attachment-14233\" class=\"wp-caption-text\">Imagem: reprodu\u00e7\u00e3o \/ internet<\/figcaption><\/figure>\n<p>&nbsp;<\/p>\n<p>&nbsp;<\/p>\n<p><strong>Leitura<\/strong><\/p>\n<p>Pergunta que n\u00e3o calou no material de divulga\u00e7\u00e3o do anivers\u00e1rio da \u201cBiblioteca Demonstrativa do INL\u201d: \u00c9 para chorar ou comemorar? Maria da Concei\u00e7\u00e3o Moreira Salles foi uma incans\u00e1vel defensora do local, da\u00ed o novo nome, merecidamente, batizou a biblioteca. Essa \u00e9 a parte agrad\u00e1vel. Por outro lado, depois de 49 anos n\u00e3o h\u00e1 o que comemorar. Assim como o Teatro Nacional, o local continua fechado. Marcos Linhares assumiu a frente indo e vindo da Secretaria de Cultura e Economia Criativa do DF (SECEC), Minist\u00e9rio do Turismo (que engoliu a Cultura), para reativar o local. A esperan\u00e7a de Linhares, Presidente do Sindicato dos Escritores do DF e Porta voz do F\u00f3rum do Livro e da Leitura do DF, \u00e9 que Ad\u00e3o C\u00e2ndido deixe esse legado aos brasilienses: uma parte da hist\u00f3ria da cidade reconstru\u00eddo e pronto para os leitores da capital. Vamos acreditar no secret\u00e1rio Ad\u00e3o Candido. Veja a promessa feita no v\u00eddeo a seguir.<\/p>\n<p>https:\/\/www.facebook.com\/Sindescritores\/videos\/1099426736910342\/?v=1099426736910342<\/p>\n<p>&nbsp;<\/p>\n<p>&nbsp;<\/p>\n<p><strong>Para frente<\/strong><\/p>\n<p>Abrigada no Royal Tulip, a III Exposi\u00e7\u00e3o Tem\u00e1tica e Interativa de Resultados dos Institutos Nacionais de Ci\u00eancia e Tecnologia. O evento vislumbra a parte pr\u00e1tica do p\u00f3s encontro. Aproxima\u00e7\u00e3o com o Setor Produtivo (coordenado pelo SEBRAE), com o Setor P\u00fablico (coordenado pelo CNPq\/CGEE), al\u00e9m de Oficinas de Divulga\u00e7\u00e3o Cient\u00edfica (coordenadas pelo INCT de Comunica\u00e7\u00e3o P\u00fablica da Ci\u00eancia e Tecnologia). Houve tamb\u00e9m a reuni\u00e3o dos Coordenadores de INCT com a Frente Parlamentar Mista de Ci\u00eancia, Tecnologia, Pesquisa e Inova\u00e7\u00e3o.<\/p>\n<p>Acesse a programa\u00e7\u00e3o em: <a href=\"http:\/\/www.andifes.org.br\/wp-content\/uploads\/2019\/11\/III-Semin%C3%A1rio-de-Avalia%C3%A7%C3%A3o-dos-Institutos-Nacionais-de-Ci%C3%AAncia-e-Tecnologia.pdf\">III SEMIN\u00c1RIO DE AVALIA\u00c7\u00c3O DOS INSTITUTOS NACIONAIS DE CI\u00caNCIA E TECNOLOGIA<\/a><\/p>\n<p><img loading=\"lazy\" decoding=\"async\" class=\" wp-image-15368 aligncenter\" src=\"https:\/\/blogs.correiobraziliense.com.br\/aricunha\/wp-content\/uploads\/sites\/13\/2019\/11\/prog.jpg\" alt=\"\" width=\"553\" height=\"579\" srcset=\"https:\/\/blogs.correiobraziliense.com.br\/aricunha\/wp-content\/uploads\/sites\/13\/2019\/11\/prog.jpg 600w, https:\/\/blogs.correiobraziliense.com.br\/aricunha\/wp-content\/uploads\/sites\/13\/2019\/11\/prog-287x300.jpg 287w, https:\/\/blogs.correiobraziliense.com.br\/aricunha\/wp-content\/uploads\/sites\/13\/2019\/11\/prog-334x350.jpg 334w, https:\/\/blogs.correiobraziliense.com.br\/aricunha\/wp-content\/uploads\/sites\/13\/2019\/11\/prog-550x576.jpg 550w, https:\/\/blogs.correiobraziliense.com.br\/aricunha\/wp-content\/uploads\/sites\/13\/2019\/11\/prog-230x241.jpg 230w\" sizes=\"auto, (max-width: 553px) 100vw, 553px\" \/><\/p>\n<p>&nbsp;<\/p>\n<p>&nbsp;<\/p>\n<p><strong>HIST\u00d3RIA DE BRAS\u00cdLIA<\/strong><\/p>\n<p>Os estoques dos supermercados est\u00e3o piorando muito. H\u00e1 artigos onde n\u00e3o h\u00e1 concorr\u00eancia, e macarr\u00e3o \u00e9 um deles. <strong>(Publicado em 06\/12\/1961)<\/strong><\/p>\n","protected":false},"excerpt":{"rendered":"<p>VISTO, LIDO E OUVIDO, criada por Ari Cunha (In memoriam) Desde 1960, com Circe Cunha e Mamfil jornalistacircecunha@gmail.com Facebook.com\/vistolidoeouvido Instagram.com\/vistolidoeouvido &nbsp; &nbsp; De tr\u00eas em tr\u00eas anos, a Organiza\u00e7\u00e3o para Coopera\u00e7\u00e3o e Desenvolvimento Econ\u00f4mico (OCDE) realiza o Programme For International Student Assessment (Pisa), onde avalia, de modo comparado e amostral, estudantes matriculados a partir do 7\u00ba ano do ensino fundamental, [&hellip;]<\/p>\n","protected":false},"author":34,"featured_media":15370,"comment_status":"open","ping_status":"open","sticky":false,"template":"","format":"standard","meta":{"footnotes":""},"categories":[23],"tags":[604,114,1177,1935,1637,1934,68,2,69,16],"class_list":["post-15366","post","type-post","status-publish","format-standard","has-post-thumbnail","hentry","category-integra","tag-educacaonobrasil","tag-historiadebrasilia","tag-ministeriodaeducacao","tag-ministrodaeducacaoabrahamweintraub","tag-ocde","tag-pisa2018","tag-aricunha","tag-brasilia","tag-circecunha","tag-mamfil"],"_links":{"self":[{"href":"https:\/\/blogs.correiobraziliense.com.br\/aricunha\/wp-json\/wp\/v2\/posts\/15366","targetHints":{"allow":["GET"]}}],"collection":[{"href":"https:\/\/blogs.correiobraziliense.com.br\/aricunha\/wp-json\/wp\/v2\/posts"}],"about":[{"href":"https:\/\/blogs.correiobraziliense.com.br\/aricunha\/wp-json\/wp\/v2\/types\/post"}],"author":[{"embeddable":true,"href":"https:\/\/blogs.correiobraziliense.com.br\/aricunha\/wp-json\/wp\/v2\/users\/34"}],"replies":[{"embeddable":true,"href":"https:\/\/blogs.correiobraziliense.com.br\/aricunha\/wp-json\/wp\/v2\/comments?post=15366"}],"version-history":[{"count":5,"href":"https:\/\/blogs.correiobraziliense.com.br\/aricunha\/wp-json\/wp\/v2\/posts\/15366\/revisions"}],"predecessor-version":[{"id":15373,"href":"https:\/\/blogs.correiobraziliense.com.br\/aricunha\/wp-json\/wp\/v2\/posts\/15366\/revisions\/15373"}],"wp:featuredmedia":[{"embeddable":true,"href":"https:\/\/blogs.correiobraziliense.com.br\/aricunha\/wp-json\/wp\/v2\/media\/15370"}],"wp:attachment":[{"href":"https:\/\/blogs.correiobraziliense.com.br\/aricunha\/wp-json\/wp\/v2\/media?parent=15366"}],"wp:term":[{"taxonomy":"category","embeddable":true,"href":"https:\/\/blogs.correiobraziliense.com.br\/aricunha\/wp-json\/wp\/v2\/categories?post=15366"},{"taxonomy":"post_tag","embeddable":true,"href":"https:\/\/blogs.correiobraziliense.com.br\/aricunha\/wp-json\/wp\/v2\/tags?post=15366"}],"curies":[{"name":"wp","href":"https:\/\/api.w.org\/{rel}","templated":true}]}}