{"id":15302,"date":"2019-11-14T00:00:15","date_gmt":"2019-11-14T03:00:15","guid":{"rendered":"https:\/\/blogs.correiobraziliense.com.br\/aricunha\/?p=15302"},"modified":"2019-11-14T11:39:49","modified_gmt":"2019-11-14T14:39:49","slug":"a-cultura-na-alca-de-mira-das-ideologias","status":"publish","type":"post","link":"https:\/\/blogs.correiobraziliense.com.br\/aricunha\/a-cultura-na-alca-de-mira-das-ideologias\/","title":{"rendered":"A cultura na al\u00e7a de mira das ideologias"},"content":{"rendered":"<p>VISTO, LIDO E OUVIDO, criada por Ari Cunha (In memoriam)<\/p>\n<p>Desde 1960, com Circe Cunha e Mamfil<\/p>\n<p>jornalistacircecunha@gmail.com<\/p>\n<p>Facebook.com\/vistolidoeouvido<\/p>\n<p>Instagram.com\/vistolidoeouvido<\/p>\n<p>&nbsp;<\/p>\n<figure id=\"attachment_15305\" aria-describedby=\"caption-attachment-15305\" style=\"width: 723px\" class=\"wp-caption aligncenter\"><img loading=\"lazy\" decoding=\"async\" class=\" wp-image-15305\" src=\"https:\/\/blogs.correiobraziliense.com.br\/aricunha\/wp-content\/uploads\/sites\/13\/2019\/11\/ma.jpg\" alt=\"\" width=\"723\" height=\"360\" srcset=\"https:\/\/blogs.correiobraziliense.com.br\/aricunha\/wp-content\/uploads\/sites\/13\/2019\/11\/ma.jpg 895w, https:\/\/blogs.correiobraziliense.com.br\/aricunha\/wp-content\/uploads\/sites\/13\/2019\/11\/ma-300x149.jpg 300w, https:\/\/blogs.correiobraziliense.com.br\/aricunha\/wp-content\/uploads\/sites\/13\/2019\/11\/ma-768x383.jpg 768w, https:\/\/blogs.correiobraziliense.com.br\/aricunha\/wp-content\/uploads\/sites\/13\/2019\/11\/ma-350x174.jpg 350w, https:\/\/blogs.correiobraziliense.com.br\/aricunha\/wp-content\/uploads\/sites\/13\/2019\/11\/ma-550x274.jpg 550w, https:\/\/blogs.correiobraziliense.com.br\/aricunha\/wp-content\/uploads\/sites\/13\/2019\/11\/ma-230x115.jpg 230w\" sizes=\"auto, (max-width: 723px) 100vw, 723px\" \/><figcaption id=\"caption-attachment-15305\" class=\"wp-caption-text\">Foto: sede do Minist\u00e9rio da Cultura em 2017 (diariodopoder.com)<\/figcaption><\/figure>\n<p>&nbsp;<\/p>\n<p>Ao longo da hist\u00f3ria humana \u00e9 poss\u00edvel observar que, dentre todos os elementos que concorreram para a forma\u00e7\u00e3o e moldagens das diversas civiliza\u00e7\u00f5es pelo mundo afora, a cultura, sem d\u00favida alguma, desponta como o principal fator que melhor traduz a alma de um povo, seus costumes, tradi\u00e7\u00f5es, cren\u00e7as, seu folclore, enfim, sua pr\u00f3pria identidade. Por isso mesmo \u00e9 que todos os povos que almejaram dominar e conquistar uma outra popula\u00e7\u00e3o e um outro territ\u00f3rio, anexando pela for\u00e7a outras civiliza\u00e7\u00f5es, tomavam como primeira iniciativa a destrui\u00e7\u00e3o da cultura e dos valores imateriais dos conquistados, de forma a atingir, na alma, esses seres apoderados.<\/p>\n<p>Dessa forma fica evidente que um povo sem essa alma, propiciada pela cultura, torna-se presa f\u00e1cil para aqueles que desejam domin\u00e1-los. Embora re\u00fana em si os mais fortes e duradouros la\u00e7os a unir um povo, a cultura tamb\u00e9m \u00e9 um elemento t\u00eanue, capaz de se desmanchar no tempo, quer por a\u00e7\u00e3o de uma outra cultura externa, quer, principalmente pela a\u00e7\u00e3o e interesse de governos e, principalmente de ideologias. Assim \u00e9 que toda a vez que se observa a mudan\u00e7a de governo e sobretudo de orienta\u00e7\u00e3o pol\u00edtico-ideol\u00f3gica, o primeiro setor da sociedade a experimentar e a sentir na pele essa mudan\u00e7a de rumo, \u00e9 justamente a \u00e1rea cultural.<\/p>\n<p>A queima de livros na Alemanha nazista, na Espanha de Franco e de Salazar em Portugal, a persegui\u00e7\u00e3o aos artistas e intelectuais na China de Mao, as pris\u00f5es nos Gulags na Uni\u00e3o Sovi\u00e9tica de Stalin, as censuras e pris\u00f5es da Ilha dos Castros e muitas outras intimida\u00e7\u00f5es e mortes aconteceram tanto por ditadores de direita, como da esquerda pol\u00edtica, sempre contra a cultura e seus protagonistas ao longo do tempo de hist\u00f3ria da humanidade.<\/p>\n<p>Um fato, por\u00e9m, pode ser destacado: foi somente em pa\u00edses que optaram pelo sistema capitalista que a cultura encontrou os mais livres caminhos para percorrer e florescer. Foi assim na It\u00e1lia renascentista, no in\u00edcio do capitalismo comercial, em Floren\u00e7a e outros s\u00edtios pelo mundo. Tem sido na Europa Ocidental do p\u00f3s-guerra, nos Estados Unidos e em muitos outros pa\u00edses. Isso demonstra que a liberdade \u00e9 o melhor mais prop\u00edcio para germinar a semente da cultura. Em pa\u00edses como o nosso, onde tradicionalmente a cultura, produzida no meio urbano, foi, em sua maior parcela, sempre atrelada e alimentada por recursos do Estado, falar em produ\u00e7\u00e3o de artes independente de governos \u00e9 sempre uma exce\u00e7\u00e3o.<\/p>\n<p>A exist\u00eancia de um minist\u00e9rio da cultura, de uma secretaria de cultura, de funda\u00e7\u00f5es ligadas \u00e0s artes, a exist\u00eancia de museus e outras institui\u00e7\u00f5es do estado vinculadas \u00e0 produ\u00e7\u00e3o de arte e cultura denotam, no Brasil, o v\u00ednculo estreito entre um ente ligado ao governo e \u00e0 cultura. Desse modo fica dif\u00edcil falar em cultura e seu fomento, sem mencionar o Estado e o governo. \u00c9 sob esse vi\u00e9s que tem funcionado todo o sistema de cultura de nosso pa\u00eds, mesmo em seus aspectos ligados ao folclore regional, explorado pelas ag\u00eancias de turismo de cada estado.<\/p>\n<p>Com uma liga\u00e7\u00e3o umbilical como essa, n\u00e3o seria espantoso verificar que a mudan\u00e7a de sinais ideol\u00f3gicos da esquerda para a direita, operado com a sa\u00edda do petismo do poder, dando lugar ao governo de Bolsonaro, necessariamente iria se refletir no mecanismo estatal que fomenta a cultura. Artistas e manifesta\u00e7\u00f5es de arte ligados ao antigo governo perderam suas fontes originais de financiamento. Do mesmo modo, artistas e obras com vi\u00e9s de direita ou que foram assim taxados, tamb\u00e9m eram impedidos e at\u00e9 perseguidos pela esquerda no passado.<\/p>\n<p>Infelizmente, tanto para um lado como para o outro, \u00e9 complicado para qualquer dirigente do Estado liberar o financiamento de obras que, ao fim ao cabo, ir\u00e3o tecer cr\u00edticas ao seu governo. Posto dessa maneira, fica claro que o inimigo da cultura \u00e9 a ideologia de plant\u00e3o. Tanto esquerda como direita s\u00e3o nocivas \u00e0 produ\u00e7\u00e3o de artes e cultura. O dif\u00edcil \u00e9 explicar e convencer os governos que v\u00eam e v\u00e3o dessa realidade.<\/p>\n<p>Enquanto a cultura nacional depender das benesses do Estado ser\u00e1 assim. \u00c9 como um menor de idade que vive com os pa\u00eds: tem sua independ\u00eancia atrelada \u00e0 certos controles, que tolhem a plena liberdade.<\/p>\n<p>&nbsp;<\/p>\n<p>&nbsp;<\/p>\n<p>&nbsp;<\/p>\n<p><strong>A frase que foi pronunciada:<\/strong><\/p>\n<p><em>\u201cOs quadros que eles penduram nos restaurantes n\u00e3o s\u00e3o muito melhores do que a comida servida nos museus.\u201d<\/em><\/p>\n<p>Peter de Vries, novelista de Chicago (1910-1993)<\/p>\n<figure id=\"attachment_15304\" aria-describedby=\"caption-attachment-15304\" style=\"width: 391px\" class=\"wp-caption aligncenter\"><img loading=\"lazy\" decoding=\"async\" class=\" wp-image-15304\" src=\"https:\/\/blogs.correiobraziliense.com.br\/aricunha\/wp-content\/uploads\/sites\/13\/2019\/11\/41LF4-hSRaL.jpg\" alt=\"\" width=\"391\" height=\"587\" srcset=\"https:\/\/blogs.correiobraziliense.com.br\/aricunha\/wp-content\/uploads\/sites\/13\/2019\/11\/41LF4-hSRaL.jpg 300w, https:\/\/blogs.correiobraziliense.com.br\/aricunha\/wp-content\/uploads\/sites\/13\/2019\/11\/41LF4-hSRaL-200x300.jpg 200w, https:\/\/blogs.correiobraziliense.com.br\/aricunha\/wp-content\/uploads\/sites\/13\/2019\/11\/41LF4-hSRaL-233x350.jpg 233w, https:\/\/blogs.correiobraziliense.com.br\/aricunha\/wp-content\/uploads\/sites\/13\/2019\/11\/41LF4-hSRaL-230x345.jpg 230w\" sizes=\"auto, (max-width: 391px) 100vw, 391px\" \/><figcaption id=\"caption-attachment-15304\" class=\"wp-caption-text\">Foto: amazon.com<\/figcaption><\/figure>\n<p>&nbsp;<\/p>\n<p>&nbsp;<\/p>\n<p><strong>Lembran\u00e7a<\/strong><\/p>\n<p>Dentre as comemora\u00e7\u00f5es dos 60 anos de Bras\u00edlia, os moradores s\u00e3o convidados a escolher a \u00e1rvore mais bonita da cidade. Era uma paineira maravilhosa que ficava num bal\u00e3o da Vila Planalto e foi eliminada sem a menor necessidade.<\/p>\n<figure id=\"attachment_15303\" aria-describedby=\"caption-attachment-15303\" style=\"width: 546px\" class=\"wp-caption aligncenter\"><img loading=\"lazy\" decoding=\"async\" class=\" wp-image-15303\" src=\"https:\/\/blogs.correiobraziliense.com.br\/aricunha\/wp-content\/uploads\/sites\/13\/2019\/11\/\u00e1rvore.jpg\" alt=\"\" width=\"546\" height=\"379\" srcset=\"https:\/\/blogs.correiobraziliense.com.br\/aricunha\/wp-content\/uploads\/sites\/13\/2019\/11\/\u00e1rvore.jpg 779w, https:\/\/blogs.correiobraziliense.com.br\/aricunha\/wp-content\/uploads\/sites\/13\/2019\/11\/\u00e1rvore-300x208.jpg 300w, https:\/\/blogs.correiobraziliense.com.br\/aricunha\/wp-content\/uploads\/sites\/13\/2019\/11\/\u00e1rvore-768x533.jpg 768w, https:\/\/blogs.correiobraziliense.com.br\/aricunha\/wp-content\/uploads\/sites\/13\/2019\/11\/\u00e1rvore-350x243.jpg 350w, https:\/\/blogs.correiobraziliense.com.br\/aricunha\/wp-content\/uploads\/sites\/13\/2019\/11\/\u00e1rvore-550x382.jpg 550w, https:\/\/blogs.correiobraziliense.com.br\/aricunha\/wp-content\/uploads\/sites\/13\/2019\/11\/\u00e1rvore-230x160.jpg 230w\" sizes=\"auto, (max-width: 546px) 100vw, 546px\" \/><figcaption id=\"caption-attachment-15303\" class=\"wp-caption-text\">Ip\u00ea amarelo registrado pelo fot\u00f3grafo e morador do Gama, no Distrito Federal, Diney Cordeiro \u2014 Foto: Diney Cordeiro\/Arquivo pessoal<\/figcaption><\/figure>\n<p>&nbsp;<\/p>\n<p>&nbsp;<\/p>\n<p><strong>Aliena\u00e7\u00e3o Parental<\/strong><\/p>\n<p>As advogadas Sandra Vilela e Giselle Groeninga sugerem \u00e0 imprensa um estudo mais aprofundado no assunto Aliena\u00e7\u00e3o Parental. Mat\u00e9rias sensacionalistas n\u00e3o ajudam, em nada, milhares de crian\u00e7as que sofrem esse fen\u00f4meno social. \u201cA m\u00eddia tem levantado a discuss\u00e3o sem nenhum fundamento legal, trazendo mat\u00e9rias sensacionalistas, surgindo a necessidade urgente de amplo debate acad\u00eamico sobre essa lei\u201d, diz Sandra Vilela. \u201cTais argumenta\u00e7\u00f5es acabam por dificultar que se iluminem os pontos a serem aperfei\u00e7oados na lei. E, ainda, a liga\u00e7\u00e3o da aliena\u00e7\u00e3o parental com pedofilia presta um enorme desservi\u00e7o ao necess\u00e1rio combate dessa pr\u00e1tica nefasta\u201d, avalia a psic\u00f3loga e advogada Giselle Groeninga. Vejam a seguir um document\u00e1rio sobre o assunto.<\/p>\n<p>https:\/\/www.youtube.com\/watch?v=RrLLpLO_pzk&#038;feature=youtu.be<\/p>\n<p>&nbsp;<\/p>\n<p>&nbsp;<\/p>\n<p><strong>HIST\u00d3RIA DE BRAS\u00cdLIA<\/strong><\/p>\n<p>De mal a pior, o servi\u00e7o telef\u00f4nico. Mas, mesmo assim, as estat\u00edsticas mostram que a maior demora j\u00e1 verificada, na espera do ru\u00eddo em Bras\u00edlia, foi inferior \u00e0 normal do Rio de Janeiro. <strong>(Publicado em 06\/12\/1961)<\/strong><\/p>\n","protected":false},"excerpt":{"rendered":"<p>VISTO, LIDO E OUVIDO, criada por Ari Cunha (In memoriam) Desde 1960, com Circe Cunha e Mamfil jornalistacircecunha@gmail.com Facebook.com\/vistolidoeouvido Instagram.com\/vistolidoeouvido &nbsp; &nbsp; Ao longo da hist\u00f3ria humana \u00e9 poss\u00edvel observar que, dentre todos os elementos que concorreram para a forma\u00e7\u00e3o e moldagens das diversas civiliza\u00e7\u00f5es pelo mundo afora, a cultura, sem d\u00favida alguma, desponta como o principal fator que melhor [&hellip;]<\/p>\n","protected":false},"author":34,"featured_media":15305,"comment_status":"open","ping_status":"open","sticky":false,"template":"","format":"standard","meta":{"footnotes":""},"categories":[23],"tags":[818,1235,114,820,68,2,69,16],"class_list":["post-15302","post","type-post","status-publish","format-standard","has-post-thumbnail","hentry","category-integra","tag-culturanobrasil","tag-governobolsonaro","tag-historiadebrasilia","tag-ministeriodacultura","tag-aricunha","tag-brasilia","tag-circecunha","tag-mamfil"],"_links":{"self":[{"href":"https:\/\/blogs.correiobraziliense.com.br\/aricunha\/wp-json\/wp\/v2\/posts\/15302","targetHints":{"allow":["GET"]}}],"collection":[{"href":"https:\/\/blogs.correiobraziliense.com.br\/aricunha\/wp-json\/wp\/v2\/posts"}],"about":[{"href":"https:\/\/blogs.correiobraziliense.com.br\/aricunha\/wp-json\/wp\/v2\/types\/post"}],"author":[{"embeddable":true,"href":"https:\/\/blogs.correiobraziliense.com.br\/aricunha\/wp-json\/wp\/v2\/users\/34"}],"replies":[{"embeddable":true,"href":"https:\/\/blogs.correiobraziliense.com.br\/aricunha\/wp-json\/wp\/v2\/comments?post=15302"}],"version-history":[{"count":2,"href":"https:\/\/blogs.correiobraziliense.com.br\/aricunha\/wp-json\/wp\/v2\/posts\/15302\/revisions"}],"predecessor-version":[{"id":15307,"href":"https:\/\/blogs.correiobraziliense.com.br\/aricunha\/wp-json\/wp\/v2\/posts\/15302\/revisions\/15307"}],"wp:featuredmedia":[{"embeddable":true,"href":"https:\/\/blogs.correiobraziliense.com.br\/aricunha\/wp-json\/wp\/v2\/media\/15305"}],"wp:attachment":[{"href":"https:\/\/blogs.correiobraziliense.com.br\/aricunha\/wp-json\/wp\/v2\/media?parent=15302"}],"wp:term":[{"taxonomy":"category","embeddable":true,"href":"https:\/\/blogs.correiobraziliense.com.br\/aricunha\/wp-json\/wp\/v2\/categories?post=15302"},{"taxonomy":"post_tag","embeddable":true,"href":"https:\/\/blogs.correiobraziliense.com.br\/aricunha\/wp-json\/wp\/v2\/tags?post=15302"}],"curies":[{"name":"wp","href":"https:\/\/api.w.org\/{rel}","templated":true}]}}