{"id":15258,"date":"2019-11-08T01:00:54","date_gmt":"2019-11-08T04:00:54","guid":{"rendered":"https:\/\/blogs.correiobraziliense.com.br\/aricunha\/?p=15258"},"modified":"2019-11-08T09:47:42","modified_gmt":"2019-11-08T12:47:42","slug":"prisao-em-segunda-instancia-a-beira-do-abismo","status":"publish","type":"post","link":"https:\/\/blogs.correiobraziliense.com.br\/aricunha\/prisao-em-segunda-instancia-a-beira-do-abismo\/","title":{"rendered":"Cai no abismo a pris\u00e3o em segunda inst\u00e2ncia"},"content":{"rendered":"<p>VISTO, LIDO E OUVIDO, criada por Ari Cunha (In memoriam)<\/p>\n<p>Desde 1960, com Circe Cunha e Mamfil<\/p>\n<p>jornalistacircecunha@gmail.com<\/p>\n<p>Facebook.com\/vistolidoeouvido<\/p>\n<p>Instagram.com\/vistolidoeouvido<\/p>\n<p>&nbsp;<\/p>\n<figure id=\"attachment_15259\" aria-describedby=\"caption-attachment-15259\" style=\"width: 674px\" class=\"wp-caption aligncenter\"><img loading=\"lazy\" decoding=\"async\" class=\" wp-image-15259\" src=\"https:\/\/blogs.correiobraziliense.com.br\/aricunha\/wp-content\/uploads\/sites\/13\/2019\/11\/imagem_materia.jpg\" alt=\"\" width=\"674\" height=\"447\" srcset=\"https:\/\/blogs.correiobraziliense.com.br\/aricunha\/wp-content\/uploads\/sites\/13\/2019\/11\/imagem_materia.jpg 860w, https:\/\/blogs.correiobraziliense.com.br\/aricunha\/wp-content\/uploads\/sites\/13\/2019\/11\/imagem_materia-300x199.jpg 300w, https:\/\/blogs.correiobraziliense.com.br\/aricunha\/wp-content\/uploads\/sites\/13\/2019\/11\/imagem_materia-768x509.jpg 768w, https:\/\/blogs.correiobraziliense.com.br\/aricunha\/wp-content\/uploads\/sites\/13\/2019\/11\/imagem_materia-350x232.jpg 350w, https:\/\/blogs.correiobraziliense.com.br\/aricunha\/wp-content\/uploads\/sites\/13\/2019\/11\/imagem_materia-550x365.jpg 550w, https:\/\/blogs.correiobraziliense.com.br\/aricunha\/wp-content\/uploads\/sites\/13\/2019\/11\/imagem_materia-230x152.jpg 230w\" sizes=\"auto, (max-width: 674px) 100vw, 674px\" \/><figcaption id=\"caption-attachment-15259\" class=\"wp-caption-text\">Foto: Ag\u00eancia Senado<\/figcaption><\/figure>\n<p>&nbsp;<\/p>\n<p>Diversas pesquisas realizadas nas \u00faltimas semanas pela FSB, Datafolha e outras fontes mostram de forma clara que a maioria da popula\u00e7\u00e3o brasileira apoia a pris\u00e3o de condenados ap\u00f3s julgamento em segunda inst\u00e2ncia. Mesmo em pesquisas informais, realizadas de forma emp\u00edrica entre pessoas de nossos c\u00edrculos de rela\u00e7\u00f5es, t\u00eam mostrado que para os brasileiros essa medida tem sido um instrumento eficiente, utilizado pela justi\u00e7a para p\u00f4r fim ao ciclo hist\u00f3rico de impunidade e de prescri\u00e7\u00e3o de muitos crimes por excessos burocr\u00e1ticos e morosidade dos tribunais.<\/p>\n<p>Os cidad\u00e3os sabem muito bem que o instituto de protela\u00e7\u00f5es e dos recursos infindos s\u00f3 beneficiam aqueles que podem pagar bons e caros advogados e n\u00e3o diz respeito algum \u00e0 grande maioria dos brasileiros com pend\u00eancia com a justi\u00e7a. Obviamente que, para os ministros do Supremo Tribunal Federal, pesquisas como essas, e outras que retratam o desejo da maioria da sociedade sobre um determinado tema de import\u00e2ncia geral, possuem peso zero na hora da vota\u00e7\u00e3o e n\u00e3o induzem nos vereditos de cada um dos ju\u00edzes.<\/p>\n<p>Inclusive esse tem sido um tema colocado no plen\u00e1rio em diversos momentos, para reafirmar que a press\u00e3o das ruas pouco ou nada influi nas decis\u00f5es do plen\u00e1rio. Esse descolamento da realidade do mundo exterior, ao mesmo tempo em que n\u00e3o incomoda os ju\u00edzes, deixa os brasileiros em um sobressalto permanente com a possibilidade de ver, de uma hora para outra, a volta ao passado de um Brasil recordista mundial de assassinatos e outros crimes hediondos.<\/p>\n<p>Com raz\u00e3o, a popula\u00e7\u00e3o teme que um poss\u00edvel impedimento de pris\u00e3o em 2\u00aa inst\u00e2ncia acabe destruindo uma das maiores conquistas de nossa hist\u00f3ria recente que foi a deflagra\u00e7\u00e3o da Opera\u00e7\u00e3o Lava Jato, quando, pela primeira vez, a popula\u00e7\u00e3o pode assistir \u00e0 pris\u00e3o de altos membros do governo, inclusive ex-presidentes assim como a elite do empresariado nacional, todos igualmente julgados, processados, condenados e presos. Ainda para o gaudio da sociedade, houve, tamb\u00e9m pela primeira vez, a devolu\u00e7\u00e3o de parte dos recursos desviados nesse que tem sido um dos maiores casos de corrup\u00e7\u00e3o do planeta.<\/p>\n<p>O Supremo entender\u00a0pela volta do tr\u00e2nsito em julgado significa que toda a primeira grande fase da Opera\u00e7\u00e3o Lava Jato e outras do g\u00eanero, voltar\u00e1 a estaca zero, destruindo todo o enorme esfor\u00e7o feito at\u00e9 aqui para acabar com a corrup\u00e7\u00e3o sistematizada e entranhada na m\u00e1quina p\u00fablica.\u00a0 Deu no que deu. Mesmo assim \u00a0a popula\u00e7\u00e3o parece n\u00e3o estar sozinha nesse seu desejo de acabar com a impunidade das elites. Entidades como a Organiza\u00e7\u00e3o para a Coopera\u00e7\u00e3o e Desenvolvimento Econ\u00f4mico (OCDE) tamb\u00e9m tem manifestado sua preocupa\u00e7\u00e3o, alertando que um poss\u00edvel retrocesso no combate \u00e0 corrup\u00e7\u00e3o pode prejudicar n\u00e3o s\u00f3 a imagem do pa\u00eds, mas principalmente a realiza\u00e7\u00e3o de neg\u00f3cios dentro de um ambiente mundial onde o com\u00e9rcio busca cada vez mais negociar dentro de par\u00e2metros de compliance.<\/p>\n<p>A ONG Transpar\u00eancia Brasil tamb\u00e9m se posicionou a favor da pris\u00e3o em segunda inst\u00e2ncia. Para engrossar esse coro mundial e nacional contra a impunidade dos poderosos e em favor do combate \u00e0 corrup\u00e7\u00e3o, um grupo de 42 senadores assinou uma carta endere\u00e7ada ao ministro Dias Toffoli, presidente do STF, defendendo abertamente a pris\u00e3o ap\u00f3s segunda inst\u00e2ncia. Para esses parlamentares, essa medida tem sido important\u00edssima para combater o sentimento de impunidade presente na sociedade, sendo que a revis\u00e3o desse entendimento dever\u00e1 provocar grave problema de seguran\u00e7a jur\u00eddica.<\/p>\n<p>&nbsp;<\/p>\n<p>&nbsp;<\/p>\n<p>&nbsp;<\/p>\n<p><strong>A frase que n\u00e3o foi pronunciada:<\/strong><\/p>\n<p><em>\u201cN\u00f3s n\u00e3o somos representantes do povo, por isso n\u00e3o legislamos.\u201d<\/em><\/p>\n<p>Algum ministro do STF em pleno pesadelo.<\/p>\n<figure id=\"attachment_15260\" aria-describedby=\"caption-attachment-15260\" style=\"width: 582px\" class=\"wp-caption aligncenter\"><img loading=\"lazy\" decoding=\"async\" class=\" wp-image-15260\" src=\"https:\/\/blogs.correiobraziliense.com.br\/aricunha\/wp-content\/uploads\/sites\/13\/2019\/11\/2335-820x615.jpg\" alt=\"\" width=\"582\" height=\"437\" srcset=\"https:\/\/blogs.correiobraziliense.com.br\/aricunha\/wp-content\/uploads\/sites\/13\/2019\/11\/2335-820x615.jpg 820w, https:\/\/blogs.correiobraziliense.com.br\/aricunha\/wp-content\/uploads\/sites\/13\/2019\/11\/2335-820x615-300x225.jpg 300w, https:\/\/blogs.correiobraziliense.com.br\/aricunha\/wp-content\/uploads\/sites\/13\/2019\/11\/2335-820x615-768x576.jpg 768w, https:\/\/blogs.correiobraziliense.com.br\/aricunha\/wp-content\/uploads\/sites\/13\/2019\/11\/2335-820x615-350x263.jpg 350w, https:\/\/blogs.correiobraziliense.com.br\/aricunha\/wp-content\/uploads\/sites\/13\/2019\/11\/2335-820x615-550x413.jpg 550w, https:\/\/blogs.correiobraziliense.com.br\/aricunha\/wp-content\/uploads\/sites\/13\/2019\/11\/2335-820x615-230x173.jpg 230w\" sizes=\"auto, (max-width: 582px) 100vw, 582px\" \/><figcaption id=\"caption-attachment-15260\" class=\"wp-caption-text\">Charge do Cazo<\/figcaption><\/figure>\n<p>&nbsp;<\/p>\n<p>&nbsp;<\/p>\n<p><strong>Trabalhador<\/strong><\/p>\n<p>Grande expectativa para a noite de aut\u00f3grafos no lan\u00e7amento do livro assinado pelo senador Paulo Paim, Tempos de Distopia. Parlamentar respeitado, Paim n\u00e3o para de surpreender. O evento ser\u00e1 no Senado, dia 12, ter\u00e7a-feira, no Espa\u00e7o Cultural Ivandro Cunha Lima. O livro ser\u00e1 distribu\u00eddo. Disse o autor: \u201cDistopia \u00e9 a vida sem sonhos e sem o belo da exist\u00eancia. \u00c9 um cen\u00e1rio de incertezas. \u00c9 a dor da indignidade. S\u00e3o os pesadelos di\u00e1rios da falta de horizonte. S\u00e3o as injusti\u00e7as que o povo sofre. \u00c9 o lugar em que a mentira, o \u00f3dio e a viol\u00eancia fazem morada\u201d.<\/p>\n<p><img loading=\"lazy\" decoding=\"async\" class=\" wp-image-15261 aligncenter\" src=\"https:\/\/blogs.correiobraziliense.com.br\/aricunha\/wp-content\/uploads\/sites\/13\/2019\/11\/image-1.png\" alt=\"\" width=\"552\" height=\"414\" srcset=\"https:\/\/blogs.correiobraziliense.com.br\/aricunha\/wp-content\/uploads\/sites\/13\/2019\/11\/image-1.png 640w, https:\/\/blogs.correiobraziliense.com.br\/aricunha\/wp-content\/uploads\/sites\/13\/2019\/11\/image-1-300x225.png 300w, https:\/\/blogs.correiobraziliense.com.br\/aricunha\/wp-content\/uploads\/sites\/13\/2019\/11\/image-1-350x263.png 350w, https:\/\/blogs.correiobraziliense.com.br\/aricunha\/wp-content\/uploads\/sites\/13\/2019\/11\/image-1-550x413.png 550w, https:\/\/blogs.correiobraziliense.com.br\/aricunha\/wp-content\/uploads\/sites\/13\/2019\/11\/image-1-230x173.png 230w\" sizes=\"auto, (max-width: 552px) 100vw, 552px\" \/><\/p>\n<p>&nbsp;<\/p>\n<p>&nbsp;<\/p>\n<p><strong>Absurdo<\/strong><\/p>\n<p>Veja a seguir:\u00a0 um copo com \u00e1gua filtrada que vai para a caixa d\u2019\u00e1gua e outro com a \u00e1gua que chega da Caesb. A Associa\u00e7\u00e3o dos Moradores do Trecho 9 est\u00e1 colecionando reclama\u00e7\u00f5es sobre o assunto. Podem ser bastante \u00fateis no futuro.<\/p>\n<p><img loading=\"lazy\" decoding=\"async\" class=\" wp-image-15262 aligncenter\" src=\"https:\/\/blogs.correiobraziliense.com.br\/aricunha\/wp-content\/uploads\/sites\/13\/2019\/11\/WhatsApp-Image-2019-11-07-at-18.58.30-1.jpeg\" alt=\"\" width=\"549\" height=\"479\" srcset=\"https:\/\/blogs.correiobraziliense.com.br\/aricunha\/wp-content\/uploads\/sites\/13\/2019\/11\/WhatsApp-Image-2019-11-07-at-18.58.30-1.jpeg 1280w, https:\/\/blogs.correiobraziliense.com.br\/aricunha\/wp-content\/uploads\/sites\/13\/2019\/11\/WhatsApp-Image-2019-11-07-at-18.58.30-1-300x262.jpeg 300w, https:\/\/blogs.correiobraziliense.com.br\/aricunha\/wp-content\/uploads\/sites\/13\/2019\/11\/WhatsApp-Image-2019-11-07-at-18.58.30-1-768x670.jpeg 768w, https:\/\/blogs.correiobraziliense.com.br\/aricunha\/wp-content\/uploads\/sites\/13\/2019\/11\/WhatsApp-Image-2019-11-07-at-18.58.30-1-1024x894.jpeg 1024w, https:\/\/blogs.correiobraziliense.com.br\/aricunha\/wp-content\/uploads\/sites\/13\/2019\/11\/WhatsApp-Image-2019-11-07-at-18.58.30-1-350x305.jpeg 350w, https:\/\/blogs.correiobraziliense.com.br\/aricunha\/wp-content\/uploads\/sites\/13\/2019\/11\/WhatsApp-Image-2019-11-07-at-18.58.30-1-550x480.jpeg 550w, https:\/\/blogs.correiobraziliense.com.br\/aricunha\/wp-content\/uploads\/sites\/13\/2019\/11\/WhatsApp-Image-2019-11-07-at-18.58.30-1-230x201.jpeg 230w\" sizes=\"auto, (max-width: 549px) 100vw, 549px\" \/><\/p>\n<p>&nbsp;<\/p>\n<p>&nbsp;<\/p>\n<p><strong>W3<\/strong><\/p>\n<p>Em frente \u00e0 Pioneira da Borracha, na W3 Sul, as cal\u00e7adas foram refeitas. Imaginem a teoria das janelas quebradas naquela \u00e1rea. Se tudo fosse limpo, conservado, favorecesse a mobilidade, iluminado, com seguran\u00e7a, certamente voltaria a ser um dos principais pontos tur\u00edsticos da cidade.<\/p>\n<figure id=\"attachment_15263\" aria-describedby=\"caption-attachment-15263\" style=\"width: 551px\" class=\"wp-caption aligncenter\"><img loading=\"lazy\" decoding=\"async\" class=\" wp-image-15263\" src=\"https:\/\/blogs.correiobraziliense.com.br\/aricunha\/wp-content\/uploads\/sites\/13\/2019\/11\/Capturar.jpg\" alt=\"\" width=\"551\" height=\"582\" srcset=\"https:\/\/blogs.correiobraziliense.com.br\/aricunha\/wp-content\/uploads\/sites\/13\/2019\/11\/Capturar.jpg 552w, https:\/\/blogs.correiobraziliense.com.br\/aricunha\/wp-content\/uploads\/sites\/13\/2019\/11\/Capturar-284x300.jpg 284w, https:\/\/blogs.correiobraziliense.com.br\/aricunha\/wp-content\/uploads\/sites\/13\/2019\/11\/Capturar-331x350.jpg 331w, https:\/\/blogs.correiobraziliense.com.br\/aricunha\/wp-content\/uploads\/sites\/13\/2019\/11\/Capturar-550x581.jpg 550w, https:\/\/blogs.correiobraziliense.com.br\/aricunha\/wp-content\/uploads\/sites\/13\/2019\/11\/Capturar-230x243.jpg 230w\" sizes=\"auto, (max-width: 551px) 100vw, 551px\" \/><figcaption id=\"caption-attachment-15263\" class=\"wp-caption-text\">Banner: agenciabrasilia.df.gov<\/figcaption><\/figure>\n<p>&nbsp;<\/p>\n<p>&nbsp;<\/p>\n<p><strong>HIST\u00d3RIA DE BRAS\u00cdLIA<\/strong><\/p>\n<p>A mudan\u00e7a da Capital continua no mesmo \u201cchove-n\u00e3o-molha\u201d. Ningu\u00e9m mais interessado do\u00a0\u00a0 que\u00a0\u00a0 o\u00a0\u00a0 dr.\u00a0\u00a0 Felinto\u00a0\u00a0 no\u00a0\u00a0 caso.\u00a0\u00a0 Pois\u00a0\u00a0 ent\u00e3o, doutor\u00a0\u00a0 Felinto, tome\u00a0\u00a0 os\u00a0\u00a0 apartamentos\u00a0\u00a0 n\u00e3o ocupados\u00a0\u00a0 pelas\u00a0\u00a0 reparti\u00e7\u00f5es, pegue\u00a0\u00a0 os\u00a0\u00a0 novos, e\u00a0\u00a0 d\u00ea\u00a0\u00a0 todos\u00a0\u00a0 ao\u00a0\u00a0 minist\u00e9rio\u00a0\u00a0 da Fazenda. <strong>(Publicado em 06\/12\/1961)<\/strong><\/p>\n","protected":false},"excerpt":{"rendered":"<p>VISTO, LIDO E OUVIDO, criada por Ari Cunha (In memoriam) Desde 1960, com Circe Cunha e Mamfil jornalistacircecunha@gmail.com Facebook.com\/vistolidoeouvido Instagram.com\/vistolidoeouvido &nbsp; &nbsp; Diversas pesquisas realizadas nas \u00faltimas semanas pela FSB, Datafolha e outras fontes mostram de forma clara que a maioria da popula\u00e7\u00e3o brasileira apoia a pris\u00e3o de condenados ap\u00f3s julgamento em segunda inst\u00e2ncia. Mesmo em pesquisas informais, realizadas de [&hellip;]<\/p>\n","protected":false},"author":34,"featured_media":15259,"comment_status":"open","ping_status":"open","sticky":false,"template":"","format":"standard","meta":{"footnotes":""},"categories":[23],"tags":[454,114,1909,946,261,1853,68,2,69,16,65],"class_list":["post-15258","post","type-post","status-publish","format-standard","has-post-thumbnail","hentry","category-integra","tag-corrupcaonobrasil","tag-historiadebrasilia","tag-ministrotoffoli","tag-operacaolavajato","tag-politicanobrasil","tag-prisaoem2ainstancia","tag-aricunha","tag-brasilia","tag-circecunha","tag-mamfil","tag-stf"],"_links":{"self":[{"href":"https:\/\/blogs.correiobraziliense.com.br\/aricunha\/wp-json\/wp\/v2\/posts\/15258","targetHints":{"allow":["GET"]}}],"collection":[{"href":"https:\/\/blogs.correiobraziliense.com.br\/aricunha\/wp-json\/wp\/v2\/posts"}],"about":[{"href":"https:\/\/blogs.correiobraziliense.com.br\/aricunha\/wp-json\/wp\/v2\/types\/post"}],"author":[{"embeddable":true,"href":"https:\/\/blogs.correiobraziliense.com.br\/aricunha\/wp-json\/wp\/v2\/users\/34"}],"replies":[{"embeddable":true,"href":"https:\/\/blogs.correiobraziliense.com.br\/aricunha\/wp-json\/wp\/v2\/comments?post=15258"}],"version-history":[{"count":5,"href":"https:\/\/blogs.correiobraziliense.com.br\/aricunha\/wp-json\/wp\/v2\/posts\/15258\/revisions"}],"predecessor-version":[{"id":15268,"href":"https:\/\/blogs.correiobraziliense.com.br\/aricunha\/wp-json\/wp\/v2\/posts\/15258\/revisions\/15268"}],"wp:featuredmedia":[{"embeddable":true,"href":"https:\/\/blogs.correiobraziliense.com.br\/aricunha\/wp-json\/wp\/v2\/media\/15259"}],"wp:attachment":[{"href":"https:\/\/blogs.correiobraziliense.com.br\/aricunha\/wp-json\/wp\/v2\/media?parent=15258"}],"wp:term":[{"taxonomy":"category","embeddable":true,"href":"https:\/\/blogs.correiobraziliense.com.br\/aricunha\/wp-json\/wp\/v2\/categories?post=15258"},{"taxonomy":"post_tag","embeddable":true,"href":"https:\/\/blogs.correiobraziliense.com.br\/aricunha\/wp-json\/wp\/v2\/tags?post=15258"}],"curies":[{"name":"wp","href":"https:\/\/api.w.org\/{rel}","templated":true}]}}