{"id":15247,"date":"2019-11-07T01:00:55","date_gmt":"2019-11-07T04:00:55","guid":{"rendered":"https:\/\/blogs.correiobraziliense.com.br\/aricunha\/?p=15247"},"modified":"2019-11-07T20:00:12","modified_gmt":"2019-11-07T23:00:12","slug":"leviata-na-mira-da-modernidade","status":"publish","type":"post","link":"https:\/\/blogs.correiobraziliense.com.br\/aricunha\/leviata-na-mira-da-modernidade\/","title":{"rendered":"Leviat\u00e3 na mira da modernidade"},"content":{"rendered":"<p>VISTO, LIDO E OUVIDO, criada por Ari Cunha (In memoriam)<\/p>\n<p>Desde 1960, com Circe Cunha e Mamfil<\/p>\n<p>jornalistacircecunha@gmail.com<\/p>\n<p>Facebook.com\/vistolidoeouvido<\/p>\n<p>Instagram.com\/vistolidoeouvido<\/p>\n<p>&nbsp;<\/p>\n<figure id=\"attachment_15248\" aria-describedby=\"caption-attachment-15248\" style=\"width: 661px\" class=\"wp-caption aligncenter\"><img loading=\"lazy\" decoding=\"async\" class=\" wp-image-15248\" src=\"https:\/\/blogs.correiobraziliense.com.br\/aricunha\/wp-content\/uploads\/sites\/13\/2019\/11\/fcpzzb_edit_abr_051120196332.jpg\" alt=\"\" width=\"661\" height=\"440\" srcset=\"https:\/\/blogs.correiobraziliense.com.br\/aricunha\/wp-content\/uploads\/sites\/13\/2019\/11\/fcpzzb_edit_abr_051120196332.jpg 1140w, https:\/\/blogs.correiobraziliense.com.br\/aricunha\/wp-content\/uploads\/sites\/13\/2019\/11\/fcpzzb_edit_abr_051120196332-300x200.jpg 300w, https:\/\/blogs.correiobraziliense.com.br\/aricunha\/wp-content\/uploads\/sites\/13\/2019\/11\/fcpzzb_edit_abr_051120196332-768x512.jpg 768w, https:\/\/blogs.correiobraziliense.com.br\/aricunha\/wp-content\/uploads\/sites\/13\/2019\/11\/fcpzzb_edit_abr_051120196332-1024x683.jpg 1024w, https:\/\/blogs.correiobraziliense.com.br\/aricunha\/wp-content\/uploads\/sites\/13\/2019\/11\/fcpzzb_edit_abr_051120196332-350x233.jpg 350w, https:\/\/blogs.correiobraziliense.com.br\/aricunha\/wp-content\/uploads\/sites\/13\/2019\/11\/fcpzzb_edit_abr_051120196332-550x367.jpg 550w, https:\/\/blogs.correiobraziliense.com.br\/aricunha\/wp-content\/uploads\/sites\/13\/2019\/11\/fcpzzb_edit_abr_051120196332-230x153.jpg 230w\" sizes=\"auto, (max-width: 661px) 100vw, 661px\" \/><figcaption id=\"caption-attachment-15248\" class=\"wp-caption-text\">Foto: Fabio Rodrigues Pozzebom\/Ag\u00eancia Brasil<\/figcaption><\/figure>\n<p>&nbsp;<\/p>\n<p>Talvez motivado por seu gigantismo geogr\u00e1fico, achou por bem, o Brasil, criar um Estado que fizesse par tanto ao seu colosso territorial diverso quanto a sua multiculturalidade, advinda de tr\u00eas continentes e que aqui compuseram a nova ra\u00e7a, sui generis e mesti\u00e7ada. Passada a fase embrion\u00e1ria da industrializa\u00e7\u00e3o do p\u00f3s-guerra, atendidos os requisitos necess\u00e1rios para o desenvolvimento, todos os governos que vieram na sequ\u00eancia, com ou sem democracia, acreditaram ser o estatismo o \u00fanico meio seguro para o pa\u00eds encontrar o caminho do progresso.<\/p>\n<p>Depois de alguns acertos e muitos erros, ao final de um processo de estatismo que se estendeu at\u00e9 as portas do s\u00e9culo XXI, o que restou desse modelo foi a constru\u00e7\u00e3o de um Ciclope que passou a se alimentar diretamente do sangue dos cidad\u00e3os, transformados todos em contribuintes ou, mais precisamente, doadores compuls\u00f3rios de sangue.<\/p>\n<p>A cria\u00e7\u00e3o de um Estado dessa envergadura e complexidade obviamente que passaria a exigir mais e mais energia de todos, at\u00e9 a um ponto de autodestrui\u00e7\u00e3o do modelo. \u00c9 certo que seguindo numa sequ\u00eancia insensata como essa, em que, \u00e0 medida em que o Estado cresce, declina, num mesmo ritmo, o \u00edndice de desenvolvimento humano da popula\u00e7\u00e3o, chegaria um momento em que um ponto de inflex\u00e3o, ou de uma virada abrupta, se faria necess\u00e1rio, sob pena de toda uma na\u00e7\u00e3o ser engolida pelo gigante.<\/p>\n<p>O que se tem nesse momento \u00e9 precisamente esse fim de um ciclo de irracionalidades em que o Estado gasta absolutamente tudo o que arrecada para se manter de p\u00e9, respirando. \u00c9 justamente essa retroalimenta\u00e7\u00e3o cont\u00ednua do Estado, que exaurindo todos os recursos do pa\u00eds e que torna o Brasil claramente ingovern\u00e1vel do ponto de vista de suas finan\u00e7as, que precisa ser detida com urg\u00eancia m\u00e1xima.<\/p>\n<p>\u00c9 preciso colocar esse nosso Leviat\u00e3 inzoneiro sob a mira da modernidade. \u00c9 sabido que um tal esfor\u00e7o que possa, ao menos, flexibilizar os gastos em educa\u00e7\u00e3o e sa\u00fade, descentralizando os recursos da Uni\u00e3o, al\u00e9m da extin\u00e7\u00e3o de todos os munic\u00edpios com menos de 5 mil habitantes, cuja a arrecada\u00e7\u00e3o seja menor que 10% da receita total, sofrer\u00e1, por parte do Congresso, enorme oposi\u00e7\u00e3o. Basta ver o que foi feito com a reforma da Previd\u00eancia e com o pacote de seguran\u00e7a que sequer foi apreciado.<\/p>\n<p>A resolu\u00e7\u00e3o das finan\u00e7as do Estado, alterando o modelo de gasto p\u00fablico e dando maior poder e recursos para estados e munic\u00edpios, como reza a Constitui\u00e7\u00e3o, \u00e9 o caminho correto para sanear o Tesouro Nacional. O ministro Paulo Guedes e sua equipe t\u00eam feito um esfor\u00e7o supra-humano para conduzir o pa\u00eds \u00e0 modernidade econ\u00f4mica e sabe das dificuldades que ter\u00e1 pela frente para ver aprovadas as tr\u00eas propostas de emenda \u00e0 Constitui\u00e7\u00e3o (PECs) ainda em tempo de salvar o pa\u00eds de mais um per\u00edodo de estagna\u00e7\u00e3o. J\u00e1 se sabe de antem\u00e3o que o novo modelo proposto para as reformas no funcionalismo p\u00fablico \u00e9 a que ir\u00e1 causar os mais intensos debates dentro do parlamento, em raz\u00e3o de ser tamb\u00e9m uma das mais necess\u00e1rias e urgentes para organizar a t\u00e3o temida e onerosa m\u00e1quina p\u00fablica.<\/p>\n<p>O Centr\u00e3o e o que restou da esquerda j\u00e1 est\u00e3o em campo bombardeando as propostas, o que \u00e9 um sinal claro de que o governo est\u00e1 no caminho certo.<\/p>\n<p>&nbsp;<\/p>\n<p>&nbsp;<\/p>\n<p>&nbsp;<\/p>\n<p><strong>A frase que foi pronunciada:<\/strong><\/p>\n<p><em>\u201c &#8230; a arte do homem&#8230; pode fazer um animal artificial&#8230;Mais ainda, a arte pode imitar o homem, obra-prima racional da natureza. Pois \u00e9 justamente uma obra de arte esse grande Leviat\u00e3 que se denomina coisa p\u00fablica ou Estado &#8230; o qual n\u00e3o \u00e9 mais do que um homem artificial, embora de estatura muito mais elevada e de for\u00e7a muito maior que a do homem natural, para cuja prote\u00e7\u00e3o e defesa foi imaginado. Nele, a soberania \u00e9 uma alma artificial,pois que d\u00e1 a vida e o movimento a todo corpo&#8230; A recompensa e o castigo&#8230; s\u00e3o os seus nervos. A opul\u00eancia e as riquezas de todos os particulares, a sua for\u00e7a. Salus populi, a salva\u00e7\u00e3o do povo, e a sua fun\u00e7\u00e3o&#8230; a equidade e as leis s\u00e3o para ele raz\u00e3o e vontade artificiais. A conc\u00f3rdia \u00e9 a sua sa\u00fade, a sedi\u00e7\u00e3o sua doen\u00e7a, e a guerra civil sua morte. Enfim, os pactos e os contratos que, na origem, presidiram a constitui\u00e7\u00e3o, agrega\u00e7\u00e3o e uni\u00e3o das partes desse corpo pol\u00edtico, assemelham-se ao Fiat ou fa\u00e7amos o homem, pronunciado por Deus na cria\u00e7\u00e3o.\u201d<\/em><\/p>\n<p>Thomas Hobbes, matem\u00e1tico, te\u00f3rico pol\u00edtico e fil\u00f3sofo ingl\u00eas, em O leviat\u00e3, 1651.<\/p>\n<figure id=\"attachment_15249\" aria-describedby=\"caption-attachment-15249\" style=\"width: 356px\" class=\"wp-caption aligncenter\"><img loading=\"lazy\" decoding=\"async\" class=\" wp-image-15249\" src=\"https:\/\/blogs.correiobraziliense.com.br\/aricunha\/wp-content\/uploads\/sites\/13\/2019\/11\/ol.jpg\" alt=\"\" width=\"356\" height=\"559\" srcset=\"https:\/\/blogs.correiobraziliense.com.br\/aricunha\/wp-content\/uploads\/sites\/13\/2019\/11\/ol.jpg 247w, https:\/\/blogs.correiobraziliense.com.br\/aricunha\/wp-content\/uploads\/sites\/13\/2019\/11\/ol-191x300.jpg 191w, https:\/\/blogs.correiobraziliense.com.br\/aricunha\/wp-content\/uploads\/sites\/13\/2019\/11\/ol-223x350.jpg 223w, https:\/\/blogs.correiobraziliense.com.br\/aricunha\/wp-content\/uploads\/sites\/13\/2019\/11\/ol-230x361.jpg 230w\" sizes=\"auto, (max-width: 356px) 100vw, 356px\" \/><figcaption id=\"caption-attachment-15249\" class=\"wp-caption-text\">Imagem: pinterest.com<\/figcaption><\/figure>\n<p>&nbsp;<\/p>\n<p>&nbsp;<\/p>\n<p><strong>M\u00e9rito<\/strong><\/p>\n<p>Chegou a hora de reconhecer que a equipe t\u00e9cnica do presidente \u00e9 espetacular. Tanto a da linha de frente quanto os de outros escal\u00f5es. Ficam na retaguarda, trabalhando pelo Brasil, sem parar.<\/p>\n<figure id=\"attachment_15250\" aria-describedby=\"caption-attachment-15250\" style=\"width: 546px\" class=\"wp-caption aligncenter\"><img loading=\"lazy\" decoding=\"async\" class=\" wp-image-15250\" src=\"https:\/\/blogs.correiobraziliense.com.br\/aricunha\/wp-content\/uploads\/sites\/13\/2019\/11\/equipe.jpg\" alt=\"\" width=\"546\" height=\"364\" srcset=\"https:\/\/blogs.correiobraziliense.com.br\/aricunha\/wp-content\/uploads\/sites\/13\/2019\/11\/equipe.jpg 598w, https:\/\/blogs.correiobraziliense.com.br\/aricunha\/wp-content\/uploads\/sites\/13\/2019\/11\/equipe-300x200.jpg 300w, https:\/\/blogs.correiobraziliense.com.br\/aricunha\/wp-content\/uploads\/sites\/13\/2019\/11\/equipe-350x234.jpg 350w, https:\/\/blogs.correiobraziliense.com.br\/aricunha\/wp-content\/uploads\/sites\/13\/2019\/11\/equipe-550x367.jpg 550w, https:\/\/blogs.correiobraziliense.com.br\/aricunha\/wp-content\/uploads\/sites\/13\/2019\/11\/equipe-230x153.jpg 230w\" sizes=\"auto, (max-width: 546px) 100vw, 546px\" \/><figcaption id=\"caption-attachment-15250\" class=\"wp-caption-text\">Foto: perfil oficial do presidente Bolsonaro no Instagram<\/figcaption><\/figure>\n<p>&nbsp;<\/p>\n<p>&nbsp;<\/p>\n<p><strong>Novidade<\/strong><\/p>\n<p>O ministro Marcos Pontes &#8211; da Ci\u00eancia, Tecnologia, Inova\u00e7\u00f5es e Comunica\u00e7\u00f5es &#8211; anunciou a cria\u00e7\u00e3o de 8 laborat\u00f3rios de intelig\u00eancia artificial no Brasil que v\u00e3o desenvolver cidades, ind\u00fastrias, agro [rural], sa\u00fade. A not\u00edcia foi dada pelo perfil oficial do presidente Bolsonaro no Instagram.<\/p>\n<figure id=\"attachment_15251\" aria-describedby=\"caption-attachment-15251\" style=\"width: 549px\" class=\"wp-caption aligncenter\"><img loading=\"lazy\" decoding=\"async\" class=\" wp-image-15251\" src=\"https:\/\/blogs.correiobraziliense.com.br\/aricunha\/wp-content\/uploads\/sites\/13\/2019\/11\/mcti.jpg\" alt=\"\" width=\"549\" height=\"309\" srcset=\"https:\/\/blogs.correiobraziliense.com.br\/aricunha\/wp-content\/uploads\/sites\/13\/2019\/11\/mcti.jpg 598w, https:\/\/blogs.correiobraziliense.com.br\/aricunha\/wp-content\/uploads\/sites\/13\/2019\/11\/mcti-300x169.jpg 300w, https:\/\/blogs.correiobraziliense.com.br\/aricunha\/wp-content\/uploads\/sites\/13\/2019\/11\/mcti-350x197.jpg 350w, https:\/\/blogs.correiobraziliense.com.br\/aricunha\/wp-content\/uploads\/sites\/13\/2019\/11\/mcti-550x310.jpg 550w, https:\/\/blogs.correiobraziliense.com.br\/aricunha\/wp-content\/uploads\/sites\/13\/2019\/11\/mcti-230x130.jpg 230w\" sizes=\"auto, (max-width: 549px) 100vw, 549px\" \/><figcaption id=\"caption-attachment-15251\" class=\"wp-caption-text\">Imagem: perfil oficial do presidente Bolsonaro no Instagram<\/figcaption><\/figure>\n<p>&nbsp;<\/p>\n<p>&nbsp;<\/p>\n<p><strong>Gest\u00e3o<\/strong><\/p>\n<p>Nascida em parceria com o Conselho Federal de Administra\u00e7\u00e3o, a r\u00e1dio ADM lan\u00e7a o primeiro podcast sobre os cinco principais desafios da gest\u00e3o de pessoas no setor p\u00fablico. Com Thiago Bergman, professor da Escola Nacional de Administra\u00e7\u00e3o P\u00fablica e analista do TSE. Acesse pelo link <a href=\"https:\/\/open.spotify.com\/show\/3P5VRazdNuxTdKARgSodIp?nd=1\">Os 5 Principais Desafios da Gest\u00e3o de Pessoas<\/a>.<\/p>\n<p><img loading=\"lazy\" decoding=\"async\" class=\" wp-image-15252 aligncenter\" src=\"https:\/\/blogs.correiobraziliense.com.br\/aricunha\/wp-content\/uploads\/sites\/13\/2019\/11\/adm.jpg\" alt=\"\" width=\"341\" height=\"340\" srcset=\"https:\/\/blogs.correiobraziliense.com.br\/aricunha\/wp-content\/uploads\/sites\/13\/2019\/11\/adm.jpg 248w, https:\/\/blogs.correiobraziliense.com.br\/aricunha\/wp-content\/uploads\/sites\/13\/2019\/11\/adm-150x150.jpg 150w, https:\/\/blogs.correiobraziliense.com.br\/aricunha\/wp-content\/uploads\/sites\/13\/2019\/11\/adm-230x229.jpg 230w\" sizes=\"auto, (max-width: 341px) 100vw, 341px\" \/><\/p>\n<p>&nbsp;<\/p>\n<p><strong>Hist\u00f3ria de Bras\u00edlia<\/strong><br \/>\n<em>\u00bb A arboriza\u00e7\u00e3o da cidade est\u00e1 sendo prejudicada pelos \u201cpaisagistas dom\u00e9sticos\u201d. Das \u00e1rvores plantadas, mais de cinq\u00fcenta j\u00e1 foram roubadas. Exemplo de mau gosto, foi o do ladr\u00e3o que retirou um flamboyant do jardim da Sorveteria Americana.\u00a0<\/em>(Publicado em 6\/12\/1961)<\/p>\n","protected":false},"excerpt":{"rendered":"<p>VISTO, LIDO E OUVIDO, criada por Ari Cunha (In memoriam) Desde 1960, com Circe Cunha e Mamfil jornalistacircecunha@gmail.com Facebook.com\/vistolidoeouvido Instagram.com\/vistolidoeouvido &nbsp; &nbsp; Talvez motivado por seu gigantismo geogr\u00e1fico, achou por bem, o Brasil, criar um Estado que fizesse par tanto ao seu colosso territorial diverso quanto a sua multiculturalidade, advinda de tr\u00eas continentes e que aqui compuseram a nova ra\u00e7a, [&hellip;]<\/p>\n","protected":false},"author":34,"featured_media":15248,"comment_status":"open","ping_status":"open","sticky":false,"template":"","format":"standard","meta":{"footnotes":""},"categories":[23],"tags":[1307,1085,1235,114,1907,1432,1433,1905,1906,68,2,69,16],"class_list":["post-15247","post","type-post","status-publish","format-standard","has-post-thumbnail","hentry","category-integra","tag-congressonacional","tag-direitanobrasil","tag-governobolsonaro","tag-historiadebrasilia","tag-liberdadeeconomica","tag-ministeriodaeconomia","tag-ministropauloguedes","tag-oleviata","tag-reformaeconomica","tag-aricunha","tag-brasilia","tag-circecunha","tag-mamfil"],"_links":{"self":[{"href":"https:\/\/blogs.correiobraziliense.com.br\/aricunha\/wp-json\/wp\/v2\/posts\/15247","targetHints":{"allow":["GET"]}}],"collection":[{"href":"https:\/\/blogs.correiobraziliense.com.br\/aricunha\/wp-json\/wp\/v2\/posts"}],"about":[{"href":"https:\/\/blogs.correiobraziliense.com.br\/aricunha\/wp-json\/wp\/v2\/types\/post"}],"author":[{"embeddable":true,"href":"https:\/\/blogs.correiobraziliense.com.br\/aricunha\/wp-json\/wp\/v2\/users\/34"}],"replies":[{"embeddable":true,"href":"https:\/\/blogs.correiobraziliense.com.br\/aricunha\/wp-json\/wp\/v2\/comments?post=15247"}],"version-history":[{"count":4,"href":"https:\/\/blogs.correiobraziliense.com.br\/aricunha\/wp-json\/wp\/v2\/posts\/15247\/revisions"}],"predecessor-version":[{"id":15257,"href":"https:\/\/blogs.correiobraziliense.com.br\/aricunha\/wp-json\/wp\/v2\/posts\/15247\/revisions\/15257"}],"wp:featuredmedia":[{"embeddable":true,"href":"https:\/\/blogs.correiobraziliense.com.br\/aricunha\/wp-json\/wp\/v2\/media\/15248"}],"wp:attachment":[{"href":"https:\/\/blogs.correiobraziliense.com.br\/aricunha\/wp-json\/wp\/v2\/media?parent=15247"}],"wp:term":[{"taxonomy":"category","embeddable":true,"href":"https:\/\/blogs.correiobraziliense.com.br\/aricunha\/wp-json\/wp\/v2\/categories?post=15247"},{"taxonomy":"post_tag","embeddable":true,"href":"https:\/\/blogs.correiobraziliense.com.br\/aricunha\/wp-json\/wp\/v2\/tags?post=15247"}],"curies":[{"name":"wp","href":"https:\/\/api.w.org\/{rel}","templated":true}]}}