{"id":15240,"date":"2019-11-06T01:00:35","date_gmt":"2019-11-06T04:00:35","guid":{"rendered":"https:\/\/blogs.correiobraziliense.com.br\/aricunha\/?p=15240"},"modified":"2019-11-06T18:22:26","modified_gmt":"2019-11-06T21:22:26","slug":"os-pobres-homens-das-terras-ricas","status":"publish","type":"post","link":"https:\/\/blogs.correiobraziliense.com.br\/aricunha\/os-pobres-homens-das-terras-ricas\/","title":{"rendered":"Os pobres homens das terras ricas"},"content":{"rendered":"<p>VISTO, LIDO E OUVIDO, criada por Ari Cunha (In memoriam)<\/p>\n<p>Desde 1960, com Circe Cunha e Mamfil<\/p>\n<p>jornalistacircecunha@gmail.com<\/p>\n<p>Facebook.com\/vistolidoeouvido<\/p>\n<p>Instagram.com\/vistolidoeouvido<\/p>\n<p>&nbsp;<\/p>\n<figure id=\"attachment_15241\" aria-describedby=\"caption-attachment-15241\" style=\"width: 718px\" class=\"wp-caption aligncenter\"><img loading=\"lazy\" decoding=\"async\" class=\" wp-image-15241\" src=\"https:\/\/blogs.correiobraziliense.com.br\/aricunha\/wp-content\/uploads\/sites\/13\/2019\/11\/o_1dotma2ap1tba8jdtp21fhk1fnsa.jpg\" alt=\"\" width=\"718\" height=\"404\" srcset=\"https:\/\/blogs.correiobraziliense.com.br\/aricunha\/wp-content\/uploads\/sites\/13\/2019\/11\/o_1dotma2ap1tba8jdtp21fhk1fnsa.jpg 940w, https:\/\/blogs.correiobraziliense.com.br\/aricunha\/wp-content\/uploads\/sites\/13\/2019\/11\/o_1dotma2ap1tba8jdtp21fhk1fnsa-300x169.jpg 300w, https:\/\/blogs.correiobraziliense.com.br\/aricunha\/wp-content\/uploads\/sites\/13\/2019\/11\/o_1dotma2ap1tba8jdtp21fhk1fnsa-768x432.jpg 768w, https:\/\/blogs.correiobraziliense.com.br\/aricunha\/wp-content\/uploads\/sites\/13\/2019\/11\/o_1dotma2ap1tba8jdtp21fhk1fnsa-350x197.jpg 350w, https:\/\/blogs.correiobraziliense.com.br\/aricunha\/wp-content\/uploads\/sites\/13\/2019\/11\/o_1dotma2ap1tba8jdtp21fhk1fnsa-550x310.jpg 550w, https:\/\/blogs.correiobraziliense.com.br\/aricunha\/wp-content\/uploads\/sites\/13\/2019\/11\/o_1dotma2ap1tba8jdtp21fhk1fnsa-230x129.jpg 230w\" sizes=\"auto, (max-width: 718px) 100vw, 718px\" \/><figcaption id=\"caption-attachment-15241\" class=\"wp-caption-text\">Foto: jornalrondoniavip.com<\/figcaption><\/figure>\n<p>&nbsp;<\/p>\n<p>De acordo com um dos \u00faltimos dados do \u00cdndice de Desenvolvimento Humano Municipal (IDH-M), elaborado pelo Instituto de Pesquisa Econ\u00f4mica Aplicada (Ipea), os estados da regi\u00e3o amaz\u00f4nica, possuem, conjuntamente, os mais baixos n\u00edveis de qualidade de vida de todo o pa\u00eds. A quest\u00e3o \u00e9 curiosa j\u00e1 que se trata de uma regi\u00e3o onde est\u00e3o concentradas as maiores fontes de recursos naturais de todo o Brasil. Recursos abundantes como \u00e1gua, min\u00e9rios diversos, madeira, produtos extrativos, ouro, ni\u00f3bio, terras raras e diversos outros bens naturais de grande valor comercial em nada t\u00eam contribu\u00eddo para fazer, das popula\u00e7\u00f5es locais, cidad\u00e3os com uma razo\u00e1vel qualidade de vida. Pelo contr\u00e1rio: quanto mais essas regi\u00f5es s\u00e3o exploradas e exauridas de seus bens, mais a popula\u00e7\u00e3o se v\u00ea na condi\u00e7\u00e3o de pobreza e de esquecimento.<\/p>\n<p>O imbr\u00f3glio central que pode explicar, em parte, essa contradi\u00e7\u00e3o na qual brasileiros em situa\u00e7\u00e3o de mis\u00e9ria caminham sobre as maiores riquezas naturais do pa\u00eds, pode ser entendida muito al\u00e9m do chamado determinismo geogr\u00e1fico, que coloca popula\u00e7\u00f5es em regi\u00f5es distantes do poder central, \u00e0s margens do desenvolvimento. \u00c9 fato que por s\u00e9culos a regi\u00e3o amaz\u00f4nica vem sendo deixada de lado por todos os governos, n\u00e3o apenas da esfera federal, mas inclusive pela maioria dos pr\u00f3prios governos locais.<\/p>\n<p>O subdesenvolvimento cr\u00f4nico desse conjunto de estados do Norte \u00e9 testemunha clara dessa inc\u00faria secular e dep\u00f5e contra a maioria dos governos e das autoridades respons\u00e1veis por essas unidades da federa\u00e7\u00e3o. Depois da transamaz\u00f4nica e da cria\u00e7\u00e3o da Zona Franca de Manaus, dois importantes avan\u00e7os na infraestrutura da regi\u00e3o, ainda em meados do s\u00e9culo passado, muito pouco tem sido feito de forma efetiva para elevar o \u00cdndice de Desenvolvimento Humano das popula\u00e7\u00f5es locais.<\/p>\n<p>Para se ter uma pequena ideia, em Breves, na regi\u00e3o do Par\u00e1, colocada como a capital da Ilha de Maraj\u00f3, com 92 mil habitantes, 38% das crian\u00e7as com idade de at\u00e9 cinco anos sofrem de desnutri\u00e7\u00e3o cr\u00f4nica. Esse percentual, segundo o Sistema de Vigil\u00e2ncia Alimentar e Nutricional (Sisvan) est\u00e1 acima do \u00edndice nacional que \u00e9 de 13%.<\/p>\n<p>No estado do Par\u00e1, nada menos do que 85% das resid\u00eancias n\u00e3o possuem rede de esgoto. Essa defici\u00eancia tem contribu\u00eddo para a mortalidade infantil na regi\u00e3o. Apenas como ilustra\u00e7\u00e3o, em 2016, 2.157 crian\u00e7as vieram a \u00f3bito antes de completar um ano. Muitas fam\u00edlias nessas regi\u00f5es t\u00eam vivido abaixo da linha de pobreza. Muitas contam com a ajuda de programas como o Bolsa Fam\u00edlia para n\u00e3o passar fome.<\/p>\n<p>Segundo o Fundo das Na\u00e7\u00f5es Unidas para a Inf\u00e2ncia (Unicef), a regi\u00e3o amaz\u00f4nica, onde vive cerca de 9 milh\u00f5es de crian\u00e7as, \u00e9 um dos piores lugares de todo o continente para a inf\u00e2ncia. Mato Grosso, Tocantins, Maranh\u00e3o, Roraima, Rond\u00f4nia, Amazonas, Par\u00e1, Amap\u00e1 e Acre, estados que formam a grande Amaz\u00f4nia Legal, possuem praticamente os mesmos \u00edndices de desenvolvimento humano, carecendo de moradias, sistema de educa\u00e7\u00e3o e sa\u00fade regular, saneamento, atendimento adequado aos direitos das crian\u00e7as. Nessas regi\u00f5es, a exist\u00eancia do trabalho infantil \u00e9 uma constante em grande parte dos munic\u00edpios. Esses brasileiros do Norte, deixados \u00e0 pr\u00f3pria sorte por s\u00e9culos, sabem que agora o mundo todo est\u00e1 de olho da Amaz\u00f4nia, n\u00e3o exatamente em sua popula\u00e7\u00e3o, que continua explorada por nacionais e estrangeiros, mas em suas riquezas.<\/p>\n<p>&nbsp;<\/p>\n<p>&nbsp;<\/p>\n<p>&nbsp;<\/p>\n<p><strong>A frase que n\u00e3o foi pronunciada:<\/strong><\/p>\n<p><em>\u201cConsumo, logo existo.\u201d<\/em><\/p>\n<p>Diria o fil\u00f3sofo Ren\u00e9 Descartes, se vivesse em nosso tempo.<\/p>\n<figure id=\"attachment_15243\" aria-describedby=\"caption-attachment-15243\" style=\"width: 382px\" class=\"wp-caption aligncenter\"><img loading=\"lazy\" decoding=\"async\" class=\"size-full wp-image-15243\" src=\"https:\/\/blogs.correiobraziliense.com.br\/aricunha\/wp-content\/uploads\/sites\/13\/2019\/11\/consumismo.jpg\" alt=\"\" width=\"382\" height=\"509\" srcset=\"https:\/\/blogs.correiobraziliense.com.br\/aricunha\/wp-content\/uploads\/sites\/13\/2019\/11\/consumismo.jpg 382w, https:\/\/blogs.correiobraziliense.com.br\/aricunha\/wp-content\/uploads\/sites\/13\/2019\/11\/consumismo-225x300.jpg 225w, https:\/\/blogs.correiobraziliense.com.br\/aricunha\/wp-content\/uploads\/sites\/13\/2019\/11\/consumismo-263x350.jpg 263w, https:\/\/blogs.correiobraziliense.com.br\/aricunha\/wp-content\/uploads\/sites\/13\/2019\/11\/consumismo-230x306.jpg 230w\" sizes=\"auto, (max-width: 382px) 100vw, 382px\" \/><figcaption id=\"caption-attachment-15243\" class=\"wp-caption-text\">Charge do Cl\u00e1udio Aleixo<\/figcaption><\/figure>\n<p>&nbsp;<\/p>\n<p>&nbsp;<\/p>\n<p><strong>A\u00e7\u00e3o<\/strong><\/p>\n<p>Um dos pontos da proposta entregue pelo presidente Bolsonaro ao Congresso foi a incorpora\u00e7\u00e3o, pelo munic\u00edpio vizinho, do munic\u00edpio com menos de 5.000 habitantes. Outra iniciativa \u00e9 restringir a cria\u00e7\u00e3o de novas cidades. Se for aceita pelos parlamentares, pode equilibrar a situa\u00e7\u00e3o das contas no setor p\u00fablico.<\/p>\n<p><iframe loading=\"lazy\" title=\"Bolsonaro entrega ao Congresso proposta da equipe econ\u00f4mica - 05\/11\/2019\" width=\"1440\" height=\"810\" src=\"https:\/\/www.youtube.com\/embed\/lxtSIa8AHdE?feature=oembed\" frameborder=\"0\" allow=\"accelerometer; autoplay; clipboard-write; encrypted-media; gyroscope; picture-in-picture; web-share\" referrerpolicy=\"strict-origin-when-cross-origin\" allowfullscreen><\/iframe><\/p>\n<p>&nbsp;<\/p>\n<p>&nbsp;<\/p>\n<p><strong>Eu vi<\/strong><\/p>\n<p>Um dia atr\u00e1s do outro. No \u00faltimo dia de outubro, um motoqueiro que responde por aplicativos de comida corria pela L4, antes de entrar na ponte JK. Nem deu tempo de os motoristas se recuperarem do susto pela velocidade do rapaz. Poucos metros depois de entrar na ponte JK, foi acidentado.<\/p>\n<figure id=\"attachment_15244\" aria-describedby=\"caption-attachment-15244\" style=\"width: 545px\" class=\"wp-caption aligncenter\"><img loading=\"lazy\" decoding=\"async\" class=\" wp-image-15244\" src=\"https:\/\/blogs.correiobraziliense.com.br\/aricunha\/wp-content\/uploads\/sites\/13\/2019\/11\/20191104225947214751i.jpg\" alt=\"\" width=\"545\" height=\"361\" srcset=\"https:\/\/blogs.correiobraziliense.com.br\/aricunha\/wp-content\/uploads\/sites\/13\/2019\/11\/20191104225947214751i.jpg 820w, https:\/\/blogs.correiobraziliense.com.br\/aricunha\/wp-content\/uploads\/sites\/13\/2019\/11\/20191104225947214751i-300x199.jpg 300w, https:\/\/blogs.correiobraziliense.com.br\/aricunha\/wp-content\/uploads\/sites\/13\/2019\/11\/20191104225947214751i-768x510.jpg 768w, https:\/\/blogs.correiobraziliense.com.br\/aricunha\/wp-content\/uploads\/sites\/13\/2019\/11\/20191104225947214751i-350x232.jpg 350w, https:\/\/blogs.correiobraziliense.com.br\/aricunha\/wp-content\/uploads\/sites\/13\/2019\/11\/20191104225947214751i-550x365.jpg 550w, https:\/\/blogs.correiobraziliense.com.br\/aricunha\/wp-content\/uploads\/sites\/13\/2019\/11\/20191104225947214751i-230x153.jpg 230w\" sizes=\"auto, (max-width: 545px) 100vw, 545px\" \/><figcaption id=\"caption-attachment-15244\" class=\"wp-caption-text\">Em 16 de janeiro, um motociclista de 36 anos morreu na Ponte JK: 63 v\u00edtimas de janeiro a setembro (Foto: Minervino Junior\/CB\/D.A Press)<\/figcaption><\/figure>\n<p>&nbsp;<\/p>\n<p>&nbsp;<\/p>\n<p><strong>No dia seguinte<\/strong><\/p>\n<p>A mesma coisa. Uma pressa descabida de outro motoqueiro que tamb\u00e9m levava alimento colocava a seguran\u00e7a e a pr\u00f3pria vida em segundo plano. Resultado: mal passou pelo Varj\u00e3o, espatifou-se no asfalto. Como n\u00e3o h\u00e1 freios impostos pelos donos dos estabelecimentos, acidentes desse tipo s\u00e3o rotina h\u00e1 um bom tempo.<\/p>\n<p>&nbsp;<\/p>\n<p>&nbsp;<\/p>\n<p><strong>HIST\u00d3RIA DE BRAS\u00cdLIA<\/strong><\/p>\n<p>Bras\u00edlia precisa do C\u00f3digo Tribut\u00e1rio, da Lei de Isen\u00e7\u00e3o de Imposto de Renda, das verbas do Or\u00e7amento da Rep\u00fablica, e a pessoa indicada para tratar do assunto \u00e9 o nosso senador. As conversas pol\u00edticas em torno da queda, ou n\u00e3o do Gabinete, que fiquem para os outros, que s\u00e3o muitos! <strong>(Publicado em 03\/12\/1961)<\/strong><\/p>\n","protected":false},"excerpt":{"rendered":"<p>VISTO, LIDO E OUVIDO, criada por Ari Cunha (In memoriam) Desde 1960, com Circe Cunha e Mamfil jornalistacircecunha@gmail.com Facebook.com\/vistolidoeouvido Instagram.com\/vistolidoeouvido &nbsp; &nbsp; De acordo com um dos \u00faltimos dados do \u00cdndice de Desenvolvimento Humano Municipal (IDH-M), elaborado pelo Instituto de Pesquisa Econ\u00f4mica Aplicada (Ipea), os estados da regi\u00e3o amaz\u00f4nica, possuem, conjuntamente, os mais baixos n\u00edveis de qualidade de vida de [&hellip;]<\/p>\n","protected":false},"author":34,"featured_media":15241,"comment_status":"open","ping_status":"open","sticky":false,"template":"","format":"standard","meta":{"footnotes":""},"categories":[23],"tags":[114,1902,1904,1903,68,2,69,16],"class_list":["post-15240","post","type-post","status-publish","format-standard","has-post-thumbnail","hentry","category-integra","tag-historiadebrasilia","tag-indicededesenvolvimentohumanomunicipalidh-m","tag-institutodepesquisaeconomicaaplicadaipea","tag-regiaoamazonica","tag-aricunha","tag-brasilia","tag-circecunha","tag-mamfil"],"_links":{"self":[{"href":"https:\/\/blogs.correiobraziliense.com.br\/aricunha\/wp-json\/wp\/v2\/posts\/15240","targetHints":{"allow":["GET"]}}],"collection":[{"href":"https:\/\/blogs.correiobraziliense.com.br\/aricunha\/wp-json\/wp\/v2\/posts"}],"about":[{"href":"https:\/\/blogs.correiobraziliense.com.br\/aricunha\/wp-json\/wp\/v2\/types\/post"}],"author":[{"embeddable":true,"href":"https:\/\/blogs.correiobraziliense.com.br\/aricunha\/wp-json\/wp\/v2\/users\/34"}],"replies":[{"embeddable":true,"href":"https:\/\/blogs.correiobraziliense.com.br\/aricunha\/wp-json\/wp\/v2\/comments?post=15240"}],"version-history":[{"count":3,"href":"https:\/\/blogs.correiobraziliense.com.br\/aricunha\/wp-json\/wp\/v2\/posts\/15240\/revisions"}],"predecessor-version":[{"id":15246,"href":"https:\/\/blogs.correiobraziliense.com.br\/aricunha\/wp-json\/wp\/v2\/posts\/15240\/revisions\/15246"}],"wp:featuredmedia":[{"embeddable":true,"href":"https:\/\/blogs.correiobraziliense.com.br\/aricunha\/wp-json\/wp\/v2\/media\/15241"}],"wp:attachment":[{"href":"https:\/\/blogs.correiobraziliense.com.br\/aricunha\/wp-json\/wp\/v2\/media?parent=15240"}],"wp:term":[{"taxonomy":"category","embeddable":true,"href":"https:\/\/blogs.correiobraziliense.com.br\/aricunha\/wp-json\/wp\/v2\/categories?post=15240"},{"taxonomy":"post_tag","embeddable":true,"href":"https:\/\/blogs.correiobraziliense.com.br\/aricunha\/wp-json\/wp\/v2\/tags?post=15240"}],"curies":[{"name":"wp","href":"https:\/\/api.w.org\/{rel}","templated":true}]}}