{"id":15215,"date":"2019-11-01T01:00:15","date_gmt":"2019-11-01T04:00:15","guid":{"rendered":"https:\/\/blogs.correiobraziliense.com.br\/aricunha\/?p=15215"},"modified":"2019-10-31T18:14:28","modified_gmt":"2019-10-31T21:14:28","slug":"atencao-familia-e-escolas-e-preciso-ensinar-o-respeito-ao-idoso","status":"publish","type":"post","link":"https:\/\/blogs.correiobraziliense.com.br\/aricunha\/atencao-familia-e-escolas-e-preciso-ensinar-o-respeito-ao-idoso\/","title":{"rendered":"Aten\u00e7\u00e3o fam\u00edlia e escolas: \u00e9 preciso ensinar o respeito ao idoso."},"content":{"rendered":"<p>VISTO, LIDO E OUVIDO, criada por Ari Cunha (In memoriam)<\/p>\n<p>Desde 1960, com Circe Cunha e Mamfil<\/p>\n<p>jornalistacircecunha@gmail.com<\/p>\n<p>Facebook.com\/vistolidoeouvido<\/p>\n<p>Instagram.com\/vistolidoeouvido<\/p>\n<p>&nbsp;<\/p>\n<figure id=\"attachment_15217\" aria-describedby=\"caption-attachment-15217\" style=\"width: 686px\" class=\"wp-caption aligncenter\"><img loading=\"lazy\" decoding=\"async\" class=\" wp-image-15217\" src=\"https:\/\/blogs.correiobraziliense.com.br\/aricunha\/wp-content\/uploads\/sites\/13\/2019\/11\/IMG-20190426-WA0100.jpg\" alt=\"\" width=\"686\" height=\"515\" srcset=\"https:\/\/blogs.correiobraziliense.com.br\/aricunha\/wp-content\/uploads\/sites\/13\/2019\/11\/IMG-20190426-WA0100.jpg 864w, https:\/\/blogs.correiobraziliense.com.br\/aricunha\/wp-content\/uploads\/sites\/13\/2019\/11\/IMG-20190426-WA0100-300x225.jpg 300w, https:\/\/blogs.correiobraziliense.com.br\/aricunha\/wp-content\/uploads\/sites\/13\/2019\/11\/IMG-20190426-WA0100-768x576.jpg 768w, https:\/\/blogs.correiobraziliense.com.br\/aricunha\/wp-content\/uploads\/sites\/13\/2019\/11\/IMG-20190426-WA0100-350x263.jpg 350w, https:\/\/blogs.correiobraziliense.com.br\/aricunha\/wp-content\/uploads\/sites\/13\/2019\/11\/IMG-20190426-WA0100-550x413.jpg 550w, https:\/\/blogs.correiobraziliense.com.br\/aricunha\/wp-content\/uploads\/sites\/13\/2019\/11\/IMG-20190426-WA0100-230x173.jpg 230w\" sizes=\"auto, (max-width: 686px) 100vw, 686px\" \/><figcaption id=\"caption-attachment-15217\" class=\"wp-caption-text\">Foto: santamonicace.com<\/figcaption><\/figure>\n<p>&nbsp;<\/p>\n<p>Chama a aten\u00e7\u00e3o dos pesquisadores o fato de que em todos os n\u00edveis de renda, de escolaridade dos idosos tem se mostrado comum os casos de viol\u00eancia contra esses indiv\u00edduos, com o agravante de que esses casos s\u00f3 t\u00eam crescido ao longo tempo. Considerado um projeto pioneiro nessa \u00e1rea a Central Judicial do Idoso (CJI) tem buscado acolher a pessoa idosa, em toda a sua complexidade, estimulando sua participa\u00e7\u00e3o na defesa de seus pr\u00f3prios interesses. De acordo com seus criadores a CJI trabalha subsidiando as autoridades do sistema judici\u00e1rio, orientando e prevenindo situa\u00e7\u00f5es de viol\u00eancia e viola\u00e7\u00e3o da pessoa idosa e promovendo a an\u00e1lise multidisciplinar das situa\u00e7\u00f5es de neglig\u00eancia, abandono, explora\u00e7\u00e3o ou outros tipos de viol\u00eancia, buscando solu\u00e7\u00f5es de consenso para conflitos e encaminhando a demanda aos \u00f3rg\u00e3os competentes. Para tanto, como ressaltam seus coordenadores a CJI tem investido no fortalecimento dessa rede de prote\u00e7\u00e3o social, atrav\u00e9s da interlocu\u00e7\u00e3o e integra\u00e7\u00e3o entre as diversas institui\u00e7\u00f5es p\u00fablicas.<\/p>\n<p>Para a Organiza\u00e7\u00e3o Mundial de Sa\u00fade (OMS) a viol\u00eancia contra a pessoa idosa \u00e9 caracterizada pelo \u201cuso intencional da for\u00e7a ou do poder real, podendo resultar em les\u00e3o, morte ou dano psicol\u00f3gico, defici\u00eancia de desenvolvimento ou priva\u00e7\u00e3o\u201d. O Estatuto do Idoso, institu\u00eddo em 2003, (Lei 10741\/03), define em seu Art. 19, par\u00e1grafo primeiro, a viol\u00eancia contra o idoso como qualquer a\u00e7\u00e3o ou omiss\u00e3o praticada em local p\u00fablico ou privado que lhe cause morte, dano ou sofrimento f\u00edsico ou psicol\u00f3gico. Segundo os dados do Disque 100 \u2013 M\u00f3dulo Idoso, fornecidos pela Secretaria de Direitos Humanos, o DF que sempre havia figurado nas primeiras posi\u00e7\u00f5es pelo n\u00famero de registros de den\u00fancias, apareceu em 2016 na d\u00e9cima posi\u00e7\u00e3o com 419,50 casos.<\/p>\n<p>Houve, segundo os especialistas, uma redu\u00e7\u00e3o entre os anos 2015 e 2016. Em 2013 foram 1.188 registros de den\u00fancias apenas no servi\u00e7o Disque 100, sendo 417 na CJI. Por regi\u00e3o administrativa Ceil\u00e2ndia aparece com 16,47% dos casos, seguido de Taguatinga com 10,92% e Bras\u00edlia com 10,35%. \u00e8 preciso notar que Ceil\u00e2ndia \u00e9 a cidade com maior n\u00famero de idosos (166.000) em rela\u00e7\u00e3o a popula\u00e7\u00e3o total que era em 2015\/16 de aproximadamente 980. 000 habitantes. Estudos comprovam que a viol\u00eancia contra os idosos n\u00e3o est\u00e1 relacionada diretamente a quest\u00f5es econ\u00f4micas ou a pobreza, mas a m\u00faltiplos outros fatores como a viol\u00eancia estrutural, a viol\u00eancia da discrimina\u00e7\u00e3o e a viol\u00eancia da neglig\u00eancia que negam aos mais pobres o aceso a servi\u00e7os de sa\u00fade e assist\u00eancia de qualidade.<\/p>\n<p>O fato \u00e9 que a pobreza na idade avan\u00e7ada tende a aumentar a depend\u00eancia produzida por condi\u00e7\u00f5es f\u00edsicas e psicol\u00f3gicas, como atesta Cec\u00edlia Minayo. Temos assim que a viol\u00eancia contra os idosos de baixa renda pode ser do tipo estrutural, interpessoal e institucional. O que explica, em parte, o aumento da viol\u00eancia contra os idosos \u00e9, segundo Ladya Maio em sua obra Desafios da Implementa\u00e7\u00e3o de Pol\u00edticas P\u00fablicas de Cuidados Intermedi\u00e1rios no Brasil, \u201cque a fam\u00edlia brasileira n\u00e3o tem mais condi\u00e7\u00f5es de ser a \u00fanica protagonista nem de exercer sozinha a tarefa pela complexidade dos cuidados demandados pelos idosos, seja pela falta de condi\u00e7\u00e3o financeira, seja pela aus\u00eancia de parentes que possam compartilhar esse mister, pela necessidade de trabalho externo, principalmente em raz\u00e3o da mudan\u00e7a do papel social exercido pelas mulheres, ou de problemas derivados da viol\u00eancia intrafamiliar.\u201d Trata-se de um problema de grandes propor\u00e7\u00f5es se formos avaliar as verdadeiras condi\u00e7\u00f5es oferecidas hoje pelo Estado \u00e0s popula\u00e7\u00f5es idosas e de baixa renda. A verdade \u00e9 que, diferentemente do que ocorre no Distrito Federal onde j\u00e1 existe uma superestrutura para, pelo menos avaliar esse problema previamente, o atendimento adequado aos idosos no Brasil ainda tem muito que progredir. A Central Judicial do Idoso j\u00e1 \u00e9 bom caminho.<\/p>\n<p>Em alguns endere\u00e7os da capital do pa\u00eds a presen\u00e7a constante de grupos de enfermeiras e cuidadoras transitando pelo local \u00e9 rotina. Trata-se de uma categoria que at\u00e9 poucos anos atr\u00e1s s\u00f3 se via em hospitais e casas de repouso, mas que, de uns tempos para c\u00e1 passaram a se tornar mais vis\u00edveis e constantes. De fato, j\u00e1 \u00e9 poss\u00edvel constatar que a velhice, chegou enfim para muitos candangos e pioneiros que por aqui desembarcaram na \u00e9poca da constru\u00e7\u00e3o de Bras\u00edlia. Alguns apartamentos foram transformados inclusive em mini hospitais com todo o aparato m\u00e9dico para conforto dessa turma. Nas \u00e1reas externas rampas de acesso e corrim\u00f5es j\u00e1 aparecem instalados estrategicamente em variados pontos, para facilitar a movimenta\u00e7\u00e3o e seguran\u00e7a desses moradores.<\/p>\n<p>Obviamente essa \u00e9 uma realidade para poucos, mas que j\u00e1 se instalou no cotidiano do Plano Piloto. Nas regi\u00f5es administrativas e nas \u00e1reas do entorno, a realidade n\u00e3o difere do restante do pa\u00eds e \u00e9 muito mais cruel. Com ou sem conforto, a realidade \u00e9 que o Distrito Federal caminha a passos largos para se, nos pr\u00f3ximos 16 anos, segundo a Codeplan, para se tornar uma cidade com as mesmas caracter\u00edsticas t\u00edpicas de pa\u00edses envelhecidos. Pelo Censo de 2010 existia na cidade aproximadamente 200 mil pessoas idosas ou quase 8% da popula\u00e7\u00e3o total daquela \u00e9poca. Em 2012, segundo a Pesquisa Nacional por Amostra de Domic\u00edlios (Pnad), esse n\u00famero j\u00e1 era de 326 mil idosos ou 12,8% da popula\u00e7\u00e3o. Neste contexto \u00e9 poss\u00edvel observar que o crescimento da popula\u00e7\u00e3o idosa tem sido mais do que o dobro (9,8%) do restante do pa\u00eds (4,8%). Por outro lado, se verifica tamb\u00e9m que o Distrito Federal apresenta ainda a maior expectativa de via de todo o pa\u00eds, algo em torno de 77, 57 anos de vida em m\u00e9dia, isso l\u00e1 em 2014. Para 2030 a previs\u00e3o do IBGE \u00e9 que se chegue a 80,92 anos para as mulheres e 77,30 para os homens. Dentro dos aspectos sociodemogr\u00e1ficos do envelhecimento no DF, preparado pelo Tribunal de Justi\u00e7a do Distrito Federal e Territ\u00f3rios (TJDFT) em conjunto com o Minist\u00e9rio P\u00fablico do Distrito Federal e Territ\u00f3rios MPDFT) e com a Defensoria P\u00fablica do Distrito Federal (DPDF), \u201cAs mulheres representam 57% da popula\u00e7\u00e3o idosa, chegando a 63% no grupo et\u00e1rio de 80 anos ou mais (IBGE, 2011), refor\u00e7ando o perfil mundial de feminiza\u00e7\u00e3o da velhice, que \u00e9 uma manifesta\u00e7\u00e3o do processo de transi\u00e7\u00e3o de g\u00eanero que acompanha o envelhecimento populacional em curso em todo o mundo.<\/p>\n<p>Estat\u00edsticas da Organiza\u00e7\u00e3o Mundial de Sa\u00fade (OMS) indicam que o n\u00famero de mulheres j\u00e1 supera o de homens em todo o mundo.\u201d Num futuro bem pr\u00f3ximo essa ser\u00e1 tamb\u00e9m a realidade do Brasil. No DF a faixa et\u00e1ria com maior quantidade de idosos (31,9%) se situa entre 60 a 64 anos. A Codeplan atesta ainda que a escolaridade de 60,4% desses idosos \u00e9 baixa. Apesar disso a renda dessa popula\u00e7\u00e3o idosa \u00e9 considerada alta, com mais de cinco sal\u00e1rios m\u00ednimos. Este fato explica, em parte porque muitos idosos ainda assumem o papel de chefes e provedores de fam\u00edlia. \u201ca ideologia da velhice como decad\u00eancia, doen\u00e7a ou problema, no caso brasileiro, est\u00e1 repleta de contradi\u00e7\u00f5es e n\u00e3o corresponde ao imenso e crescente espa\u00e7o ocupado pelas pessoas idosas na fam\u00edlia, na economia e em outras inst\u00e2ncias, ainda que isso n\u00e3o fique claro no reconhecimento que a sociedade lhes deve.<\/p>\n<p>&nbsp;<\/p>\n<p>&nbsp;<\/p>\n<p>&nbsp;<\/p>\n<p><strong>A frase que foi pronunciada:<\/strong><\/p>\n<p><em>&#8220;O homem n\u00e3o se justifica por sua simples presen\u00e7a no mundo. O homem s\u00f3 \u00e9 homem por sua recusa em permanecer passivo, pelo vigor com que se projeta do presente para o futuro e se orienta para as coisas, a fim de domin\u00e1-las e dar-lhes forma. Para o homem, existir \u00e9 refazer a exist\u00eancia. Viver \u00e9 a vontade de viver&#8221;.<\/em><\/p>\n<p>Simone de Beauvoir, escritora francesa<\/p>\n<figure id=\"attachment_15019\" aria-describedby=\"caption-attachment-15019\" style=\"width: 549px\" class=\"wp-caption aligncenter\"><img loading=\"lazy\" decoding=\"async\" class=\" wp-image-15019\" src=\"https:\/\/blogs.correiobraziliense.com.br\/aricunha\/wp-content\/uploads\/sites\/13\/2019\/09\/sb.jpg\" alt=\"\" width=\"549\" height=\"347\" srcset=\"https:\/\/blogs.correiobraziliense.com.br\/aricunha\/wp-content\/uploads\/sites\/13\/2019\/09\/sb.jpg 726w, https:\/\/blogs.correiobraziliense.com.br\/aricunha\/wp-content\/uploads\/sites\/13\/2019\/09\/sb-300x190.jpg 300w, https:\/\/blogs.correiobraziliense.com.br\/aricunha\/wp-content\/uploads\/sites\/13\/2019\/09\/sb-350x221.jpg 350w, https:\/\/blogs.correiobraziliense.com.br\/aricunha\/wp-content\/uploads\/sites\/13\/2019\/09\/sb-550x348.jpg 550w, https:\/\/blogs.correiobraziliense.com.br\/aricunha\/wp-content\/uploads\/sites\/13\/2019\/09\/sb-230x145.jpg 230w\" sizes=\"auto, (max-width: 549px) 100vw, 549px\" \/><figcaption id=\"caption-attachment-15019\" class=\"wp-caption-text\">Foto: Simone de Beauvoir em Paris em 1945. Denise Bellon (\u00c1lbum) \u2013 (brasil.elpais.com)<\/figcaption><\/figure>\n<p>&nbsp;<\/p>\n<p>&nbsp;<\/p>\n<p><strong>HIST\u00d3RIA DE BRAS\u00cdLIA<\/strong><\/p>\n<p>A volta do dr. J\u00e2nio Quadros est\u00e1 sendo anunciada para o carnaval. Nova m\u00e1scara, nova cantiga, e Deus salve o nosso povo. <strong>(Publicado em 03\/12\/1961)<\/strong><\/p>\n","protected":false},"excerpt":{"rendered":"<p>VISTO, LIDO E OUVIDO, criada por Ari Cunha (In memoriam) Desde 1960, com Circe Cunha e Mamfil jornalistacircecunha@gmail.com Facebook.com\/vistolidoeouvido Instagram.com\/vistolidoeouvido &nbsp; &nbsp; Chama a aten\u00e7\u00e3o dos pesquisadores o fato de que em todos os n\u00edveis de renda, de escolaridade dos idosos tem se mostrado comum os casos de viol\u00eancia contra esses indiv\u00edduos, com o agravante de que esses casos s\u00f3 [&hellip;]<\/p>\n","protected":false},"author":34,"featured_media":15217,"comment_status":"open","ping_status":"open","sticky":false,"template":"","format":"standard","meta":{"footnotes":""},"categories":[23],"tags":[1893,1892,114,824,1894,523,1891,813,68,2,69,16],"class_list":["post-15215","post","type-post","status-publish","format-standard","has-post-thumbnail","hentry","category-integra","tag-centraljudicialdoidoso","tag-codeplan","tag-historiadebrasilia","tag-idososnobrasil","tag-mpdft","tag-oms","tag-respeitoaoidoso","tag-tjdft","tag-aricunha","tag-brasilia","tag-circecunha","tag-mamfil"],"_links":{"self":[{"href":"https:\/\/blogs.correiobraziliense.com.br\/aricunha\/wp-json\/wp\/v2\/posts\/15215","targetHints":{"allow":["GET"]}}],"collection":[{"href":"https:\/\/blogs.correiobraziliense.com.br\/aricunha\/wp-json\/wp\/v2\/posts"}],"about":[{"href":"https:\/\/blogs.correiobraziliense.com.br\/aricunha\/wp-json\/wp\/v2\/types\/post"}],"author":[{"embeddable":true,"href":"https:\/\/blogs.correiobraziliense.com.br\/aricunha\/wp-json\/wp\/v2\/users\/34"}],"replies":[{"embeddable":true,"href":"https:\/\/blogs.correiobraziliense.com.br\/aricunha\/wp-json\/wp\/v2\/comments?post=15215"}],"version-history":[{"count":3,"href":"https:\/\/blogs.correiobraziliense.com.br\/aricunha\/wp-json\/wp\/v2\/posts\/15215\/revisions"}],"predecessor-version":[{"id":15219,"href":"https:\/\/blogs.correiobraziliense.com.br\/aricunha\/wp-json\/wp\/v2\/posts\/15215\/revisions\/15219"}],"wp:featuredmedia":[{"embeddable":true,"href":"https:\/\/blogs.correiobraziliense.com.br\/aricunha\/wp-json\/wp\/v2\/media\/15217"}],"wp:attachment":[{"href":"https:\/\/blogs.correiobraziliense.com.br\/aricunha\/wp-json\/wp\/v2\/media?parent=15215"}],"wp:term":[{"taxonomy":"category","embeddable":true,"href":"https:\/\/blogs.correiobraziliense.com.br\/aricunha\/wp-json\/wp\/v2\/categories?post=15215"},{"taxonomy":"post_tag","embeddable":true,"href":"https:\/\/blogs.correiobraziliense.com.br\/aricunha\/wp-json\/wp\/v2\/tags?post=15215"}],"curies":[{"name":"wp","href":"https:\/\/api.w.org\/{rel}","templated":true}]}}