{"id":15138,"date":"2019-10-22T01:00:32","date_gmt":"2019-10-22T04:00:32","guid":{"rendered":"https:\/\/blogs.correiobraziliense.com.br\/aricunha\/?p=15138"},"modified":"2019-10-22T18:06:35","modified_gmt":"2019-10-22T21:06:35","slug":"de-oleos-nas-praias-nordestinas","status":"publish","type":"post","link":"https:\/\/blogs.correiobraziliense.com.br\/aricunha\/de-oleos-nas-praias-nordestinas\/","title":{"rendered":"De \u00f3leos nas praias nordestinas"},"content":{"rendered":"<p>VISTO, LIDO E OUVIDO, criada por Ari Cunha (In memoriam)<\/p>\n<p>Desde 1960, com Circe Cunha e Mamfil<\/p>\n<p>jornalistacircecunha@gmail.com<\/p>\n<p>Facebook.com\/vistolidoeouvido<\/p>\n<p>Instagram.com\/vistolidoeouvido<\/p>\n<p>&nbsp;<\/p>\n<figure id=\"attachment_15142\" aria-describedby=\"caption-attachment-15142\" style=\"width: 633px\" class=\"wp-caption aligncenter\"><img loading=\"lazy\" decoding=\"async\" class=\" wp-image-15142\" src=\"https:\/\/blogs.correiobraziliense.com.br\/aricunha\/wp-content\/uploads\/sites\/13\/2019\/10\/fotooleo-c74adf025f3f26d377ef0989a2c1e987-1200x600.jpg\" alt=\"\" width=\"633\" height=\"317\" \/><figcaption id=\"caption-attachment-15142\" class=\"wp-caption-text\">Praia de Ipojuc\u00e1 (PE) &#8211; Teresa Maia\/Folhapress<\/figcaption><\/figure>\n<p>&nbsp;<\/p>\n<p>Considerado o maior e mais devastador desastre ambiental j\u00e1 ocorrido no litoral do Brasil, o imenso derramamento de \u00f3leo cru, que vai invadindo as praias paradis\u00edacas do Nordeste, prossegue livremente em seu trajeto de polui\u00e7\u00e3o e morte desde 30 de agosto. A contamina\u00e7\u00e3o atinge uma \u00e1rea costeira de mais de 2 mil e duzentos quil\u00f4metros e ainda pode aumentar muito de extens\u00e3o, dependendo da movimenta\u00e7\u00e3o das correntes marinhas.<\/p>\n<p>O mais preocupante \u00e9 que, desde que foi dado o alerta para esse problema, o improviso e a lentid\u00e3o das autoridades demonstram, mais uma vez, o pouco preparo e a aus\u00eancia de uma estrat\u00e9gia de emerg\u00eancia para combater calamidades dessa magnitude, j\u00e1 que, ao longo dos mais de oito mil quil\u00f4metros do litoral do pa\u00eds, trafegam, dia e noite, enormes petroleiros carregados de \u00f3leo bruto, cujo o destino e rotas as autoridades parecem desconhecer ou prestar pouca aten\u00e7\u00e3o.<\/p>\n<p>Na falta de uma a\u00e7\u00e3o eficaz por parte do governo, volunt\u00e1rios recrutados entre a popula\u00e7\u00e3o v\u00e3o se revezando no trabalho de recolher manualmente o que podem. H\u00e1 not\u00edcias de que j\u00e1 foram recolhidas cerca de 600 toneladas de \u00f3leo bruto.<\/p>\n<p>Da mesma forma como ocorreu durante os inc\u00eandios na regi\u00e3o amaz\u00f4nica, que foram crescendo em propor\u00e7\u00e3o, chamando a aten\u00e7\u00e3o do restante do planeta, o governo parece, mais uma vez, alheio a quest\u00f5es dessa natureza. Muitos t\u00eam criticado a postura do presidente que, pela segunda vez, deixou de se apresentar prontamente nesses locais para verificar in loco a extens\u00e3o desses estragos ambientais. Essa aus\u00eancia diz muito sobre o que esperar do atual governo em casos de calamidade e acende a luz vermelha para a realidade de um Estado totalmente despreparado para atuar em casos de grandes propor\u00e7\u00f5es.<\/p>\n<p>N\u00e3o fosse a a\u00e7\u00e3o desses grupos de volunt\u00e1rios, alarmados com a possibilidade de perderem turistas nesse ver\u00e3o que se aproxima, o problema seria ainda mais dram\u00e1tico. A polui\u00e7\u00e3o de muitas praias dessa regi\u00e3o, algumas consideradas entre as mais belas dos tr\u00f3picos, pode afetar, de forma dr\u00e1stica, a principal fonte de renda de muitas fam\u00edlias nordestinas que vivem no litoral e exploram atividades diversas na alta esta\u00e7\u00e3o. O pouco envolvimento do governo para amenizar os estragos desse derrame tem feito com que a justi\u00e7a, por meio do Minist\u00e9rio P\u00fablico, de nove estados nordestinos entre com a\u00e7\u00e3o contra o governo pedindo provid\u00eancias a quem o acusa de omiss\u00e3o.<\/p>\n<p>Tamb\u00e9m na C\u00e2mara dos Deputados cresce a\u00e7\u00f5es visando a instala\u00e7\u00e3o de uma Comiss\u00e3o Parlamentar de Inqu\u00e9rito (CPI) para apurar responsabilidades. A Petrobras tem feito cara de paisagem. O mesmo ocorre com o Ibama, desmobilizado e desprestigiado no atual governo. A aus\u00eancia de um Plano Nacional de Conting\u00eancia para Incidentes, tanto no caso dos inc\u00eandios na regi\u00e3o Norte, como na polui\u00e7\u00e3o por \u00f3leo no Nordeste, demonstra na pr\u00e1tica que o atual governo n\u00e3o possui uma equipe coordenada para enfrentar calamidades p\u00fablicas, isso num pa\u00eds continental e com enormes chances de desastres de todo o tipo. O pior \u00e9 que as autoridades n\u00e3o sabem a extens\u00e3o desse vazamento, qual sua origem, quais as estrat\u00e9gias corretas a serem adotadas nesse caso, nem a quem punir.<\/p>\n<p>&nbsp;<\/p>\n<p>&nbsp;<\/p>\n<p>&nbsp;<\/p>\n<p><strong>A frase que foi pronunciada:<\/strong><\/p>\n<p><em>\u201cToda a ambi\u00e7\u00e3o \u00e9 leg\u00edtima, salvo as que se erguem sobre as mis\u00e9rias e as crendices da humanidade..\u201d<\/em><\/p>\n<p>Joseph Conrad, escritor polon\u00eas<\/p>\n<figure id=\"attachment_15140\" aria-describedby=\"caption-attachment-15140\" style=\"width: 426px\" class=\"wp-caption aligncenter\"><img loading=\"lazy\" decoding=\"async\" class=\" wp-image-15140\" src=\"https:\/\/blogs.correiobraziliense.com.br\/aricunha\/wp-content\/uploads\/sites\/13\/2019\/10\/Joseph-Conrad.jpg\" alt=\"\" width=\"426\" height=\"552\" srcset=\"https:\/\/blogs.correiobraziliense.com.br\/aricunha\/wp-content\/uploads\/sites\/13\/2019\/10\/Joseph-Conrad.jpg 600w, https:\/\/blogs.correiobraziliense.com.br\/aricunha\/wp-content\/uploads\/sites\/13\/2019\/10\/Joseph-Conrad-231x300.jpg 231w, https:\/\/blogs.correiobraziliense.com.br\/aricunha\/wp-content\/uploads\/sites\/13\/2019\/10\/Joseph-Conrad-270x350.jpg 270w, https:\/\/blogs.correiobraziliense.com.br\/aricunha\/wp-content\/uploads\/sites\/13\/2019\/10\/Joseph-Conrad-550x713.jpg 550w, https:\/\/blogs.correiobraziliense.com.br\/aricunha\/wp-content\/uploads\/sites\/13\/2019\/10\/Joseph-Conrad-230x298.jpg 230w\" sizes=\"auto, (max-width: 426px) 100vw, 426px\" \/><figcaption id=\"caption-attachment-15140\" class=\"wp-caption-text\">Foto: britannica.com\/biography\/Joseph-Conrad<\/figcaption><\/figure>\n<p>&nbsp;<\/p>\n<p>&nbsp;<\/p>\n<p><strong>Devolu\u00e7\u00e3o<\/strong><\/p>\n<p>Quem foi multado por estar com os far\u00f3is do carro apagados deve ficar atento. A multas expedidas pelo DER poder\u00e3o ser devolvidas. Formam mais de 13 mil autua\u00e7\u00f5es.<\/p>\n<figure id=\"attachment_11278\" aria-describedby=\"caption-attachment-11278\" style=\"width: 467px\" class=\"wp-caption aligncenter\"><img loading=\"lazy\" decoding=\"async\" class=\" wp-image-11278\" src=\"https:\/\/blogs.correiobraziliense.com.br\/aricunha\/wp-content\/uploads\/sites\/13\/2018\/06\/charge-multa.jpg\" alt=\"\" width=\"467\" height=\"419\" srcset=\"https:\/\/blogs.correiobraziliense.com.br\/aricunha\/wp-content\/uploads\/sites\/13\/2018\/06\/charge-multa.jpg 300w, https:\/\/blogs.correiobraziliense.com.br\/aricunha\/wp-content\/uploads\/sites\/13\/2018\/06\/charge-multa-230x206.jpg 230w\" sizes=\"auto, (max-width: 467px) 100vw, 467px\" \/><figcaption id=\"caption-attachment-11278\" class=\"wp-caption-text\">Charge: glauciapaiva.com<\/figcaption><\/figure>\n<p>&nbsp;<\/p>\n<p>&nbsp;<\/p>\n<p><strong>Surpresa<\/strong><\/p>\n<p>Leitores contam que a missa das 11h do \u00faltimo domingo, no Santu\u00e1rio Dom Bosco, foi uma surpresa. O padre era um poderoso tenor que cantou todas as m\u00fasicas da celebra\u00e7\u00e3o.<\/p>\n<p><iframe loading=\"lazy\" title=\"Missa no Santu\u00e1rio Dom Bosco, Bras\u00edlia-DF, de 20\/10\/2019\" width=\"1440\" height=\"810\" src=\"https:\/\/www.youtube.com\/embed\/ItsxyMxbhfk?feature=oembed\" frameborder=\"0\" allow=\"accelerometer; autoplay; clipboard-write; encrypted-media; gyroscope; picture-in-picture; web-share\" referrerpolicy=\"strict-origin-when-cross-origin\" allowfullscreen><\/iframe><\/p>\n<p>&nbsp;<\/p>\n<p>&nbsp;<\/p>\n<p><strong>Credenciadas<\/strong><\/p>\n<p>Em tempos de matr\u00edcula, confira, no link\u00a0<a href=\"http:\/\/www.se.df.gov.br\/wp-conteudo\/uploads\/2018\/02\/rede_part_instituicoes_credenciadas_15out19.pdf\">www.se.df.gov.br<\/a>, a lista de escolas particulares credenciadas pela Secretaria de Educa\u00e7\u00e3o do DF.<\/p>\n<p>https:\/\/www.youtube.com\/watch?v=c-Aaa3HJo-g<\/p>\n<p>&nbsp;<\/p>\n<p>&nbsp;<\/p>\n<p><strong>Tributos<\/strong><\/p>\n<p>Maria Lucia Fattoreli, do Auditoria cidad\u00e3, chama a aten\u00e7\u00e3o para a vota\u00e7\u00e3o do PLP 459\/2017 que, resumindo, envolve pagamentos para fora dos controles or\u00e7ament\u00e1rios, desviando os tributos pagos pelos contribuintes<\/p>\n<p><iframe loading=\"lazy\" title=\"De olho na fraude do PLP 459\/2017\" width=\"1440\" height=\"810\" src=\"https:\/\/www.youtube.com\/embed\/PS2M0Htpzrc?feature=oembed\" frameborder=\"0\" allow=\"accelerometer; autoplay; clipboard-write; encrypted-media; gyroscope; picture-in-picture; web-share\" referrerpolicy=\"strict-origin-when-cross-origin\" allowfullscreen><\/iframe><\/p>\n<p>&nbsp;<\/p>\n<p>&nbsp;<\/p>\n<p><strong>HIST\u00d3RIA DE BRAS\u00cdLIA<\/strong><\/p>\n<p>Ali\u00e1s, estamos informados de que o sr. Jo\u00e3o Goulart prometeu ao sr. Vitorino Freire \u201cconvencer\u201d o sr. Carlos Jereissati a aceitar a indica\u00e7\u00e3o do sr. Waldemar Alc\u00e2ntara. <strong>(Publicado em 03\/12\/1961)<\/strong><\/p>\n","protected":false},"excerpt":{"rendered":"<p>VISTO, LIDO E OUVIDO, criada por Ari Cunha (In memoriam) Desde 1960, com Circe Cunha e Mamfil jornalistacircecunha@gmail.com Facebook.com\/vistolidoeouvido Instagram.com\/vistolidoeouvido &nbsp; &nbsp; Considerado o maior e mais devastador desastre ambiental j\u00e1 ocorrido no litoral do Brasil, o imenso derramamento de \u00f3leo cru, que vai invadindo as praias paradis\u00edacas do Nordeste, prossegue livremente em seu trajeto de polui\u00e7\u00e3o e morte desde [&hellip;]<\/p>\n","protected":false},"author":34,"featured_media":0,"comment_status":"open","ping_status":"open","sticky":false,"template":"","format":"standard","meta":{"footnotes":""},"categories":[23],"tags":[1861,1862,1235,114,1573,1859,1860,68,2,69,16],"class_list":["post-15138","post","type-post","status-publish","format-standard","hentry","category-integra","tag-derramamentodeoleo","tag-desastreambientalnobrasil","tag-governobolsonaro","tag-historiadebrasilia","tag-ministeriodaagriculturaemeioambiente","tag-oleonaspraiasnordestinas","tag-poluicaonaspraiasdonordeste","tag-aricunha","tag-brasilia","tag-circecunha","tag-mamfil"],"_links":{"self":[{"href":"https:\/\/blogs.correiobraziliense.com.br\/aricunha\/wp-json\/wp\/v2\/posts\/15138","targetHints":{"allow":["GET"]}}],"collection":[{"href":"https:\/\/blogs.correiobraziliense.com.br\/aricunha\/wp-json\/wp\/v2\/posts"}],"about":[{"href":"https:\/\/blogs.correiobraziliense.com.br\/aricunha\/wp-json\/wp\/v2\/types\/post"}],"author":[{"embeddable":true,"href":"https:\/\/blogs.correiobraziliense.com.br\/aricunha\/wp-json\/wp\/v2\/users\/34"}],"replies":[{"embeddable":true,"href":"https:\/\/blogs.correiobraziliense.com.br\/aricunha\/wp-json\/wp\/v2\/comments?post=15138"}],"version-history":[{"count":3,"href":"https:\/\/blogs.correiobraziliense.com.br\/aricunha\/wp-json\/wp\/v2\/posts\/15138\/revisions"}],"predecessor-version":[{"id":15144,"href":"https:\/\/blogs.correiobraziliense.com.br\/aricunha\/wp-json\/wp\/v2\/posts\/15138\/revisions\/15144"}],"wp:attachment":[{"href":"https:\/\/blogs.correiobraziliense.com.br\/aricunha\/wp-json\/wp\/v2\/media?parent=15138"}],"wp:term":[{"taxonomy":"category","embeddable":true,"href":"https:\/\/blogs.correiobraziliense.com.br\/aricunha\/wp-json\/wp\/v2\/categories?post=15138"},{"taxonomy":"post_tag","embeddable":true,"href":"https:\/\/blogs.correiobraziliense.com.br\/aricunha\/wp-json\/wp\/v2\/tags?post=15138"}],"curies":[{"name":"wp","href":"https:\/\/api.w.org\/{rel}","templated":true}]}}