{"id":15132,"date":"2019-10-20T01:00:51","date_gmt":"2019-10-20T04:00:51","guid":{"rendered":"https:\/\/blogs.correiobraziliense.com.br\/aricunha\/?p=15132"},"modified":"2019-10-18T18:54:48","modified_gmt":"2019-10-18T21:54:48","slug":"a-corrupcao-mata-so-que-o-criminoso-nao-ve-os-olhos-das-vitimas","status":"publish","type":"post","link":"https:\/\/blogs.correiobraziliense.com.br\/aricunha\/a-corrupcao-mata-so-que-o-criminoso-nao-ve-os-olhos-das-vitimas\/","title":{"rendered":"A corrup\u00e7\u00e3o mata. S\u00f3 que o criminoso n\u00e3o v\u00ea os olhos das v\u00edtimas."},"content":{"rendered":"<p>VISTO, LIDO E OUVIDO, criada por Ari Cunha (In memoriam)<\/p>\n<p>Desde 1960, com Circe Cunha e Mamfil<\/p>\n<p>jornalistacircecunha@gmail.com<\/p>\n<p>Facebook.com\/vistolidoeouvido<\/p>\n<p>Instagram.com\/vistolidoeouvido<\/p>\n<p>&nbsp;<\/p>\n<figure id=\"attachment_15133\" aria-describedby=\"caption-attachment-15133\" style=\"width: 616px\" class=\"wp-caption aligncenter\"><img loading=\"lazy\" decoding=\"async\" class=\" wp-image-15133\" src=\"https:\/\/blogs.correiobraziliense.com.br\/aricunha\/wp-content\/uploads\/sites\/13\/2019\/10\/2647.jpg\" alt=\"\" width=\"616\" height=\"554\" srcset=\"https:\/\/blogs.correiobraziliense.com.br\/aricunha\/wp-content\/uploads\/sites\/13\/2019\/10\/2647.jpg 700w, https:\/\/blogs.correiobraziliense.com.br\/aricunha\/wp-content\/uploads\/sites\/13\/2019\/10\/2647-300x270.jpg 300w, https:\/\/blogs.correiobraziliense.com.br\/aricunha\/wp-content\/uploads\/sites\/13\/2019\/10\/2647-350x315.jpg 350w, https:\/\/blogs.correiobraziliense.com.br\/aricunha\/wp-content\/uploads\/sites\/13\/2019\/10\/2647-550x495.jpg 550w, https:\/\/blogs.correiobraziliense.com.br\/aricunha\/wp-content\/uploads\/sites\/13\/2019\/10\/2647-230x207.jpg 230w\" sizes=\"auto, (max-width: 616px) 100vw, 616px\" \/><figcaption id=\"caption-attachment-15133\" class=\"wp-caption-text\">Charge do Duke<\/figcaption><\/figure>\n<p>&nbsp;<\/p>\n<p>Diversas a\u00e7\u00f5es vindas do Supremo Tribunal Federal teriam repercuss\u00f5es variadas e at\u00e9 contradit\u00f3rias. V\u00e1rios processos foram retirados da compet\u00eancia da 13\u00aa Vara Federal de Curitiba, que havia quebrado o paradigma de inefici\u00eancia e impunidade em rela\u00e7\u00e3o \u00e0 criminalidade do colarinho branco.<\/p>\n<p>Outra medida tamb\u00e9m adotada pelo Supremo que beneficiaria os corruptos foi a transfer\u00eancia da compet\u00eancia para o julgamento de crimes comuns, sobretudo de colarinho branco, conexos com os eleitorais, para a justi\u00e7a eleitoral, precisamente num momento em que a justi\u00e7a federal vinha funcionando com crescente efici\u00eancia. Em continuidade, a Corte Suprema considerou inconstitucional a condu\u00e7\u00e3o coercitiva que vigorava h\u00e1 quase 80 anos. Entendeu tamb\u00e9m o Supremo que o parlamentar que utilizou o mandato para a pr\u00e1tica de crimes, documentadamente comprovados, gravado e filmado, n\u00e3o poderia ser afastado do mandato, ficando a mat\u00e9ria submetida ao alvitre da Casa Legislativa onde foram praticados os crimes.<\/p>\n<p>Tamb\u00e9m mais de 50 Habeas Corpus, lembra o ministro Luiz Roberto Barroso, foram concedidos apenas no Rio de Janeiro, um estado que, a seu ver, fora devastado pela corrup\u00e7\u00e3o praticada com inimagin\u00e1veis desfa\u00e7atezes. E agora, ressaltou, chega ao Supremo o caso da possibilidade de pris\u00e3o em Segunda Inst\u00e2ncia, com o risco de se anular o esfor\u00e7o que vem sendo feito at\u00e9 aqui para enfrentar essa corrup\u00e7\u00e3o que, em sua opini\u00e3o, n\u00e3o \u00e9 fruto de pequenas fraquezas humanas, de pequenos desvios individuais, sendo, na verdade, mecanismos profissionais de arrecada\u00e7\u00e3o, desvio e distribui\u00e7\u00e3o de dinheiro.<\/p>\n<p>Em outra oportunidade, o ministro Roberto Barroso j\u00e1 havia pedido aos seus pares uma nova requalifica\u00e7\u00e3o da corrup\u00e7\u00e3o, dentro do quadro de crimes. Para ele, ao contr\u00e1rio do que se quer fazer crer, a corrup\u00e7\u00e3o \u00e9 um crime violento, praticado por gente perigosa, sendo um grave equ\u00edvoco supor que n\u00e3o seja assim. A corrup\u00e7\u00e3o mata, diz o ministro. Mata na fila dos SUS. Mata na falta de leitos. Mata na falta de medicamentos. Mata nas estradas que n\u00e3o t\u00eam manuten\u00e7\u00e3o adequada. A corrup\u00e7\u00e3o, em seu entender, mata vidas que n\u00e3o educadas adequadamente em raz\u00e3o da aus\u00eancia de escolas, defici\u00eancia de estruturas e equipamentos.<\/p>\n<p>Para o ministro, o fato do corrupto n\u00e3o ver nos olhos a v\u00edtima que ele produz, n\u00e3o o torna menos perigoso. A cren\u00e7a, diz, de que a corrup\u00e7\u00e3o n\u00e3o \u00e9 um crime grave e violento, e de que os corruptos n\u00e3o s\u00e3o perigosos, levou o pa\u00eds a esse quadro sombrio em que recess\u00e3o, corrup\u00e7\u00e3o e criminalidade elevad\u00edssimas nos atrasam na hist\u00f3ria e nos ret\u00e9m como um pa\u00eds de renda que n\u00e3o consegue furar o cerco do subdesenvolvimento.<\/p>\n<p>Em seu modo de analisar essa situa\u00e7\u00e3o, propiciada por nossa leni\u00eancia, acabou por criar um pa\u00eds feio e desonesto. Ao contr\u00e1rio do que querem fazer parecer, esses personagens envoltos na corrup\u00e7\u00e3o, avalia, foram devidamente processados, de forma legal, com direito de defesa, e que foram condenados, ou com tr\u00e2nsito em julgado ou em segundo grau de jurisdi\u00e7\u00e3o. Para essa gente, todas as garantias foram respeitadas e, portanto, o judici\u00e1rio n\u00e3o pode ser indiferente a esse quadro que existe no Brasil, destaca.<\/p>\n<p>A essa corrup\u00e7\u00e3o end\u00eamica, foram envolvidos, segundo o ministro, agentes p\u00fablicos, agentes privados, empres\u00e1rios, empresas estatais, empresas privadas, membros do Legislativo, membros do Congresso, membros dos partidos pol\u00edticos e outros agentes. Para Roberto Barroso, quem quer que ande pelo Brasil pode verificar a grande demanda por integridade, por idealismo, por patriotismo, vindo de baixo para cima, sendo essa a energia, em sua opini\u00e3o, aquela que verdadeiramente pode mudar paradigmas e que pode conduzir a hist\u00f3ria no rumo certo.<\/p>\n<p>&nbsp;<\/p>\n<p><strong>\u00a0<\/strong><\/p>\n<p><strong>\u00a0<\/strong><\/p>\n<p><strong>A frase que foi pronunciada:<\/strong><\/p>\n<p><em>\u201cO barbarismo da nossa \u00e9poca \u00e9 ainda mais espantoso pelo fato de tanta gente n\u00e3o ficar realmente estarrecida com ele.\u201d<\/em><\/p>\n<p>Teilhard de Chardin<\/p>\n<figure id=\"attachment_15134\" aria-describedby=\"caption-attachment-15134\" style=\"width: 548px\" class=\"wp-caption aligncenter\"><img loading=\"lazy\" decoding=\"async\" class=\" wp-image-15134\" src=\"https:\/\/blogs.correiobraziliense.com.br\/aricunha\/wp-content\/uploads\/sites\/13\/2019\/10\/tg.jpg\" alt=\"\" width=\"548\" height=\"405\" srcset=\"https:\/\/blogs.correiobraziliense.com.br\/aricunha\/wp-content\/uploads\/sites\/13\/2019\/10\/tg.jpg 413w, https:\/\/blogs.correiobraziliense.com.br\/aricunha\/wp-content\/uploads\/sites\/13\/2019\/10\/tg-300x222.jpg 300w, https:\/\/blogs.correiobraziliense.com.br\/aricunha\/wp-content\/uploads\/sites\/13\/2019\/10\/tg-350x258.jpg 350w, https:\/\/blogs.correiobraziliense.com.br\/aricunha\/wp-content\/uploads\/sites\/13\/2019\/10\/tg-230x170.jpg 230w\" sizes=\"auto, (max-width: 548px) 100vw, 548px\" \/><figcaption id=\"caption-attachment-15134\" class=\"wp-caption-text\">Foto: permanencia.org<\/figcaption><\/figure>\n<p>&nbsp;<\/p>\n<p>&nbsp;<\/p>\n<p><strong>Atestado<\/strong><\/p>\n<p>Uma corrida de Uber que custou R$9 na volta, pelo mesmo trajeto passou dos R$20 de t\u00e1xi.<\/p>\n<figure id=\"attachment_15135\" aria-describedby=\"caption-attachment-15135\" style=\"width: 549px\" class=\"wp-caption aligncenter\"><img loading=\"lazy\" decoding=\"async\" class=\" wp-image-15135\" src=\"https:\/\/blogs.correiobraziliense.com.br\/aricunha\/wp-content\/uploads\/sites\/13\/2019\/10\/livro-regulacao-novas-tecnologias.jpg\" alt=\"\" width=\"549\" height=\"288\" srcset=\"https:\/\/blogs.correiobraziliense.com.br\/aricunha\/wp-content\/uploads\/sites\/13\/2019\/10\/livro-regulacao-novas-tecnologias.jpg 744w, https:\/\/blogs.correiobraziliense.com.br\/aricunha\/wp-content\/uploads\/sites\/13\/2019\/10\/livro-regulacao-novas-tecnologias-300x158.jpg 300w, https:\/\/blogs.correiobraziliense.com.br\/aricunha\/wp-content\/uploads\/sites\/13\/2019\/10\/livro-regulacao-novas-tecnologias-350x184.jpg 350w, https:\/\/blogs.correiobraziliense.com.br\/aricunha\/wp-content\/uploads\/sites\/13\/2019\/10\/livro-regulacao-novas-tecnologias-550x289.jpg 550w, https:\/\/blogs.correiobraziliense.com.br\/aricunha\/wp-content\/uploads\/sites\/13\/2019\/10\/livro-regulacao-novas-tecnologias-230x121.jpg 230w\" sizes=\"auto, (max-width: 549px) 100vw, 549px\" \/><figcaption id=\"caption-attachment-15135\" class=\"wp-caption-text\">Foto: editoraforum.com<\/figcaption><\/figure>\n<p>&nbsp;<\/p>\n<p>&nbsp;<\/p>\n<p><strong>Pouco muda<\/strong><\/p>\n<p>Avan\u00e7a a Lei de Diretrizes e Bases da Educa\u00e7\u00e3o com a decis\u00e3o da CCJ da C\u00e2mara dos Deputados. O Estado \u00e9 obrigado a oferecer mobili\u00e1rio, equipamentos e materiais pedag\u00f3gicos apropriados \u00e0 idade e \u00e0s necessidades espec\u00edficas de cada estudante. Quanto \u00e0 obrigatoriedade da aula de m\u00fasica, reclamam do AI5, mas at\u00e9 hoje as artes e esportes pouco s\u00e3o levados a s\u00e9rio na rede p\u00fablica de ensino. Uma pena. S\u00e3o ferramentas valiosas de resgate social.<\/p>\n<figure id=\"attachment_15136\" aria-describedby=\"caption-attachment-15136\" style=\"width: 546px\" class=\"wp-caption aligncenter\"><img loading=\"lazy\" decoding=\"async\" class=\" wp-image-15136\" src=\"https:\/\/blogs.correiobraziliense.com.br\/aricunha\/wp-content\/uploads\/sites\/13\/2019\/10\/violino.jpg\" alt=\"\" width=\"546\" height=\"410\" srcset=\"https:\/\/blogs.correiobraziliense.com.br\/aricunha\/wp-content\/uploads\/sites\/13\/2019\/10\/violino.jpg 620w, https:\/\/blogs.correiobraziliense.com.br\/aricunha\/wp-content\/uploads\/sites\/13\/2019\/10\/violino-300x225.jpg 300w, https:\/\/blogs.correiobraziliense.com.br\/aricunha\/wp-content\/uploads\/sites\/13\/2019\/10\/violino-350x263.jpg 350w, https:\/\/blogs.correiobraziliense.com.br\/aricunha\/wp-content\/uploads\/sites\/13\/2019\/10\/violino-550x413.jpg 550w, https:\/\/blogs.correiobraziliense.com.br\/aricunha\/wp-content\/uploads\/sites\/13\/2019\/10\/violino-230x173.jpg 230w\" sizes=\"auto, (max-width: 546px) 100vw, 546px\" \/><figcaption id=\"caption-attachment-15136\" class=\"wp-caption-text\">Foto: Rog\u00e9rio Aderbal\/G1<\/figcaption><\/figure>\n<p>&nbsp;<\/p>\n<p>&nbsp;<\/p>\n<p><strong>HIST\u00d3RIA DE BRAS\u00cdLIA<\/strong><\/p>\n<p>A luta pelo Banco do Nordeste est\u00e1 sendo assim: de um lado, o Moinho Cearense, do deputado Jos\u00e9 Dias Macedo e do outro, os Grandes Moinhos, do sr. Carlos Jereissati. Chega de solu\u00e7\u00f5es pol\u00edticas dentro do governo. <strong>(Publicado em 03\/12\/1961)<\/strong><\/p>\n","protected":false},"excerpt":{"rendered":"<p>VISTO, LIDO E OUVIDO, criada por Ari Cunha (In memoriam) Desde 1960, com Circe Cunha e Mamfil jornalistacircecunha@gmail.com Facebook.com\/vistolidoeouvido Instagram.com\/vistolidoeouvido &nbsp; &nbsp; Diversas a\u00e7\u00f5es vindas do Supremo Tribunal Federal teriam repercuss\u00f5es variadas e at\u00e9 contradit\u00f3rias. V\u00e1rios processos foram retirados da compet\u00eancia da 13\u00aa Vara Federal de Curitiba, que havia quebrado o paradigma de inefici\u00eancia e impunidade em rela\u00e7\u00e3o \u00e0 criminalidade [&hellip;]<\/p>\n","protected":false},"author":34,"featured_media":15133,"comment_status":"open","ping_status":"open","sticky":false,"template":"","format":"standard","meta":{"footnotes":""},"categories":[23],"tags":[454,114,1475,1857,288,68,2,69,16,65],"class_list":["post-15132","post","type-post","status-publish","format-standard","has-post-thumbnail","hentry","category-integra","tag-corrupcaonobrasil","tag-historiadebrasilia","tag-justicanobrasil","tag-ministroluizrobertobarroso","tag-politicosnobrasil","tag-aricunha","tag-brasilia","tag-circecunha","tag-mamfil","tag-stf"],"_links":{"self":[{"href":"https:\/\/blogs.correiobraziliense.com.br\/aricunha\/wp-json\/wp\/v2\/posts\/15132","targetHints":{"allow":["GET"]}}],"collection":[{"href":"https:\/\/blogs.correiobraziliense.com.br\/aricunha\/wp-json\/wp\/v2\/posts"}],"about":[{"href":"https:\/\/blogs.correiobraziliense.com.br\/aricunha\/wp-json\/wp\/v2\/types\/post"}],"author":[{"embeddable":true,"href":"https:\/\/blogs.correiobraziliense.com.br\/aricunha\/wp-json\/wp\/v2\/users\/34"}],"replies":[{"embeddable":true,"href":"https:\/\/blogs.correiobraziliense.com.br\/aricunha\/wp-json\/wp\/v2\/comments?post=15132"}],"version-history":[{"count":1,"href":"https:\/\/blogs.correiobraziliense.com.br\/aricunha\/wp-json\/wp\/v2\/posts\/15132\/revisions"}],"predecessor-version":[{"id":15137,"href":"https:\/\/blogs.correiobraziliense.com.br\/aricunha\/wp-json\/wp\/v2\/posts\/15132\/revisions\/15137"}],"wp:featuredmedia":[{"embeddable":true,"href":"https:\/\/blogs.correiobraziliense.com.br\/aricunha\/wp-json\/wp\/v2\/media\/15133"}],"wp:attachment":[{"href":"https:\/\/blogs.correiobraziliense.com.br\/aricunha\/wp-json\/wp\/v2\/media?parent=15132"}],"wp:term":[{"taxonomy":"category","embeddable":true,"href":"https:\/\/blogs.correiobraziliense.com.br\/aricunha\/wp-json\/wp\/v2\/categories?post=15132"},{"taxonomy":"post_tag","embeddable":true,"href":"https:\/\/blogs.correiobraziliense.com.br\/aricunha\/wp-json\/wp\/v2\/tags?post=15132"}],"curies":[{"name":"wp","href":"https:\/\/api.w.org\/{rel}","templated":true}]}}