{"id":15036,"date":"2019-10-04T03:02:37","date_gmt":"2019-10-04T06:02:37","guid":{"rendered":"https:\/\/blogs.correiobraziliense.com.br\/aricunha\/?p=15036"},"modified":"2019-10-04T03:02:37","modified_gmt":"2019-10-04T06:02:37","slug":"um-olhar-sobre-nossos-bens-naturais","status":"publish","type":"post","link":"https:\/\/blogs.correiobraziliense.com.br\/aricunha\/um-olhar-sobre-nossos-bens-naturais\/","title":{"rendered":"Um olhar sobre nossos bens naturais"},"content":{"rendered":"<p>VISTO, LIDO E OUVIDO, criada por Ari Cunha (In memoriam)<\/p>\n<p>Desde 1960, com Circe Cunha e Mamfil<\/p>\n<p>jornalistacircecunha@gmail.com<\/p>\n<p>Facebook.com\/vistolidoeouvido<\/p>\n<p>Instagram.com\/vistolidoeouvido<\/p>\n<p>&nbsp;<\/p>\n<p>&nbsp;<\/p>\n<figure id=\"attachment_15042\" aria-describedby=\"caption-attachment-15042\" style=\"width: 483px\" class=\"wp-caption alignleft\"><img loading=\"lazy\" decoding=\"async\" class=\"size-full wp-image-15042\" src=\"https:\/\/blogs.correiobraziliense.com.br\/aricunha\/wp-content\/uploads\/sites\/13\/2019\/10\/amz.jpg\" alt=\"\" width=\"483\" height=\"358\" srcset=\"https:\/\/blogs.correiobraziliense.com.br\/aricunha\/wp-content\/uploads\/sites\/13\/2019\/10\/amz.jpg 483w, https:\/\/blogs.correiobraziliense.com.br\/aricunha\/wp-content\/uploads\/sites\/13\/2019\/10\/amz-300x222.jpg 300w, https:\/\/blogs.correiobraziliense.com.br\/aricunha\/wp-content\/uploads\/sites\/13\/2019\/10\/amz-350x259.jpg 350w, https:\/\/blogs.correiobraziliense.com.br\/aricunha\/wp-content\/uploads\/sites\/13\/2019\/10\/amz-230x170.jpg 230w\" sizes=\"auto, (max-width: 483px) 100vw, 483px\" \/><figcaption id=\"caption-attachment-15042\" class=\"wp-caption-text\">Foto: Bruno Kelly \/ Reuters<\/figcaption><\/figure>\n<p>Ap\u00f3s o per\u00edodo mais intenso das queimadas que esse ano varreram boa parte de nossas matas, matando milhares e milhares de esp\u00e9cies de animais e plantas, de Norte a Sul do pa\u00eds, \u00e9 necess\u00e1rio, a exemplo do que fazem os bombeiros nos rescaldos dos sinistros, a realiza\u00e7\u00e3o de um levantamento s\u00e9rio, para que se conhe\u00e7a os reais preju\u00edzos causados pelas queimadas em 2019.<\/p>\n<p>De certo, os preju\u00edzos, apenas no \u00e2mbito da diversidade biol\u00f3gica, ser\u00e3o catastr\u00f3ficos. O que aconteceu esse ano equivale, em termos de pesquisas cient\u00edficas e de preserva\u00e7\u00e3o, a dezenas de inc\u00eandios como aqueles que consumiram os Museus Nacionais nos \u00faltimos anos. E pena que esse sentimento de perda irrevers\u00edvel s\u00f3 seja sentido por pesquisadores e cientistas que est\u00e3o mais envolvidos com essas riquezas pouco cuidadas por n\u00f3s.<\/p>\n<p>Pela extens\u00e3o das queimadas nesse ano, \u00e9 prov\u00e1vel que algumas esp\u00e9cies de plantas e de animais, que sequer t\u00ednhamos correto conhecimento, tenham se perdido para sempre. Sem o devido conhecimento do bioma que nos cerca e qual sua import\u00e2ncia para nosso meio ambiente, em termos de simbiose e outras trocas, \u00e9 certo que, a longo prazo, outras esp\u00e9cies venham sentir essa perda e acabem por desaparecer tamb\u00e9m. O equil\u00edbrio do meio ambiente \u00e9 delicado e sente as interfer\u00eancias humanas.\u00a0\u00a0\u00a0\u00a0 Pelo o que conhecem os cientistas, e n\u00e3o \u00e9 muito quando se trata do vasto bioma, algumas esp\u00e9cies de aves s\u00f3 se alimentam de determinados frutos, produzidos por determinada planta. Com o desaparecimento dessa esp\u00e9cie vegetal, tamb\u00e9m essas aves est\u00e3o condenadas. O inter-relacionamento entre as esp\u00e9cies \u00e9 um mecanismo delicado que trabalha como um rel\u00f3gio, o desaparecimento de uma pe\u00e7a, produz um colapso em s\u00e9rie para todo o sistema.<\/p>\n<p>O mais triste em todo esse epis\u00f3dio que exp\u00f4s o pa\u00eds \u00e0 um vexame internacional, \u00e9 que essas trag\u00e9dias parecem n\u00e3o ter surtido grande efeito internamente. Prosseguem as derrubadas de \u00e1rvores, as queimadas para plantio e pasto e os garimpos ilegais e n\u00e3o, avan\u00e7am indiscriminadamente em toda a regi\u00e3o Norte. O apoio recebido do governo pelos garimpeiros e por outros poderosos lobbys que agem em cima da dilapida\u00e7\u00e3o do meio ambiente, cria a sensa\u00e7\u00e3o de que explorar essas riquezas, sejam por que meios, \u00e9 l\u00edcito e permitido aos brasileiros e aos \u00edndios.<\/p>\n<p>O sinal errado emitido pelas autoridades tem funcionado como um incentivo para a depaupera\u00e7\u00e3o das riquezas naturais do pa\u00eds. Esse nacionalismo \u00e0s avessas, que age com o pensamento de que \u201c\u00e9 meu e fa\u00e7o com ele o que quiser\u201d \u00e9 um caminho que leva seguramente a perda n\u00e3o s\u00f3 dessas riquezas em si, mas a perda da autoridade moral de posse sobre esses bens.<\/p>\n<p>N\u00e3o bastasse essa trag\u00e9dia, o tr\u00e1fico e contrabando de esp\u00e9cies de vegetais e animais ainda \u00e9 uma pr\u00e1tica corrente em nosso pa\u00eds. Trata-se da terceira maior atividade ilegal de todo o mundo, respons\u00e1vel, segundo os pesquisadores, por retirar do meio ambiente dezenas de milh\u00f5es de esp\u00e9cies a cada ano. Al\u00e9m de exportar ilegalmente esp\u00e9cies de animais para todo o mundo, o Brasil passou tamb\u00e9m a importar de outros pa\u00edses, esp\u00e9cies estranhas ao nosso meio ambiente, o que tem acarretado graves problemas para o equil\u00edbrio ecol\u00f3gico interno. \u201cA fauna ex\u00f3tica introduzida pode se tornar invasiva, conquistar \u00e1reas muito maiores do que as previstas, suprimir a fauna nativa e transmitir novas doen\u00e7as. Mais de 180 tipos de zoonoses transmitidas por animais j\u00e1 s\u00e3o conhecidos\u201d, alertam os cientistas.<\/p>\n<p>No dia consagrado \u00e0 S\u00e3o Francisco de Assis, protetor dos animais, e em que igrejas em todo o mundo aben\u00e7oam os animais, \u00e9 preciso um olhar de aten\u00e7\u00e3o com as esp\u00e9cies que habitam esse mesmo espa\u00e7o e que aqui est\u00e3o, muito antes da chegada dos homens e da civiliza\u00e7\u00e3o.<\/p>\n<p>&nbsp;<\/p>\n<p>&nbsp;<\/p>\n<p>&nbsp;<\/p>\n<p><strong>A frase que foi pronunciada:<\/strong><\/p>\n<p><em>\u201cA Legisla\u00e7\u00e3o tem sido sempre interpretada ao sabor das conveni\u00eancias, das circunst\u00e2ncias e dos interesses localizados.\u201d<\/em><\/p>\n<p>Senador \u00c1lvaro Dias, sobre as decis\u00f5es do STF<\/p>\n<figure id=\"attachment_15041\" aria-describedby=\"caption-attachment-15041\" style=\"width: 552px\" class=\"wp-caption aligncenter\"><img loading=\"lazy\" decoding=\"async\" class=\" wp-image-15041\" src=\"https:\/\/blogs.correiobraziliense.com.br\/aricunha\/wp-content\/uploads\/sites\/13\/2019\/10\/imagem_materia.jpg\" alt=\"\" width=\"552\" height=\"366\" srcset=\"https:\/\/blogs.correiobraziliense.com.br\/aricunha\/wp-content\/uploads\/sites\/13\/2019\/10\/imagem_materia.jpg 860w, https:\/\/blogs.correiobraziliense.com.br\/aricunha\/wp-content\/uploads\/sites\/13\/2019\/10\/imagem_materia-300x199.jpg 300w, https:\/\/blogs.correiobraziliense.com.br\/aricunha\/wp-content\/uploads\/sites\/13\/2019\/10\/imagem_materia-768x509.jpg 768w, https:\/\/blogs.correiobraziliense.com.br\/aricunha\/wp-content\/uploads\/sites\/13\/2019\/10\/imagem_materia-350x232.jpg 350w, https:\/\/blogs.correiobraziliense.com.br\/aricunha\/wp-content\/uploads\/sites\/13\/2019\/10\/imagem_materia-550x365.jpg 550w, https:\/\/blogs.correiobraziliense.com.br\/aricunha\/wp-content\/uploads\/sites\/13\/2019\/10\/imagem_materia-230x152.jpg 230w\" sizes=\"auto, (max-width: 552px) 100vw, 552px\" \/><figcaption id=\"caption-attachment-15041\" class=\"wp-caption-text\">Foto: Roque de S\u00e1\/Ag\u00eancia Senado<\/figcaption><\/figure>\n<p>&nbsp;<\/p>\n<p><strong>\u00a0<\/strong><\/p>\n<p><strong>Europa<\/strong><\/p>\n<p>De malas prontas para partir nesse domingo, em dire\u00e7\u00e3o \u00e0 Pol\u00f4nia. A convite da Opera Baltycka Gdansk, o maestro Jorge Antunes viajar\u00e1 para assessorar nos \u00faltimos ensaios de sua \u00f3pera Olga. A estreia europeia da \u00f3pera acontecer\u00e1 nos dias 11, 12 e 13 de outubro, e outras cinco r\u00e9citas acontecer\u00e3o em novembro de 2019 e em mar\u00e7o de 2020. Depois dos sucessos de Carlos Gomes na Europa no s\u00e9culo XIX, \u00e9 a primeira vez que uma &#8220;grand-op\u00e9ra&#8221; brasileira \u00e9 levada a palcos europeus.<\/p>\n<figure id=\"attachment_15040\" aria-describedby=\"caption-attachment-15040\" style=\"width: 370px\" class=\"wp-caption aligncenter\"><img loading=\"lazy\" decoding=\"async\" class=\" wp-image-15040\" src=\"https:\/\/blogs.correiobraziliense.com.br\/aricunha\/wp-content\/uploads\/sites\/13\/2019\/10\/Antunes2.jpg\" alt=\"\" width=\"370\" height=\"393\" srcset=\"https:\/\/blogs.correiobraziliense.com.br\/aricunha\/wp-content\/uploads\/sites\/13\/2019\/10\/Antunes2.jpg 300w, https:\/\/blogs.correiobraziliense.com.br\/aricunha\/wp-content\/uploads\/sites\/13\/2019\/10\/Antunes2-282x300.jpg 282w, https:\/\/blogs.correiobraziliense.com.br\/aricunha\/wp-content\/uploads\/sites\/13\/2019\/10\/Antunes2-230x245.jpg 230w\" sizes=\"auto, (max-width: 370px) 100vw, 370px\" \/><figcaption id=\"caption-attachment-15040\" class=\"wp-caption-text\">Foto: brasiliarios.com<\/figcaption><\/figure>\n<p>&nbsp;<\/p>\n<p>&nbsp;<\/p>\n<p><strong>Consulta<\/strong><\/p>\n<p>Volta e meia seu celular toca, ou mesmo o telefone fixo, com um n\u00famero de outro estado: 5535338300. H\u00e1 um site onde voc\u00ea consulta n\u00fameros estranhos para saber a origem e um pequeno hist\u00f3rico sobre tentativas de golpe, presidi\u00e1rios, cobran\u00e7as infundadas, etc. Veja em\u00a0<a href=\"https:\/\/devoatender.com.br\/buscar\/numero?telefone=5135338300\">\u00daltimos registros no Devo Atender?<\/a>.<\/p>\n<p><img loading=\"lazy\" decoding=\"async\" class=\" wp-image-15037 aligncenter\" src=\"https:\/\/blogs.correiobraziliense.com.br\/aricunha\/wp-content\/uploads\/sites\/13\/2019\/10\/da.jpg\" alt=\"\" width=\"328\" height=\"290\" \/><\/p>\n<p>&nbsp;<\/p>\n<p>&nbsp;<\/p>\n<p><strong>Vistorias<\/strong><\/p>\n<p>Cintos de seguran\u00e7a, extintores vencidos, freios e pneus s\u00e3o os maiores problemas dos transportes escolares.<\/p>\n<figure id=\"attachment_15039\" aria-describedby=\"caption-attachment-15039\" style=\"width: 550px\" class=\"wp-caption aligncenter\"><img loading=\"lazy\" decoding=\"async\" class=\" wp-image-15039\" src=\"https:\/\/blogs.correiobraziliense.com.br\/aricunha\/wp-content\/uploads\/sites\/13\/2019\/10\/vistoria-ve\u00edculos-escolares.jpg\" alt=\"\" width=\"550\" height=\"365\" srcset=\"https:\/\/blogs.correiobraziliense.com.br\/aricunha\/wp-content\/uploads\/sites\/13\/2019\/10\/vistoria-ve\u00edculos-escolares.jpg 600w, https:\/\/blogs.correiobraziliense.com.br\/aricunha\/wp-content\/uploads\/sites\/13\/2019\/10\/vistoria-ve\u00edculos-escolares-300x199.jpg 300w, https:\/\/blogs.correiobraziliense.com.br\/aricunha\/wp-content\/uploads\/sites\/13\/2019\/10\/vistoria-ve\u00edculos-escolares-350x232.jpg 350w, https:\/\/blogs.correiobraziliense.com.br\/aricunha\/wp-content\/uploads\/sites\/13\/2019\/10\/vistoria-ve\u00edculos-escolares-550x365.jpg 550w, https:\/\/blogs.correiobraziliense.com.br\/aricunha\/wp-content\/uploads\/sites\/13\/2019\/10\/vistoria-ve\u00edculos-escolares-230x153.jpg 230w\" sizes=\"auto, (max-width: 550px) 100vw, 550px\" \/><figcaption id=\"caption-attachment-15039\" class=\"wp-caption-text\">Foto: oregional.com<\/figcaption><\/figure>\n<p>&nbsp;<\/p>\n<p>&nbsp;<\/p>\n<p><strong>Sucesso<\/strong><\/p>\n<p>Brazil Expo Florida re\u00fane mais de 4 mil pessoas no Broward Convention Center Evento com a presen\u00e7a, na cerim\u00f4nia de abertura, do C\u00f4nsul-Geral do Brasil em Miami, Embaixador Jo\u00e3o Mendes Pereira; do Vice-Governador do Mato Grosso do Sul, Murilo Zauith; do Senador Eduardo Gir\u00e3o, al\u00e9m do Vice-Prefeito do Condado de Broward, Dale V.C. Holness.<\/p>\n<figure id=\"attachment_15038\" aria-describedby=\"caption-attachment-15038\" style=\"width: 466px\" class=\"wp-caption aligncenter\"><img loading=\"lazy\" decoding=\"async\" class=\" wp-image-15038\" src=\"https:\/\/blogs.correiobraziliense.com.br\/aricunha\/wp-content\/uploads\/sites\/13\/2019\/10\/download-1.jpg\" alt=\"\" width=\"466\" height=\"268\" srcset=\"https:\/\/blogs.correiobraziliense.com.br\/aricunha\/wp-content\/uploads\/sites\/13\/2019\/10\/download-1.jpg 296w, https:\/\/blogs.correiobraziliense.com.br\/aricunha\/wp-content\/uploads\/sites\/13\/2019\/10\/download-1-230x132.jpg 230w\" sizes=\"auto, (max-width: 466px) 100vw, 466px\" \/><figcaption id=\"caption-attachment-15038\" class=\"wp-caption-text\">Cartaz: centrocomunitariobrasileiro.org<\/figcaption><\/figure>\n<p>&nbsp;<\/p>\n<p>&nbsp;<\/p>\n<p><strong>HIST\u00d3RIA DE BRAS\u00cdLIA<\/strong><\/p>\n<p>Quem chefia o gabinete do prefeito \u00e9 o Paulo Nogueira. Deixou Nova Iorque por Bras\u00edlia, e n\u00e3o alega nunca este seu gesto, que s\u00f3 pode ser interpretado como a favor do Distrito Federal. <strong>(Publicado em 30\/11\/1961)<\/strong><\/p>\n","protected":false},"excerpt":{"rendered":"<p>VISTO, LIDO E OUVIDO, criada por Ari Cunha (In memoriam) Desde 1960, com Circe Cunha e Mamfil jornalistacircecunha@gmail.com Facebook.com\/vistolidoeouvido Instagram.com\/vistolidoeouvido &nbsp; &nbsp; Ap\u00f3s o per\u00edodo mais intenso das queimadas que esse ano varreram boa parte de nossas matas, matando milhares e milhares de esp\u00e9cies de animais e plantas, de Norte a Sul do pa\u00eds, \u00e9 necess\u00e1rio, a exemplo do que [&hellip;]<\/p>\n","protected":false},"author":34,"featured_media":15042,"comment_status":"open","ping_status":"open","sticky":false,"template":"","format":"standard","meta":{"footnotes":""},"categories":[23],"tags":[1835,114,68,2,69,16],"class_list":["post-15036","post","type-post","status-publish","format-standard","has-post-thumbnail","hentry","category-integra","tag-biodiversiadaebrasileira-preservacaodobioma-queimadasnaamazonia","tag-historiadebrasilia","tag-aricunha","tag-brasilia","tag-circecunha","tag-mamfil"],"_links":{"self":[{"href":"https:\/\/blogs.correiobraziliense.com.br\/aricunha\/wp-json\/wp\/v2\/posts\/15036","targetHints":{"allow":["GET"]}}],"collection":[{"href":"https:\/\/blogs.correiobraziliense.com.br\/aricunha\/wp-json\/wp\/v2\/posts"}],"about":[{"href":"https:\/\/blogs.correiobraziliense.com.br\/aricunha\/wp-json\/wp\/v2\/types\/post"}],"author":[{"embeddable":true,"href":"https:\/\/blogs.correiobraziliense.com.br\/aricunha\/wp-json\/wp\/v2\/users\/34"}],"replies":[{"embeddable":true,"href":"https:\/\/blogs.correiobraziliense.com.br\/aricunha\/wp-json\/wp\/v2\/comments?post=15036"}],"version-history":[{"count":1,"href":"https:\/\/blogs.correiobraziliense.com.br\/aricunha\/wp-json\/wp\/v2\/posts\/15036\/revisions"}],"predecessor-version":[{"id":15043,"href":"https:\/\/blogs.correiobraziliense.com.br\/aricunha\/wp-json\/wp\/v2\/posts\/15036\/revisions\/15043"}],"wp:featuredmedia":[{"embeddable":true,"href":"https:\/\/blogs.correiobraziliense.com.br\/aricunha\/wp-json\/wp\/v2\/media\/15042"}],"wp:attachment":[{"href":"https:\/\/blogs.correiobraziliense.com.br\/aricunha\/wp-json\/wp\/v2\/media?parent=15036"}],"wp:term":[{"taxonomy":"category","embeddable":true,"href":"https:\/\/blogs.correiobraziliense.com.br\/aricunha\/wp-json\/wp\/v2\/categories?post=15036"},{"taxonomy":"post_tag","embeddable":true,"href":"https:\/\/blogs.correiobraziliense.com.br\/aricunha\/wp-json\/wp\/v2\/tags?post=15036"}],"curies":[{"name":"wp","href":"https:\/\/api.w.org\/{rel}","templated":true}]}}