{"id":14912,"date":"2019-09-17T01:00:06","date_gmt":"2019-09-17T04:00:06","guid":{"rendered":"https:\/\/blogs.correiobraziliense.com.br\/aricunha\/?p=14912"},"modified":"2019-09-16T19:22:20","modified_gmt":"2019-09-16T22:22:20","slug":"um-pais-que-arde-no-fogo-por-dentro-e-por-fora","status":"publish","type":"post","link":"https:\/\/blogs.correiobraziliense.com.br\/aricunha\/um-pais-que-arde-no-fogo-por-dentro-e-por-fora\/","title":{"rendered":"Um pa\u00eds que arde no fogo por dentro e por fora"},"content":{"rendered":"<p>VISTO, LIDO E OUVIDO, criada por Ari Cunha (In memoriam)<\/p>\n<p>Desde 1960, com Circe Cunha e Mamfil<\/p>\n<p>jornalistacircecunha@gmail.com<\/p>\n<p>Facebook.com\/vistolidoeouvido<\/p>\n<p>Instagram.com\/vistolidoeouvido<\/p>\n<p>&nbsp;<\/p>\n<figure id=\"attachment_14918\" aria-describedby=\"caption-attachment-14918\" style=\"width: 449px\" class=\"wp-caption alignleft\"><img loading=\"lazy\" decoding=\"async\" class=\" wp-image-14918\" src=\"https:\/\/blogs.correiobraziliense.com.br\/aricunha\/wp-content\/uploads\/sites\/13\/2019\/09\/brasil-sem-rumo-e-pegando-fogo.jpg\" alt=\"\" width=\"449\" height=\"337\" srcset=\"https:\/\/blogs.correiobraziliense.com.br\/aricunha\/wp-content\/uploads\/sites\/13\/2019\/09\/brasil-sem-rumo-e-pegando-fogo.jpg 320w, https:\/\/blogs.correiobraziliense.com.br\/aricunha\/wp-content\/uploads\/sites\/13\/2019\/09\/brasil-sem-rumo-e-pegando-fogo-300x225.jpg 300w, https:\/\/blogs.correiobraziliense.com.br\/aricunha\/wp-content\/uploads\/sites\/13\/2019\/09\/brasil-sem-rumo-e-pegando-fogo-230x173.jpg 230w\" sizes=\"auto, (max-width: 449px) 100vw, 449px\" \/><figcaption id=\"caption-attachment-14918\" class=\"wp-caption-text\">Imagem: library.com<\/figcaption><\/figure>\n<p>F\u00f4ssemos escolher um emblema ou d\u00edstico que melhor conseguisse traduzir e representar o Brasil e sua capital, nesses \u00faltimos meses, com certeza a imagem do fogo seria a representa\u00e7\u00e3o que melhor sintetizaria o momento atual, tanto literalmente como de forma figurada.<\/p>\n<p>Enquanto o ambiente institucional, com destaque para os Tr\u00eas Poderes, parece arder em chamas em situa\u00e7\u00f5es que claramente op\u00f5em a popula\u00e7\u00e3o contra os desmandos e abusos, o pa\u00eds continua virando cinzas aos olhos do mundo estupefato que observa tudo com um misto de revolta e indigna\u00e7\u00e3o.<\/p>\n<p>Tamb\u00e9m a capital, como cabe\u00e7a administrativa do Brasil, os inc\u00eandios prosseguem numa escalada nunca vista em tempos passados. De fato, os Poderes parecem arder por dentro e por fora nas chamas da vaidade, da inc\u00faria, da neglig\u00eancia. Tra\u00e7ar um paralelo entre esse fogo figurado que continua transformando, em cinzas, as esperan\u00e7as por \u00e9tica na coisa p\u00fablica e o fogo que varre, ipsis litteris, esse que j\u00e1 foi o para\u00edso e a Pindorama verde sobre a Terra n\u00e3o \u00e9 tarefa dif\u00edcil.<\/p>\n<p>Fotos colhidas a cada hora pelos in\u00fameros sat\u00e9lites que cruzam nosso c\u00e9u d\u00e3o uma ideia da dram\u00e1tica situa\u00e7\u00e3o que parece ter sa\u00eddo do controle. Confrontar essas imagens com a quantidade impressionante de manchetes, trazidas por toda a m\u00eddia, e que mostram, de forma objetiva, a imensa trama para a perpetua\u00e7\u00e3o de antigos e nefastos privil\u00e9gios, serve n\u00e3o s\u00f3 para ilustrar nosso drama secular, mas assegura que o nosso Pa\u00eds ter\u00e1 que renascer das cinzas, caso almeje algum futuro digno para as pr\u00f3ximas gera\u00e7\u00f5es.<\/p>\n<p>Sem d\u00favida, estamos assistindo os maiores e mais devastadores inc\u00eandios j\u00e1 ocorridos em nosso meio ambiente. Em muitos lugares, a fuma\u00e7a grossa e descontrolada afugentou o sol, com o dia virando noite. Um n\u00famero ainda incalcul\u00e1vel de plantas e animais foram dizimados. Os preju\u00edzos s\u00e3o irrepar\u00e1veis e poder\u00e3o levar s\u00e9culos para serem restaurados, se \u00e9 que teremos tanto tempo pela frente com essa voragem que nos consome por dentro e por fora.<\/p>\n<p>Por toda a parte, milh\u00f5es de hectares viram p\u00f3. Em Bras\u00edlia, somente at\u00e9 agora, mais de 10 mil hectares foram destru\u00eddos pelo fogo. Nas institui\u00e7\u00f5es, o fogo tamb\u00e9m segue alastrando. Depois da Lei de Abuso de Autoridade, votada \u00e0 toque de caixa no meio da noite, agora chega a vez da Lei que aumenta os recursos para as campanhas e que, de quebra, reduz a transpar\u00eancia partid\u00e1ria, impede a fiscaliza\u00e7\u00e3o, desvia recursos para outros fins, autoriza a contrata\u00e7\u00e3o de advogados, reduz o montante a ser bloqueado, libera o uso de verba para pagamento de san\u00e7\u00f5es, reintroduz as propagandas eleitoral entre outras manobras. No judici\u00e1rio ficam impedidas investiga\u00e7\u00f5es com dados do antigo COAF, do Banco Central e da Receita, fica impedido ainda investigar os Hackers criminosos, proibindo tamb\u00e9m cr\u00edticas e outras manifesta\u00e7\u00f5es contra os privil\u00e9gios e desmandos na justi\u00e7a.<\/p>\n<p>No Executivo prossegue a tutela do presidente pelos seus filhos. A Rep\u00fablica e o Estado ardem internamente \u00e0s escondidas. O restante do Brasil queima \u00e0 olhos vistos.<\/p>\n<p>&nbsp;<\/p>\n<p>&nbsp;<\/p>\n<p>&nbsp;<\/p>\n<p><strong>A frase que foi pronunciada:<\/strong><\/p>\n<p><em>\u201cE quando o circo pega fogo somos os animais na jaula, mas voc\u00ea s\u00f3 quer algod\u00e3o doce&#8230;\u201d<\/em><\/p>\n<p>Renato Russo, vocalista e fundador da banda de rock Legi\u00e3o Urbana<\/p>\n<p><iframe loading=\"lazy\" title=\"Legi\u00e3o Urbana - Nat\u00e1lia\" width=\"1333\" height=\"1000\" src=\"https:\/\/www.youtube.com\/embed\/TtCEo4dNB6w?feature=oembed\" frameborder=\"0\" allow=\"accelerometer; autoplay; clipboard-write; encrypted-media; gyroscope; picture-in-picture; web-share\" referrerpolicy=\"strict-origin-when-cross-origin\" allowfullscreen><\/iframe><\/p>\n<p>&nbsp;<\/p>\n<p>&nbsp;<\/p>\n<p><strong>Alegria<\/strong><\/p>\n<p>Bem diferente de quando competiu com o senador Calheiros, o presidente do Senado esteve no programa do Silvio Santos. Seu concorrente era o invenc\u00edvel Ratinho. Sem ter intimidade com o programa, e com os assuntos aleat\u00f3rios, o senador Alcolumbre perdeu sorrindo o tempo todo. O apresentador prometeu que, no pr\u00f3ximo domingo, a deputada Joice Hasselmann estar\u00e1 no palco. Ali\u00e1s, para pronunciar o nome da deputada, o Silvio Santos precisou ouvir o senador para conseguir fazer o an\u00fancio.<\/p>\n<p><iframe loading=\"lazy\" title=\"Jogo das 3 Pistas - Davi Alcolumbre X Ratinho | Programa Silvio Santos (15\/09\/19)\" width=\"1440\" height=\"810\" src=\"https:\/\/www.youtube.com\/embed\/V9F5rqx5YYY?feature=oembed\" frameborder=\"0\" allow=\"accelerometer; autoplay; clipboard-write; encrypted-media; gyroscope; picture-in-picture; web-share\" referrerpolicy=\"strict-origin-when-cross-origin\" allowfullscreen><\/iframe><\/p>\n<p>&nbsp;<\/p>\n<p>&nbsp;<\/p>\n<p><strong>S\u00f3 bloquear<\/strong><\/p>\n<p>Apesar da proibi\u00e7\u00e3o de invas\u00e3o de privacidade, a TIM insiste em ligar para os consumidores por um rob\u00f4 que dita ofertas. \u00c9 muito irritante!<\/p>\n<figure id=\"attachment_14914\" aria-describedby=\"caption-attachment-14914\" style=\"width: 548px\" class=\"wp-caption aligncenter\"><img loading=\"lazy\" decoding=\"async\" class=\" wp-image-14914\" src=\"https:\/\/blogs.correiobraziliense.com.br\/aricunha\/wp-content\/uploads\/sites\/13\/2019\/09\/tim1.jpg\" alt=\"\" width=\"548\" height=\"353\" srcset=\"https:\/\/blogs.correiobraziliense.com.br\/aricunha\/wp-content\/uploads\/sites\/13\/2019\/09\/tim1.jpg 620w, https:\/\/blogs.correiobraziliense.com.br\/aricunha\/wp-content\/uploads\/sites\/13\/2019\/09\/tim1-300x194.jpg 300w, https:\/\/blogs.correiobraziliense.com.br\/aricunha\/wp-content\/uploads\/sites\/13\/2019\/09\/tim1-350x226.jpg 350w, https:\/\/blogs.correiobraziliense.com.br\/aricunha\/wp-content\/uploads\/sites\/13\/2019\/09\/tim1-550x355.jpg 550w, https:\/\/blogs.correiobraziliense.com.br\/aricunha\/wp-content\/uploads\/sites\/13\/2019\/09\/tim1-230x148.jpg 230w\" sizes=\"auto, (max-width: 548px) 100vw, 548px\" \/><figcaption id=\"caption-attachment-14914\" class=\"wp-caption-text\">Foto: Divulga\u00e7\u00e3o<\/figcaption><\/figure>\n<p>&nbsp;<\/p>\n<p>&nbsp;<\/p>\n<p><strong>Desafio a encontrar<\/strong><\/p>\n<p>Alguma coisa a pol\u00edcia precisa fazer em rela\u00e7\u00e3o ao Parque da Cidade. O que n\u00e3o \u00e9 poss\u00edvel conceber \u00e9 que uma pessoa use a moto ou o carro para trabalhar e tenha o patrim\u00f4nio roubado no local. Funcion\u00e1rios do Parque da Cidade passam por isso constantemente. O \u00faltimo apelo foi sobre a moto Honda\/CG 160 Fan Esdi, preta, 2017, placa PAY-8594. A pol\u00edcia j\u00e1 tem todos os dados.<\/p>\n<figure id=\"attachment_14915\" aria-describedby=\"caption-attachment-14915\" style=\"width: 551px\" class=\"wp-caption aligncenter\"><img loading=\"lazy\" decoding=\"async\" class=\" wp-image-14915\" src=\"https:\/\/blogs.correiobraziliense.com.br\/aricunha\/wp-content\/uploads\/sites\/13\/2019\/09\/parque-da-cidade-1r-1-1-1-1.jpg\" alt=\"\" width=\"551\" height=\"345\" srcset=\"https:\/\/blogs.correiobraziliense.com.br\/aricunha\/wp-content\/uploads\/sites\/13\/2019\/09\/parque-da-cidade-1r-1-1-1-1.jpg 924w, https:\/\/blogs.correiobraziliense.com.br\/aricunha\/wp-content\/uploads\/sites\/13\/2019\/09\/parque-da-cidade-1r-1-1-1-1-300x188.jpg 300w, https:\/\/blogs.correiobraziliense.com.br\/aricunha\/wp-content\/uploads\/sites\/13\/2019\/09\/parque-da-cidade-1r-1-1-1-1-768x481.jpg 768w, https:\/\/blogs.correiobraziliense.com.br\/aricunha\/wp-content\/uploads\/sites\/13\/2019\/09\/parque-da-cidade-1r-1-1-1-1-350x219.jpg 350w, https:\/\/blogs.correiobraziliense.com.br\/aricunha\/wp-content\/uploads\/sites\/13\/2019\/09\/parque-da-cidade-1r-1-1-1-1-550x345.jpg 550w, https:\/\/blogs.correiobraziliense.com.br\/aricunha\/wp-content\/uploads\/sites\/13\/2019\/09\/parque-da-cidade-1r-1-1-1-1-230x144.jpg 230w\" sizes=\"auto, (max-width: 551px) 100vw, 551px\" \/><figcaption id=\"caption-attachment-14915\" class=\"wp-caption-text\">Foto: Raquel Morais\/G1<\/figcaption><\/figure>\n<p>&nbsp;<\/p>\n<p>&nbsp;<\/p>\n<p><strong>C\u00e3es e gatos<\/strong><\/p>\n<p>Segue, at\u00e9 o dia 21 de setembro, a vacina\u00e7\u00e3o de c\u00e3es e gatos no DF. A vacina\u00e7\u00e3o \u00e9 gratuita e a iniciativa \u00e9 excelente. S\u00f3 n\u00e3o \u00e9 certo conter o nome do governador Ibaneis e a fun\u00e7\u00e3o no cartaz de divulga\u00e7\u00e3o, mesmo que esteja em seu perfil oficial no Instagram.<\/p>\n<figure id=\"attachment_14916\" aria-describedby=\"caption-attachment-14916\" style=\"width: 384px\" class=\"wp-caption aligncenter\"><img loading=\"lazy\" decoding=\"async\" class=\" wp-image-14916\" src=\"https:\/\/blogs.correiobraziliense.com.br\/aricunha\/wp-content\/uploads\/sites\/13\/2019\/09\/C\u00e3o.jpg\" alt=\"\" width=\"384\" height=\"684\" srcset=\"https:\/\/blogs.correiobraziliense.com.br\/aricunha\/wp-content\/uploads\/sites\/13\/2019\/09\/C\u00e3o.jpg 303w, https:\/\/blogs.correiobraziliense.com.br\/aricunha\/wp-content\/uploads\/sites\/13\/2019\/09\/C\u00e3o-168x300.jpg 168w, https:\/\/blogs.correiobraziliense.com.br\/aricunha\/wp-content\/uploads\/sites\/13\/2019\/09\/C\u00e3o-196x350.jpg 196w, https:\/\/blogs.correiobraziliense.com.br\/aricunha\/wp-content\/uploads\/sites\/13\/2019\/09\/C\u00e3o-230x410.jpg 230w\" sizes=\"auto, (max-width: 384px) 100vw, 384px\" \/><figcaption id=\"caption-attachment-14916\" class=\"wp-caption-text\">Cartaz: perfil oficial do governador Ibaneis no Instagram<\/figcaption><\/figure>\n<p>&nbsp;<\/p>\n<p>&nbsp;<\/p>\n<p><strong>HIST\u00d3RIA DE BRAS\u00cdLIA <\/strong><\/p>\n<p>O dr. Israel est\u00e1 feliz. N\u00e3o precisa mais fazer aquela cara de bicho pap\u00e3o que ele fazia para os empreiteiros. A viagem maior que ele faz \u00e9 para Paracatu, ou para o Rio, para lhe esperar do exterior. <strong>(Publicado em 30\/11\/1961)<\/strong><\/p>\n","protected":false},"excerpt":{"rendered":"<p>VISTO, LIDO E OUVIDO, criada por Ari Cunha (In memoriam) Desde 1960, com Circe Cunha e Mamfil jornalistacircecunha@gmail.com Facebook.com\/vistolidoeouvido Instagram.com\/vistolidoeouvido &nbsp; F\u00f4ssemos escolher um emblema ou d\u00edstico que melhor conseguisse traduzir e representar o Brasil e sua capital, nesses \u00faltimos meses, com certeza a imagem do fogo seria a representa\u00e7\u00e3o que melhor sintetizaria o momento atual, tanto literalmente como de [&hellip;]<\/p>\n","protected":false},"author":34,"featured_media":0,"comment_status":"open","ping_status":"open","sticky":false,"template":"","format":"standard","meta":{"footnotes":""},"categories":[23],"tags":[114,68,2,69,16],"class_list":["post-14912","post","type-post","status-publish","format-standard","hentry","category-integra","tag-historiadebrasilia","tag-aricunha","tag-brasilia","tag-circecunha","tag-mamfil"],"_links":{"self":[{"href":"https:\/\/blogs.correiobraziliense.com.br\/aricunha\/wp-json\/wp\/v2\/posts\/14912","targetHints":{"allow":["GET"]}}],"collection":[{"href":"https:\/\/blogs.correiobraziliense.com.br\/aricunha\/wp-json\/wp\/v2\/posts"}],"about":[{"href":"https:\/\/blogs.correiobraziliense.com.br\/aricunha\/wp-json\/wp\/v2\/types\/post"}],"author":[{"embeddable":true,"href":"https:\/\/blogs.correiobraziliense.com.br\/aricunha\/wp-json\/wp\/v2\/users\/34"}],"replies":[{"embeddable":true,"href":"https:\/\/blogs.correiobraziliense.com.br\/aricunha\/wp-json\/wp\/v2\/comments?post=14912"}],"version-history":[{"count":3,"href":"https:\/\/blogs.correiobraziliense.com.br\/aricunha\/wp-json\/wp\/v2\/posts\/14912\/revisions"}],"predecessor-version":[{"id":14919,"href":"https:\/\/blogs.correiobraziliense.com.br\/aricunha\/wp-json\/wp\/v2\/posts\/14912\/revisions\/14919"}],"wp:attachment":[{"href":"https:\/\/blogs.correiobraziliense.com.br\/aricunha\/wp-json\/wp\/v2\/media?parent=14912"}],"wp:term":[{"taxonomy":"category","embeddable":true,"href":"https:\/\/blogs.correiobraziliense.com.br\/aricunha\/wp-json\/wp\/v2\/categories?post=14912"},{"taxonomy":"post_tag","embeddable":true,"href":"https:\/\/blogs.correiobraziliense.com.br\/aricunha\/wp-json\/wp\/v2\/tags?post=14912"}],"curies":[{"name":"wp","href":"https:\/\/api.w.org\/{rel}","templated":true}]}}