{"id":14880,"date":"2019-09-12T01:00:09","date_gmt":"2019-09-12T04:00:09","guid":{"rendered":"https:\/\/blogs.correiobraziliense.com.br\/aricunha\/?p=14880"},"modified":"2019-09-11T18:31:57","modified_gmt":"2019-09-11T21:31:57","slug":"os-correios-foram-lancados-no-precipicio-por-politicos","status":"publish","type":"post","link":"https:\/\/blogs.correiobraziliense.com.br\/aricunha\/os-correios-foram-lancados-no-precipicio-por-politicos\/","title":{"rendered":"Os Correios foram lan\u00e7ados no precip\u00edcio por pol\u00edticos"},"content":{"rendered":"<p>VISTO, LIDO E OUVIDO, criada por Ari Cunha (In memoriam)<\/p>\n<p>Desde 1960, com Circe Cunha e Mamfil<\/p>\n<p>jornalistacircecunha@gmail.com<\/p>\n<p>Facebook.com\/vistolidoeouvido<\/p>\n<p>Instagram.com\/vistolidoeouvido<\/p>\n<p>&nbsp;<\/p>\n<figure id=\"attachment_14885\" aria-describedby=\"caption-attachment-14885\" style=\"width: 645px\" class=\"wp-caption aligncenter\"><img loading=\"lazy\" decoding=\"async\" class=\" wp-image-14885\" src=\"https:\/\/blogs.correiobraziliense.com.br\/aricunha\/wp-content\/uploads\/sites\/13\/2019\/09\/correios.jpg\" alt=\"\" width=\"645\" height=\"379\" srcset=\"https:\/\/blogs.correiobraziliense.com.br\/aricunha\/wp-content\/uploads\/sites\/13\/2019\/09\/correios.jpg 567w, https:\/\/blogs.correiobraziliense.com.br\/aricunha\/wp-content\/uploads\/sites\/13\/2019\/09\/correios-300x176.jpg 300w, https:\/\/blogs.correiobraziliense.com.br\/aricunha\/wp-content\/uploads\/sites\/13\/2019\/09\/correios-350x206.jpg 350w, https:\/\/blogs.correiobraziliense.com.br\/aricunha\/wp-content\/uploads\/sites\/13\/2019\/09\/correios-550x323.jpg 550w, https:\/\/blogs.correiobraziliense.com.br\/aricunha\/wp-content\/uploads\/sites\/13\/2019\/09\/correios-230x135.jpg 230w\" sizes=\"auto, (max-width: 645px) 100vw, 645px\" \/><figcaption id=\"caption-attachment-14885\" class=\"wp-caption-text\">Foto: L.C. Leite\/Folhapress<\/figcaption><\/figure>\n<p>Aqueles que se dispuserem a seguir as muitas pistas que conduzem ao instante inicial em que a Empresa Brasileira de Correios e Tel\u00e9grafos come\u00e7ou a despencar num abismo, ter\u00e3o que recuar a junho de 2005, quando eclodiu, no Legislativo, o esc\u00e2ndalo que levava o nome dessa institui\u00e7\u00e3o e que deflagraria tamb\u00e9m a forma\u00e7\u00e3o da Comiss\u00e3o Parlamentar de Inqu\u00e9rito, intitulada CPI dos Correios.<\/p>\n<p>\u00c9 justamente nessa encruzilhada sinistra, e que quase levou ao impeachment do ent\u00e3o presidente Lula, que tem in\u00edcio a derrocada daquela que j\u00e1 foi uma das maiores e mais eficientes empresas p\u00fablicas do Pa\u00eds, detentora do Selo de Qualidade, admirada por todos os brasileiros pela ampla cobertura de servi\u00e7os alcan\u00e7ada no imenso territ\u00f3rio nacional.<\/p>\n<p>Para dar conta de tamanha tarefa di\u00e1ria os Correios chegaram a contar com mais de 118 mil funcion\u00e1rios, que todos os dias iam aos mais long\u00ednquos e rec\u00f4nditos pontos do pa\u00eds entregando mensagens e encomendas em tempo e hora sempre com presteza e garantia.<\/p>\n<p>Foi naquela CPI, acompanhada, com suspense por toda a popula\u00e7\u00e3o, que teve in\u00edcio, n\u00e3o apenas a derrocada dessa grande empresa, mas revelou a todos, os m\u00e9todos usados pelo Partido do Trabalhadores para extorquir e depenar essa e outras estatais em prol de projeto de perpetua\u00e7\u00e3o no poder, atrav\u00e9s do enriquecimento dessa legenda e de seus dirigentes.<\/p>\n<p>Pela magnitude da rapinagem efetuada nessa empresa e pelas revela\u00e7\u00f5es no modus operandi do partido no poder naquele instante, pode a CPI instalada, chegar a um esquema, infinitamente maior e mais criminoso que foi a descoberta de que aquele partido estava, literalmente, comprando, de forma regular e cont\u00ednua parlamentares, transformando parte significativa dos congressistas em meras mercadorias precific\u00e1veis. \u00c9 nesse redemoinho, onde a \u00e9tica pol\u00edtica foi varrida pelo vento, que surgiria o esquema chamado Mensal\u00e3o e onde os Correios iniciaria sua descida ao inferno.<\/p>\n<p>Tivessem os parlamentares, naqueles momentos, hombridade e coragem c\u00edvica, teriam interrompido a continua\u00e7\u00e3o delitiva daqueles grupos, inclusive com o afastamento definitivo do chefe do Executivo, o que, sem d\u00favida alguma teria poupado os Correios e outras empresas nacionais da fal\u00eancia por m\u00e1 gest\u00e3o e principalmente por corrup\u00e7\u00e3o.<\/p>\n<p>Com a reelei\u00e7\u00e3o, aquele presidente acreditou ter recebido uma carta branca da popula\u00e7\u00e3o. N\u00e3o s\u00f3 prosseguiu na dilapida\u00e7\u00e3o dessa empresa, como mirou tamb\u00e9m em outras at\u00e9 mais rent\u00e1veis, como a Petrobras. O esquema criminoso foi aperfei\u00e7oado e mantido at\u00e9 as elei\u00e7\u00f5es de Dilma Rousseff.<\/p>\n<p>Com a chegada da primeira mulher \u00e0 presid\u00eancia da Rep\u00fablica, envolta numa falsa \u00e1urea de grande gestora, aprofundou-se ainda mais toda a maquinaria de assalto \u00e0s estatais, com os Correios sendo literalmente levados \u00e0 lona. Com a \u201cpresidenta\u201d, o volume de dinheiro advindo dos lucros da empresa foi praticamente, na totalidade, repassado ao Tesouro. A essa sangria, seguiu-se a destrui\u00e7\u00e3o do Fundo de Pens\u00e3o dos Correios, o Postalis. Sob seu comando, mais de R$ 6 bilh\u00f5es desse Fundo, viraram fuma\u00e7a, devido \u00e0 corrup\u00e7\u00e3o e m\u00e1 gest\u00e3o.<\/p>\n<p>Parte dessa fortuna que era propriedade dos trabalhadores da empresa, amealhada por anos a fio, foi usada para bancar campanhas pol\u00edticas. Outra parte foi aplicada propositadamente em papeis podres. Outra parte foi simplesmente roubada por gestores indicados pelo partido. O saldo de mais de uma d\u00e9cada dessa verdadeira razia sobre os Correios \u00e9 uma empresa falida, com milhares de empregos perdidos, greves constantes, como a deflagrada nessa ter\u00e7a-feira (10) e um futuro incerto entre a privatiza\u00e7\u00e3o e, quem sabe, um poss\u00edvel, mais duvidoso projeto de soerguimento da empresa.<\/p>\n<p>Na era em que se assiste a um verdadeiro boom no e-commerce, com a estrutura material e humana que ainda disp\u00f5em e com o monop\u00f3lio do setor de entregas, existe uma p\u00e1lida perspectiva de salvar essa que j\u00e1 foi uma das maiores e melhores empresas nessa \u00e1rea. Resta saber at\u00e9 que ponto o novo governo est\u00e1 disposto a investir nessa empreitada.<\/p>\n<p>&nbsp;<\/p>\n<p>&nbsp;<\/p>\n<p><strong>A frase que foi pronunciada:<\/strong><\/p>\n<p><em>\u201cDesde agosto de 2003, \u00e9 voz corrente em cada canto desta Casa que o senhor Del\u00fabio, com o conhecimento do senhor Jos\u00e9 Geno\u00edno, tendo como pombo-correio o senhor Marcos Val\u00e9rio [&#8230;], repassa dinheiro a partidos que comp\u00f5em a base de sustenta\u00e7\u00e3o do governo, num neg\u00f3cio chamado mensal\u00e3o.\u201d<\/em><\/p>\n<p>Roberto Jefferson,\u00a0 presidente nacional do PTB<\/p>\n<figure id=\"attachment_14882\" aria-describedby=\"caption-attachment-14882\" style=\"width: 554px\" class=\"wp-caption aligncenter\"><img loading=\"lazy\" decoding=\"async\" class=\" wp-image-14882\" src=\"https:\/\/blogs.correiobraziliense.com.br\/aricunha\/wp-content\/uploads\/sites\/13\/2019\/09\/IMG_5424-1-1024x668.jpg\" alt=\"\" width=\"554\" height=\"362\" srcset=\"https:\/\/blogs.correiobraziliense.com.br\/aricunha\/wp-content\/uploads\/sites\/13\/2019\/09\/IMG_5424-1-1024x668.jpg 1024w, https:\/\/blogs.correiobraziliense.com.br\/aricunha\/wp-content\/uploads\/sites\/13\/2019\/09\/IMG_5424-1-1024x668-300x196.jpg 300w, https:\/\/blogs.correiobraziliense.com.br\/aricunha\/wp-content\/uploads\/sites\/13\/2019\/09\/IMG_5424-1-1024x668-768x501.jpg 768w, https:\/\/blogs.correiobraziliense.com.br\/aricunha\/wp-content\/uploads\/sites\/13\/2019\/09\/IMG_5424-1-1024x668-350x228.jpg 350w, https:\/\/blogs.correiobraziliense.com.br\/aricunha\/wp-content\/uploads\/sites\/13\/2019\/09\/IMG_5424-1-1024x668-550x359.jpg 550w, https:\/\/blogs.correiobraziliense.com.br\/aricunha\/wp-content\/uploads\/sites\/13\/2019\/09\/IMG_5424-1-1024x668-230x150.jpg 230w\" sizes=\"auto, (max-width: 554px) 100vw, 554px\" \/><figcaption id=\"caption-attachment-14882\" class=\"wp-caption-text\">Foto: Felipe Menezes\/PTB Nacional<\/figcaption><\/figure>\n<p>&nbsp;<\/p>\n<p>&nbsp;<\/p>\n<p><strong>Reconstru\u00e7\u00e3o<\/strong><\/p>\n<p>Quando surge a possibilidade da volta da CPMF, o impacto na popula\u00e7\u00e3o parece ser diferente. A ira dos cidad\u00e3os \u00e9 pelos cofres arrebentados pelos governos anteriores. O que o brasileiro quer \u00e9 reconstruir o pr\u00f3prio pa\u00eds.<\/p>\n<p><img loading=\"lazy\" decoding=\"async\" class=\" wp-image-14883 aligncenter\" src=\"https:\/\/blogs.correiobraziliense.com.br\/aricunha\/wp-content\/uploads\/sites\/13\/2019\/09\/jair-bolsonaro-lembra-no-twitter-que-votou-contra-retorno-da-cpmf-1568224647346_v2_615x300.jpg\" alt=\"\" width=\"553\" height=\"270\" srcset=\"https:\/\/blogs.correiobraziliense.com.br\/aricunha\/wp-content\/uploads\/sites\/13\/2019\/09\/jair-bolsonaro-lembra-no-twitter-que-votou-contra-retorno-da-cpmf-1568224647346_v2_615x300.jpg 615w, https:\/\/blogs.correiobraziliense.com.br\/aricunha\/wp-content\/uploads\/sites\/13\/2019\/09\/jair-bolsonaro-lembra-no-twitter-que-votou-contra-retorno-da-cpmf-1568224647346_v2_615x300-300x146.jpg 300w, https:\/\/blogs.correiobraziliense.com.br\/aricunha\/wp-content\/uploads\/sites\/13\/2019\/09\/jair-bolsonaro-lembra-no-twitter-que-votou-contra-retorno-da-cpmf-1568224647346_v2_615x300-350x171.jpg 350w, https:\/\/blogs.correiobraziliense.com.br\/aricunha\/wp-content\/uploads\/sites\/13\/2019\/09\/jair-bolsonaro-lembra-no-twitter-que-votou-contra-retorno-da-cpmf-1568224647346_v2_615x300-550x268.jpg 550w, https:\/\/blogs.correiobraziliense.com.br\/aricunha\/wp-content\/uploads\/sites\/13\/2019\/09\/jair-bolsonaro-lembra-no-twitter-que-votou-contra-retorno-da-cpmf-1568224647346_v2_615x300-230x112.jpg 230w\" sizes=\"auto, (max-width: 553px) 100vw, 553px\" \/> <img loading=\"lazy\" decoding=\"async\" class=\" wp-image-14884 aligncenter\" src=\"https:\/\/blogs.correiobraziliense.com.br\/aricunha\/wp-content\/uploads\/sites\/13\/2019\/09\/print-cpmf-1.png\" alt=\"\" width=\"550\" height=\"366\" srcset=\"https:\/\/blogs.correiobraziliense.com.br\/aricunha\/wp-content\/uploads\/sites\/13\/2019\/09\/print-cpmf-1.png 412w, https:\/\/blogs.correiobraziliense.com.br\/aricunha\/wp-content\/uploads\/sites\/13\/2019\/09\/print-cpmf-1-300x200.png 300w, https:\/\/blogs.correiobraziliense.com.br\/aricunha\/wp-content\/uploads\/sites\/13\/2019\/09\/print-cpmf-1-350x234.png 350w, https:\/\/blogs.correiobraziliense.com.br\/aricunha\/wp-content\/uploads\/sites\/13\/2019\/09\/print-cpmf-1-230x154.png 230w\" sizes=\"auto, (max-width: 550px) 100vw, 550px\" \/><\/p>\n<p>&nbsp;<\/p>\n<p>&nbsp;<\/p>\n<p><strong>C\u00e9sar&amp;Deus<\/strong><\/p>\n<p>Recebemos, de um amigo da Alemanha, o recorte do Deutsche Welle com o registro da luta para impedir a instala\u00e7\u00e3o da Igreja Universal na pra\u00e7a Leopold, em Berlim. A prefeitura n\u00e3o compactua com a forma de arrecada\u00e7\u00e3o dos templos. O subprefeito do Mitte, Stephan von Dassel, do Partido Verde, tem receios com a falta de transpar\u00eancia na presta\u00e7\u00e3o de contas. A nota acrescenta informa\u00e7\u00f5es dadas sobre o assunto nessa coluna.<\/p>\n<figure id=\"attachment_14871\" aria-describedby=\"caption-attachment-14871\" style=\"width: 550px\" class=\"wp-caption aligncenter\"><img loading=\"lazy\" decoding=\"async\" class=\" wp-image-14871\" src=\"https:\/\/blogs.correiobraziliense.com.br\/aricunha\/wp-content\/uploads\/sites\/13\/2019\/09\/charge_igreja_universal_fausto.jpg\" alt=\"\" width=\"550\" height=\"415\" srcset=\"https:\/\/blogs.correiobraziliense.com.br\/aricunha\/wp-content\/uploads\/sites\/13\/2019\/09\/charge_igreja_universal_fausto.jpg 400w, https:\/\/blogs.correiobraziliense.com.br\/aricunha\/wp-content\/uploads\/sites\/13\/2019\/09\/charge_igreja_universal_fausto-300x227.jpg 300w, https:\/\/blogs.correiobraziliense.com.br\/aricunha\/wp-content\/uploads\/sites\/13\/2019\/09\/charge_igreja_universal_fausto-350x264.jpg 350w, https:\/\/blogs.correiobraziliense.com.br\/aricunha\/wp-content\/uploads\/sites\/13\/2019\/09\/charge_igreja_universal_fausto-230x174.jpg 230w\" sizes=\"auto, (max-width: 550px) 100vw, 550px\" \/><figcaption id=\"caption-attachment-14871\" class=\"wp-caption-text\">Charge: williameamigos.blogspot.com<\/figcaption><\/figure>\n<p>&nbsp;<\/p>\n<p>&nbsp;<\/p>\n<p><strong>HIST\u00d3RIA DE BRAS\u00cdLIA<\/strong><\/p>\n<p>O prefeito Sette C\u00e2mara est\u00e1 trabalhando por tr\u00eas, para \u201cdesenterrar\u201d as verbas. Est\u00e3o chamando-o de touro, porque sete vezes tr\u00eas s\u00e3o vinte e um, e quem \u00e9 brasileiro n\u00e3o esquece do jogo do bicho. <strong>(Publicado em 30\/11\/1961)<\/strong><\/p>\n","protected":false},"excerpt":{"rendered":"<p>VISTO, LIDO E OUVIDO, criada por Ari Cunha (In memoriam) Desde 1960, com Circe Cunha e Mamfil jornalistacircecunha@gmail.com Facebook.com\/vistolidoeouvido Instagram.com\/vistolidoeouvido &nbsp; Aqueles que se dispuserem a seguir as muitas pistas que conduzem ao instante inicial em que a Empresa Brasileira de Correios e Tel\u00e9grafos come\u00e7ou a despencar num abismo, ter\u00e3o que recuar a junho de 2005, quando eclodiu, no Legislativo, [&hellip;]<\/p>\n","protected":false},"author":34,"featured_media":14885,"comment_status":"open","ping_status":"open","sticky":false,"template":"","format":"standard","meta":{"footnotes":""},"categories":[23],"tags":[346,1783,114,1780,1781,1779,119,1782,68,2,69,16],"class_list":["post-14880","post","type-post","status-publish","format-standard","has-post-thumbnail","hentry","category-integra","tag-correios","tag-governodilmarousessef","tag-historiadebrasilia","tag-maprestacaodeservicopublico","tag-monopoliodoestado","tag-privatizacaodoscorreios","tag-pt","tag-quebradoscorreios","tag-aricunha","tag-brasilia","tag-circecunha","tag-mamfil"],"_links":{"self":[{"href":"https:\/\/blogs.correiobraziliense.com.br\/aricunha\/wp-json\/wp\/v2\/posts\/14880","targetHints":{"allow":["GET"]}}],"collection":[{"href":"https:\/\/blogs.correiobraziliense.com.br\/aricunha\/wp-json\/wp\/v2\/posts"}],"about":[{"href":"https:\/\/blogs.correiobraziliense.com.br\/aricunha\/wp-json\/wp\/v2\/types\/post"}],"author":[{"embeddable":true,"href":"https:\/\/blogs.correiobraziliense.com.br\/aricunha\/wp-json\/wp\/v2\/users\/34"}],"replies":[{"embeddable":true,"href":"https:\/\/blogs.correiobraziliense.com.br\/aricunha\/wp-json\/wp\/v2\/comments?post=14880"}],"version-history":[{"count":3,"href":"https:\/\/blogs.correiobraziliense.com.br\/aricunha\/wp-json\/wp\/v2\/posts\/14880\/revisions"}],"predecessor-version":[{"id":14887,"href":"https:\/\/blogs.correiobraziliense.com.br\/aricunha\/wp-json\/wp\/v2\/posts\/14880\/revisions\/14887"}],"wp:featuredmedia":[{"embeddable":true,"href":"https:\/\/blogs.correiobraziliense.com.br\/aricunha\/wp-json\/wp\/v2\/media\/14885"}],"wp:attachment":[{"href":"https:\/\/blogs.correiobraziliense.com.br\/aricunha\/wp-json\/wp\/v2\/media?parent=14880"}],"wp:term":[{"taxonomy":"category","embeddable":true,"href":"https:\/\/blogs.correiobraziliense.com.br\/aricunha\/wp-json\/wp\/v2\/categories?post=14880"},{"taxonomy":"post_tag","embeddable":true,"href":"https:\/\/blogs.correiobraziliense.com.br\/aricunha\/wp-json\/wp\/v2\/tags?post=14880"}],"curies":[{"name":"wp","href":"https:\/\/api.w.org\/{rel}","templated":true}]}}