{"id":14874,"date":"2019-09-11T00:00:31","date_gmt":"2019-09-11T03:00:31","guid":{"rendered":"https:\/\/blogs.correiobraziliense.com.br\/aricunha\/?p=14874"},"modified":"2019-09-11T00:13:44","modified_gmt":"2019-09-11T03:13:44","slug":"nosso-futuro-esta-na-linha-do-horizonte","status":"publish","type":"post","link":"https:\/\/blogs.correiobraziliense.com.br\/aricunha\/nosso-futuro-esta-na-linha-do-horizonte\/","title":{"rendered":"Nosso futuro est\u00e1 na linha do horizonte"},"content":{"rendered":"<p>VISTO, LIDO E OUVIDO, criada por Ari Cunha (In memoriam)<\/p>\n<p>Desde 1960, com Circe Cunha e Mamfil<\/p>\n<p>jornalistacircecunha@gmail.com<\/p>\n<p>Facebook.com\/vistolidoeouvido<\/p>\n<p>Instagram.com\/vistolidoeouvido<\/p>\n<p>&nbsp;<\/p>\n<figure id=\"attachment_14876\" aria-describedby=\"caption-attachment-14876\" style=\"width: 547px\" class=\"wp-caption aligncenter\"><img loading=\"lazy\" decoding=\"async\" class=\"size-full wp-image-14876\" src=\"https:\/\/blogs.correiobraziliense.com.br\/aricunha\/wp-content\/uploads\/sites\/13\/2019\/09\/DAILY.jpg\" alt=\"\" width=\"547\" height=\"409\" srcset=\"https:\/\/blogs.correiobraziliense.com.br\/aricunha\/wp-content\/uploads\/sites\/13\/2019\/09\/DAILY.jpg 547w, https:\/\/blogs.correiobraziliense.com.br\/aricunha\/wp-content\/uploads\/sites\/13\/2019\/09\/DAILY-300x224.jpg 300w, https:\/\/blogs.correiobraziliense.com.br\/aricunha\/wp-content\/uploads\/sites\/13\/2019\/09\/DAILY-350x262.jpg 350w, https:\/\/blogs.correiobraziliense.com.br\/aricunha\/wp-content\/uploads\/sites\/13\/2019\/09\/DAILY-230x172.jpg 230w\" sizes=\"auto, (max-width: 547px) 100vw, 547px\" \/><figcaption id=\"caption-attachment-14876\" class=\"wp-caption-text\">Cena do filme Le dictateur &#8211; La rencontre des deux dictateurs<\/figcaption><\/figure>\n<p>&nbsp;<\/p>\n<p>Definir o Brasil e sua gente em poucas palavras tem sido um exerc\u00edcio tentado por muitos, desde que por essas bandas a frota de Cabral aportou. Padre Ant\u00f4nio Vieira, definindo os homens que aqui viviam no s\u00e9culo XVII, dizia: \u201cCuidam da reputa\u00e7\u00e3o, mas n\u00e3o da consci\u00eancia.\u201d. J\u00e1 para o poeta Augusto dos Anjos, no s\u00e9culo XIX, a vis\u00e3o que possu\u00eda do Brasil era: \u201cO homem, que, nesta terra miser\u00e1vel, mora entre feras, sente inevit\u00e1vel necessidade de tamb\u00e9m ser fera.\u201d Na opini\u00e3o seca e direta do dramaturgo e jornalista Nelson Rodrigues, nosso pa\u00eds era assim descrito: No Brasil, quem n\u00e3o \u00e9 canalha na v\u00e9spera \u00e9 canalha no dia seguinte.\u201d Para o m\u00fasico Tom Jobim \u201co Brasil n\u00e3o \u00e9 para principiantes.\u201d O fil\u00f3sofo do Meyer, Millor Fernandes, dizia que \u201co Brasil est\u00e1 condenado \u00e0 esperan\u00e7a\u201d.<\/p>\n<p>Em comum, esses pensadores ilustres possu\u00edam uma vis\u00e3o, digamos, realista\/pessimista do Brasil, de sua gente e sobretudo de sua elite letrada, uma gente ego\u00edsta e, acima de tudo, ridiculamente vaidosa. Depois da Lei de Abuso de Autoridade, aprovada por um Congresso cheio de culpas e maus press\u00e1gios, parec\u00edamos ter atingido o fundo do po\u00e7o da ignom\u00ednia com esse projeto, mas como \u00e9 de costume, verificamos que esse \u201cfundo\u201d \u00e9 s\u00f3 mais uma etapa e o buraco sem fim.<\/p>\n<p>De fato, desde que vieram \u00e0 tona os mega esc\u00e2ndalos da Opera\u00e7\u00e3o Lava Jato, chegamos \u00e0 conclus\u00e3o de que somos realmente um pa\u00eds surreal em mat\u00e9ria de mis\u00e9ria humana, conforme tem demonstrado as investiga\u00e7\u00f5es da pol\u00edcia ao dissecar em p\u00fablico as entranhas de nossas elites dirigentes. Nesse pa\u00eds em eterna forma\u00e7\u00e3o, os \u00fanicos v\u00edcios que parecem fazer sombra \u00e0 cobi\u00e7a dessa gente s\u00e3o a vaidade e a arrog\u00e2ncia gigantes. Exemplo desse pecado capital pode ser encontrado em toda a parte, mesmo onde menos se espera.<\/p>\n<p>Projeto de Lei de autoria do deputado Carlos Bezerra (MDB-MT), feito de encomenda pela Ordem dos Advogados do Brasil (OAB), estabelece uma tal &#8220;norma sobre a posi\u00e7\u00e3o topogr\u00e1fica dos advogados nas audi\u00eancias de instru\u00e7\u00e3o e julgamento.&#8221; Em outras palavras, isso quer dizer que os advogados pleiteiam ficar situados, nas salas de audi\u00eancia, num mesmo plano ou n\u00edvel de import\u00e2ncia que os magistrados.<\/p>\n<p>Essa situa\u00e7\u00e3o, um tanto ex\u00f3tica, faz lembrar o filme O Grande Ditador, de 1940. Escrito e dirigido por Charles Chaplin, o filme retrata com humor \u00e1cido, o nazismo e o fascismo em pleno apogeu naquela \u00e9poca. Numa das cenas, Hynkel (Hitler) busca humilhar Napaloni, que seria Mussoline. Ao receb\u00ea-lo para uma conversa, aguardou que Napaloni se sentasse. Durante o encontro com o ditador alem\u00e3o em Roma, o visitante s\u00f3 podia sentar-se em uma cadeira muitos n\u00edveis abaixo, donde poderia Hynkel, de cima, olhar com maior autoridade. Guardadas as devidas propor\u00e7\u00f5es, o que vemos hoje \u00e9 a mesma vaidade desimportante.<\/p>\n<p>Assista \u00e0 cena em: <a href=\"https:\/\/www.dailymotion.com\/video\/x2o2232\">Le dictateur &#8211; La rencontre des deux dictateurs<\/a><\/p>\n<p>&nbsp;<\/p>\n<p>&nbsp;<\/p>\n<p>&nbsp;<\/p>\n<p>&nbsp;<\/p>\n<p><strong>A frase que foi pronunciada:<\/strong><\/p>\n<p><em>\u201cUma coisa \u00e9 estar dentro da lei, outra \u00e9 estar sob a lei. Os que est\u00e3o dentro da lei s\u00e3o livres, os outros s\u00e3o escravos.\u201d<\/em><\/p>\n<p>Santo Agostinho, um dos mais importantes te\u00f3logos e fil\u00f3sofos nos primeiros s\u00e9culos do cristianismo.<\/p>\n<figure id=\"attachment_14875\" aria-describedby=\"caption-attachment-14875\" style=\"width: 551px\" class=\"wp-caption aligncenter\"><img loading=\"lazy\" decoding=\"async\" class=\" wp-image-14875\" src=\"https:\/\/blogs.correiobraziliense.com.br\/aricunha\/wp-content\/uploads\/sites\/13\/2019\/09\/formacao_confira-algumas-frases-marcantes-de-santo-agostinho-1-1-1-1-1.jpg\" alt=\"\" width=\"551\" height=\"413\" srcset=\"https:\/\/blogs.correiobraziliense.com.br\/aricunha\/wp-content\/uploads\/sites\/13\/2019\/09\/formacao_confira-algumas-frases-marcantes-de-santo-agostinho-1-1-1-1-1.jpg 1600w, https:\/\/blogs.correiobraziliense.com.br\/aricunha\/wp-content\/uploads\/sites\/13\/2019\/09\/formacao_confira-algumas-frases-marcantes-de-santo-agostinho-1-1-1-1-1-300x225.jpg 300w, https:\/\/blogs.correiobraziliense.com.br\/aricunha\/wp-content\/uploads\/sites\/13\/2019\/09\/formacao_confira-algumas-frases-marcantes-de-santo-agostinho-1-1-1-1-1-768x576.jpg 768w, https:\/\/blogs.correiobraziliense.com.br\/aricunha\/wp-content\/uploads\/sites\/13\/2019\/09\/formacao_confira-algumas-frases-marcantes-de-santo-agostinho-1-1-1-1-1-1024x768.jpg 1024w, https:\/\/blogs.correiobraziliense.com.br\/aricunha\/wp-content\/uploads\/sites\/13\/2019\/09\/formacao_confira-algumas-frases-marcantes-de-santo-agostinho-1-1-1-1-1-350x263.jpg 350w, https:\/\/blogs.correiobraziliense.com.br\/aricunha\/wp-content\/uploads\/sites\/13\/2019\/09\/formacao_confira-algumas-frases-marcantes-de-santo-agostinho-1-1-1-1-1-1440x1080.jpg 1440w, https:\/\/blogs.correiobraziliense.com.br\/aricunha\/wp-content\/uploads\/sites\/13\/2019\/09\/formacao_confira-algumas-frases-marcantes-de-santo-agostinho-1-1-1-1-1-550x413.jpg 550w, https:\/\/blogs.correiobraziliense.com.br\/aricunha\/wp-content\/uploads\/sites\/13\/2019\/09\/formacao_confira-algumas-frases-marcantes-de-santo-agostinho-1-1-1-1-1-230x173.jpg 230w\" sizes=\"auto, (max-width: 551px) 100vw, 551px\" \/><figcaption id=\"caption-attachment-14875\" class=\"wp-caption-text\">Foto Ilustrativa: Philippe de Champaigne<\/figcaption><\/figure>\n<p>&nbsp;<\/p>\n<p>&nbsp;<\/p>\n<p><strong>Nova reforma<\/strong><\/p>\n<p>\u00c9 chegado o momento, com a reforma trabalhista, de se discutir a moderniza\u00e7\u00e3o dos sindicatos brasileiros \u00e0 luz do que vem sendo feito em outras partes do mundo, onde essas entidades j\u00e1 encontraram, nos valores democr\u00e1ticos universais, novas formas de organizar as classes trabalhadoras, libertas das ideologias partid\u00e1rias.<\/p>\n<figure id=\"attachment_10114\" aria-describedby=\"caption-attachment-10114\" style=\"width: 546px\" class=\"wp-caption aligncenter\"><img loading=\"lazy\" decoding=\"async\" class=\" wp-image-10114\" src=\"https:\/\/blogs.correiobraziliense.com.br\/aricunha\/wp-content\/uploads\/sites\/13\/2018\/03\/ReformaT-400x247.jpeg\" alt=\"\" width=\"546\" height=\"337\" srcset=\"https:\/\/blogs.correiobraziliense.com.br\/aricunha\/wp-content\/uploads\/sites\/13\/2018\/03\/ReformaT-400x247.jpeg 400w, https:\/\/blogs.correiobraziliense.com.br\/aricunha\/wp-content\/uploads\/sites\/13\/2018\/03\/ReformaT-400x247-300x185.jpeg 300w, https:\/\/blogs.correiobraziliense.com.br\/aricunha\/wp-content\/uploads\/sites\/13\/2018\/03\/ReformaT-400x247-350x216.jpeg 350w, https:\/\/blogs.correiobraziliense.com.br\/aricunha\/wp-content\/uploads\/sites\/13\/2018\/03\/ReformaT-400x247-230x142.jpeg 230w\" sizes=\"auto, (max-width: 546px) 100vw, 546px\" \/><figcaption id=\"caption-attachment-10114\" class=\"wp-caption-text\">Imagem: cqcs.com.br<\/figcaption><\/figure>\n<p>&nbsp;<\/p>\n<p>&nbsp;<\/p>\n<p><strong>Velha Bras\u00edlia<\/strong><\/p>\n<p>Quem viveu naquela Bras\u00edlia, onde todos se conheciam e eram solid\u00e1rios, desencanta ver as cenas de viol\u00eancia crescentemente veiculadas por todas as m\u00eddias. Houve tempo em que, por exemplo, o engenheiro Kleber Farias Pinto ia ao aeroporto apenas para dar carona para os rec\u00e9m-chegados \u00e0 capital. A solidariedade falava mais alto que a selvageria.<\/p>\n<p>&nbsp;<\/p>\n<p>&nbsp;<\/p>\n<p><strong>Educa\u00e7\u00e3o<\/strong><\/p>\n<p>Muita gente n\u00e3o sabe, mas o col\u00e9gio Militar Pedro II, coordenado pelos Bombeiros, \u00e9 aberto \u00e0 comunidade. A escola recebe crian\u00e7as a partir de 4 anos at\u00e9 o 3\u00ba ano do Ensino M\u00e9dio. Veja mais informa\u00e7\u00f5es no site: <a href=\"https:\/\/www.cmdpii.com.br\/index.php\">https:\/\/www.cmdpii.com.br\/index.php<\/a>.<\/p>\n<p><img loading=\"lazy\" decoding=\"async\" class=\"size-full wp-image-14878 aligncenter\" src=\"https:\/\/blogs.correiobraziliense.com.br\/aricunha\/wp-content\/uploads\/sites\/13\/2019\/09\/enem2019banner-1-1-1-1.png\" alt=\"\" width=\"1200\" height=\"300\" srcset=\"https:\/\/blogs.correiobraziliense.com.br\/aricunha\/wp-content\/uploads\/sites\/13\/2019\/09\/enem2019banner-1-1-1-1.png 1200w, https:\/\/blogs.correiobraziliense.com.br\/aricunha\/wp-content\/uploads\/sites\/13\/2019\/09\/enem2019banner-1-1-1-1-300x75.png 300w, https:\/\/blogs.correiobraziliense.com.br\/aricunha\/wp-content\/uploads\/sites\/13\/2019\/09\/enem2019banner-1-1-1-1-768x192.png 768w, https:\/\/blogs.correiobraziliense.com.br\/aricunha\/wp-content\/uploads\/sites\/13\/2019\/09\/enem2019banner-1-1-1-1-1024x256.png 1024w, https:\/\/blogs.correiobraziliense.com.br\/aricunha\/wp-content\/uploads\/sites\/13\/2019\/09\/enem2019banner-1-1-1-1-350x88.png 350w, https:\/\/blogs.correiobraziliense.com.br\/aricunha\/wp-content\/uploads\/sites\/13\/2019\/09\/enem2019banner-1-1-1-1-550x138.png 550w, https:\/\/blogs.correiobraziliense.com.br\/aricunha\/wp-content\/uploads\/sites\/13\/2019\/09\/enem2019banner-1-1-1-1-230x58.png 230w\" sizes=\"auto, (max-width: 1200px) 100vw, 1200px\" \/><\/p>\n<p>&nbsp;<\/p>\n<p>&nbsp;<\/p>\n<p><strong>Programa<\/strong><\/p>\n<p>Com entrada franca, hoje e amanh\u00e3 \u00e9 dia de concerto no audit\u00f3rio do Centro Cultural da ADUnB, \u00e0s 20h. A entrada \u00e9 gratuita. O convite \u00e9 da UnB, que recebe Coros convidados. A iniciativa \u00e9 uma parceria da UnB com o Coral Cantus Firmus, Grupos de Regentes de Coros de Bras\u00edlia e os participantes do I Encontro de maestros Brasil\/Argentina.<\/p>\n<p><img loading=\"lazy\" decoding=\"async\" class=\"size-full wp-image-14877 aligncenter\" src=\"https:\/\/blogs.correiobraziliense.com.br\/aricunha\/wp-content\/uploads\/sites\/13\/2019\/09\/WhatsApp-Image-2019-09-10-at-18.09.15.jpeg\" alt=\"\" width=\"593\" height=\"826\" srcset=\"https:\/\/blogs.correiobraziliense.com.br\/aricunha\/wp-content\/uploads\/sites\/13\/2019\/09\/WhatsApp-Image-2019-09-10-at-18.09.15.jpeg 593w, https:\/\/blogs.correiobraziliense.com.br\/aricunha\/wp-content\/uploads\/sites\/13\/2019\/09\/WhatsApp-Image-2019-09-10-at-18.09.15-215x300.jpeg 215w, https:\/\/blogs.correiobraziliense.com.br\/aricunha\/wp-content\/uploads\/sites\/13\/2019\/09\/WhatsApp-Image-2019-09-10-at-18.09.15-251x350.jpeg 251w, https:\/\/blogs.correiobraziliense.com.br\/aricunha\/wp-content\/uploads\/sites\/13\/2019\/09\/WhatsApp-Image-2019-09-10-at-18.09.15-550x766.jpeg 550w, https:\/\/blogs.correiobraziliense.com.br\/aricunha\/wp-content\/uploads\/sites\/13\/2019\/09\/WhatsApp-Image-2019-09-10-at-18.09.15-230x320.jpeg 230w\" sizes=\"auto, (max-width: 593px) 100vw, 593px\" \/><\/p>\n<p>&nbsp;<\/p>\n<p>&nbsp;<\/p>\n<p><strong>HIST\u00d3RIA DE BRAS\u00cdLIA<\/strong><\/p>\n<p>Hoje, muitas obras foram recome\u00e7adas. Vi outro dia dr. Vasco Viana de Andrade, e ele me disse que est\u00e1 mandando fazer cem quil\u00f4metros de cal\u00e7adas, e mais do que isto, de meio fio. <strong>(Publicado em 30\/11\/1961)<\/strong><\/p>\n","protected":false},"excerpt":{"rendered":"<p>VISTO, LIDO E OUVIDO, criada por Ari Cunha (In memoriam) Desde 1960, com Circe Cunha e Mamfil jornalistacircecunha@gmail.com Facebook.com\/vistolidoeouvido Instagram.com\/vistolidoeouvido &nbsp; &nbsp; Definir o Brasil e sua gente em poucas palavras tem sido um exerc\u00edcio tentado por muitos, desde que por essas bandas a frota de Cabral aportou. Padre Ant\u00f4nio Vieira, definindo os homens que aqui viviam no s\u00e9culo XVII, [&hellip;]<\/p>\n","protected":false},"author":34,"featured_media":14876,"comment_status":"open","ping_status":"open","sticky":false,"template":"","format":"standard","meta":{"footnotes":""},"categories":[23],"tags":[861,1307,287,114,1778,1636,509,288,626,68,2,69,16],"class_list":["post-14874","post","type-post","status-publish","format-standard","has-post-thumbnail","hentry","category-integra","tag-camaradosdeputados","tag-congressonacional","tag-corrupcao","tag-historiadebrasilia","tag-jeitinhobrasileiro","tag-leideabusodeautoridade","tag-oab","tag-politicosnobrasil","tag-senadofederal","tag-aricunha","tag-brasilia","tag-circecunha","tag-mamfil"],"_links":{"self":[{"href":"https:\/\/blogs.correiobraziliense.com.br\/aricunha\/wp-json\/wp\/v2\/posts\/14874","targetHints":{"allow":["GET"]}}],"collection":[{"href":"https:\/\/blogs.correiobraziliense.com.br\/aricunha\/wp-json\/wp\/v2\/posts"}],"about":[{"href":"https:\/\/blogs.correiobraziliense.com.br\/aricunha\/wp-json\/wp\/v2\/types\/post"}],"author":[{"embeddable":true,"href":"https:\/\/blogs.correiobraziliense.com.br\/aricunha\/wp-json\/wp\/v2\/users\/34"}],"replies":[{"embeddable":true,"href":"https:\/\/blogs.correiobraziliense.com.br\/aricunha\/wp-json\/wp\/v2\/comments?post=14874"}],"version-history":[{"count":1,"href":"https:\/\/blogs.correiobraziliense.com.br\/aricunha\/wp-json\/wp\/v2\/posts\/14874\/revisions"}],"predecessor-version":[{"id":14879,"href":"https:\/\/blogs.correiobraziliense.com.br\/aricunha\/wp-json\/wp\/v2\/posts\/14874\/revisions\/14879"}],"wp:featuredmedia":[{"embeddable":true,"href":"https:\/\/blogs.correiobraziliense.com.br\/aricunha\/wp-json\/wp\/v2\/media\/14876"}],"wp:attachment":[{"href":"https:\/\/blogs.correiobraziliense.com.br\/aricunha\/wp-json\/wp\/v2\/media?parent=14874"}],"wp:term":[{"taxonomy":"category","embeddable":true,"href":"https:\/\/blogs.correiobraziliense.com.br\/aricunha\/wp-json\/wp\/v2\/categories?post=14874"},{"taxonomy":"post_tag","embeddable":true,"href":"https:\/\/blogs.correiobraziliense.com.br\/aricunha\/wp-json\/wp\/v2\/tags?post=14874"}],"curies":[{"name":"wp","href":"https:\/\/api.w.org\/{rel}","templated":true}]}}