{"id":14850,"date":"2019-09-07T01:00:59","date_gmt":"2019-09-07T04:00:59","guid":{"rendered":"https:\/\/blogs.correiobraziliense.com.br\/aricunha\/?p=14850"},"modified":"2019-09-08T11:10:46","modified_gmt":"2019-09-08T14:10:46","slug":"o-estado-democratico-de-direito-e-o-ministerio-publico","status":"publish","type":"post","link":"https:\/\/blogs.correiobraziliense.com.br\/aricunha\/o-estado-democratico-de-direito-e-o-ministerio-publico\/","title":{"rendered":"O Estado Democr\u00e1tico de Direito e o Minist\u00e9rio P\u00fablico"},"content":{"rendered":"<p>VISTO, LIDO E OUVIDO, criada por Ari Cunha (In memoriam)<\/p>\n<p>Desde 1960, com Circe Cunha e Mamfil<\/p>\n<p>jornalistacircecunha@gmail.com<\/p>\n<p>Facebook.com\/vistolidoeouvido<\/p>\n<p>Instagram.com\/vistolidoeouvido<\/p>\n<p>&nbsp;<\/p>\n<figure id=\"attachment_14852\" aria-describedby=\"caption-attachment-14852\" style=\"width: 1000px\" class=\"wp-caption aligncenter\"><img loading=\"lazy\" decoding=\"async\" class=\"size-full wp-image-14852\" src=\"https:\/\/blogs.correiobraziliense.com.br\/aricunha\/wp-content\/uploads\/sites\/13\/2019\/09\/ministerio-publico-da-uniao-fara-concurso-para-analista-e-tecnico.jpg\" alt=\"\" width=\"1000\" height=\"349\" srcset=\"https:\/\/blogs.correiobraziliense.com.br\/aricunha\/wp-content\/uploads\/sites\/13\/2019\/09\/ministerio-publico-da-uniao-fara-concurso-para-analista-e-tecnico.jpg 1000w, https:\/\/blogs.correiobraziliense.com.br\/aricunha\/wp-content\/uploads\/sites\/13\/2019\/09\/ministerio-publico-da-uniao-fara-concurso-para-analista-e-tecnico-300x105.jpg 300w, https:\/\/blogs.correiobraziliense.com.br\/aricunha\/wp-content\/uploads\/sites\/13\/2019\/09\/ministerio-publico-da-uniao-fara-concurso-para-analista-e-tecnico-768x268.jpg 768w, https:\/\/blogs.correiobraziliense.com.br\/aricunha\/wp-content\/uploads\/sites\/13\/2019\/09\/ministerio-publico-da-uniao-fara-concurso-para-analista-e-tecnico-350x122.jpg 350w, https:\/\/blogs.correiobraziliense.com.br\/aricunha\/wp-content\/uploads\/sites\/13\/2019\/09\/ministerio-publico-da-uniao-fara-concurso-para-analista-e-tecnico-550x192.jpg 550w, https:\/\/blogs.correiobraziliense.com.br\/aricunha\/wp-content\/uploads\/sites\/13\/2019\/09\/ministerio-publico-da-uniao-fara-concurso-para-analista-e-tecnico-230x80.jpg 230w\" sizes=\"auto, (max-width: 1000px) 100vw, 1000px\" \/><figcaption id=\"caption-attachment-14852\" class=\"wp-caption-text\">Foto: MPU\/Divulga\u00e7\u00e3o<\/figcaption><\/figure>\n<p>&nbsp;<\/p>\n<p>Dos avan\u00e7os trazidos pela Constitui\u00e7\u00e3o de 1988 para a seguran\u00e7a e a consolida\u00e7\u00e3o definitiva da democracia no Brasil, nenhuma se compara em import\u00e2ncia ao novo desenho e ao papel institucional que seria atribu\u00eddo ao Minist\u00e9rio P\u00fablico.<\/p>\n<p>Com a nova Carta, o MP deixava de lado um longo passado em que sua atua\u00e7\u00e3o ficou direcionada e restrita \u00e0 \u00e1rea criminal, para assumir um protagonismo e uma responsabilidade direta com o Estado Democr\u00e1tico de Direito. Dessa forma, o MP passaria de xerife dos poderosos a um fiel zelador dos Poderes P\u00fablicos e dos Direitos Constitucionais, em defesa da ordem jur\u00eddica, do regime democr\u00e1tico e dos interesses sociais e individuais, conforme inauguraria, de forma revolucion\u00e1ria, a Carta Magna de 88.<\/p>\n<p>Sendo assim, o Minist\u00e9rio P\u00fablico passaria a ser o principal agente de defesa do regime democr\u00e1tico, assegurando aos cidad\u00e3os que as novas mudan\u00e7as no ordenamento jur\u00eddico do Estado seriam efetivamente aplicadas a todos indistintamente, tanto nos direitos como nos deveres.<\/p>\n<p>N\u00e3o surpreende, pois, que foi somente a partir da promulga\u00e7\u00e3o da Constitui\u00e7\u00e3o de 1988 que o Minist\u00e9rio P\u00fablico passou a ser conhecido e respeitado pela popula\u00e7\u00e3o, que via nessa nova institui\u00e7\u00e3o um exemplo na defesa do bem comum.<\/p>\n<p>Para desempenhar t\u00e3o relevante papel, em meio a um delicado jogo de interesses pol\u00edticos e sob um forte e secular lobby exercido pelas autoridades, acostumadas, desde sempre, a confundir as fronteiras entre o bem p\u00fablico e o privado, o novo Minist\u00e9rio P\u00fablico teve de se cercar de prote\u00e7\u00f5es e blindagens legais, at\u00e9 ent\u00e3o s\u00f3 conferidas e desfrutadas pelos poderosos de plant\u00e3o.<\/p>\n<p>N\u00e3o se tratava aqui de privil\u00e9gios e outras regalias odiosas, mas somente de garantias e salvaguardas legais que tornariam essa importante miss\u00e3o algo exequ\u00edvel. Exercer um novo, sens\u00edvel e at\u00e9 ent\u00e3o inusitado papel dentro da emperrada m\u00e1quina do Estado s\u00f3 foi poss\u00edvel gra\u00e7as a uma ampla independ\u00eancia funcional, administrativa e financeira dessa institui\u00e7\u00e3o assegurada por leis magnas claras e objetivas, conforme disposto no artigo 127, \u00a71\u00ba.<\/p>\n<p>Somente atrav\u00e9s dessa inteira liberdade de atua\u00e7\u00e3o, livres de press\u00f5es superiores e em observ\u00e2ncia restrita ao que ordena a Constitui\u00e7\u00e3o \u00e9 que foi poss\u00edvel a consolida\u00e7\u00e3o desse verdadeiro agente dos direitos democr\u00e1ticos. N\u00e3o \u00e9 por outra raz\u00e3o tamb\u00e9m que foi somente a partir da atua\u00e7\u00e3o do Minist\u00e9rio P\u00fablico que a sociedade passou a assistir algo at\u00e9 ent\u00e3o impens\u00e1vel que era a investiga\u00e7\u00e3o, condena\u00e7\u00e3o de pris\u00e3o de autoridades nos altos escal\u00f5es do governo. A intocabilidade e o poder de influ\u00eancia que exerciam viraram fuma\u00e7a com a ascens\u00e3o de um novo protagonista dentro da Rep\u00fablica.<\/p>\n<p>De fato, falar em democracia plena, sem a atua\u00e7\u00e3o independente de uma institui\u00e7\u00e3o como o atual Minist\u00e9rio P\u00fablico, seria apenas letra morta. Assim \u00e9 que foi somente com a promulga\u00e7\u00e3o da nova Carta, concedendo n\u00e3o apenas os fins, mas os meios legais a esse agente renovado, que foi poss\u00edvel tocar adiante o ambicioso projeto de redemocratiza\u00e7\u00e3o do pa\u00eds, dentro de princ\u00edpios absolutamente modernos e justos que iriam permitir n\u00e3o s\u00f3 a sua consolida\u00e7\u00e3o, mas sobretudo sua perpetua\u00e7\u00e3o.<\/p>\n<p>&nbsp;<\/p>\n<p>&nbsp;<\/p>\n<p>&nbsp;<\/p>\n<p><strong>A frase que foi pronunciada:<\/strong><\/p>\n<p><em>\u201cHoje \u00e9 meu anivers\u00e1rio.\u201d<\/em><\/p>\n<p>Presidente Jair Bolsonaro, ao comemorar a vit\u00f3ria de ter sobrevivido ao ataque em Juiz de Fora. Lembrou tamb\u00e9m de agradecer a todos os funcion\u00e1rios da Santa Casa.<\/p>\n<p>https:\/\/www.youtube.com\/watch?v=Onuw1v7GIpE<\/p>\n<p>&nbsp;<\/p>\n<p>&nbsp;<\/p>\n<p><strong>Super poderes<\/strong><\/p>\n<p>Parecia o saudoso Ulisses Guimar\u00e3es com tanto poder. O senador Tasso Jereissati estava na 52\u00aa reuni\u00e3o da Comiss\u00e3o de Constitui\u00e7\u00e3o, Justi\u00e7a e Cidadania como presidente, relator e consultor.<\/p>\n<figure id=\"attachment_14854\" aria-describedby=\"caption-attachment-14854\" style=\"width: 551px\" class=\"wp-caption aligncenter\"><img loading=\"lazy\" decoding=\"async\" class=\" wp-image-14854\" src=\"https:\/\/blogs.correiobraziliense.com.br\/aricunha\/wp-content\/uploads\/sites\/13\/2019\/09\/35152_2_EL.jpg\" alt=\"\" width=\"551\" height=\"286\" srcset=\"https:\/\/blogs.correiobraziliense.com.br\/aricunha\/wp-content\/uploads\/sites\/13\/2019\/09\/35152_2_EL.jpg 770w, https:\/\/blogs.correiobraziliense.com.br\/aricunha\/wp-content\/uploads\/sites\/13\/2019\/09\/35152_2_EL-300x156.jpg 300w, https:\/\/blogs.correiobraziliense.com.br\/aricunha\/wp-content\/uploads\/sites\/13\/2019\/09\/35152_2_EL-768x399.jpg 768w, https:\/\/blogs.correiobraziliense.com.br\/aricunha\/wp-content\/uploads\/sites\/13\/2019\/09\/35152_2_EL-350x182.jpg 350w, https:\/\/blogs.correiobraziliense.com.br\/aricunha\/wp-content\/uploads\/sites\/13\/2019\/09\/35152_2_EL-550x286.jpg 550w, https:\/\/blogs.correiobraziliense.com.br\/aricunha\/wp-content\/uploads\/sites\/13\/2019\/09\/35152_2_EL-230x119.jpg 230w\" sizes=\"auto, (max-width: 551px) 100vw, 551px\" \/><figcaption id=\"caption-attachment-14854\" class=\"wp-caption-text\">Foto: Pedro Fran\u00e7a\/Ag\u00eancia Senado<\/figcaption><\/figure>\n<p>&nbsp;<\/p>\n<p>&nbsp;<\/p>\n<p><strong>Emo\u00e7\u00e3o<\/strong><\/p>\n<p>Hoje quem carrega o Fogo Simb\u00f3lico da P\u00e1tria no desfile da P\u00e1tria \u00e9 o atleta Altobeli Santos da Silva, terceiro sargento da Marinha e medalhista de ouro nos Jogos Pan-Americanos de Lima.<\/p>\n<figure id=\"attachment_14855\" aria-describedby=\"caption-attachment-14855\" style=\"width: 548px\" class=\"wp-caption aligncenter\"><img loading=\"lazy\" decoding=\"async\" class=\" wp-image-14855\" src=\"https:\/\/blogs.correiobraziliense.com.br\/aricunha\/wp-content\/uploads\/sites\/13\/2019\/09\/image-1.jpg\" alt=\"\" width=\"548\" height=\"365\" srcset=\"https:\/\/blogs.correiobraziliense.com.br\/aricunha\/wp-content\/uploads\/sites\/13\/2019\/09\/image-1.jpg 1130w, https:\/\/blogs.correiobraziliense.com.br\/aricunha\/wp-content\/uploads\/sites\/13\/2019\/09\/image-1-300x200.jpg 300w, https:\/\/blogs.correiobraziliense.com.br\/aricunha\/wp-content\/uploads\/sites\/13\/2019\/09\/image-1-768x512.jpg 768w, https:\/\/blogs.correiobraziliense.com.br\/aricunha\/wp-content\/uploads\/sites\/13\/2019\/09\/image-1-1024x682.jpg 1024w, https:\/\/blogs.correiobraziliense.com.br\/aricunha\/wp-content\/uploads\/sites\/13\/2019\/09\/image-1-350x233.jpg 350w, https:\/\/blogs.correiobraziliense.com.br\/aricunha\/wp-content\/uploads\/sites\/13\/2019\/09\/image-1-550x367.jpg 550w, https:\/\/blogs.correiobraziliense.com.br\/aricunha\/wp-content\/uploads\/sites\/13\/2019\/09\/image-1-230x153.jpg 230w\" sizes=\"auto, (max-width: 548px) 100vw, 548px\" \/><figcaption id=\"caption-attachment-14855\" class=\"wp-caption-text\">Foto: Abelardo Mendes Jr.\/rededoesporte.gov.br<\/figcaption><\/figure>\n<p>&nbsp;<\/p>\n<p>&nbsp;<\/p>\n<p><strong>Alv\u00edssaras<\/strong><\/p>\n<p>Pela primeira vez, um presidente do Banco Central cogita tomar uma iniciativa que claramente defende o consumidor. O presidente do Banco Central (BC), Roberto Campos Neto, afirmou no jornal Valor Econ\u00f4mico que h\u00e1 estudos para diminuir os juros do cheque especial e da modalidade rotativa do cart\u00e3o de cr\u00e9dito.<\/p>\n<figure id=\"attachment_14856\" aria-describedby=\"caption-attachment-14856\" style=\"width: 551px\" class=\"wp-caption aligncenter\"><img loading=\"lazy\" decoding=\"async\" class=\" wp-image-14856\" src=\"https:\/\/blogs.correiobraziliense.com.br\/aricunha\/wp-content\/uploads\/sites\/13\/2019\/09\/32925_2_EL.jpg\" alt=\"\" width=\"551\" height=\"286\" srcset=\"https:\/\/blogs.correiobraziliense.com.br\/aricunha\/wp-content\/uploads\/sites\/13\/2019\/09\/32925_2_EL.jpg 770w, https:\/\/blogs.correiobraziliense.com.br\/aricunha\/wp-content\/uploads\/sites\/13\/2019\/09\/32925_2_EL-300x156.jpg 300w, https:\/\/blogs.correiobraziliense.com.br\/aricunha\/wp-content\/uploads\/sites\/13\/2019\/09\/32925_2_EL-768x399.jpg 768w, https:\/\/blogs.correiobraziliense.com.br\/aricunha\/wp-content\/uploads\/sites\/13\/2019\/09\/32925_2_EL-350x182.jpg 350w, https:\/\/blogs.correiobraziliense.com.br\/aricunha\/wp-content\/uploads\/sites\/13\/2019\/09\/32925_2_EL-550x286.jpg 550w, https:\/\/blogs.correiobraziliense.com.br\/aricunha\/wp-content\/uploads\/sites\/13\/2019\/09\/32925_2_EL-230x119.jpg 230w\" sizes=\"auto, (max-width: 551px) 100vw, 551px\" \/><figcaption id=\"caption-attachment-14856\" class=\"wp-caption-text\">Foto: Marcos C\u00f4rrea\/PR<\/figcaption><\/figure>\n<p>&nbsp;<\/p>\n<p>&nbsp;<\/p>\n<p><strong>Hoje<\/strong><\/p>\n<p>Para apreciar o Concerto da Orquestra Sinf\u00f4nica de Bras\u00edlia (sem o Teatro Nacional Claudio Santoro), basta levar um brinquedo ou livro e entregar na Biblioteca Nacional.<\/p>\n<figure id=\"attachment_14857\" aria-describedby=\"caption-attachment-14857\" style=\"width: 548px\" class=\"wp-caption aligncenter\"><img loading=\"lazy\" decoding=\"async\" class=\" wp-image-14857\" src=\"https:\/\/blogs.correiobraziliense.com.br\/aricunha\/wp-content\/uploads\/sites\/13\/2019\/09\/70363125_2388938514547680_312706535778156544_n-1.png\" alt=\"\" width=\"548\" height=\"548\" srcset=\"https:\/\/blogs.correiobraziliense.com.br\/aricunha\/wp-content\/uploads\/sites\/13\/2019\/09\/70363125_2388938514547680_312706535778156544_n-1.png 960w, https:\/\/blogs.correiobraziliense.com.br\/aricunha\/wp-content\/uploads\/sites\/13\/2019\/09\/70363125_2388938514547680_312706535778156544_n-1-150x150.png 150w, https:\/\/blogs.correiobraziliense.com.br\/aricunha\/wp-content\/uploads\/sites\/13\/2019\/09\/70363125_2388938514547680_312706535778156544_n-1-300x300.png 300w, https:\/\/blogs.correiobraziliense.com.br\/aricunha\/wp-content\/uploads\/sites\/13\/2019\/09\/70363125_2388938514547680_312706535778156544_n-1-768x768.png 768w, https:\/\/blogs.correiobraziliense.com.br\/aricunha\/wp-content\/uploads\/sites\/13\/2019\/09\/70363125_2388938514547680_312706535778156544_n-1-350x350.png 350w, https:\/\/blogs.correiobraziliense.com.br\/aricunha\/wp-content\/uploads\/sites\/13\/2019\/09\/70363125_2388938514547680_312706535778156544_n-1-550x550.png 550w, https:\/\/blogs.correiobraziliense.com.br\/aricunha\/wp-content\/uploads\/sites\/13\/2019\/09\/70363125_2388938514547680_312706535778156544_n-1-230x230.png 230w\" sizes=\"auto, (max-width: 548px) 100vw, 548px\" \/><figcaption id=\"caption-attachment-14857\" class=\"wp-caption-text\">Cartaz:\u00a0facebook.com\/sececdf<\/figcaption><\/figure>\n<p>&nbsp;<\/p>\n<p>&nbsp;<\/p>\n<p><strong>HIST\u00d3RIA DE BRAS\u00cdLIA<\/strong><\/p>\n<p>Doutor Juscelino, cada vez que o senhor volta de uma viagem, eu me sinto no dever de apresentar um pequeno relat\u00f3rio, e, por isto, pe\u00e7o licen\u00e7a para desejar que o senhor viaje menos. <strong>(Publicado em 30\/11\/1961)<\/strong><\/p>\n","protected":false},"excerpt":{"rendered":"<p>VISTO, LIDO E OUVIDO, criada por Ari Cunha (In memoriam) Desde 1960, com Circe Cunha e Mamfil jornalistacircecunha@gmail.com Facebook.com\/vistolidoeouvido Instagram.com\/vistolidoeouvido &nbsp; &nbsp; Dos avan\u00e7os trazidos pela Constitui\u00e7\u00e3o de 1988 para a seguran\u00e7a e a consolida\u00e7\u00e3o definitiva da democracia no Brasil, nenhuma se compara em import\u00e2ncia ao novo desenho e ao papel institucional que seria atribu\u00eddo ao Minist\u00e9rio P\u00fablico. Com a [&hellip;]<\/p>\n","protected":false},"author":34,"featured_media":14852,"comment_status":"open","ping_status":"open","sticky":false,"template":"","format":"standard","meta":{"footnotes":""},"categories":[23],"tags":[1770,265,114,1769,68,2,69,16],"class_list":["post-14850","post","type-post","status-publish","format-standard","has-post-thumbnail","hentry","category-integra","tag-3poderesnobrasil","tag-constituicaofederalde1988","tag-historiadebrasilia","tag-ministeriopublicodauniao","tag-aricunha","tag-brasilia","tag-circecunha","tag-mamfil"],"_links":{"self":[{"href":"https:\/\/blogs.correiobraziliense.com.br\/aricunha\/wp-json\/wp\/v2\/posts\/14850","targetHints":{"allow":["GET"]}}],"collection":[{"href":"https:\/\/blogs.correiobraziliense.com.br\/aricunha\/wp-json\/wp\/v2\/posts"}],"about":[{"href":"https:\/\/blogs.correiobraziliense.com.br\/aricunha\/wp-json\/wp\/v2\/types\/post"}],"author":[{"embeddable":true,"href":"https:\/\/blogs.correiobraziliense.com.br\/aricunha\/wp-json\/wp\/v2\/users\/34"}],"replies":[{"embeddable":true,"href":"https:\/\/blogs.correiobraziliense.com.br\/aricunha\/wp-json\/wp\/v2\/comments?post=14850"}],"version-history":[{"count":4,"href":"https:\/\/blogs.correiobraziliense.com.br\/aricunha\/wp-json\/wp\/v2\/posts\/14850\/revisions"}],"predecessor-version":[{"id":14864,"href":"https:\/\/blogs.correiobraziliense.com.br\/aricunha\/wp-json\/wp\/v2\/posts\/14850\/revisions\/14864"}],"wp:featuredmedia":[{"embeddable":true,"href":"https:\/\/blogs.correiobraziliense.com.br\/aricunha\/wp-json\/wp\/v2\/media\/14852"}],"wp:attachment":[{"href":"https:\/\/blogs.correiobraziliense.com.br\/aricunha\/wp-json\/wp\/v2\/media?parent=14850"}],"wp:term":[{"taxonomy":"category","embeddable":true,"href":"https:\/\/blogs.correiobraziliense.com.br\/aricunha\/wp-json\/wp\/v2\/categories?post=14850"},{"taxonomy":"post_tag","embeddable":true,"href":"https:\/\/blogs.correiobraziliense.com.br\/aricunha\/wp-json\/wp\/v2\/tags?post=14850"}],"curies":[{"name":"wp","href":"https:\/\/api.w.org\/{rel}","templated":true}]}}