{"id":14825,"date":"2019-09-04T01:00:08","date_gmt":"2019-09-04T04:00:08","guid":{"rendered":"https:\/\/blogs.correiobraziliense.com.br\/aricunha\/?p=14825"},"modified":"2019-09-03T18:05:48","modified_gmt":"2019-09-03T21:05:48","slug":"amazonia-ditara-o-futuro-o-governo","status":"publish","type":"post","link":"https:\/\/blogs.correiobraziliense.com.br\/aricunha\/amazonia-ditara-o-futuro-o-governo\/","title":{"rendered":"Amaz\u00f4nia ditar\u00e1 o futuro o governo"},"content":{"rendered":"<p>VISTO, LIDO E OUVIDO, criada por Ari Cunha (In memoriam)<\/p>\n<p>Desde 1960, com Circe Cunha e Mamfil<\/p>\n<p>jornalistacircecunha@gmail.com<\/p>\n<p>Facebook.com\/vistolidoeouvido<\/p>\n<p>Instagram.com\/vistolidoeouvido<\/p>\n<p>&nbsp;<\/p>\n<figure id=\"attachment_14826\" aria-describedby=\"caption-attachment-14826\" style=\"width: 699px\" class=\"wp-caption aligncenter\"><img loading=\"lazy\" decoding=\"async\" class=\" wp-image-14826\" src=\"https:\/\/blogs.correiobraziliense.com.br\/aricunha\/wp-content\/uploads\/sites\/13\/2019\/09\/TA.jpg\" alt=\"\" width=\"699\" height=\"391\" srcset=\"https:\/\/blogs.correiobraziliense.com.br\/aricunha\/wp-content\/uploads\/sites\/13\/2019\/09\/TA.jpg 787w, https:\/\/blogs.correiobraziliense.com.br\/aricunha\/wp-content\/uploads\/sites\/13\/2019\/09\/TA-300x168.jpg 300w, https:\/\/blogs.correiobraziliense.com.br\/aricunha\/wp-content\/uploads\/sites\/13\/2019\/09\/TA-768x429.jpg 768w, https:\/\/blogs.correiobraziliense.com.br\/aricunha\/wp-content\/uploads\/sites\/13\/2019\/09\/TA-350x196.jpg 350w, https:\/\/blogs.correiobraziliense.com.br\/aricunha\/wp-content\/uploads\/sites\/13\/2019\/09\/TA-550x307.jpg 550w, https:\/\/blogs.correiobraziliense.com.br\/aricunha\/wp-content\/uploads\/sites\/13\/2019\/09\/TA-230x129.jpg 230w\" sizes=\"auto, (max-width: 699px) 100vw, 699px\" \/><figcaption id=\"caption-attachment-14826\" class=\"wp-caption-text\">Foto: conhecimentocientifico.r7<\/figcaption><\/figure>\n<p>&nbsp;<\/p>\n<p>Por certo, a calamidade que se abate hoje sobre a regi\u00e3o amaz\u00f4nica, com queimadas monstruosas, com a derrubada sistem\u00e1tica de \u00e1rvores raras e centen\u00e1rias para formar pastos e com a a\u00e7\u00e3o criminosa de centenas de madeireiras clandestinas ali instaladas, agindo livremente em todo esse grande territ\u00f3rio, n\u00e3o pode ser debitada exclusivamente ao governo de Jair Bolsonaro que est\u00e1 no poder h\u00e1 pouco mais de oito meses.<\/p>\n<p>Trata-se de um problema que vem num crescendo desde os anos 70, principalmente a partir da decis\u00e3o tomada pelos militares para ocupar estrategicamente aquele enorme espa\u00e7o. Anteriormente, nos anos 60, a constru\u00e7\u00e3o da rodovia diagonal BR-364, que pretendeu unir a parte Norte do Brasil ao restante do pa\u00eds, foi seguida por povoamento escasso nos estados de Rond\u00f4nia e Acre. Posteriormente, entre os anos de 1969 e 1974, foi constru\u00edda, em parte, a rodovia BR-230, tamb\u00e9m conhecida como transamaz\u00f4nica, com uma extens\u00e3o de 5.662 quil\u00f4metros.<\/p>\n<p>Com a abertura parcial dessas duas importantes vias de liga\u00e7\u00e3o, a regi\u00e3o amaz\u00f4nica foi sendo efetivamente ocupada por brasileiros vindos de todas as partes do pa\u00eds, em busca de oportunidades e de terras baratas. Como sempre, a falta de um planejamento s\u00e9rio, meticuloso e sist\u00eamico, que obedecesse e respeitasse as caracter\u00edsticas peculiares daquele delicado ecossistema, fez com o que seria uma ocupa\u00e7\u00e3o necess\u00e1ria, dentro do velho esp\u00edrito da uti possidetis, se transformasse numa invas\u00e3o do tipo predat\u00f3ria. Pior, a essa ocupa\u00e7\u00e3o desordenada, vieram se juntar, al\u00e9m de brasileiros movidos de boas inten\u00e7\u00f5es, forasteiros de todo o tipo, ONGs interesseiras, miss\u00f5es religiosas marotas, estrangeiros gananciosos e todo o tipo de piratas que passaram a agir no contrabando de esp\u00e9cies vegetais e animais nativos, al\u00e9m das madeireiras multinacionais, dos garimpeiros aventureiros daqui e d\u2019al\u00e9m mar e de uma infinidade de outros criminosos que agiam livremente numa vasta regi\u00e3o com vigil\u00e2ncia e controle, ignorados pelas autoridades.<\/p>\n<p>Durante d\u00e9cadas, o restante do pa\u00eds ignoraria aquela regi\u00e3o. Mesmo os pol\u00edticos locais, cuja parte significativa tamb\u00e9m lucrava com aqueles malfeitos, contribu\u00edram, ao seu modo, para transformar as riquezas naturais daquela regi\u00e3o em lucros da noite para o dia.<\/p>\n<p>Programas como a Sudam e outros do g\u00eanero auxiliavam mais as lideran\u00e7as locais do que a popula\u00e7\u00e3o propriamente dita. \u00c9 nesse inferno verde de ilicitudes em que se transformou a Amaz\u00f4nia, e em que as popula\u00e7\u00f5es de baixa renda permanecem ainda entregues \u00e0 pr\u00f3pria sorte, que o presidente Bolsonaro v\u00ea agora arder em chamas em seu pr\u00f3prio colo.<\/p>\n<p>Embora n\u00e3o se possa culpar o atual governo por essa situa\u00e7\u00e3o, mesmo ap\u00f3s declara\u00e7\u00f5es desastradas, cabe exclusivamente ao presidente da Rep\u00fablica, Jair Bolsonaro, encontrar uma solu\u00e7\u00e3o racional, vi\u00e1vel ambientalmente, para esse que \u00e9 hoje o maior problema nacional do momento.<\/p>\n<p>Pudesse o presidente Bolsonaro empenhar todos os seus esfor\u00e7os apenas na resolu\u00e7\u00e3o dessa quest\u00e3o, j\u00e1 teria valido todo o seu governo. O pa\u00eds e o mundo inteiro est\u00e3o de olho nesse problema, o que equivale a dizer que est\u00e3o de olho na capacidade administrativa do atual governo e em como ser\u00e3o protegidas nossas riquezas. Isso pode significar um futuro, n\u00e3o apenas para o governo, mas, principalmente, para o Brasil e para as futuras gera\u00e7\u00f5es do planeta.<\/p>\n<p>&nbsp;<\/p>\n<p>&nbsp;<\/p>\n<p>&nbsp;<\/p>\n<p><strong>A frase que foi pronunciada:<\/strong><\/p>\n<p><em>\u201cComo \u00e9 poss\u00edvel que o sofrimento que n\u00e3o \u00e9 meu nem da minha preocupa\u00e7\u00e3o me afete imediatamente como se fosse meu, e com tanta for\u00e7a que me leve \u00e0 a\u00e7\u00e3o? \u201d <\/em><\/p>\n<p>Arthur Schopenhauer, fil\u00f3sofo alem\u00e3o do s\u00e9culo XIX.<\/p>\n<figure id=\"attachment_14453\" aria-describedby=\"caption-attachment-14453\" style=\"width: 403px\" class=\"wp-caption aligncenter\"><img loading=\"lazy\" decoding=\"async\" class=\" wp-image-14453\" src=\"https:\/\/blogs.correiobraziliense.com.br\/aricunha\/wp-content\/uploads\/sites\/13\/2019\/07\/Arthur-Schopenhauer.jpg\" alt=\"\" width=\"403\" height=\"481\" srcset=\"https:\/\/blogs.correiobraziliense.com.br\/aricunha\/wp-content\/uploads\/sites\/13\/2019\/07\/Arthur-Schopenhauer.jpg 300w, https:\/\/blogs.correiobraziliense.com.br\/aricunha\/wp-content\/uploads\/sites\/13\/2019\/07\/Arthur-Schopenhauer-251x300.jpg 251w, https:\/\/blogs.correiobraziliense.com.br\/aricunha\/wp-content\/uploads\/sites\/13\/2019\/07\/Arthur-Schopenhauer-293x350.jpg 293w, https:\/\/blogs.correiobraziliense.com.br\/aricunha\/wp-content\/uploads\/sites\/13\/2019\/07\/Arthur-Schopenhauer-230x274.jpg 230w\" sizes=\"auto, (max-width: 403px) 100vw, 403px\" \/><figcaption id=\"caption-attachment-14453\" class=\"wp-caption-text\">Arthur Schopenhauer. Pintura de Jules Luntesch\u00fctz, 1855.<\/figcaption><\/figure>\n<p>&nbsp;<\/p>\n<p>&nbsp;<\/p>\n<p><strong>Venha!<\/strong><\/p>\n<p>Pelo presidente Bolsonaro, a Ancine deveria estar em Bras\u00edlia. Wilson Witzel pediu que relevasse. Mas o volume de den\u00fancias parece estimular um novo come\u00e7o. Al\u00e9m disso, Bras\u00edlia tenta ter um Polo de Cinema que at\u00e9 hoje n\u00e3o aconteceu com a intensidade esperada pela popula\u00e7\u00e3o.<\/p>\n<figure id=\"attachment_14827\" aria-describedby=\"caption-attachment-14827\" style=\"width: 548px\" class=\"wp-caption aligncenter\"><img loading=\"lazy\" decoding=\"async\" class=\" wp-image-14827\" src=\"https:\/\/blogs.correiobraziliense.com.br\/aricunha\/wp-content\/uploads\/sites\/13\/2019\/09\/201907221235322594.jpg\" alt=\"\" width=\"548\" height=\"365\" srcset=\"https:\/\/blogs.correiobraziliense.com.br\/aricunha\/wp-content\/uploads\/sites\/13\/2019\/09\/201907221235322594.jpg 940w, https:\/\/blogs.correiobraziliense.com.br\/aricunha\/wp-content\/uploads\/sites\/13\/2019\/09\/201907221235322594-300x200.jpg 300w, https:\/\/blogs.correiobraziliense.com.br\/aricunha\/wp-content\/uploads\/sites\/13\/2019\/09\/201907221235322594-768x512.jpg 768w, https:\/\/blogs.correiobraziliense.com.br\/aricunha\/wp-content\/uploads\/sites\/13\/2019\/09\/201907221235322594-350x233.jpg 350w, https:\/\/blogs.correiobraziliense.com.br\/aricunha\/wp-content\/uploads\/sites\/13\/2019\/09\/201907221235322594-550x367.jpg 550w, https:\/\/blogs.correiobraziliense.com.br\/aricunha\/wp-content\/uploads\/sites\/13\/2019\/09\/201907221235322594-230x153.jpg 230w\" sizes=\"auto, (max-width: 548px) 100vw, 548px\" \/><figcaption id=\"caption-attachment-14827\" class=\"wp-caption-text\">Foto: Jose Lucena \/ Futura Press<\/figcaption><\/figure>\n<p>&nbsp;<\/p>\n<p>&nbsp;<\/p>\n<p><strong>Abre<\/strong><\/p>\n<p>Por falar no governador Wilson Witzel, um dos maiores problemas enfrentados no Rio de Janeiro \u00e9 a repress\u00e3o \u00e0s mil\u00edcias. Em uma esp\u00e9cie de estado paralelo, cobram por prote\u00e7\u00e3o, ganham com as gambiarras, prov\u00e9m \u00e1gua e g\u00e1s para a popula\u00e7\u00e3o. Como S\u00e3o Paulo e Rio v\u00e3o na comiss\u00e3o de frente em rela\u00e7\u00e3o \u00e0 Bras\u00edlia, \u00e9 bom ficar de olho para cortar o mal pela raiz.<\/p>\n<figure id=\"attachment_14828\" aria-describedby=\"caption-attachment-14828\" style=\"width: 549px\" class=\"wp-caption aligncenter\"><img loading=\"lazy\" decoding=\"async\" class=\" wp-image-14828\" src=\"https:\/\/blogs.correiobraziliense.com.br\/aricunha\/wp-content\/uploads\/sites\/13\/2019\/09\/pipoca-popica.jpg\" alt=\"\" width=\"549\" height=\"345\" srcset=\"https:\/\/blogs.correiobraziliense.com.br\/aricunha\/wp-content\/uploads\/sites\/13\/2019\/09\/pipoca-popica.jpg 650w, https:\/\/blogs.correiobraziliense.com.br\/aricunha\/wp-content\/uploads\/sites\/13\/2019\/09\/pipoca-popica-300x189.jpg 300w, https:\/\/blogs.correiobraziliense.com.br\/aricunha\/wp-content\/uploads\/sites\/13\/2019\/09\/pipoca-popica-350x220.jpg 350w, https:\/\/blogs.correiobraziliense.com.br\/aricunha\/wp-content\/uploads\/sites\/13\/2019\/09\/pipoca-popica-550x346.jpg 550w, https:\/\/blogs.correiobraziliense.com.br\/aricunha\/wp-content\/uploads\/sites\/13\/2019\/09\/pipoca-popica-230x145.jpg 230w\" sizes=\"auto, (max-width: 549px) 100vw, 549px\" \/><figcaption id=\"caption-attachment-14828\" class=\"wp-caption-text\">Charge: Nani Humor<\/figcaption><\/figure>\n<p>&nbsp;<\/p>\n<p>&nbsp;<\/p>\n<p><strong>Gest\u00e3o urgente!<\/strong><\/p>\n<p>Um paciente foi encaminhado ao Posto de Sa\u00fade da 314 Norte. Buscava uma psic\u00f3loga. Meses depois da consulta marcada, acordou cedo e chegou pontualmente no hor\u00e1rio estipulado, 8h. Apesar de marcarem a hora, o atendimento \u00e9 por ordem de chegada. Certo de que iria falar com a psic\u00f3loga, viu que as 20 pessoas que estavam na frente iriam ser atendidas numa sala de reuni\u00e3o. Nutricionista, psic\u00f3logo, fisioterapeuta e assistente social atendem todos ao mesmo tempo. Quest\u00e3o gerencial totalmente descabida. Bonita nos livros, mas longe de uma solu\u00e7\u00e3o, na pr\u00e1tica. Leia a hist\u00f3ria de Bras\u00edlia, registrada por Ari Cunha logo abaixo. Foi escrita h\u00e1 58 anos, em rela\u00e7\u00e3o \u00e0 Sa\u00fade aqui na capital nada mudou.<\/p>\n<p>&nbsp;<\/p>\n<p>&nbsp;<\/p>\n<p>&nbsp;<\/p>\n<p><strong>HIST\u00d3RIA DE BRAS\u00cdLIA<\/strong><\/p>\n<p>Assistir socialmente a uma pessoa n\u00e3o \u00e9 fazer caridade. \u00c9 respeitar essa pessoa, \u00e9 renovar a autoconfian\u00e7a, \u00e9 faz\u00ea-la crer em si, dando trabalho, dando oportunidade de produzir, de ser \u00fatil \u00e0 sociedade. <strong>(Publicado em 29\/11\/1961)<\/strong><\/p>\n","protected":false},"excerpt":{"rendered":"<p>VISTO, LIDO E OUVIDO, criada por Ari Cunha (In memoriam) Desde 1960, com Circe Cunha e Mamfil jornalistacircecunha@gmail.com Facebook.com\/vistolidoeouvido Instagram.com\/vistolidoeouvido &nbsp; &nbsp; Por certo, a calamidade que se abate hoje sobre a regi\u00e3o amaz\u00f4nica, com queimadas monstruosas, com a derrubada sistem\u00e1tica de \u00e1rvores raras e centen\u00e1rias para formar pastos e com a a\u00e7\u00e3o criminosa de centenas de madeireiras clandestinas ali [&hellip;]<\/p>\n","protected":false},"author":34,"featured_media":14826,"comment_status":"open","ping_status":"open","sticky":false,"template":"","format":"standard","meta":{"footnotes":""},"categories":[23],"tags":[1737,1235,114,1573,1738,68,2,69,16],"class_list":["post-14825","post","type-post","status-publish","format-standard","has-post-thumbnail","hentry","category-integra","tag-amazonia","tag-governobolsonaro","tag-historiadebrasilia","tag-ministeriodaagriculturaemeioambiente","tag-queimadasnaamazonia","tag-aricunha","tag-brasilia","tag-circecunha","tag-mamfil"],"_links":{"self":[{"href":"https:\/\/blogs.correiobraziliense.com.br\/aricunha\/wp-json\/wp\/v2\/posts\/14825","targetHints":{"allow":["GET"]}}],"collection":[{"href":"https:\/\/blogs.correiobraziliense.com.br\/aricunha\/wp-json\/wp\/v2\/posts"}],"about":[{"href":"https:\/\/blogs.correiobraziliense.com.br\/aricunha\/wp-json\/wp\/v2\/types\/post"}],"author":[{"embeddable":true,"href":"https:\/\/blogs.correiobraziliense.com.br\/aricunha\/wp-json\/wp\/v2\/users\/34"}],"replies":[{"embeddable":true,"href":"https:\/\/blogs.correiobraziliense.com.br\/aricunha\/wp-json\/wp\/v2\/comments?post=14825"}],"version-history":[{"count":1,"href":"https:\/\/blogs.correiobraziliense.com.br\/aricunha\/wp-json\/wp\/v2\/posts\/14825\/revisions"}],"predecessor-version":[{"id":14829,"href":"https:\/\/blogs.correiobraziliense.com.br\/aricunha\/wp-json\/wp\/v2\/posts\/14825\/revisions\/14829"}],"wp:featuredmedia":[{"embeddable":true,"href":"https:\/\/blogs.correiobraziliense.com.br\/aricunha\/wp-json\/wp\/v2\/media\/14826"}],"wp:attachment":[{"href":"https:\/\/blogs.correiobraziliense.com.br\/aricunha\/wp-json\/wp\/v2\/media?parent=14825"}],"wp:term":[{"taxonomy":"category","embeddable":true,"href":"https:\/\/blogs.correiobraziliense.com.br\/aricunha\/wp-json\/wp\/v2\/categories?post=14825"},{"taxonomy":"post_tag","embeddable":true,"href":"https:\/\/blogs.correiobraziliense.com.br\/aricunha\/wp-json\/wp\/v2\/tags?post=14825"}],"curies":[{"name":"wp","href":"https:\/\/api.w.org\/{rel}","templated":true}]}}