{"id":14814,"date":"2019-09-03T00:30:48","date_gmt":"2019-09-03T03:30:48","guid":{"rendered":"https:\/\/blogs.correiobraziliense.com.br\/aricunha\/?p=14814"},"modified":"2019-09-03T00:38:25","modified_gmt":"2019-09-03T03:38:25","slug":"brasilia-assustadora-a-luz-da-lua","status":"publish","type":"post","link":"https:\/\/blogs.correiobraziliense.com.br\/aricunha\/brasilia-assustadora-a-luz-da-lua\/","title":{"rendered":"Bras\u00edlia, assustadora \u00e0 luz da lua"},"content":{"rendered":"<p>VISTO, LIDO E OUVIDO, criada por Ari Cunha (In memoriam)<\/p>\n<p>Desde 1960, com Circe Cunha e Mamfil<\/p>\n<p>jornalistacircecunha@gmail.com<\/p>\n<p>Facebook.com\/vistolidoeouvido<\/p>\n<p>Instagram.com\/vistolidoeouvido<\/p>\n<p>&nbsp;<\/p>\n<figure id=\"attachment_14823\" aria-describedby=\"caption-attachment-14823\" style=\"width: 675px\" class=\"wp-caption aligncenter\"><img loading=\"lazy\" decoding=\"async\" class=\"size-full wp-image-14823\" src=\"https:\/\/blogs.correiobraziliense.com.br\/aricunha\/wp-content\/uploads\/sites\/13\/2019\/09\/20170930223207704289i.jpg\" alt=\"\" width=\"675\" height=\"450\" srcset=\"https:\/\/blogs.correiobraziliense.com.br\/aricunha\/wp-content\/uploads\/sites\/13\/2019\/09\/20170930223207704289i.jpg 675w, https:\/\/blogs.correiobraziliense.com.br\/aricunha\/wp-content\/uploads\/sites\/13\/2019\/09\/20170930223207704289i-300x200.jpg 300w, https:\/\/blogs.correiobraziliense.com.br\/aricunha\/wp-content\/uploads\/sites\/13\/2019\/09\/20170930223207704289i-350x233.jpg 350w, https:\/\/blogs.correiobraziliense.com.br\/aricunha\/wp-content\/uploads\/sites\/13\/2019\/09\/20170930223207704289i-550x367.jpg 550w, https:\/\/blogs.correiobraziliense.com.br\/aricunha\/wp-content\/uploads\/sites\/13\/2019\/09\/20170930223207704289i-230x153.jpg 230w\" sizes=\"auto, (max-width: 675px) 100vw, 675px\" \/><figcaption id=\"caption-attachment-14823\" class=\"wp-caption-text\">Foto: Ed Alves\/CB\/D.A Press<\/figcaption><\/figure>\n<p>&nbsp;<\/p>\n<p>Quando a noite chega e a escurid\u00e3o toma conta de tudo, \u00e1reas consideradas nobres ficam entregues a grupos de marginais que perambulam de um lado para o outro em busca de oportunidades. Quem circula pelos principais pontos tur\u00edsticos da capital, ou por suas \u00e1reas centrais, constata n\u00e3o s\u00f3 o abandono dessas \u00e1reas pelo poder p\u00fablico, mas os perigos que correm os transeuntes displicentes por conta do grande n\u00famero de pessoas desocupadas, inclusive muitos menores, que ficam nessas regi\u00f5es consumindo drogas, praticando pequenos delitos e abordando de forma agressiva os passantes. O policiamento \u00e9 escasso e normalmente feito por viaturas que circulam a ermo, cumprindo uma rotina meramente burocr\u00e1tica e que n\u00e3o chega a inibir a a\u00e7\u00e3o desses desocupados not\u00edvagos.<\/p>\n<p>Antigamente, quando as cadeias das cidades n\u00e3o eram t\u00e3o lotadas, a pris\u00e3o por vadiagem ocorria com mais frequ\u00eancia e, a n\u00e3o ser por um b\u00eabado ou um outro bo\u00eamio, a cidade e seus habitantes dormiam em paz. Hoje, circular \u00e0 noite por muitas \u00e1reas do centro da cidade, num raio de aproximadamente 5 cinco quil\u00f4metros em torno da Rodovi\u00e1ria do Plano Piloto, \u00e9 correr s\u00e9rios riscos, inclusive de morte.<\/p>\n<p>O ciclo vicioso que come\u00e7a pelo abandono de algumas \u00e1reas centrais da cidade pelo poder p\u00fablico e que culmina na tomada desses lugares por desocupados e criminosos de todo o tipo, ao afastar as pessoas, desvalorizam essas regi\u00f5es, trazendo preju\u00edzos para o com\u00e9rcio e para a arrecada\u00e7\u00e3o de tributos.<\/p>\n<p>O toque de recolher imposto aos cidad\u00e3os de bem, criando, dentro da pr\u00f3pria capital, regi\u00f5es dominadas pelo poder paralelo ao Estado, demonstra, de forma clara, que essa j\u00e1 \u00e9 uma situa\u00e7\u00e3o que o poder p\u00fablico parece ter perdido todo o controle. Quem vive pr\u00f3ximo a essas regi\u00f5es, se v\u00ea obrigado a mudar a rotina, evitando certas \u00e1reas, n\u00e3o saindo \u00e0 noite e n\u00e3o circulando desacompanhado. A falta de seguran\u00e7a, aliada \u00e0 deprecia\u00e7\u00e3o de muitos im\u00f3veis, por conta da crise econ\u00f4mica, ao envelhecer precocemente a capital, desestimula investidores, afugenta consumidores, criando um ambiente de decad\u00eancia acelerada que vai se estendendo inclusive para outras regi\u00f5es, contaminando todo o conjunto urbano.<\/p>\n<p>Muitos brasilienses v\u00e3o se dando conta de que os altos custos para viverem pr\u00f3ximos \u00e0s \u00e1reas centrais da capital j\u00e1 n\u00e3o compensam. Os valores exorbitantes de impostos como o IPTU, taxas de ilumina\u00e7\u00e3o e de limpeza p\u00fablica, de condom\u00ednios, somados \u00e0 cobran\u00e7a de \u00e1gua, luz, transporte, e de outros servi\u00e7os, simplesmente se perdem na inefic\u00e1cia e na inexist\u00eancia de retorno em servi\u00e7os desses tributos para os cidad\u00e3os.<\/p>\n<p>Ao avan\u00e7o da decad\u00eancia precoce e da tomada dessas regi\u00f5es nobres e centrais da cidade por desocupados e marginais, o jeito, adotado por muitos, \u00e9 empreender um recuo t\u00e1tico para outros s\u00edtios mais seguros, de prefer\u00eancia para bem distante, inclusive do Brasil.<\/p>\n<p>&nbsp;<\/p>\n<p>&nbsp;<\/p>\n<p>&nbsp;<\/p>\n<p><strong>A frase que foi pronunciada:<\/strong><\/p>\n<p>\u201cSe a vida come\u00e7a aos 40, por que nascemos com tanta anteced\u00eancia? \u201d<\/p>\n<p>Mafalda<\/p>\n<figure id=\"attachment_12324\" aria-describedby=\"caption-attachment-12324\" style=\"width: 548px\" class=\"wp-caption aligncenter\"><img loading=\"lazy\" decoding=\"async\" class=\" wp-image-12324\" src=\"https:\/\/blogs.correiobraziliense.com.br\/aricunha\/wp-content\/uploads\/sites\/13\/2018\/10\/16416123_s3QIB.jpeg\" alt=\"\" width=\"548\" height=\"331\" srcset=\"https:\/\/blogs.correiobraziliense.com.br\/aricunha\/wp-content\/uploads\/sites\/13\/2018\/10\/16416123_s3QIB.jpeg 500w, https:\/\/blogs.correiobraziliense.com.br\/aricunha\/wp-content\/uploads\/sites\/13\/2018\/10\/16416123_s3QIB-300x181.jpeg 300w, https:\/\/blogs.correiobraziliense.com.br\/aricunha\/wp-content\/uploads\/sites\/13\/2018\/10\/16416123_s3QIB-350x211.jpeg 350w, https:\/\/blogs.correiobraziliense.com.br\/aricunha\/wp-content\/uploads\/sites\/13\/2018\/10\/16416123_s3QIB-230x139.jpeg 230w\" sizes=\"auto, (max-width: 548px) 100vw, 548px\" \/><figcaption id=\"caption-attachment-12324\" class=\"wp-caption-text\">Mafalda, Quino<\/figcaption><\/figure>\n<p>&nbsp;<\/p>\n<p>&nbsp;<\/p>\n<p><strong>Onde h\u00e1 fuma\u00e7a<\/strong><\/p>\n<p>Lix\u00f5es no DF nascem com o trabalho de catadores. Alguns queimam pneus, outros queimam o que n\u00e3o for recicl\u00e1vel. Ali\u00e1s, a fuma\u00e7a das queimadas \u00e9 o que marca o in\u00edcio da constru\u00e7\u00e3o dos barracos em volta do lixo. V\u00e1rias fotos nos foram enviadas pela leitora Maria Luiza Nogueira. Lix\u00e3o clandestino entre a Candangol\u00e2ndia e o Guar\u00e1; acima da UPA do N\u00facleo Bandeirante e no Setor de clubes sul. Veja a seguir.<\/p>\n<p><img loading=\"lazy\" decoding=\"async\" class=\"wp-image-14820 aligncenter\" src=\"https:\/\/blogs.correiobraziliense.com.br\/aricunha\/wp-content\/uploads\/sites\/13\/2019\/09\/1-1-1.jpg\" alt=\"\" width=\"549\" height=\"549\" srcset=\"https:\/\/blogs.correiobraziliense.com.br\/aricunha\/wp-content\/uploads\/sites\/13\/2019\/09\/1-1-1.jpg 1080w, https:\/\/blogs.correiobraziliense.com.br\/aricunha\/wp-content\/uploads\/sites\/13\/2019\/09\/1-1-1-150x150.jpg 150w, https:\/\/blogs.correiobraziliense.com.br\/aricunha\/wp-content\/uploads\/sites\/13\/2019\/09\/1-1-1-300x300.jpg 300w, https:\/\/blogs.correiobraziliense.com.br\/aricunha\/wp-content\/uploads\/sites\/13\/2019\/09\/1-1-1-768x768.jpg 768w, https:\/\/blogs.correiobraziliense.com.br\/aricunha\/wp-content\/uploads\/sites\/13\/2019\/09\/1-1-1-1024x1024.jpg 1024w, https:\/\/blogs.correiobraziliense.com.br\/aricunha\/wp-content\/uploads\/sites\/13\/2019\/09\/1-1-1-350x350.jpg 350w, https:\/\/blogs.correiobraziliense.com.br\/aricunha\/wp-content\/uploads\/sites\/13\/2019\/09\/1-1-1-550x550.jpg 550w, https:\/\/blogs.correiobraziliense.com.br\/aricunha\/wp-content\/uploads\/sites\/13\/2019\/09\/1-1-1-230x230.jpg 230w\" sizes=\"auto, (max-width: 549px) 100vw, 549px\" \/><\/p>\n<p><img loading=\"lazy\" decoding=\"async\" class=\"wp-image-14821 aligncenter\" src=\"https:\/\/blogs.correiobraziliense.com.br\/aricunha\/wp-content\/uploads\/sites\/13\/2019\/09\/2.jpg\" alt=\"\" width=\"548\" height=\"548\" srcset=\"https:\/\/blogs.correiobraziliense.com.br\/aricunha\/wp-content\/uploads\/sites\/13\/2019\/09\/2.jpg 1080w, https:\/\/blogs.correiobraziliense.com.br\/aricunha\/wp-content\/uploads\/sites\/13\/2019\/09\/2-150x150.jpg 150w, https:\/\/blogs.correiobraziliense.com.br\/aricunha\/wp-content\/uploads\/sites\/13\/2019\/09\/2-300x300.jpg 300w, https:\/\/blogs.correiobraziliense.com.br\/aricunha\/wp-content\/uploads\/sites\/13\/2019\/09\/2-768x768.jpg 768w, https:\/\/blogs.correiobraziliense.com.br\/aricunha\/wp-content\/uploads\/sites\/13\/2019\/09\/2-1024x1024.jpg 1024w, https:\/\/blogs.correiobraziliense.com.br\/aricunha\/wp-content\/uploads\/sites\/13\/2019\/09\/2-350x350.jpg 350w, https:\/\/blogs.correiobraziliense.com.br\/aricunha\/wp-content\/uploads\/sites\/13\/2019\/09\/2-550x550.jpg 550w, https:\/\/blogs.correiobraziliense.com.br\/aricunha\/wp-content\/uploads\/sites\/13\/2019\/09\/2-230x230.jpg 230w\" sizes=\"auto, (max-width: 548px) 100vw, 548px\" \/><\/p>\n<p><img loading=\"lazy\" decoding=\"async\" class=\" wp-image-14822 aligncenter\" src=\"https:\/\/blogs.correiobraziliense.com.br\/aricunha\/wp-content\/uploads\/sites\/13\/2019\/09\/3.jpg\" alt=\"\" width=\"548\" height=\"548\" srcset=\"https:\/\/blogs.correiobraziliense.com.br\/aricunha\/wp-content\/uploads\/sites\/13\/2019\/09\/3.jpg 1080w, https:\/\/blogs.correiobraziliense.com.br\/aricunha\/wp-content\/uploads\/sites\/13\/2019\/09\/3-150x150.jpg 150w, https:\/\/blogs.correiobraziliense.com.br\/aricunha\/wp-content\/uploads\/sites\/13\/2019\/09\/3-300x300.jpg 300w, https:\/\/blogs.correiobraziliense.com.br\/aricunha\/wp-content\/uploads\/sites\/13\/2019\/09\/3-768x768.jpg 768w, https:\/\/blogs.correiobraziliense.com.br\/aricunha\/wp-content\/uploads\/sites\/13\/2019\/09\/3-1024x1024.jpg 1024w, https:\/\/blogs.correiobraziliense.com.br\/aricunha\/wp-content\/uploads\/sites\/13\/2019\/09\/3-350x350.jpg 350w, https:\/\/blogs.correiobraziliense.com.br\/aricunha\/wp-content\/uploads\/sites\/13\/2019\/09\/3-550x550.jpg 550w, https:\/\/blogs.correiobraziliense.com.br\/aricunha\/wp-content\/uploads\/sites\/13\/2019\/09\/3-230x230.jpg 230w\" sizes=\"auto, (max-width: 548px) 100vw, 548px\" \/><\/p>\n<p>&nbsp;<\/p>\n<p>&nbsp;<\/p>\n<p><strong>Oportunidade<\/strong><\/p>\n<p>Alexandre Dias, do Instituto Brasileiro de Piano, e Nan\u00e1 Produ\u00e7\u00f5es trar\u00e3o, para Bras\u00edlia, Cristian Budu, um dos maiores pianistas da nova gera\u00e7\u00e3o em apresenta\u00e7\u00e3o \u00fanica. Dia 14 de setembro, \u00e0s 20h, no audit\u00f3rio do Centro Cultural ADUnB. Ingressos de R$ 200 a R$ 260. Ingressos pelo eventim.com.br<\/p>\n<p><iframe loading=\"lazy\" title=\"Divulga\u00e7\u00e3o - Cristian Budu em Bras\u00edlia!\" width=\"1440\" height=\"810\" src=\"https:\/\/www.youtube.com\/embed\/WqKWzUVot40?feature=oembed\" frameborder=\"0\" allow=\"accelerometer; autoplay; clipboard-write; encrypted-media; gyroscope; picture-in-picture; web-share\" referrerpolicy=\"strict-origin-when-cross-origin\" allowfullscreen><\/iframe><\/p>\n<p>&nbsp;<\/p>\n<p>&nbsp;<\/p>\n<p><strong>Ouvidorias<\/strong><\/p>\n<p>Edital n\u00b0 01\/2019 trata do 4\u00ba Concurso Melhores Pr\u00e1ticas em Ouvidoria P\u00fablica. Com a promo\u00e7\u00e3o da Ouvidoria Geral do Distrito Federal, \u00f3rg\u00e3o da Controladoria-Geral do DF (CGDF), um Formul\u00e1rio Descritivo dever\u00e1 ser preenchido at\u00e9 o dia 31 de outubro. A iniciativa \u00e9 importante: primeiro por informar a popula\u00e7\u00e3o de que todos os \u00f3rg\u00e3os do GDF t\u00eam uma ouvidoria e segundo para saber qual delas, al\u00e9m de ouvir, resolve.<\/p>\n<figure id=\"attachment_14819\" aria-describedby=\"caption-attachment-14819\" style=\"width: 548px\" class=\"wp-caption aligncenter\"><img loading=\"lazy\" decoding=\"async\" class=\" wp-image-14819\" src=\"https:\/\/blogs.correiobraziliense.com.br\/aricunha\/wp-content\/uploads\/sites\/13\/2019\/09\/07.-Concurso_ouvidoria_carrossel.png\" alt=\"\" width=\"548\" height=\"308\" srcset=\"https:\/\/blogs.correiobraziliense.com.br\/aricunha\/wp-content\/uploads\/sites\/13\/2019\/09\/07.-Concurso_ouvidoria_carrossel.png 750w, https:\/\/blogs.correiobraziliense.com.br\/aricunha\/wp-content\/uploads\/sites\/13\/2019\/09\/07.-Concurso_ouvidoria_carrossel-300x169.png 300w, https:\/\/blogs.correiobraziliense.com.br\/aricunha\/wp-content\/uploads\/sites\/13\/2019\/09\/07.-Concurso_ouvidoria_carrossel-350x197.png 350w, https:\/\/blogs.correiobraziliense.com.br\/aricunha\/wp-content\/uploads\/sites\/13\/2019\/09\/07.-Concurso_ouvidoria_carrossel-550x309.png 550w, https:\/\/blogs.correiobraziliense.com.br\/aricunha\/wp-content\/uploads\/sites\/13\/2019\/09\/07.-Concurso_ouvidoria_carrossel-230x129.png 230w\" sizes=\"auto, (max-width: 548px) 100vw, 548px\" \/><figcaption id=\"caption-attachment-14819\" class=\"wp-caption-text\">Arte: cg.df.gov<\/figcaption><\/figure>\n<p>&nbsp;<\/p>\n<p>&nbsp;<\/p>\n<p><strong>L\u00e1grimas<\/strong><\/p>\n<p>Uma linda hist\u00f3ria em um hospital p\u00fablico de Bras\u00edlia. Um andarilho buscou ajuda e encontrou uma enfermeira que cuidasse das feridas. Com o corpo d\u00e9bil pela vida injusta, encontrou quem lhe cortasse o cabelo, as unhas, desse um banho. Sentindo sua dignidade de volta, morreu. T\u00e3o solit\u00e1rio, despertou a piedade de tanta gente. O hospital n\u00e3o \u00e9 mais o mesmo depois de sua passagem por l\u00e1.<\/p>\n<p>&nbsp;<\/p>\n<p>&nbsp;<\/p>\n<p>&nbsp;<\/p>\n<p><strong>HIST\u00d3RIA DE BRAS\u00cdLIA<\/strong><\/p>\n<p>O que aconteceu em Sobradinho \u00e9 uma advert\u00eancia \u00e0 Novacap, para que n\u00e3o d\u00ea comida de gra\u00e7a a ningu\u00e9m. A fome de um trabalhador n\u00e3o se mata com a humilha\u00e7\u00e3o de uma esmola. Comida n\u00e3o \u00e9 coisa que se d\u00ea sem a recompensa de uma produ\u00e7\u00e3o. <strong>(Publicado em 29\/11\/1961)<\/strong><\/p>\n","protected":false},"excerpt":{"rendered":"<p>VISTO, LIDO E OUVIDO, criada por Ari Cunha (In memoriam) Desde 1960, com Circe Cunha e Mamfil jornalistacircecunha@gmail.com Facebook.com\/vistolidoeouvido Instagram.com\/vistolidoeouvido &nbsp; &nbsp; Quando a noite chega e a escurid\u00e3o toma conta de tudo, \u00e1reas consideradas nobres ficam entregues a grupos de marginais que perambulam de um lado para o outro em busca de oportunidades. Quem circula pelos principais pontos tur\u00edsticos [&hellip;]<\/p>\n","protected":false},"author":34,"featured_media":14823,"comment_status":"open","ping_status":"open","sticky":false,"template":"","format":"standard","meta":{"footnotes":""},"categories":[23],"tags":[114,1764,531,1763,612,68,2,69,16],"class_list":["post-14814","post","type-post","status-publish","format-standard","has-post-thumbnail","hentry","category-integra","tag-historiadebrasilia","tag-noiteembrasilia","tag-noitenodf","tag-perigoembrasilia","tag-violenciaembrasilia","tag-aricunha","tag-brasilia","tag-circecunha","tag-mamfil"],"_links":{"self":[{"href":"https:\/\/blogs.correiobraziliense.com.br\/aricunha\/wp-json\/wp\/v2\/posts\/14814","targetHints":{"allow":["GET"]}}],"collection":[{"href":"https:\/\/blogs.correiobraziliense.com.br\/aricunha\/wp-json\/wp\/v2\/posts"}],"about":[{"href":"https:\/\/blogs.correiobraziliense.com.br\/aricunha\/wp-json\/wp\/v2\/types\/post"}],"author":[{"embeddable":true,"href":"https:\/\/blogs.correiobraziliense.com.br\/aricunha\/wp-json\/wp\/v2\/users\/34"}],"replies":[{"embeddable":true,"href":"https:\/\/blogs.correiobraziliense.com.br\/aricunha\/wp-json\/wp\/v2\/comments?post=14814"}],"version-history":[{"count":2,"href":"https:\/\/blogs.correiobraziliense.com.br\/aricunha\/wp-json\/wp\/v2\/posts\/14814\/revisions"}],"predecessor-version":[{"id":14824,"href":"https:\/\/blogs.correiobraziliense.com.br\/aricunha\/wp-json\/wp\/v2\/posts\/14814\/revisions\/14824"}],"wp:featuredmedia":[{"embeddable":true,"href":"https:\/\/blogs.correiobraziliense.com.br\/aricunha\/wp-json\/wp\/v2\/media\/14823"}],"wp:attachment":[{"href":"https:\/\/blogs.correiobraziliense.com.br\/aricunha\/wp-json\/wp\/v2\/media?parent=14814"}],"wp:term":[{"taxonomy":"category","embeddable":true,"href":"https:\/\/blogs.correiobraziliense.com.br\/aricunha\/wp-json\/wp\/v2\/categories?post=14814"},{"taxonomy":"post_tag","embeddable":true,"href":"https:\/\/blogs.correiobraziliense.com.br\/aricunha\/wp-json\/wp\/v2\/tags?post=14814"}],"curies":[{"name":"wp","href":"https:\/\/api.w.org\/{rel}","templated":true}]}}