{"id":14764,"date":"2019-08-25T01:00:27","date_gmt":"2019-08-25T04:00:27","guid":{"rendered":"https:\/\/blogs.correiobraziliense.com.br\/aricunha\/?p=14764"},"modified":"2019-08-23T19:05:27","modified_gmt":"2019-08-23T22:05:27","slug":"vans-piratas-sao-preferidas-aos-transportes-legais","status":"publish","type":"post","link":"https:\/\/blogs.correiobraziliense.com.br\/aricunha\/vans-piratas-sao-preferidas-aos-transportes-legais\/","title":{"rendered":"Vans piratas s\u00e3o preferidas aos transportes legais"},"content":{"rendered":"<p>VISTO, LIDO E OUVIDO, criada por Ari Cunha (In memoriam)<\/p>\n<p>Desde 1960, com Circe Cunha e Mamfil<\/p>\n<p>jornalistacircecunha@gmail.com<\/p>\n<p>Facebook.com\/vistolidoeouvido<\/p>\n<p>Instagram.com\/vistolidoeouvido<\/p>\n<p>&nbsp;<\/p>\n<figure id=\"attachment_14766\" aria-describedby=\"caption-attachment-14766\" style=\"width: 651px\" class=\"wp-caption aligncenter\"><img loading=\"lazy\" decoding=\"async\" class=\" wp-image-14766\" src=\"https:\/\/blogs.correiobraziliense.com.br\/aricunha\/wp-content\/uploads\/sites\/13\/2019\/08\/transporte-pirata.jpg\" alt=\"\" width=\"651\" height=\"365\" srcset=\"https:\/\/blogs.correiobraziliense.com.br\/aricunha\/wp-content\/uploads\/sites\/13\/2019\/08\/transporte-pirata.jpg 846w, https:\/\/blogs.correiobraziliense.com.br\/aricunha\/wp-content\/uploads\/sites\/13\/2019\/08\/transporte-pirata-300x168.jpg 300w, https:\/\/blogs.correiobraziliense.com.br\/aricunha\/wp-content\/uploads\/sites\/13\/2019\/08\/transporte-pirata-768x431.jpg 768w, https:\/\/blogs.correiobraziliense.com.br\/aricunha\/wp-content\/uploads\/sites\/13\/2019\/08\/transporte-pirata-350x197.jpg 350w, https:\/\/blogs.correiobraziliense.com.br\/aricunha\/wp-content\/uploads\/sites\/13\/2019\/08\/transporte-pirata-550x309.jpg 550w, https:\/\/blogs.correiobraziliense.com.br\/aricunha\/wp-content\/uploads\/sites\/13\/2019\/08\/transporte-pirata-230x129.jpg 230w\" sizes=\"auto, (max-width: 651px) 100vw, 651px\" \/><figcaption id=\"caption-attachment-14766\" class=\"wp-caption-text\">Foto: brasiliadefato.com<\/figcaption><\/figure>\n<p>&nbsp;<\/p>\n<p>Pesquisa divulgada pelo Instituto Americano Expert Market em 2018 colocou o Distrito Federal como a capital com um dos piores transportes p\u00fablicos de todo o planeta. As longas distancias entre a moradia e o local de trabalho para a maioria dos trabalhadores que dependem desse tipo de transporte, a situa\u00e7\u00e3o prec\u00e1ria de parte da frota, a falta de fiscaliza\u00e7\u00e3o efetiva pelos \u00f3rg\u00e3os que deveriam cuidar da seguran\u00e7a dos usu\u00e1rios e da pontualidade dos \u00f4nibus, entre uma s\u00e9rie de outros problemas ajudaram a colocar a mais moderna capital do Pa\u00eds nessa posi\u00e7\u00e3o, absolutamente, vexat\u00f3ria.<\/p>\n<p>Durante as \u00faltimas d\u00e9cadas, o poderoso lobby dos propriet\u00e1rios dessas empresas de transporte junto aos pol\u00edticos locais favoreceu a manuten\u00e7\u00e3o desse estado de coisas, como o afrouxamento na fiscaliza\u00e7\u00e3o apesar dos aumentos constantes nas tarifas praticadas. Campanhas eleitorais eram bancadas diretamente por esses empres\u00e1rios que, em troca, desfrutavam das benesses e da leni\u00eancia do Estado. Com isso, foi sendo estruturado um verdadeiro cartel nos transportes que controlava as mais lucrativas rotas e itiner\u00e1rios.<\/p>\n<p>Para a popula\u00e7\u00e3o dependente desse tipo de locomo\u00e7\u00e3o, restava pagar altos pre\u00e7os e se amontoar em \u00f4nibus inseguros, superlotados e sempre fora do hor\u00e1rio. Foi justamente nessa brecha deixada pelo Estado na presta\u00e7\u00e3o de um servi\u00e7o, essencial e de qualidade, que surgiram e se multiplicaram os servi\u00e7os de vans, mais conhecidos como transportes piratas.<\/p>\n<p>Dentro da l\u00f3gica comum que diz que onde n\u00e3o h\u00e1 Estado, h\u00e1 o caos, os transportes de vans se espalharam rapidamente por todo o Distrito Federal, o que rendeu tamb\u00e9m, a essa modalidade clandestina de transporte, um status e um poder de lobby dif\u00edcil de ser contrariado. Tanto \u00e9 assim, que os sucessivos governos que ocuparam o Pal\u00e1cio do Buriti prometeram por ordem nesse setor, sem nunca ter alcan\u00e7ado sucesso digno de nota.<\/p>\n<p>A t\u00e1tica desses empres\u00e1rios se resume em desaparecer quando o controle e a fiscaliza\u00e7\u00e3o arrocham, reaparecendo t\u00e3o logo os fiscais somem de vista. \u00c9 nesse vai e vem que as vans piratas continuam, ano ap\u00f3s ano, atuando livremente em todo o DF. Lei sancionada h\u00e1 poucos dias pelo presidente Bolsonaro (Lei 13.855\/19) promete p\u00f4r um ponto final nessa modalidade de transporte n\u00e3o apenas em Bras\u00edlia, mas em todo o Brasil.<\/p>\n<p>O endurecimento na puni\u00e7\u00e3o para esse tipo de transporte, principalmente para as vans que fazem condu\u00e7\u00e3o escolar, ser\u00e1 bem mais rigorosa, inclusive com a apreens\u00e3o do ve\u00edculo e multas elevadas.<\/p>\n<p>O curioso \u00e9 que em enquete informal feita juntos aos milhares de usu\u00e1rios desse tipo de transporte mostrou que a maioria deles consideram que as vans s\u00e3o melhores que os \u00f4nibus tradicionais, pois chegam mais r\u00e1pido, todos viajam sentados com mais conforto, apesar de a tarifa ser um pouco mais alta.<\/p>\n<p>Diante de uma situa\u00e7\u00e3o como essa, em que um sistema de transporte considerado um dos piores do mundo compete com os chamados piratas, n\u00e3o chega a ser surpresa que os usu\u00e1rios mostrem prefer\u00eancia pela &#8220;qualidade&#8221; do concorrente ilegal.<\/p>\n<p>&nbsp;<\/p>\n<p>&nbsp;<\/p>\n<p><strong>A frase que foi pronunciada:<\/strong><\/p>\n<p><em>\u201cAcho que exagerei\u201d<\/em><\/p>\n<p>S\u00e9rgio Cabral Filho, ex-governador do Rio de Janeiro, a seus colegas de pris\u00e3o em Bangu. Cabral tornou-se r\u00e9u pela quarta vez \u2014 agora, acusado de 184 crimes de lavagem de dinheiro.<\/p>\n<figure id=\"attachment_14767\" aria-describedby=\"caption-attachment-14767\" style=\"width: 549px\" class=\"wp-caption aligncenter\"><img loading=\"lazy\" decoding=\"async\" class=\" wp-image-14767\" src=\"https:\/\/blogs.correiobraziliense.com.br\/aricunha\/wp-content\/uploads\/sites\/13\/2019\/08\/s\u00e9rgio.jpg\" alt=\"\" width=\"549\" height=\"321\" srcset=\"https:\/\/blogs.correiobraziliense.com.br\/aricunha\/wp-content\/uploads\/sites\/13\/2019\/08\/s\u00e9rgio.jpg 588w, https:\/\/blogs.correiobraziliense.com.br\/aricunha\/wp-content\/uploads\/sites\/13\/2019\/08\/s\u00e9rgio-300x176.jpg 300w, https:\/\/blogs.correiobraziliense.com.br\/aricunha\/wp-content\/uploads\/sites\/13\/2019\/08\/s\u00e9rgio-350x205.jpg 350w, https:\/\/blogs.correiobraziliense.com.br\/aricunha\/wp-content\/uploads\/sites\/13\/2019\/08\/s\u00e9rgio-550x322.jpg 550w, https:\/\/blogs.correiobraziliense.com.br\/aricunha\/wp-content\/uploads\/sites\/13\/2019\/08\/s\u00e9rgio-230x135.jpg 230w\" sizes=\"auto, (max-width: 549px) 100vw, 549px\" \/><figcaption id=\"caption-attachment-14767\" class=\"wp-caption-text\">Foto: Vagner Ros\u00e1rio\/VEJA.com<\/figcaption><\/figure>\n<p>&nbsp;<\/p>\n<p>&nbsp;<\/p>\n<p><strong>Grande evento<\/strong><\/p>\n<p>Arquitetos, Engenheiros e Designers, al\u00e9m de estudantes da \u00e1rea participar\u00e3o do 9\u00ba Studio Arqflex que ser\u00e1 no Museu Nacional nos dias 14 e 15 de setembro. O p\u00fablico tamb\u00e9m ser\u00e1 bem-vindo e poder\u00e1 fazer as inscri\u00e7\u00f5es para participar do evento. Vejam todos os detalhes no link <a href=\"https:\/\/blogs.correiobraziliense.com.br\/aricunha\/governo-arde-nas-chamas\/\">9\u00ba STUDIO ARQFLEX &#8211; ENCONTRO NACIONAL DE PROFISSIONAIS DE PROJETO<\/a>.<\/p>\n<p><img loading=\"lazy\" decoding=\"async\" class=\" wp-image-14765 aligncenter\" src=\"https:\/\/blogs.correiobraziliense.com.br\/aricunha\/wp-content\/uploads\/sites\/13\/2019\/08\/MUSEU.jpg\" alt=\"\" width=\"546\" height=\"355\" srcset=\"https:\/\/blogs.correiobraziliense.com.br\/aricunha\/wp-content\/uploads\/sites\/13\/2019\/08\/MUSEU.jpg 701w, https:\/\/blogs.correiobraziliense.com.br\/aricunha\/wp-content\/uploads\/sites\/13\/2019\/08\/MUSEU-300x195.jpg 300w, https:\/\/blogs.correiobraziliense.com.br\/aricunha\/wp-content\/uploads\/sites\/13\/2019\/08\/MUSEU-350x228.jpg 350w, https:\/\/blogs.correiobraziliense.com.br\/aricunha\/wp-content\/uploads\/sites\/13\/2019\/08\/MUSEU-550x358.jpg 550w, https:\/\/blogs.correiobraziliense.com.br\/aricunha\/wp-content\/uploads\/sites\/13\/2019\/08\/MUSEU-230x150.jpg 230w\" sizes=\"auto, (max-width: 546px) 100vw, 546px\" \/><\/p>\n<p>&nbsp;<\/p>\n<p><strong>\u00a0<\/strong><\/p>\n<p><strong>Aos poucos<\/strong><\/p>\n<p>Administra\u00e7\u00e3o Regional do Parano\u00e1 e DF Legal promovem uma iniciativa muito importante. A conscientiza\u00e7\u00e3o dos lojistas em rela\u00e7\u00e3o \u00e0 mobilidade dos consumidores. O h\u00e1bito de estender as lojas at\u00e9 as cal\u00e7adas prejudica os pedestres e n\u00e3o \u00e9 permitido. Assim, o encontro da pr\u00f3xima segunda-feira ser\u00e1 para a orienta\u00e7\u00e3o. Depois, orienta\u00e7\u00e3o e repress\u00e3o e para quem n\u00e3o conseguiu assimilar, as mercadorias que ocuparem a \u00e1rea p\u00fablica ser\u00e3o apreendidas.<\/p>\n<p>&nbsp;<\/p>\n<p>&nbsp;<\/p>\n<p><strong>Terceira fase<\/strong><\/p>\n<p>Nesse momento, enquanto voc\u00ea l\u00ea essa coluna, Davi Klein Levi e Jos\u00e9 David Salviano dos Santos Monte de Almeida est\u00e3o se preparando para as provas que far\u00e3o na Universidade de Bras\u00edlia. Eles s\u00e3o alunos do col\u00e9gio Marista e foram classificados na Olimp\u00edada de Qu\u00edmica do Distrito Federal (OQDF).<\/p>\n<p>&nbsp;<\/p>\n<p>&nbsp;<\/p>\n<p><strong>HIST\u00d3RIA DE BRAS\u00cdLIA<\/strong><\/p>\n<p>Esta nota vem a prop\u00f3sito de um desastre verificado segunda-feira na estrada de An\u00e1polis. O \u00f4nibus da Araguarina, de n\u00famero 605, vinha atr\u00e1s de uma lambreta, que transportava dois senhores. Um pneu estourou, e ambos se projetaram ao solo, ficando gravemente feridos. <strong>(Publicado em 29\/11\/1961)<\/strong><\/p>\n","protected":false},"excerpt":{"rendered":"<p>VISTO, LIDO E OUVIDO, criada por Ari Cunha (In memoriam) Desde 1960, com Circe Cunha e Mamfil jornalistacircecunha@gmail.com Facebook.com\/vistolidoeouvido Instagram.com\/vistolidoeouvido &nbsp; &nbsp; Pesquisa divulgada pelo Instituto Americano Expert Market em 2018 colocou o Distrito Federal como a capital com um dos piores transportes p\u00fablicos de todo o planeta. As longas distancias entre a moradia e o local de trabalho para [&hellip;]<\/p>\n","protected":false},"author":34,"featured_media":14766,"comment_status":"open","ping_status":"open","sticky":false,"template":"","format":"standard","meta":{"footnotes":""},"categories":[23],"tags":[1740,114,1741,688,1743,1742,68,2,69,16],"class_list":["post-14764","post","type-post","status-publish","format-standard","has-post-thumbnail","hentry","category-integra","tag-gobvernobolsonaro","tag-historiadebrasilia","tag-transporteilegal","tag-transportepublicoembrasilia","tag-transportepubliconobrasil","tag-vans","tag-aricunha","tag-brasilia","tag-circecunha","tag-mamfil"],"_links":{"self":[{"href":"https:\/\/blogs.correiobraziliense.com.br\/aricunha\/wp-json\/wp\/v2\/posts\/14764","targetHints":{"allow":["GET"]}}],"collection":[{"href":"https:\/\/blogs.correiobraziliense.com.br\/aricunha\/wp-json\/wp\/v2\/posts"}],"about":[{"href":"https:\/\/blogs.correiobraziliense.com.br\/aricunha\/wp-json\/wp\/v2\/types\/post"}],"author":[{"embeddable":true,"href":"https:\/\/blogs.correiobraziliense.com.br\/aricunha\/wp-json\/wp\/v2\/users\/34"}],"replies":[{"embeddable":true,"href":"https:\/\/blogs.correiobraziliense.com.br\/aricunha\/wp-json\/wp\/v2\/comments?post=14764"}],"version-history":[{"count":1,"href":"https:\/\/blogs.correiobraziliense.com.br\/aricunha\/wp-json\/wp\/v2\/posts\/14764\/revisions"}],"predecessor-version":[{"id":14768,"href":"https:\/\/blogs.correiobraziliense.com.br\/aricunha\/wp-json\/wp\/v2\/posts\/14764\/revisions\/14768"}],"wp:featuredmedia":[{"embeddable":true,"href":"https:\/\/blogs.correiobraziliense.com.br\/aricunha\/wp-json\/wp\/v2\/media\/14766"}],"wp:attachment":[{"href":"https:\/\/blogs.correiobraziliense.com.br\/aricunha\/wp-json\/wp\/v2\/media?parent=14764"}],"wp:term":[{"taxonomy":"category","embeddable":true,"href":"https:\/\/blogs.correiobraziliense.com.br\/aricunha\/wp-json\/wp\/v2\/categories?post=14764"},{"taxonomy":"post_tag","embeddable":true,"href":"https:\/\/blogs.correiobraziliense.com.br\/aricunha\/wp-json\/wp\/v2\/tags?post=14764"}],"curies":[{"name":"wp","href":"https:\/\/api.w.org\/{rel}","templated":true}]}}