{"id":14747,"date":"2019-08-22T01:00:34","date_gmt":"2019-08-22T04:00:34","guid":{"rendered":"https:\/\/blogs.correiobraziliense.com.br\/aricunha\/?p=14747"},"modified":"2019-08-21T18:56:03","modified_gmt":"2019-08-21T21:56:03","slug":"nao-enxergo-voces-daqui-de-cima","status":"publish","type":"post","link":"https:\/\/blogs.correiobraziliense.com.br\/aricunha\/nao-enxergo-voces-daqui-de-cima\/","title":{"rendered":"N\u00e3o enxergo voc\u00eas daqui de cima"},"content":{"rendered":"<p>VISTO, LIDO E OUVIDO, criada por Ari Cunha (In memoriam)<\/p>\n<p>Desde 1960, com Circe Cunha e Mamfil<\/p>\n<p>jornalistacircecunha@gmail.com<\/p>\n<p>Facebook.com\/vistolidoeouvido<\/p>\n<p>Instagram.com\/vistolidoeouvido<\/p>\n<p>&nbsp;<\/p>\n<figure id=\"attachment_14749\" aria-describedby=\"caption-attachment-14749\" style=\"width: 660px\" class=\"wp-caption aligncenter\"><img loading=\"lazy\" decoding=\"async\" class=\"size-full wp-image-14749\" src=\"https:\/\/blogs.correiobraziliense.com.br\/aricunha\/wp-content\/uploads\/sites\/13\/2019\/08\/mp-coaf-banco-central-novo-coaf-660x372.jpg\" alt=\"\" width=\"660\" height=\"372\" srcset=\"https:\/\/blogs.correiobraziliense.com.br\/aricunha\/wp-content\/uploads\/sites\/13\/2019\/08\/mp-coaf-banco-central-novo-coaf-660x372.jpg 660w, https:\/\/blogs.correiobraziliense.com.br\/aricunha\/wp-content\/uploads\/sites\/13\/2019\/08\/mp-coaf-banco-central-novo-coaf-660x372-300x169.jpg 300w, https:\/\/blogs.correiobraziliense.com.br\/aricunha\/wp-content\/uploads\/sites\/13\/2019\/08\/mp-coaf-banco-central-novo-coaf-660x372-350x197.jpg 350w, https:\/\/blogs.correiobraziliense.com.br\/aricunha\/wp-content\/uploads\/sites\/13\/2019\/08\/mp-coaf-banco-central-novo-coaf-660x372-550x310.jpg 550w, https:\/\/blogs.correiobraziliense.com.br\/aricunha\/wp-content\/uploads\/sites\/13\/2019\/08\/mp-coaf-banco-central-novo-coaf-660x372-230x130.jpg 230w\" sizes=\"auto, (max-width: 660px) 100vw, 660px\" \/><figcaption id=\"caption-attachment-14749\" class=\"wp-caption-text\">Foto: Carolina Antunes \/ PR<\/figcaption><\/figure>\n<p>&nbsp;<\/p>\n<p>Ap\u00f3s oito meses de governo, o cen\u00e1rio pol\u00edtico que tem se esbo\u00e7ado at\u00e9 aqui mostra claramente que, com rela\u00e7\u00e3o \u00e0 performance conjunta dos tr\u00eas Poderes da Rep\u00fablica, h\u00e1, de fato, um distanciamento crescente e cont\u00ednuo entre as reais expectativas da popula\u00e7\u00e3o e aquilo que essas institui\u00e7\u00f5es t\u00eam apresentado de concreto.<\/p>\n<p>Em certa medida, as respostas dadas por cada um desses Poderes isoladamente \u00e0s diversas quest\u00f5es que se impuseram n\u00e3o apenas rumaram contra o desejo da sociedade, mas criaram um press\u00e1gio de que o div\u00f3rcio entre os brasileiros e o Estado permanece como uma esp\u00e9cie de muro a dividir o grosso da popula\u00e7\u00e3o, depauperada com as altas taxas de impostos e tributos e uma elite a quem tudo \u00e9 concedido, at\u00e9 mesmo os favores e a cegueira da justi\u00e7a.<\/p>\n<p>Apenas para ficar em exemplos recentes que demonstram a configura\u00e7\u00e3o permanente desse abismo, o que se tem observado no caso dos sens\u00edveis cortes or\u00e7ament\u00e1rios impostos aos diversos setores como sa\u00fade, educa\u00e7\u00e3o, investimento, pesquisa e outros de interesse geral e que penalizam a Na\u00e7\u00e3o, n\u00e3o se tem notado o mesmo rigor certeiro na tesoura do governo quando a quest\u00e3o \u00e9 libera\u00e7\u00e3o de bilh\u00f5es de reais para emendas parlamentares e outros gastos do g\u00eanero. Tamb\u00e9m n\u00e3o se v\u00ea rigor or\u00e7ament\u00e1rio algum quando o assunto \u00e9 o aumento escandaloso que se anuncia no Fundo Eleitoral, que possivelmente ir\u00e1 passar de R$ 1,7 bilh\u00e3o para R$ 3,7 bilh\u00f5es, apenas para financiar as campanhas municipais de 2020. Obviamente, os recursos para esse salto indecente vir\u00e3o do Or\u00e7amento da Uni\u00e3o, uma pe\u00e7a de fic\u00e7\u00e3o quando se trata da necessidade dos cidad\u00e3os, mas que se torna real, quando o assunto \u00e9 azeitar as engrenagens da fabulosa e voraz m\u00e1quina pol\u00edtica.<\/p>\n<p>Uma visita a qualquer grande hospital p\u00fablico das metr\u00f3poles brasileiras pode dar uma ideia da profundidade desse abismo. O pior \u00e9 que a desilus\u00e3o dos brasileiros n\u00e3o se at\u00e9m apenas ao Legislativo e ao Executivo, se estendendo tamb\u00e9m ao Poder Judici\u00e1rio, sobretudo a sua mais alta inst\u00e2ncia. O caso envolvendo o Conselho de Controle de Atividades Financeiras (Coaf), que serviria para fiscalizar a movimenta\u00e7\u00e3o suspeita de recursos, principalmente p\u00fablicos, foi ordenado, pelo Supremo Tribunal Federal, que essa institui\u00e7\u00e3o cessasse o fornecimento de informa\u00e7\u00f5es ao Minist\u00e9rio P\u00fablico e \u00e0 Pol\u00edcia Federal sem pr\u00e9via autoriza\u00e7\u00e3o judicial, de forma a permitir preventivamente filtrar quaisquer dados que atingissem as altas autoridades, sobretudo ministros togados.<\/p>\n<p>Nesse caso, o pr\u00f3prio Legislativo se manifestou tamb\u00e9m no sentido de garantir a perman\u00eancia desse \u00f3rg\u00e3o na pasta da Economia, onde poderia, com mais facilidade, sofrer ru\u00eddos pol\u00edticos. Tamb\u00e9m a Receita Federal foi amea\u00e7ada a n\u00e3o repassar dados para abastecer investiga\u00e7\u00e3o sem a autoriza\u00e7\u00e3o de ju\u00edzes. O cerceamento de informa\u00e7\u00f5es sobre movimenta\u00e7\u00f5es financeiras, de t\u00e3o grave, paralisou e inviabilizou a continuidade de milhares de investiga\u00e7\u00f5es em curso, o que tem chamado aten\u00e7\u00e3o inclusive de organismos como a Transpar\u00eancia Internacional.<\/p>\n<p>Em Nota P\u00fablica, divulgada agora, a TI afirma que \u201cV\u00ea com preocupa\u00e7\u00e3o a instabilidade \u00e0 qual est\u00e1 sujeito o Coaf, desde o in\u00edcio de 2019\u201d, a transfer\u00eancia desse \u00f3rg\u00e3o para o Banco Central, onde as interfer\u00eancias pol\u00edticas poder\u00e3o ser maiores ainda, mereceu um alerta da TI. \u201cO Bacen, diz a nota, at\u00e9 o momento, n\u00e3o det\u00e9m autonomia formal, seu presidente \u00e9 nomeado e demiss\u00edvel pelo pr\u00f3prio Bolsonaro.\u201d<\/p>\n<p>\u00c9 um quadro desolador onde o cidad\u00e3o \u00e9 obrigado a visualizar, todos os dias, se assiste alguma movimenta\u00e7\u00e3o dentro dos Tr\u00eas Poderes, com vistas a enfraquecer e mesmo debelar a for\u00e7a tarefa da Lava Jato, de modo a cessar as investiga\u00e7\u00f5es justamente quando ela se aproxima dos altos escal\u00f5es da Rep\u00fablica, principalmente aqueles que ainda est\u00e3o no exerc\u00edcio do poder.<\/p>\n<p>Exemplo desse esfor\u00e7o un\u00edssono para esvaziar essa que \u00e9 a mais importante investiga\u00e7\u00e3o j\u00e1 realizada nesse pa\u00eds, pode ser conferida com o destro\u00e7amento, pelo Congresso, das 10 medidas contra a corrup\u00e7\u00e3o e a posterior promulga\u00e7\u00e3o da Lei de Abuso de Autoridade, escudo e elmo para todos aqueles enrolados com a justi\u00e7a.<\/p>\n<p>Para qualquer lado que se vire, o que o cidad\u00e3o observa \u00e9 um Estado encastelado no alto da colina, a sorver os esfor\u00e7os e o futuro da na\u00e7\u00e3o.<\/p>\n<p>&nbsp;<\/p>\n<p>&nbsp;<\/p>\n<p>&nbsp;<\/p>\n<p><strong>A frase que foi pronunciada:<\/strong><\/p>\n<p><em>\u201cTransfer\u00eancia do novo Coaf para o BC foi para despolitizar \u00f3rg\u00e3o.\u201d<\/em><\/p>\n<p>Ministro da Economia, Paulo Guedes<\/p>\n<p>&nbsp;<\/p>\n<p>&nbsp;<\/p>\n<p><strong>Bem-vindos<\/strong><\/p>\n<p>Hoje, a partir de 12h30, os amigos de Gilberto Amaral v\u00e3o se reunir no Piantella para homenagear o aniversariante, colunista social mais antigo da cidade. Basta chegar ao restaurante e aderir ao evento. O anivers\u00e1rio foi na ter\u00e7a, quando Gilberto comemorou seus 84 anos entre os familiares se divertindo ao relembrar as hist\u00f3rias ao longo de seis d\u00e9cadas de experi\u00eancia humana.<\/p>\n<figure id=\"attachment_14750\" aria-describedby=\"caption-attachment-14750\" style=\"width: 484px\" class=\"wp-caption aligncenter\"><img loading=\"lazy\" decoding=\"async\" class=\"size-full wp-image-14750\" src=\"https:\/\/blogs.correiobraziliense.com.br\/aricunha\/wp-content\/uploads\/sites\/13\/2019\/08\/385906_140474342787206_2145277254_n.jpg\" alt=\"\" width=\"484\" height=\"484\" srcset=\"https:\/\/blogs.correiobraziliense.com.br\/aricunha\/wp-content\/uploads\/sites\/13\/2019\/08\/385906_140474342787206_2145277254_n.jpg 484w, https:\/\/blogs.correiobraziliense.com.br\/aricunha\/wp-content\/uploads\/sites\/13\/2019\/08\/385906_140474342787206_2145277254_n-150x150.jpg 150w, https:\/\/blogs.correiobraziliense.com.br\/aricunha\/wp-content\/uploads\/sites\/13\/2019\/08\/385906_140474342787206_2145277254_n-300x300.jpg 300w, https:\/\/blogs.correiobraziliense.com.br\/aricunha\/wp-content\/uploads\/sites\/13\/2019\/08\/385906_140474342787206_2145277254_n-350x350.jpg 350w, https:\/\/blogs.correiobraziliense.com.br\/aricunha\/wp-content\/uploads\/sites\/13\/2019\/08\/385906_140474342787206_2145277254_n-230x230.jpg 230w\" sizes=\"auto, (max-width: 484px) 100vw, 484px\" \/><figcaption id=\"caption-attachment-14750\" class=\"wp-caption-text\">Foto: facebook.com\/www.gilbertoamaral.com<\/figcaption><\/figure>\n<p>&nbsp;<\/p>\n<p>&nbsp;<\/p>\n<p><strong>Descontrole<\/strong><\/p>\n<p>Voc\u00ea sabia que pode ter 27 carteiras de identidade cada uma com um n\u00famero? Est\u00e1 na hora disso mudar.<\/p>\n<figure id=\"attachment_14751\" aria-describedby=\"caption-attachment-14751\" style=\"width: 550px\" class=\"wp-caption aligncenter\"><img loading=\"lazy\" decoding=\"async\" class=\" wp-image-14751\" src=\"https:\/\/blogs.correiobraziliense.com.br\/aricunha\/wp-content\/uploads\/sites\/13\/2019\/08\/Nova-Carteira-de-Identidade-600x394-1-1-1-1.png\" alt=\"\" width=\"550\" height=\"361\" srcset=\"https:\/\/blogs.correiobraziliense.com.br\/aricunha\/wp-content\/uploads\/sites\/13\/2019\/08\/Nova-Carteira-de-Identidade-600x394-1-1-1-1.png 600w, https:\/\/blogs.correiobraziliense.com.br\/aricunha\/wp-content\/uploads\/sites\/13\/2019\/08\/Nova-Carteira-de-Identidade-600x394-1-1-1-1-300x197.png 300w, https:\/\/blogs.correiobraziliense.com.br\/aricunha\/wp-content\/uploads\/sites\/13\/2019\/08\/Nova-Carteira-de-Identidade-600x394-1-1-1-1-350x230.png 350w, https:\/\/blogs.correiobraziliense.com.br\/aricunha\/wp-content\/uploads\/sites\/13\/2019\/08\/Nova-Carteira-de-Identidade-600x394-1-1-1-1-550x361.png 550w, https:\/\/blogs.correiobraziliense.com.br\/aricunha\/wp-content\/uploads\/sites\/13\/2019\/08\/Nova-Carteira-de-Identidade-600x394-1-1-1-1-230x151.png 230w\" sizes=\"auto, (max-width: 550px) 100vw, 550px\" \/><figcaption id=\"caption-attachment-14751\" class=\"wp-caption-text\">Arte: pefoce.ce.gov<\/figcaption><\/figure>\n<p>&nbsp;<\/p>\n<p>&nbsp;<\/p>\n<p><strong>Agenda<\/strong><\/p>\n<p>Nesse s\u00e1bado, Moema Creveiro vai lan\u00e7ar o segundo volume do livro de composi\u00e7\u00f5es para piano sobre ritmos nacionais \u201c13 Pequenas Pe\u00e7as Brasileiras\u201d, na Flipiri (Feira de Livros em Piren\u00f3polis). \u00c0s 14h, no cinema da cidade, com apresenta\u00e7\u00e3o musical. Quem viaja ao exterior, deixamos a dica: \u00e9 o melhor presente para espalhar pelo mundo.<\/p>\n<figure id=\"attachment_14752\" aria-describedby=\"caption-attachment-14752\" style=\"width: 475px\" class=\"wp-caption aligncenter\"><img loading=\"lazy\" decoding=\"async\" class=\" wp-image-14752\" src=\"https:\/\/blogs.correiobraziliense.com.br\/aricunha\/wp-content\/uploads\/sites\/13\/2019\/08\/2019-08-21_flipiri1024w-1-1.jpeg\" alt=\"\" width=\"475\" height=\"594\" srcset=\"https:\/\/blogs.correiobraziliense.com.br\/aricunha\/wp-content\/uploads\/sites\/13\/2019\/08\/2019-08-21_flipiri1024w-1-1.jpeg 1024w, https:\/\/blogs.correiobraziliense.com.br\/aricunha\/wp-content\/uploads\/sites\/13\/2019\/08\/2019-08-21_flipiri1024w-1-1-240x300.jpeg 240w, https:\/\/blogs.correiobraziliense.com.br\/aricunha\/wp-content\/uploads\/sites\/13\/2019\/08\/2019-08-21_flipiri1024w-1-1-768x960.jpeg 768w, https:\/\/blogs.correiobraziliense.com.br\/aricunha\/wp-content\/uploads\/sites\/13\/2019\/08\/2019-08-21_flipiri1024w-1-1-819x1024.jpeg 819w, https:\/\/blogs.correiobraziliense.com.br\/aricunha\/wp-content\/uploads\/sites\/13\/2019\/08\/2019-08-21_flipiri1024w-1-1-280x350.jpeg 280w, https:\/\/blogs.correiobraziliense.com.br\/aricunha\/wp-content\/uploads\/sites\/13\/2019\/08\/2019-08-21_flipiri1024w-1-1-550x688.jpeg 550w, https:\/\/blogs.correiobraziliense.com.br\/aricunha\/wp-content\/uploads\/sites\/13\/2019\/08\/2019-08-21_flipiri1024w-1-1-230x288.jpeg 230w\" sizes=\"auto, (max-width: 475px) 100vw, 475px\" \/><figcaption id=\"caption-attachment-14752\" class=\"wp-caption-text\">Cartaz: pirenopolis.tur<\/figcaption><\/figure>\n<p>&nbsp;<\/p>\n<p>&nbsp;<\/p>\n<p><strong>HIST\u00d3RIA DE BRAS\u00cdLIA<\/strong><\/p>\n<p>Os pol\u00edticos que ficam atrapalhando as cidades sat\u00e9lites, bem que podiam deixar os subprefeitos trabalhando sossegados. E para esses, a not\u00edcia que \u00e9 um desengano: n\u00e3o haver\u00e1 elei\u00e7\u00e3o para vereador em Bras\u00edlia, se prevalecer a opini\u00e3o sensata. <strong>(Publicado em 28\/11\/1961)<\/strong><\/p>\n","protected":false},"excerpt":{"rendered":"<p>VISTO, LIDO E OUVIDO, criada por Ari Cunha (In memoriam) Desde 1960, com Circe Cunha e Mamfil jornalistacircecunha@gmail.com Facebook.com\/vistolidoeouvido Instagram.com\/vistolidoeouvido &nbsp; &nbsp; Ap\u00f3s oito meses de governo, o cen\u00e1rio pol\u00edtico que tem se esbo\u00e7ado at\u00e9 aqui mostra claramente que, com rela\u00e7\u00e3o \u00e0 performance conjunta dos tr\u00eas Poderes da Rep\u00fablica, h\u00e1, de fato, um distanciamento crescente e cont\u00ednuo entre as reais [&hellip;]<\/p>\n","protected":false},"author":34,"featured_media":14749,"comment_status":"open","ping_status":"open","sticky":false,"template":"","format":"standard","meta":{"footnotes":""},"categories":[23],"tags":[1262,1555,1235,114,1432,68,2,69,16],"class_list":["post-14747","post","type-post","status-publish","format-standard","has-post-thumbnail","hentry","category-integra","tag-bancocentral","tag-coaf","tag-governobolsonaro","tag-historiadebrasilia","tag-ministeriodaeconomia","tag-aricunha","tag-brasilia","tag-circecunha","tag-mamfil"],"_links":{"self":[{"href":"https:\/\/blogs.correiobraziliense.com.br\/aricunha\/wp-json\/wp\/v2\/posts\/14747","targetHints":{"allow":["GET"]}}],"collection":[{"href":"https:\/\/blogs.correiobraziliense.com.br\/aricunha\/wp-json\/wp\/v2\/posts"}],"about":[{"href":"https:\/\/blogs.correiobraziliense.com.br\/aricunha\/wp-json\/wp\/v2\/types\/post"}],"author":[{"embeddable":true,"href":"https:\/\/blogs.correiobraziliense.com.br\/aricunha\/wp-json\/wp\/v2\/users\/34"}],"replies":[{"embeddable":true,"href":"https:\/\/blogs.correiobraziliense.com.br\/aricunha\/wp-json\/wp\/v2\/comments?post=14747"}],"version-history":[{"count":2,"href":"https:\/\/blogs.correiobraziliense.com.br\/aricunha\/wp-json\/wp\/v2\/posts\/14747\/revisions"}],"predecessor-version":[{"id":14753,"href":"https:\/\/blogs.correiobraziliense.com.br\/aricunha\/wp-json\/wp\/v2\/posts\/14747\/revisions\/14753"}],"wp:featuredmedia":[{"embeddable":true,"href":"https:\/\/blogs.correiobraziliense.com.br\/aricunha\/wp-json\/wp\/v2\/media\/14749"}],"wp:attachment":[{"href":"https:\/\/blogs.correiobraziliense.com.br\/aricunha\/wp-json\/wp\/v2\/media?parent=14747"}],"wp:term":[{"taxonomy":"category","embeddable":true,"href":"https:\/\/blogs.correiobraziliense.com.br\/aricunha\/wp-json\/wp\/v2\/categories?post=14747"},{"taxonomy":"post_tag","embeddable":true,"href":"https:\/\/blogs.correiobraziliense.com.br\/aricunha\/wp-json\/wp\/v2\/tags?post=14747"}],"curies":[{"name":"wp","href":"https:\/\/api.w.org\/{rel}","templated":true}]}}