{"id":14700,"date":"2019-08-15T01:00:15","date_gmt":"2019-08-15T04:00:15","guid":{"rendered":"https:\/\/blogs.correiobraziliense.com.br\/aricunha\/?p=14700"},"modified":"2019-08-14T19:25:23","modified_gmt":"2019-08-14T22:25:23","slug":"grupos-criminosos-se-alastram-na-capital-do-pais","status":"publish","type":"post","link":"https:\/\/blogs.correiobraziliense.com.br\/aricunha\/grupos-criminosos-se-alastram-na-capital-do-pais\/","title":{"rendered":"Grupos criminosos se alastram na capital do pa\u00eds"},"content":{"rendered":"<p>VISTO, LIDO E OUVIDO, criada por Ari Cunha (In memoriam)<\/p>\n<p>Desde 1960, com Circe Cunha e Mamfil<\/p>\n<p>jornalistacircecunha@gmail.com<\/p>\n<p>Facebook.com\/vistolidoeouvido<\/p>\n<p>Instagram.com\/vistolidoeouvido<\/p>\n<p>&nbsp;<\/p>\n<figure id=\"attachment_14702\" aria-describedby=\"caption-attachment-14702\" style=\"width: 721px\" class=\"wp-caption aligncenter\"><img loading=\"lazy\" decoding=\"async\" class=\" wp-image-14702\" src=\"https:\/\/blogs.correiobraziliense.com.br\/aricunha\/wp-content\/uploads\/sites\/13\/2019\/08\/20190814000804883949o.jpg\" alt=\"\" width=\"721\" height=\"481\" srcset=\"https:\/\/blogs.correiobraziliense.com.br\/aricunha\/wp-content\/uploads\/sites\/13\/2019\/08\/20190814000804883949o.jpg 820w, https:\/\/blogs.correiobraziliense.com.br\/aricunha\/wp-content\/uploads\/sites\/13\/2019\/08\/20190814000804883949o-300x200.jpg 300w, https:\/\/blogs.correiobraziliense.com.br\/aricunha\/wp-content\/uploads\/sites\/13\/2019\/08\/20190814000804883949o-768x512.jpg 768w, https:\/\/blogs.correiobraziliense.com.br\/aricunha\/wp-content\/uploads\/sites\/13\/2019\/08\/20190814000804883949o-350x233.jpg 350w, https:\/\/blogs.correiobraziliense.com.br\/aricunha\/wp-content\/uploads\/sites\/13\/2019\/08\/20190814000804883949o-550x367.jpg 550w, https:\/\/blogs.correiobraziliense.com.br\/aricunha\/wp-content\/uploads\/sites\/13\/2019\/08\/20190814000804883949o-230x153.jpg 230w\" sizes=\"auto, (max-width: 721px) 100vw, 721px\" \/><figcaption id=\"caption-attachment-14702\" class=\"wp-caption-text\">Foto: Alexandre de Paula\/CB\/D.A Press<\/figcaption><\/figure>\n<p>&nbsp;<\/p>\n<p>N\u00e3o \u00e9 de hoje que as autoridades de seguran\u00e7a e intelig\u00eancia reconhecem que \u00e9 de dentro dos diversos pres\u00eddios, espalhados pelo pa\u00eds, que operam os centros nervosos de controle e de recrutamento cont\u00ednuo das grandes organiza\u00e7\u00f5es criminosas que atuam hoje em todo o nosso territ\u00f3rio. O quartel-general do crime desses diversos e perigos\u00edssimos grupos possui endere\u00e7o fixo, salas de reuni\u00f5es, celulares, visita constante de advogados e familiares que agem como pombos, refei\u00e7\u00e3o na hora certa, cumplicidade de carcereiros amedrontados, morosidade e benevol\u00eancia da justi\u00e7a, seguran\u00e7a vinte e quatro horas, o que permite a essas organiza\u00e7\u00f5es trabalharem, com afinco, no aperfei\u00e7oamento de suas \u201cempresas\u201d e de seus m\u00e9todos.<\/p>\n<p>A infraestrutura prec\u00e1ria de muitas dessas pris\u00f5es e a superlota\u00e7\u00e3o ajudam na montagem desses grupos. Conversas obrigatoriamente em sigilo com advogados e durante as visitas \u00edntimas auxiliam na circula\u00e7\u00e3o de mensagens e ordens. A simples falta de bloqueadores de celulares e outros instrumentos de telecomunica\u00e7\u00e3o refor\u00e7am a ida e vinda de ordens e contraordens.<\/p>\n<p>Num ambiente como esse, onde as normas r\u00edgidas de controle s\u00e3o condenadas constantemente pelo pessoal dos Direitos Humanos e onde as regalias s\u00e3o obtidas com o dinheiro farto do crime, n\u00e3o surpreende que essas organiza\u00e7\u00f5es estejam em franco desenvolvimento.<\/p>\n<p>Ainda h\u00e1 uma equipe bem montada, trabalhando dentro e fora das cadeias, que colabora para a sincroniza\u00e7\u00e3o das a\u00e7\u00f5es criminosas. N\u00e3o bastasse tanta facilidade, esses grupos contam diariamente com a chegada de novos presos, que ir\u00e3o for\u00e7osamente compor o ex\u00e9rcito desses malfeitores. Com dinheiro, organiza\u00e7\u00e3o e hierarquia esses grupos se proliferam tamb\u00e9m dentro de pres\u00eddios considerados de seguran\u00e7a m\u00e1xima. Para assegurar que essas organiza\u00e7\u00f5es trabalhem sem inc\u00f4modos, existe ainda uma legisla\u00e7\u00e3o, que, aos olhos do cidad\u00e3o de bem, parece favorecer mais o bandido do que a v\u00edtima.<\/p>\n<p>Contando com a solidariedade dos garantistas do judici\u00e1rio e de parte dos partidos de esquerda, que os v\u00eam como v\u00edtimas da sociedade, n\u00e3o causa surpresa que esses grupos encontram, em nosso Pa\u00eds, um territ\u00f3rio prop\u00edcio para expandir seus neg\u00f3cios. N\u00e3o causa surpresa tamb\u00e9m que a popula\u00e7\u00e3o da capital do Pa\u00eds venha assistindo com temor a expans\u00e3o dessas organiza\u00e7\u00f5es na cidade e nos arredores, inclusive com a forma\u00e7\u00e3o de grupos nascidos e criados nas diversas regi\u00f5es administrativas.<\/p>\n<p>A pris\u00e3o agora de um certo CDC na periferia da capital confirma outra dura realidade que \u00e9 a consolida\u00e7\u00e3o de cidades, que nada mais s\u00e3o do que currais pol\u00edticos, criadas da noite para o dia, sem infraestrutura alguma e onde a juventude local, \u00e0 falta do que fazer, vem se juntar a esses grupos em busca de um futuro que n\u00e3o existe.<\/p>\n<p>Nesses casos, os culpados diretos est\u00e3o longe dessas regi\u00f5es, s\u00f3 reaparecendo de quatro em quatro anos, para dar prosseguimento a essa trag\u00e9dia anunciada.<\/p>\n<p>&nbsp;<\/p>\n<p>&nbsp;<\/p>\n<p>&nbsp;<\/p>\n<p><strong>A frase que foi pronunciada:<\/strong><\/p>\n<p><em>\u00a0&#8220;Era s\u00f3 n\u00e3o falar.&#8221;<\/em><\/p>\n<p>Conselho de Lula, sobre jornalistas, a Palocci.<\/p>\n<figure id=\"attachment_10444\" aria-describedby=\"caption-attachment-10444\" style=\"width: 448px\" class=\"wp-caption aligncenter\"><img loading=\"lazy\" decoding=\"async\" class=\" wp-image-10444\" src=\"https:\/\/blogs.correiobraziliense.com.br\/aricunha\/wp-content\/uploads\/sites\/13\/2018\/04\/cartoon-charge-lula-chiquinho-dedos-do-lula.jpg\" alt=\"\" width=\"448\" height=\"555\" srcset=\"https:\/\/blogs.correiobraziliense.com.br\/aricunha\/wp-content\/uploads\/sites\/13\/2018\/04\/cartoon-charge-lula-chiquinho-dedos-do-lula.jpg 385w, https:\/\/blogs.correiobraziliense.com.br\/aricunha\/wp-content\/uploads\/sites\/13\/2018\/04\/cartoon-charge-lula-chiquinho-dedos-do-lula-242x300.jpg 242w, https:\/\/blogs.correiobraziliense.com.br\/aricunha\/wp-content\/uploads\/sites\/13\/2018\/04\/cartoon-charge-lula-chiquinho-dedos-do-lula-282x350.jpg 282w, https:\/\/blogs.correiobraziliense.com.br\/aricunha\/wp-content\/uploads\/sites\/13\/2018\/04\/cartoon-charge-lula-chiquinho-dedos-do-lula-230x285.jpg 230w\" sizes=\"auto, (max-width: 448px) 100vw, 448px\" \/><figcaption id=\"caption-attachment-10444\" class=\"wp-caption-text\">Charge: ibamendes.com (Quinho)<\/figcaption><\/figure>\n<p>&nbsp;<\/p>\n<p><strong>A verdade<\/strong><\/p>\n<p>Sem entrar no m\u00e9rito da quest\u00e3o, a natureza das not\u00edcias fascina. Virando as p\u00e1ginas dos jornais, o fogo intenso contra quem quer acabar com a corrup\u00e7\u00e3o \u00e9 interrompido pela fala do bra\u00e7o direito do PT, Antonio Palocci. Organizado do jeito que \u00e9, os detalhes n\u00e3o escaparam sobre os 12 pol\u00edticos e as 16 empresas delatadas.<\/p>\n<figure id=\"attachment_14703\" aria-describedby=\"caption-attachment-14703\" style=\"width: 551px\" class=\"wp-caption aligncenter\"><img loading=\"lazy\" decoding=\"async\" class=\" wp-image-14703\" src=\"https:\/\/blogs.correiobraziliense.com.br\/aricunha\/wp-content\/uploads\/sites\/13\/2019\/08\/lava-jato-antonio-palocci-prisao-2016-383.jpg\" alt=\"\" width=\"551\" height=\"367\" srcset=\"https:\/\/blogs.correiobraziliense.com.br\/aricunha\/wp-content\/uploads\/sites\/13\/2019\/08\/lava-jato-antonio-palocci-prisao-2016-383.jpg 680w, https:\/\/blogs.correiobraziliense.com.br\/aricunha\/wp-content\/uploads\/sites\/13\/2019\/08\/lava-jato-antonio-palocci-prisao-2016-383-300x200.jpg 300w, https:\/\/blogs.correiobraziliense.com.br\/aricunha\/wp-content\/uploads\/sites\/13\/2019\/08\/lava-jato-antonio-palocci-prisao-2016-383-350x233.jpg 350w, https:\/\/blogs.correiobraziliense.com.br\/aricunha\/wp-content\/uploads\/sites\/13\/2019\/08\/lava-jato-antonio-palocci-prisao-2016-383-550x366.jpg 550w, https:\/\/blogs.correiobraziliense.com.br\/aricunha\/wp-content\/uploads\/sites\/13\/2019\/08\/lava-jato-antonio-palocci-prisao-2016-383-230x153.jpg 230w\" sizes=\"auto, (max-width: 551px) 100vw, 551px\" \/><figcaption id=\"caption-attachment-14703\" class=\"wp-caption-text\">Foto: Rodolfo Buhrer\/Reuters<\/figcaption><\/figure>\n<p>&nbsp;<\/p>\n<p>&nbsp;<\/p>\n<p><strong>Reda\u00e7\u00e3o<\/strong><\/p>\n<p>Aten\u00e7\u00e3o escolas de Bras\u00edlia! Amanh\u00e3 \u00e9 o \u00faltimo dia para as inscri\u00e7\u00f5es para a participa\u00e7\u00e3o no projeto Jovem Senador, com o tema \u201cCidad\u00e3o que acompanha o or\u00e7amento p\u00fablico d\u00e1 valor ao Brasil\u201d. Mais informa\u00e7\u00f5es a seguir.<\/p>\n<p><img loading=\"lazy\" decoding=\"async\" class=\"wp-image-14704 aligncenter\" src=\"https:\/\/blogs.correiobraziliense.com.br\/aricunha\/wp-content\/uploads\/sites\/13\/2019\/08\/js.jpg\" alt=\"\" width=\"549\" height=\"346\" srcset=\"https:\/\/blogs.correiobraziliense.com.br\/aricunha\/wp-content\/uploads\/sites\/13\/2019\/08\/js.jpg 733w, https:\/\/blogs.correiobraziliense.com.br\/aricunha\/wp-content\/uploads\/sites\/13\/2019\/08\/js-300x189.jpg 300w, https:\/\/blogs.correiobraziliense.com.br\/aricunha\/wp-content\/uploads\/sites\/13\/2019\/08\/js-350x221.jpg 350w, https:\/\/blogs.correiobraziliense.com.br\/aricunha\/wp-content\/uploads\/sites\/13\/2019\/08\/js-550x347.jpg 550w, https:\/\/blogs.correiobraziliense.com.br\/aricunha\/wp-content\/uploads\/sites\/13\/2019\/08\/js-230x145.jpg 230w\" sizes=\"auto, (max-width: 549px) 100vw, 549px\" \/><\/p>\n<h1 style=\"text-align: center\"><em>&#8211;&gt; Inscri\u00e7\u00f5es para o Programa Jovem Senador terminam -em 16 de agosto<\/em><\/h1>\n<p style=\"text-align: right\"><em><small>Da Reda\u00e7\u00e3o |\u00a0<span class=\"m_7227735887425212339gmail-text-muted\">09\/08\/2019, 18h59<\/span><\/small><\/em><\/p>\n<p><em>Termina dia 16 de agosto, sexta-feira, o prazo para que estudantes de escolas p\u00fablicas estaduais de ensino m\u00e9dio participem do concurso de reda\u00e7\u00e3o do programa Jovem Senador. Criado em 2008, o programa seleciona, por meio de concurso anual, 27 alunos para vivenciarem em Bras\u00edlia uma semana de atividades similares \u00e0s dos senadores. Neste ano, o tema da reda\u00e7\u00e3o \u00e9 &#8220;Cidad\u00e3o que acompanha o or\u00e7amento p\u00fablico d\u00e1 valor ao Brasil&#8221;.<\/em><\/p>\n<p><em>As inscri\u00e7\u00f5es s\u00e3o feitas pelas escolas. Dia 16 \u00e9 o prazo final para os estudantes entregarem as reda\u00e7\u00f5es \u00e0s escolas. Cada escola pode inscrever apenas uma reda\u00e7\u00e3o. A sele\u00e7\u00e3o da reda\u00e7\u00e3o que representar\u00e1 o estado no programa \u00e9 feita por uma comiss\u00e3o Secretaria Estadual de Educa\u00e7\u00e3o.<\/em><\/p>\n<p><em>O programa tem como objetivo fortalecer a reflex\u00e3o em torno de valores como pol\u00edtica, representa\u00e7\u00e3o e cidadania. Por isso, s\u00e3o escolhidos os autores das 27 melhores reda\u00e7\u00f5es, uma por unidade da Federa\u00e7\u00e3o, que participar\u00e3o, em Bras\u00edlia, do processo de discuss\u00e3o e elabora\u00e7\u00e3o das leis do pa\u00eds, simulando a atua\u00e7\u00e3o dos senadores da Rep\u00fablica.<\/em><\/p>\n<p><em>A \u201clegislatura\u201d tem dura\u00e7\u00e3o de quatro dias e inicia-se com a posse dos jovens senadores e a elei\u00e7\u00e3o da Mesa. Os trabalhos s\u00e3o encerrados com a aprova\u00e7\u00e3o dos projetos pelos participantes. As proposi\u00e7\u00f5es podem ser aproveitadas pelos senadores. Desde a primeira edi\u00e7\u00e3o, 40 delas foram aceitas como projetos de lei do Senado e duas como proposta de emenda \u00e0 Constitui\u00e7\u00e3o. O programa j\u00e1 envolveu mais de 1,5 milh\u00e3o de alunos e 41 mil professores, numa parceria que resultou na produ\u00e7\u00e3o de quase 700 mil reda\u00e7\u00f5es.<\/em><\/p>\n<p><em>A estudante de jornalismo Bianca Anselmo, moradora de Planaltina e representante do Distrito Federal na edi\u00e7\u00e3o do Jovem Senador 2018, diz que a participa\u00e7\u00e3o no programa foi fundamental na escolha do curso. Para ela, o programa \u00e9 uma forma empoderar o jovem na pol\u00edtica.<\/em><\/p>\n<p><em>\u2014 Comecei a me interessar por pol\u00edtica e descobri a import\u00e2ncia de se saber como um projeto de lei \u00e9 elaborado.<\/em><\/p>\n<h3><em><b>Or\u00e7amento F\u00e1cil<\/b><\/em><\/h3>\n<p><em>Para as reda\u00e7\u00f5es da edi\u00e7\u00e3o 2019, os estudantes podem contar com as ajuda da s\u00e9rie Or\u00e7amento F\u00e1cil, produzida pela Secretaria Ag\u00eancia e Jornal do Senado (SAJS). S\u00e3o anima\u00e7\u00f5es curtas, com liguagem simplificada, did\u00e1tica e l\u00fadica, que buscam esclarecer a tramita\u00e7\u00e3o das leis or\u00e7ament\u00e1rias no Congresso Nacional e sua import\u00e2ncia no dia a dia do cidad\u00e3o, al\u00e9m de contribuir para a fiscaliza\u00e7\u00e3o tanto dos recursos arredacados por meio de impostos quanto da forma como esses recursos s\u00e3o utilizados.<\/em><\/p>\n<p><em>Os v\u00eddeos podem ser acessados no endere\u00e7o\u00a0<a href=\"http:\/\/www.senado.leg.br\/orcamentofacil\" target=\"_blank\" rel=\"noopener\">www.senado.leg.br\/orcamentofacil<\/a>.<\/em><\/p>\n<p class=\"m_7227735887425212339gmail-text-muted\"><em><small>Ag\u00eancia Senado (Reprodu\u00e7\u00e3o autorizada mediante cita\u00e7\u00e3o da Ag\u00eancia Senado)<\/small><\/em><\/p>\n<p>&nbsp;<\/p>\n<p>&nbsp;<\/p>\n<p><strong>Ambiente<\/strong><\/p>\n<p>Chega a not\u00edcia de que o governo Bolsonaro passa a usar uma classifica\u00e7\u00e3o nova de toxicidade de pesticidas, tomando como base o padr\u00e3o internacional.<\/p>\n<figure id=\"attachment_10900\" aria-describedby=\"caption-attachment-10900\" style=\"width: 546px\" class=\"wp-caption aligncenter\"><img loading=\"lazy\" decoding=\"async\" class=\" wp-image-10900\" src=\"https:\/\/blogs.correiobraziliense.com.br\/aricunha\/wp-content\/uploads\/sites\/13\/2018\/05\/55aea947.jpg\" alt=\"\" width=\"546\" height=\"363\" srcset=\"https:\/\/blogs.correiobraziliense.com.br\/aricunha\/wp-content\/uploads\/sites\/13\/2018\/05\/55aea947.jpg 1024w, https:\/\/blogs.correiobraziliense.com.br\/aricunha\/wp-content\/uploads\/sites\/13\/2018\/05\/55aea947-300x200.jpg 300w, https:\/\/blogs.correiobraziliense.com.br\/aricunha\/wp-content\/uploads\/sites\/13\/2018\/05\/55aea947-768x511.jpg 768w, https:\/\/blogs.correiobraziliense.com.br\/aricunha\/wp-content\/uploads\/sites\/13\/2018\/05\/55aea947-350x233.jpg 350w, https:\/\/blogs.correiobraziliense.com.br\/aricunha\/wp-content\/uploads\/sites\/13\/2018\/05\/55aea947-550x366.jpg 550w, https:\/\/blogs.correiobraziliense.com.br\/aricunha\/wp-content\/uploads\/sites\/13\/2018\/05\/55aea947-230x153.jpg 230w\" sizes=\"auto, (max-width: 546px) 100vw, 546px\" \/><figcaption id=\"caption-attachment-10900\" class=\"wp-caption-text\">Foto: contraosagrotoxicos.org<\/figcaption><\/figure>\n<p>&nbsp;<\/p>\n<p>&nbsp;<\/p>\n<p><strong>Novidade<\/strong><\/p>\n<p>Quem entrar no grupo dos Mais M\u00e9dicos poder\u00e1 receber um piso de R$12,3 mil al\u00e9m de gratifica\u00e7\u00e3o. Local de trabalho, tempo de contrato desempenho e especializa\u00e7\u00e3o seriam alguns dos crit\u00e9rios de aumento nos vencimentos.<\/p>\n<p>&nbsp;<\/p>\n<p>&nbsp;<\/p>\n<p>&nbsp;<\/p>\n<p><strong>Absurdo<\/strong><\/p>\n<p>Exig\u00eancia absolutamente sensata das empresas a\u00e9reas em n\u00e3o aceitar check-in de pessoas que viajam com crian\u00e7as. \u00c9 preciso ver os documentos no balc\u00e3o. Mas n\u00e3o h\u00e1 explica\u00e7\u00f5es para um casal comprar as passagens e ter que se sentar longe da crian\u00e7a de 3 anos. Ou paga pelas bagagens e acentos ou fica \u00e0 merc\u00ea da boa vontade dos passageiros e tripulantes que t\u00eam o trabalho do remanejamento.<\/p>\n<p>&nbsp;<\/p>\n<p>&nbsp;<\/p>\n<p>&nbsp;<\/p>\n<p><strong>HIST\u00d3RIA DE BRAS\u00cdLIA<\/strong><\/p>\n<p>Um colega nosso querendo presentear o filho, comprou um \u201cBoliche Trol\u201d em Bras\u00edlia, por 1.400 cruzeiros. Pouco depois, lendo seu pr\u00f3prio jornal, encontrou um an\u00fancio de um caso do Rio, vendendo o mesmo brinquedo por 275 cruzeiros. <strong>(Publicado em 28\/11\/1961)<\/strong><\/p>\n","protected":false},"excerpt":{"rendered":"<p>VISTO, LIDO E OUVIDO, criada por Ari Cunha (In memoriam) Desde 1960, com Circe Cunha e Mamfil jornalistacircecunha@gmail.com Facebook.com\/vistolidoeouvido Instagram.com\/vistolidoeouvido &nbsp; &nbsp; N\u00e3o \u00e9 de hoje que as autoridades de seguran\u00e7a e intelig\u00eancia reconhecem que \u00e9 de dentro dos diversos pres\u00eddios, espalhados pelo pa\u00eds, que operam os centros nervosos de controle e de recrutamento cont\u00ednuo das grandes organiza\u00e7\u00f5es criminosas que [&hellip;]<\/p>\n","protected":false},"author":34,"featured_media":14702,"comment_status":"open","ping_status":"open","sticky":false,"template":"","format":"standard","meta":{"footnotes":""},"categories":[23],"tags":[1722,1723,114,1721,1724,1725,563,178,68,2,69,16],"class_list":["post-14700","post","type-post","status-publish","format-standard","has-post-thumbnail","hentry","category-integra","tag-crimeorganizadonodf","tag-faccao","tag-historiadebrasilia","tag-pcdf","tag-segurancanobrasil","tag-segurancanodf","tag-sistemacarcerariobrasileiro","tag-violencianobrasil","tag-aricunha","tag-brasilia","tag-circecunha","tag-mamfil"],"_links":{"self":[{"href":"https:\/\/blogs.correiobraziliense.com.br\/aricunha\/wp-json\/wp\/v2\/posts\/14700","targetHints":{"allow":["GET"]}}],"collection":[{"href":"https:\/\/blogs.correiobraziliense.com.br\/aricunha\/wp-json\/wp\/v2\/posts"}],"about":[{"href":"https:\/\/blogs.correiobraziliense.com.br\/aricunha\/wp-json\/wp\/v2\/types\/post"}],"author":[{"embeddable":true,"href":"https:\/\/blogs.correiobraziliense.com.br\/aricunha\/wp-json\/wp\/v2\/users\/34"}],"replies":[{"embeddable":true,"href":"https:\/\/blogs.correiobraziliense.com.br\/aricunha\/wp-json\/wp\/v2\/comments?post=14700"}],"version-history":[{"count":2,"href":"https:\/\/blogs.correiobraziliense.com.br\/aricunha\/wp-json\/wp\/v2\/posts\/14700\/revisions"}],"predecessor-version":[{"id":14705,"href":"https:\/\/blogs.correiobraziliense.com.br\/aricunha\/wp-json\/wp\/v2\/posts\/14700\/revisions\/14705"}],"wp:featuredmedia":[{"embeddable":true,"href":"https:\/\/blogs.correiobraziliense.com.br\/aricunha\/wp-json\/wp\/v2\/media\/14702"}],"wp:attachment":[{"href":"https:\/\/blogs.correiobraziliense.com.br\/aricunha\/wp-json\/wp\/v2\/media?parent=14700"}],"wp:term":[{"taxonomy":"category","embeddable":true,"href":"https:\/\/blogs.correiobraziliense.com.br\/aricunha\/wp-json\/wp\/v2\/categories?post=14700"},{"taxonomy":"post_tag","embeddable":true,"href":"https:\/\/blogs.correiobraziliense.com.br\/aricunha\/wp-json\/wp\/v2\/tags?post=14700"}],"curies":[{"name":"wp","href":"https:\/\/api.w.org\/{rel}","templated":true}]}}