{"id":14675,"date":"2019-08-10T12:45:40","date_gmt":"2019-08-10T15:45:40","guid":{"rendered":"https:\/\/blogs.correiobraziliense.com.br\/aricunha\/?p=14675"},"modified":"2019-08-10T12:45:40","modified_gmt":"2019-08-10T15:45:40","slug":"uma-bolha-de-sabao-em-meio-aos-espinhos","status":"publish","type":"post","link":"https:\/\/blogs.correiobraziliense.com.br\/aricunha\/uma-bolha-de-sabao-em-meio-aos-espinhos\/","title":{"rendered":"Uma bolha de sab\u00e3o em meio aos espinhos"},"content":{"rendered":"<p>VISTO, LIDO E OUVIDO, criada por Ari Cunha (In memoriam)<\/p>\n<p>Desde 1960, com Circe Cunha e Mamfil<\/p>\n<p>jornalistacircecunha@gmail.com<\/p>\n<p>Facebook.com\/vistolidoeouvido<\/p>\n<p>Instagram.com\/vistolidoeouvido<\/p>\n<p>&nbsp;<\/p>\n<figure id=\"attachment_14066\" aria-describedby=\"caption-attachment-14066\" style=\"width: 662px\" class=\"wp-caption aligncenter\"><img loading=\"lazy\" decoding=\"async\" class=\" wp-image-14066\" src=\"https:\/\/blogs.correiobraziliense.com.br\/aricunha\/wp-content\/uploads\/sites\/13\/2019\/05\/sergio-moro-nova.jpg\" alt=\"\" width=\"662\" height=\"442\" srcset=\"https:\/\/blogs.correiobraziliense.com.br\/aricunha\/wp-content\/uploads\/sites\/13\/2019\/05\/sergio-moro-nova.jpg 1000w, https:\/\/blogs.correiobraziliense.com.br\/aricunha\/wp-content\/uploads\/sites\/13\/2019\/05\/sergio-moro-nova-300x200.jpg 300w, https:\/\/blogs.correiobraziliense.com.br\/aricunha\/wp-content\/uploads\/sites\/13\/2019\/05\/sergio-moro-nova-768x512.jpg 768w, https:\/\/blogs.correiobraziliense.com.br\/aricunha\/wp-content\/uploads\/sites\/13\/2019\/05\/sergio-moro-nova-350x233.jpg 350w, https:\/\/blogs.correiobraziliense.com.br\/aricunha\/wp-content\/uploads\/sites\/13\/2019\/05\/sergio-moro-nova-550x367.jpg 550w, https:\/\/blogs.correiobraziliense.com.br\/aricunha\/wp-content\/uploads\/sites\/13\/2019\/05\/sergio-moro-nova-230x153.jpg 230w\" sizes=\"auto, (max-width: 662px) 100vw, 662px\" \/><figcaption id=\"caption-attachment-14066\" class=\"wp-caption-text\">Foto: Wilson Dias\/Ag\u00eancia Brasil<\/figcaption><\/figure>\n<p>&nbsp;<\/p>\n<div>\n<div>Pudesse voltar no tempo, quando ainda era um dos mais bem-sucedidos magistrados que o Brasil conheceu, com certeza o atual ministro da Justi\u00e7a, S\u00e9rgio Moro, n\u00e3o teria renunciado ao cargo que conquistou por concurso, abandonando uma carreira s\u00f3lida de mais de duas d\u00e9cadas \u00e0 frente da 13\u00aa Vara Criminal Federal de Curitiba.<\/div>\n<div><\/div>\n<div>Ao se aliar a projeto pol\u00edtico, em que lhe foi prometido plenos poderes para levar adiante seu plano de estabelecer um Brasil livre da corrup\u00e7\u00e3o que infesta as institui\u00e7\u00f5es p\u00fablicas desse pa\u00eds, Moro n\u00e3o fazia ideia do passo que estava dando dentro do t\u00fanel escuro que \u00e9 a vida pol\u00edtica brasileira. Tivesse ele a no\u00e7\u00e3o do trabalho herc\u00faleo que teria pela frente para pelo menos minorar essa situa\u00e7\u00e3o, sua decis\u00e3o seria ficar onde estava. Na antiga posi\u00e7\u00e3o, poderia prosseguir com a tarefa de julgar e condenar as mais poderosas figuras da Rep\u00fablica que, h\u00e1 muito, rapinam os recursos p\u00fablicos, certos da impunidade e dos benef\u00edcios que o foro privilegiado assegura para blindar os ladravazes do colarinho-branco. O que se pode concluir, agora, \u00e9 que S\u00e9rgio Moro caiu, como um inocente, no canto da sereia, entoado por um candidato, milagrosamente eleito, no v\u00e1cuo do descontentamento com os pol\u00edticos de esquerda.<\/div>\n<div><\/div>\n<div>O atual presidente enxergou, astutamente, em figuras publicamente sacralizadas, como era o caso de S\u00e9rgio Moro, uma bengala em que se apoiar para se apresentar como novo paladino que, literalmente, iria \u201cendireitar\u201d o pa\u00eds. S\u00e9rgio Moro aparenta sentir a grande desventura em que se meteu. O ent\u00e3o candidato Jair Bolsonaro, aproveitou a grande visibilidade no pa\u00eds, conferida pela exitosa Opera\u00e7\u00e3o Lava-Jato e a levou, como estandarte pela Brasil afora, convencendo os eleitores de que essa era sua maior meta.<\/div>\n<div><\/div>\n<div>Sitiado entre velhas raposas pol\u00edticas, que se exercitam para n\u00e3o perder antigos privil\u00e9gios e o acesso livre aos cofres p\u00fablicos, entre um Judici\u00e1rio que, em boa parte, a\u00ed est\u00e1 para proteger essa turma de malfeitores, cercado ainda por seguimentos da imprensa que sempre apoiou esses grupos, S\u00e9rgio Moro vai, dia a dia, percebendo a inutilidade de seu idealismo, frente a uma elite que insiste em se apropriar do pa\u00eds como coisa sua.<\/div>\n<div><\/div>\n<div>Como tem acontecido, desde sempre, entre n\u00f3s, a presen\u00e7a de Moro, em meio a essa gente que tem seus pr\u00f3prios e el\u00e1sticos princ\u00edpios \u00e9ticos, come\u00e7a a destoar da paisagem mon\u00f3tona. Com isso, vai dando in\u00edcio ao seu processo lento e covarde de fritura. Para tanto, seus muitos inimigos, que tamb\u00e9m s\u00e3o declaradamente inimigos da popula\u00e7\u00e3o, n\u00e3o se avexam em lan\u00e7ar m\u00e3os inclusive de escutas roubadas por hackers criminosos, tentando, a todo custo, desgastar a imagem do corajoso magistrado.<\/div>\n<div><\/div>\n<div>Enganam-se aqueles que pensam que ao retirar Moro do caminho, novamente estar\u00e3o escancaradas as portas para o saque do Estado. Engana-se mais ainda o atual governo se pensa que, ao diminuir a estatura desse antigo juiz, tolhendo-lhe as iniciativas e esvaziando sua pasta, conferir\u00e1 maior poderio a si e a esses grupos de interesseiros que voam ao redor. Sem meias-palavras e sem medo de errar, \u00e9 poss\u00edvel afirmar que sem S\u00e9rgio Moro, Bolsonaro \u00e9 apenas uma bolha de sab\u00e3o em meio a um planalto de espinhos.<\/div>\n<\/div>\n<div><\/div>\n<div><\/div>\n<div><\/div>\n<div><\/div>\n<div><strong><em>A frase que foi pronunciada<\/em><\/strong><\/div>\n<div><em>\u201cN\u00e3o entendo de leis, mas a &#8220;saidinha&#8221; deveria ser permitida somente no dia de finados. Para que visitassem os t\u00famulos dos que eles mataram.\u201d<\/em><\/div>\n<div>Padre F\u00e1bio de Melo<\/div>\n<div><\/div>\n<div><img loading=\"lazy\" decoding=\"async\" class=\" wp-image-13289 aligncenter\" src=\"https:\/\/blogs.correiobraziliense.com.br\/aricunha\/wp-content\/uploads\/sites\/13\/2019\/02\/padre-1.jpg\" alt=\"\" width=\"548\" height=\"365\" srcset=\"https:\/\/blogs.correiobraziliense.com.br\/aricunha\/wp-content\/uploads\/sites\/13\/2019\/02\/padre-1.jpg 900w, https:\/\/blogs.correiobraziliense.com.br\/aricunha\/wp-content\/uploads\/sites\/13\/2019\/02\/padre-1-300x200.jpg 300w, https:\/\/blogs.correiobraziliense.com.br\/aricunha\/wp-content\/uploads\/sites\/13\/2019\/02\/padre-1-768x512.jpg 768w, https:\/\/blogs.correiobraziliense.com.br\/aricunha\/wp-content\/uploads\/sites\/13\/2019\/02\/padre-1-350x233.jpg 350w, https:\/\/blogs.correiobraziliense.com.br\/aricunha\/wp-content\/uploads\/sites\/13\/2019\/02\/padre-1-550x367.jpg 550w, https:\/\/blogs.correiobraziliense.com.br\/aricunha\/wp-content\/uploads\/sites\/13\/2019\/02\/padre-1-230x153.jpg 230w\" sizes=\"auto, (max-width: 548px) 100vw, 548px\" \/><\/div>\n<div><\/div>\n<div><\/div>\n<div><\/div>\n<div><strong>Nossos queijos<\/strong><\/div>\n<div>Quem vai a Nova York sempre faz uma refei\u00e7\u00e3o no Eataly. Na sa\u00edda do estabelecimento, um mapa m\u00fandi mostra a produ\u00e7\u00e3o de queijo de cada pa\u00eds no mapa. No Brasil, est\u00e1 apenas escrito \u201cP\u00e3o de queijo\u201d. Bem que a prefeitura de Arax\u00e1 poderia convidar o sr. Oscar Farinetti, dono da Eataly, para visitar o Concurso Mundial da cidade mineira onde mais de mil tipos de queijos ser\u00e3o avaliados.<\/div>\n<div><\/div>\n<div>\n<figure id=\"attachment_14677\" aria-describedby=\"caption-attachment-14677\" style=\"width: 547px\" class=\"wp-caption aligncenter\"><img loading=\"lazy\" decoding=\"async\" class=\" wp-image-14677\" src=\"https:\/\/blogs.correiobraziliense.com.br\/aricunha\/wp-content\/uploads\/sites\/13\/2019\/08\/eataly_farinetti.jpg\" alt=\"\" width=\"547\" height=\"351\" srcset=\"https:\/\/blogs.correiobraziliense.com.br\/aricunha\/wp-content\/uploads\/sites\/13\/2019\/08\/eataly_farinetti.jpg 624w, https:\/\/blogs.correiobraziliense.com.br\/aricunha\/wp-content\/uploads\/sites\/13\/2019\/08\/eataly_farinetti-300x192.jpg 300w, https:\/\/blogs.correiobraziliense.com.br\/aricunha\/wp-content\/uploads\/sites\/13\/2019\/08\/eataly_farinetti-350x224.jpg 350w, https:\/\/blogs.correiobraziliense.com.br\/aricunha\/wp-content\/uploads\/sites\/13\/2019\/08\/eataly_farinetti-550x353.jpg 550w, https:\/\/blogs.correiobraziliense.com.br\/aricunha\/wp-content\/uploads\/sites\/13\/2019\/08\/eataly_farinetti-230x147.jpg 230w\" sizes=\"auto, (max-width: 547px) 100vw, 547px\" \/><figcaption id=\"caption-attachment-14677\" class=\"wp-caption-text\">Foto: italymagazine.com<\/figcaption><\/figure>\n<\/div>\n<div><\/div>\n<div><\/div>\n<div><\/div>\n<div><strong>Funciona?<\/strong><\/div>\n<div>Trata-se de uma resolu\u00e7\u00e3o do Conselho Monet\u00e1rio Nacional. Os bancos s\u00e3o obrigados a implementar ouvidorias e resolver as pend\u00eancias em, no m\u00e1ximo, 30 dias. A opini\u00e3o dos consumidores \u00e9 que os bancos deveriam investir mais no atendimento do que em advogados.<\/div>\n<div><\/div>\n<div><\/div>\n<div><\/div>\n<div><\/div>\n<div><strong>Sempre atual<\/strong><\/div>\n<div>Adirson Vasconcelos, hist\u00f3ria viva de Bras\u00edlia, nos enviou a seguinte frase de Juscelino: \u201cN\u00e3o compreendo que o chefe da na\u00e7\u00e3o se conserve permanentemente na casa de governo, preso a seu gabinete, s\u00f3 examinando a situa\u00e7\u00e3o do pa\u00eds por meio de pap\u00e9is que, de modo geral, n\u00e3o lhe d\u00e3o ideia nem medida do que se vai passando por este imenso continente que \u00e9 o Brasil.\u201d 1962\u201d \u2014 Juscelino Kubitschek, in A Marcha do Amanhecer. Editora Revista dos Tribunais.<\/div>\n<div><\/div>\n<div>\n<figure id=\"attachment_14678\" aria-describedby=\"caption-attachment-14678\" style=\"width: 548px\" class=\"wp-caption aligncenter\"><img loading=\"lazy\" decoding=\"async\" class=\" wp-image-14678\" src=\"https:\/\/blogs.correiobraziliense.com.br\/aricunha\/wp-content\/uploads\/sites\/13\/2019\/08\/18580.jpg\" alt=\"\" width=\"548\" height=\"657\" srcset=\"https:\/\/blogs.correiobraziliense.com.br\/aricunha\/wp-content\/uploads\/sites\/13\/2019\/08\/18580.jpg 900w, https:\/\/blogs.correiobraziliense.com.br\/aricunha\/wp-content\/uploads\/sites\/13\/2019\/08\/18580-250x300.jpg 250w, https:\/\/blogs.correiobraziliense.com.br\/aricunha\/wp-content\/uploads\/sites\/13\/2019\/08\/18580-768x922.jpg 768w, https:\/\/blogs.correiobraziliense.com.br\/aricunha\/wp-content\/uploads\/sites\/13\/2019\/08\/18580-853x1024.jpg 853w, https:\/\/blogs.correiobraziliense.com.br\/aricunha\/wp-content\/uploads\/sites\/13\/2019\/08\/18580-292x350.jpg 292w, https:\/\/blogs.correiobraziliense.com.br\/aricunha\/wp-content\/uploads\/sites\/13\/2019\/08\/18580-550x660.jpg 550w, https:\/\/blogs.correiobraziliense.com.br\/aricunha\/wp-content\/uploads\/sites\/13\/2019\/08\/18580-230x276.jpg 230w\" sizes=\"auto, (max-width: 548px) 100vw, 548px\" \/><figcaption id=\"caption-attachment-14678\" class=\"wp-caption-text\">Foto: Gervasio Batista\/Arquivo P\u00fablico do Distrito Federal<\/figcaption><\/figure>\n<\/div>\n<div><\/div>\n<div><\/div>\n<div><\/div>\n<div><strong>App assinantes<\/strong><\/div>\n<div>Correio atualiza o aplicativo para que voc\u00ea receba a not\u00edcia em tempo real. Veja as dicas em:\u00a0<a href=\"http:\/\/clubedoassinante.correiobraziliense.com.br\/aplicativo\/\">Clube do Assinante do Correio Braziliense<\/a>.<\/div>\n<div><\/div>\n<div><img loading=\"lazy\" decoding=\"async\" class=\" wp-image-14679 aligncenter\" src=\"https:\/\/blogs.correiobraziliense.com.br\/aricunha\/wp-content\/uploads\/sites\/13\/2019\/08\/logo.png\" alt=\"\" width=\"438\" height=\"258\" srcset=\"https:\/\/blogs.correiobraziliense.com.br\/aricunha\/wp-content\/uploads\/sites\/13\/2019\/08\/logo.png 270w, https:\/\/blogs.correiobraziliense.com.br\/aricunha\/wp-content\/uploads\/sites\/13\/2019\/08\/logo-230x135.png 230w\" sizes=\"auto, (max-width: 438px) 100vw, 438px\" \/><\/div>\n<div><\/div>\n<div><\/div>\n<div><\/div>\n<div><\/div>\n<div><strong>Hist\u00f3ria de Bras\u00edlia<\/strong><\/div>\n<div><em>Nos blocos JK, os moradores p\u00f5em varais nas janelas, fazem cercas de t\u00e1buas em frente \u00e0s janelas, transformam aquilo numa favela e, depois, reclamam que no Rio moravam em Copacabana, num apartamento com varanda.<\/em>\u00a0<strong>(Publicado em 26\/11\/1961)<\/strong><\/div>\n","protected":false},"excerpt":{"rendered":"<p>VISTO, LIDO E OUVIDO, criada por Ari Cunha (In memoriam) Desde 1960, com Circe Cunha e Mamfil jornalistacircecunha@gmail.com Facebook.com\/vistolidoeouvido Instagram.com\/vistolidoeouvido &nbsp; &nbsp; Pudesse voltar no tempo, quando ainda era um dos mais bem-sucedidos magistrados que o Brasil conheceu, com certeza o atual ministro da Justi\u00e7a, S\u00e9rgio Moro, n\u00e3o teria renunciado ao cargo que conquistou por concurso, abandonando uma carreira s\u00f3lida [&hellip;]<\/p>\n","protected":false},"author":34,"featured_media":14066,"comment_status":"open","ping_status":"open","sticky":false,"template":"","format":"standard","meta":{"footnotes":""},"categories":[23],"tags":[1235,114,1175,946,1716,68,2,69,16],"class_list":["post-14675","post","type-post","status-publish","format-standard","has-post-thumbnail","hentry","category-integra","tag-governobolsonaro","tag-historiadebrasilia","tag-ministeriodajustica","tag-operacaolavajato","tag-sergiomoro","tag-aricunha","tag-brasilia","tag-circecunha","tag-mamfil"],"_links":{"self":[{"href":"https:\/\/blogs.correiobraziliense.com.br\/aricunha\/wp-json\/wp\/v2\/posts\/14675","targetHints":{"allow":["GET"]}}],"collection":[{"href":"https:\/\/blogs.correiobraziliense.com.br\/aricunha\/wp-json\/wp\/v2\/posts"}],"about":[{"href":"https:\/\/blogs.correiobraziliense.com.br\/aricunha\/wp-json\/wp\/v2\/types\/post"}],"author":[{"embeddable":true,"href":"https:\/\/blogs.correiobraziliense.com.br\/aricunha\/wp-json\/wp\/v2\/users\/34"}],"replies":[{"embeddable":true,"href":"https:\/\/blogs.correiobraziliense.com.br\/aricunha\/wp-json\/wp\/v2\/comments?post=14675"}],"version-history":[{"count":2,"href":"https:\/\/blogs.correiobraziliense.com.br\/aricunha\/wp-json\/wp\/v2\/posts\/14675\/revisions"}],"predecessor-version":[{"id":14680,"href":"https:\/\/blogs.correiobraziliense.com.br\/aricunha\/wp-json\/wp\/v2\/posts\/14675\/revisions\/14680"}],"wp:featuredmedia":[{"embeddable":true,"href":"https:\/\/blogs.correiobraziliense.com.br\/aricunha\/wp-json\/wp\/v2\/media\/14066"}],"wp:attachment":[{"href":"https:\/\/blogs.correiobraziliense.com.br\/aricunha\/wp-json\/wp\/v2\/media?parent=14675"}],"wp:term":[{"taxonomy":"category","embeddable":true,"href":"https:\/\/blogs.correiobraziliense.com.br\/aricunha\/wp-json\/wp\/v2\/categories?post=14675"},{"taxonomy":"post_tag","embeddable":true,"href":"https:\/\/blogs.correiobraziliense.com.br\/aricunha\/wp-json\/wp\/v2\/tags?post=14675"}],"curies":[{"name":"wp","href":"https:\/\/api.w.org\/{rel}","templated":true}]}}