{"id":14664,"date":"2019-08-09T00:50:40","date_gmt":"2019-08-09T03:50:40","guid":{"rendered":"https:\/\/blogs.correiobraziliense.com.br\/aricunha\/?p=14664"},"modified":"2019-08-09T20:41:01","modified_gmt":"2019-08-09T23:41:01","slug":"maioridade-politica-e-a-destruicao-urbanistica-da-cidade","status":"publish","type":"post","link":"https:\/\/blogs.correiobraziliense.com.br\/aricunha\/maioridade-politica-e-a-destruicao-urbanistica-da-cidade\/","title":{"rendered":"Maioridade pol\u00edtica e a destrui\u00e7\u00e3o urban\u00edstica da cidade"},"content":{"rendered":"<p>VISTO, LIDO E OUVIDO, criada por Ari Cunha (In memoriam)<\/p>\n<p>Desde 1960, com Circe Cunha e Mamfil<\/p>\n<p>jornalistacircecunha@gmail.com<\/p>\n<p>Facebook.com\/vistolidoeouvido<\/p>\n<p>Instagram.com\/vistolidoeouvido<\/p>\n<p>&nbsp;<\/p>\n<figure id=\"attachment_13914\" aria-describedby=\"caption-attachment-13914\" style=\"width: 613px\" class=\"wp-caption aligncenter\"><img loading=\"lazy\" decoding=\"async\" class=\" wp-image-13914\" src=\"https:\/\/blogs.correiobraziliense.com.br\/aricunha\/wp-content\/uploads\/sites\/13\/2019\/04\/bras\u00edlia.jpg\" alt=\"\" width=\"613\" height=\"411\" srcset=\"https:\/\/blogs.correiobraziliense.com.br\/aricunha\/wp-content\/uploads\/sites\/13\/2019\/04\/bras\u00edlia.jpg 500w, https:\/\/blogs.correiobraziliense.com.br\/aricunha\/wp-content\/uploads\/sites\/13\/2019\/04\/bras\u00edlia-300x201.jpg 300w, https:\/\/blogs.correiobraziliense.com.br\/aricunha\/wp-content\/uploads\/sites\/13\/2019\/04\/bras\u00edlia-350x235.jpg 350w, https:\/\/blogs.correiobraziliense.com.br\/aricunha\/wp-content\/uploads\/sites\/13\/2019\/04\/bras\u00edlia-230x154.jpg 230w\" sizes=\"auto, (max-width: 613px) 100vw, 613px\" \/><figcaption id=\"caption-attachment-13914\" class=\"wp-caption-text\">Foto: laboratoriobrasilia.blogspot.com<\/figcaption><\/figure>\n<p>&nbsp;<\/p>\n<p>Desde que foi anunciada, h\u00e1 algumas d\u00e9cadas, a chamada maioridade pol\u00edtica da capital, esta coluna j\u00e1 previa que a mudan\u00e7a no status administrativo do Distrito Federal traria consigo n\u00e3o apenas uma hoste de pol\u00edticos com ganas de poder, mas um grupo determinado a transformar Bras\u00edlia numa esp\u00e9cie de mina de ouro a enriquecer os mandat\u00e1rios de turno e sua agremia\u00e7\u00e3o de entorno.<\/p>\n<p>\u00c9 isso justamente o que tem ocorrido ao longo de todos esses anos. Cada grupo desse que chega ao Buriti e C\u00e2mara Legislativa, de quatro em quatro anos, vem cheio de ideias e projetos que, observados de perto, com mais cuidado, visam apenas ao fortalecimento econ\u00f4mico de sua grei, pouco se importando com assuntos complexos do tipo planejamento urbano ou respeito a diretrizes de tombamento e outros complicados e trabalhosos temas necess\u00e1rios \u00e0 conserva\u00e7\u00e3o urban\u00edstica e \u00fanica da capital.<\/p>\n<p>Interessante que desses grupos que se revezam no poder pol\u00edtico local, curiosamente, nenhum deles \u00e9 capaz de apresentar projetos s\u00e9rios, exequ\u00edveis e necess\u00e1rios para urbanizar as muitas regi\u00f5es administrativas da cidade, todas elas carentes de jardins, cal\u00e7adas, ilumina\u00e7\u00e3o e outras obras de infraestrutura. Curioso tamb\u00e9m que nenhuma dessas administra\u00e7\u00f5es pol\u00edticas jamais tenham apresentado e realizado projetos de reurbaniza\u00e7\u00e3o das W3 Norte e Sul, obras essas que trariam um renascimento nesse que \u00e9 o principal eixo econ\u00f4mico da capital e que, por si s\u00f3, representaria uma nova revitaliza\u00e7\u00e3o em todos os setores ligados a essa importante avenida. O que se v\u00ea s\u00e3o cal\u00e7adas quebradas como uma maquiagem passageira.<\/p>\n<p>Com um projeto simples de uniformiza\u00e7\u00e3o dessa art\u00e9ria, setores como os hoteleiros Sul e Norte, a Rodovi\u00e1ria Central e outras \u00e1reas ganhariam mais dinamismo e movimento, o que atrairia a aten\u00e7\u00e3o de novos investidores. Ao contr\u00e1rio desse que seria um projeto de bom censo, os ocupantes do Pal\u00e1cio do Buriti e da C\u00e2mara Legislativa, muitos dos quais sequer conhecem em profundidade e na sua totalidade a cidade de Bras\u00edlia, parecem delirar com projetos, todos eles, sintomaticamente, mudando e alterando regras de gabarito e de tombamento, como guiados por m\u00e3os invis\u00edveis daquelas que enxergam em cada canto da cidade uma oportunidade de lucro.<\/p>\n<p>Depois dos projetos visando alterar e modificar \u00e1reas como o Setor Comercial Sul e adjac\u00eancias, construindo moradias naquela localidade, sem qualquer planejamento de impacto e em flagrante confronto com o idealizado para aquela regi\u00e3o por seus urbanistas e arquitetos, \u00e9 chegada agora a vez de investir contra o Setor de Ind\u00fastrias Gr\u00e1ficas (SIG), mudando-lhe o gabarito e aumentando a ocupa\u00e7\u00e3o das constru\u00e7\u00f5es, entre outras transforma\u00e7\u00f5es. Tamb\u00e9m nesse caso \u00e9 preciso lembrar que essa \u00e9 uma \u00e1rea inclusa dentro do plano de tombamento. Como aconteceu em outras partes da cidade, \u00e9 importante deixar aqui registrado que a maioria dos arquitetos, urbanistas, professores e especialistas consideram que essa \u00e9 mais uma tentativa, vinda do setor especulativo e de empreiteiros da cidade, para lucrar com essas mudan\u00e7as mesmo que elas arru\u00ednem, por completo, o projeto original da capital.<\/p>\n<p>Para aqueles que entendem a import\u00e2ncia de Bras\u00edlia como patrim\u00f4nio Cultural da Humanidade, a ser permitida essa mais nova investida contra a cidade, estar\u00e3o abertas as portas para a descaracteriza\u00e7\u00e3o da capital conforme anseiam os pol\u00edticos e os especuladores que surgiram com essa malfadada maioridade pol\u00edtica de Bras\u00edlia.<\/p>\n<p>&nbsp;<\/p>\n<p>&nbsp;<\/p>\n<p>&nbsp;<\/p>\n<p><strong>A frase que foi pronunciada:<\/strong><\/p>\n<p><em>\u201cE o espa\u00e7o criado pelo capital \u00e9 realmente um espa\u00e7o muito sedutor &#8211; desde que voc\u00ea tenha o dinheiro.\u201d<\/em><\/p>\n<p>Alessandro Bus\u00e0, PHD em planejamento urbano. Cita\u00e7\u00e3o do livro The Creative Destruction, de Nova York: Engenharia da cidade para a elite.<\/p>\n<figure id=\"attachment_14667\" aria-describedby=\"caption-attachment-14667\" style=\"width: 363px\" class=\"wp-caption aligncenter\"><img loading=\"lazy\" decoding=\"async\" class=\" wp-image-14667\" src=\"https:\/\/blogs.correiobraziliense.com.br\/aricunha\/wp-content\/uploads\/sites\/13\/2019\/08\/31732374_2905159722923584_7336366206758158336_n.jpg\" alt=\"\" width=\"363\" height=\"552\" srcset=\"https:\/\/blogs.correiobraziliense.com.br\/aricunha\/wp-content\/uploads\/sites\/13\/2019\/08\/31732374_2905159722923584_7336366206758158336_n.jpg 329w, https:\/\/blogs.correiobraziliense.com.br\/aricunha\/wp-content\/uploads\/sites\/13\/2019\/08\/31732374_2905159722923584_7336366206758158336_n-197x300.jpg 197w, https:\/\/blogs.correiobraziliense.com.br\/aricunha\/wp-content\/uploads\/sites\/13\/2019\/08\/31732374_2905159722923584_7336366206758158336_n-230x350.jpg 230w\" sizes=\"auto, (max-width: 363px) 100vw, 363px\" \/><figcaption id=\"caption-attachment-14667\" class=\"wp-caption-text\">Foto: facebook.com\/creativedestructionofNY<\/figcaption><\/figure>\n<p>&nbsp;<\/p>\n<p>&nbsp;<\/p>\n<p><strong>Publique-se<\/strong><\/p>\n<p>Paula de Ara\u00fajo Pinto Teixeira publicou timidamente o melhor livro para crian\u00e7as que j\u00e1 li desde Sylvia Orthof. Com um texto absolutamente encantador, conta a hist\u00f3ria de um almo\u00e7o na casa da v\u00f3 Rute onde o menu do dia \u00e9 o arco-\u00edris. Educativo, instrutivo, delicado e marcante. Daqueles livros que n\u00e3o saem de voc\u00ea. Rasguem os livros de princesas que vem coisa \u00f3tima por a\u00ed.<\/p>\n<p><img loading=\"lazy\" decoding=\"async\" class=\"wp-image-14669 aligncenter\" src=\"https:\/\/blogs.correiobraziliense.com.br\/aricunha\/wp-content\/uploads\/sites\/13\/2019\/08\/WhatsApp-Image-2019-08-09-at-16.14.38-1.jpeg\" alt=\"\" width=\"549\" height=\"535\" srcset=\"https:\/\/blogs.correiobraziliense.com.br\/aricunha\/wp-content\/uploads\/sites\/13\/2019\/08\/WhatsApp-Image-2019-08-09-at-16.14.38-1.jpeg 1255w, https:\/\/blogs.correiobraziliense.com.br\/aricunha\/wp-content\/uploads\/sites\/13\/2019\/08\/WhatsApp-Image-2019-08-09-at-16.14.38-1-300x292.jpeg 300w, https:\/\/blogs.correiobraziliense.com.br\/aricunha\/wp-content\/uploads\/sites\/13\/2019\/08\/WhatsApp-Image-2019-08-09-at-16.14.38-1-768x748.jpeg 768w, https:\/\/blogs.correiobraziliense.com.br\/aricunha\/wp-content\/uploads\/sites\/13\/2019\/08\/WhatsApp-Image-2019-08-09-at-16.14.38-1-1024x998.jpeg 1024w, https:\/\/blogs.correiobraziliense.com.br\/aricunha\/wp-content\/uploads\/sites\/13\/2019\/08\/WhatsApp-Image-2019-08-09-at-16.14.38-1-350x341.jpeg 350w, https:\/\/blogs.correiobraziliense.com.br\/aricunha\/wp-content\/uploads\/sites\/13\/2019\/08\/WhatsApp-Image-2019-08-09-at-16.14.38-1-550x536.jpeg 550w, https:\/\/blogs.correiobraziliense.com.br\/aricunha\/wp-content\/uploads\/sites\/13\/2019\/08\/WhatsApp-Image-2019-08-09-at-16.14.38-1-230x224.jpeg 230w\" sizes=\"auto, (max-width: 549px) 100vw, 549px\" \/><\/p>\n<p>&nbsp;<\/p>\n<p><strong>Qualidade musical<\/strong><\/p>\n<p>Hoje \u00e9 dia de Espa\u00e7o Arte. O violonista brasiliense Jaime Ernest Dias e o pianista portugu\u00eas Jo\u00e3o Lucas v\u00e3o encantar o p\u00fablico no Clube do Choro de Bras\u00edlia, com o \u00e1lbum &#8220;Cerrado Atl\u00e2ntico &#8211; Uma conex\u00e3o cultural pela m\u00fasica&#8221;. O \u00e1lbum com repert\u00f3rio autoral celebra a rela\u00e7\u00e3o cultural entre Bras\u00edlia e Portugal.<\/p>\n<figure id=\"attachment_14666\" aria-describedby=\"caption-attachment-14666\" style=\"width: 547px\" class=\"wp-caption aligncenter\"><img loading=\"lazy\" decoding=\"async\" class=\" wp-image-14666\" src=\"https:\/\/blogs.correiobraziliense.com.br\/aricunha\/wp-content\/uploads\/sites\/13\/2019\/08\/67651495_112531216754596_7354770820226351104_n.jpg\" alt=\"\" width=\"547\" height=\"287\" srcset=\"https:\/\/blogs.correiobraziliense.com.br\/aricunha\/wp-content\/uploads\/sites\/13\/2019\/08\/67651495_112531216754596_7354770820226351104_n.jpg 500w, https:\/\/blogs.correiobraziliense.com.br\/aricunha\/wp-content\/uploads\/sites\/13\/2019\/08\/67651495_112531216754596_7354770820226351104_n-300x157.jpg 300w, https:\/\/blogs.correiobraziliense.com.br\/aricunha\/wp-content\/uploads\/sites\/13\/2019\/08\/67651495_112531216754596_7354770820226351104_n-350x183.jpg 350w, https:\/\/blogs.correiobraziliense.com.br\/aricunha\/wp-content\/uploads\/sites\/13\/2019\/08\/67651495_112531216754596_7354770820226351104_n-230x121.jpg 230w\" sizes=\"auto, (max-width: 547px) 100vw, 547px\" \/><figcaption id=\"caption-attachment-14666\" class=\"wp-caption-text\">Foto: facebook.com\/jaimeernestdiasoficial<\/figcaption><\/figure>\n<p>&nbsp;<\/p>\n<p>&nbsp;<\/p>\n<p><strong>Novidade<\/strong><\/p>\n<p>Em 60 dias, os hospitais p\u00fablicos e particulares estar\u00e3o obrigados a acrescentar nos cursos de pr\u00e9-natal informa\u00e7\u00f5es sobre a &#8216;manobra de Heimlich&#8217;, que desengasga beb\u00eas.<\/p>\n<figure id=\"attachment_14665\" aria-describedby=\"caption-attachment-14665\" style=\"width: 549px\" class=\"wp-caption aligncenter\"><img loading=\"lazy\" decoding=\"async\" class=\" wp-image-14665\" src=\"https:\/\/blogs.correiobraziliense.com.br\/aricunha\/wp-content\/uploads\/sites\/13\/2019\/08\/image.jpg\" alt=\"\" width=\"549\" height=\"372\" srcset=\"https:\/\/blogs.correiobraziliense.com.br\/aricunha\/wp-content\/uploads\/sites\/13\/2019\/08\/image.jpg 620w, https:\/\/blogs.correiobraziliense.com.br\/aricunha\/wp-content\/uploads\/sites\/13\/2019\/08\/image-300x203.jpg 300w, https:\/\/blogs.correiobraziliense.com.br\/aricunha\/wp-content\/uploads\/sites\/13\/2019\/08\/image-350x237.jpg 350w, https:\/\/blogs.correiobraziliense.com.br\/aricunha\/wp-content\/uploads\/sites\/13\/2019\/08\/image-550x373.jpg 550w, https:\/\/blogs.correiobraziliense.com.br\/aricunha\/wp-content\/uploads\/sites\/13\/2019\/08\/image-230x156.jpg 230w\" sizes=\"auto, (max-width: 549px) 100vw, 549px\" \/><figcaption id=\"caption-attachment-14665\" class=\"wp-caption-text\">Arte: otempo.com<\/figcaption><\/figure>\n<p>&nbsp;<\/p>\n<p>&nbsp;<\/p>\n<p><strong>Embrapa<\/strong><\/p>\n<p>Quem tem ideias para a Embrapa agora \u00e9 a hora de se manifestar. Mais de 2 mil representantes de diversas iniciativas com ci\u00eancia, tecnologia e inova\u00e7\u00e3o j\u00e1 foram consultados para subsidiar a produ\u00e7\u00e3o do VII Plano Diretor da empresa.<\/p>\n<p>&nbsp;<\/p>\n<p>&nbsp;<\/p>\n<p>&nbsp;<\/p>\n<p><strong>HIST\u00d3RIA DE BRAS\u00cdLIA<\/strong><\/p>\n<p>O colegiado do IAPFESP esteve a\u00ed, e n\u00e3o tomou nenhuma provid\u00eancia quanto \u00e0 constru\u00e7\u00e3o de alvenaria no canteiro de obras. E n\u00e3o aparece, tamb\u00e9m, o respons\u00e1vel pelo uso de alvenaria para resid\u00eancias provis\u00f3rias, o que encareceu demais a obra. <strong>(Publicado em 26\/11\/1961)<\/strong><\/p>\n","protected":false},"excerpt":{"rendered":"<p>VISTO, LIDO E OUVIDO, criada por Ari Cunha (In memoriam) Desde 1960, com Circe Cunha e Mamfil jornalistacircecunha@gmail.com Facebook.com\/vistolidoeouvido Instagram.com\/vistolidoeouvido &nbsp; &nbsp; Desde que foi anunciada, h\u00e1 algumas d\u00e9cadas, a chamada maioridade pol\u00edtica da capital, esta coluna j\u00e1 previa que a mudan\u00e7a no status administrativo do Distrito Federal traria consigo n\u00e3o apenas uma hoste de pol\u00edticos com ganas de poder, [&hellip;]<\/p>\n","protected":false},"author":34,"featured_media":13914,"comment_status":"open","ping_status":"open","sticky":false,"template":"","format":"standard","meta":{"footnotes":""},"categories":[23],"tags":[284,1239,114,207,1715,210,68,2,69,16],"class_list":["post-14664","post","type-post","status-publish","format-standard","has-post-thumbnail","hentry","category-integra","tag-cldf","tag-governoibaneis","tag-historiadebrasilia","tag-luosdf","tag-planodiretor","tag-tombamentodebrasilia","tag-aricunha","tag-brasilia","tag-circecunha","tag-mamfil"],"_links":{"self":[{"href":"https:\/\/blogs.correiobraziliense.com.br\/aricunha\/wp-json\/wp\/v2\/posts\/14664","targetHints":{"allow":["GET"]}}],"collection":[{"href":"https:\/\/blogs.correiobraziliense.com.br\/aricunha\/wp-json\/wp\/v2\/posts"}],"about":[{"href":"https:\/\/blogs.correiobraziliense.com.br\/aricunha\/wp-json\/wp\/v2\/types\/post"}],"author":[{"embeddable":true,"href":"https:\/\/blogs.correiobraziliense.com.br\/aricunha\/wp-json\/wp\/v2\/users\/34"}],"replies":[{"embeddable":true,"href":"https:\/\/blogs.correiobraziliense.com.br\/aricunha\/wp-json\/wp\/v2\/comments?post=14664"}],"version-history":[{"count":3,"href":"https:\/\/blogs.correiobraziliense.com.br\/aricunha\/wp-json\/wp\/v2\/posts\/14664\/revisions"}],"predecessor-version":[{"id":14671,"href":"https:\/\/blogs.correiobraziliense.com.br\/aricunha\/wp-json\/wp\/v2\/posts\/14664\/revisions\/14671"}],"wp:featuredmedia":[{"embeddable":true,"href":"https:\/\/blogs.correiobraziliense.com.br\/aricunha\/wp-json\/wp\/v2\/media\/13914"}],"wp:attachment":[{"href":"https:\/\/blogs.correiobraziliense.com.br\/aricunha\/wp-json\/wp\/v2\/media?parent=14664"}],"wp:term":[{"taxonomy":"category","embeddable":true,"href":"https:\/\/blogs.correiobraziliense.com.br\/aricunha\/wp-json\/wp\/v2\/categories?post=14664"},{"taxonomy":"post_tag","embeddable":true,"href":"https:\/\/blogs.correiobraziliense.com.br\/aricunha\/wp-json\/wp\/v2\/tags?post=14664"}],"curies":[{"name":"wp","href":"https:\/\/api.w.org\/{rel}","templated":true}]}}