{"id":14637,"date":"2019-08-04T00:30:25","date_gmt":"2019-08-04T03:30:25","guid":{"rendered":"https:\/\/blogs.correiobraziliense.com.br\/aricunha\/?p=14637"},"modified":"2019-08-04T00:31:43","modified_gmt":"2019-08-04T03:31:43","slug":"saude-precaria-e-o-principal-indicador-do-subdesenvolvimento","status":"publish","type":"post","link":"https:\/\/blogs.correiobraziliense.com.br\/aricunha\/saude-precaria-e-o-principal-indicador-do-subdesenvolvimento\/","title":{"rendered":"Sa\u00fade prec\u00e1ria \u00e9 o principal indicador do subdesenvolvimento"},"content":{"rendered":"<p>VISTO, LIDO E OUVIDO, criada por Ari Cunha (In memoriam)<\/p>\n<p>Desde 1960, com Circe Cunha e Mamfil<\/p>\n<p>jornalistacircecunha@gmail.com<\/p>\n<p>Facebook.com\/vistolidoeouvido<\/p>\n<p>Instagram.com\/vistolidoeouvido<\/p>\n<p>&nbsp;<\/p>\n<figure id=\"attachment_12114\" aria-describedby=\"caption-attachment-12114\" style=\"width: 555px\" class=\"wp-caption aligncenter\"><img loading=\"lazy\" decoding=\"async\" class=\" wp-image-12114\" src=\"https:\/\/blogs.correiobraziliense.com.br\/aricunha\/wp-content\/uploads\/sites\/13\/2018\/09\/R04_05ichargenet.jpg\" alt=\"\" width=\"555\" height=\"394\" srcset=\"https:\/\/blogs.correiobraziliense.com.br\/aricunha\/wp-content\/uploads\/sites\/13\/2018\/09\/R04_05ichargenet.jpg 480w, https:\/\/blogs.correiobraziliense.com.br\/aricunha\/wp-content\/uploads\/sites\/13\/2018\/09\/R04_05ichargenet-300x213.jpg 300w, https:\/\/blogs.correiobraziliense.com.br\/aricunha\/wp-content\/uploads\/sites\/13\/2018\/09\/R04_05ichargenet-350x249.jpg 350w, https:\/\/blogs.correiobraziliense.com.br\/aricunha\/wp-content\/uploads\/sites\/13\/2018\/09\/R04_05ichargenet-230x163.jpg 230w\" sizes=\"auto, (max-width: 555px) 100vw, 555px\" \/><figcaption id=\"caption-attachment-12114\" class=\"wp-caption-text\">Charge do Feliciano (vigilanciasaudefanor.blogspot.com)<\/figcaption><\/figure>\n<p>&nbsp;<\/p>\n<p>N\u00e3o restam d\u00favidas de que quando os indicadores de sa\u00fade p\u00fablica apontam para uma s\u00e9rie de defici\u00eancias cr\u00f4nicas, tanto na preven\u00e7\u00e3o como no pronto atendimento de seus cidad\u00e3os, esse pa\u00eds pode facilmente ser classificado como subdesenvolvido. Nenhum outro indicador revela com tanta nitidez essa condi\u00e7\u00e3o.<\/p>\n<p>Sa\u00fade, em primeiro lugar, e depois educa\u00e7\u00e3o est\u00e3o entre os principais indicadores de desenvolvimento de um povo. Nesse sentido e apenas nesse quesito, \u00e9 poss\u00edvel afirmar, sem medo de errar, que at\u00e9 a pequena ilha de Cuba no Caribe, considerada a Ilha pris\u00e3o dos Irm\u00e3os Castros, \u00e9 bem mais desenvolvida do que o gigante brasileiro. Obviamente que s\u00e3o situa\u00e7\u00f5es diferentes e espec\u00edficas, mas que, no fundo, falam muito sobre nosso subdesenvolvimento cr\u00f4nico.<\/p>\n<p>Diante do impasse gerado pelo desn\u00edvel existente entre a qualidade nos atendimentos dos planos de Sa\u00fade privados, versus atendimento em hospitais p\u00fablicos e que acabam implicando entre a possibilidade de viver ou morrer, o que salta aos olhos em primeiro lugar \u00e9 a desigualdade econ\u00f4mica possibilitada pela concentra\u00e7\u00e3o de renda por parte de uma minoria da popula\u00e7\u00e3o. Claro que seguindo por esse caminho n\u00e3o \u00e9 poss\u00edvel chegar a uma resolu\u00e7\u00e3o do problema. A quest\u00e3o aqui \u00e9, simultaneamente, melhorar tanto a universaliza\u00e7\u00e3o nos planos privados como melhorar a qualidade de atendimento dos servi\u00e7os p\u00fablicos de sa\u00fade, dando oportunidade de escolha a todos.<\/p>\n<p>Em comum, na contabilidade de problemas enfrentados tanto no setor privado, quanto no setor p\u00fablico, est\u00e1 o envelhecimento acelerado de nossa popula\u00e7\u00e3o. Para os empres\u00e1rios que operam no setor privado, a solu\u00e7\u00e3o foi sobretaxar justamente os benefici\u00e1rios mais idosos, n\u00e3o importando o n\u00edvel de renda dessa popula\u00e7\u00e3o. Com isso, \u00e9 comum encontrar pessoas na terceira idade que chegam a gastar o grosso de seus proventos com presta\u00e7\u00e3o de planos particulares e com a compra de rem\u00e9dios, criando uma situa\u00e7\u00e3o em que qualquer outro gasto necess\u00e1rio \u00e9 suspenso.<\/p>\n<p>\u00c9 comum verificar que milh\u00f5es de aposentados, por todo o pa\u00eds, recebem e gastam seus sal\u00e1rios apenas para se manterem vivos. A necessidade de mudar esses sistemas de sa\u00fade, tornando de um lado mais barato e de outro com melhor qualidade \u00e9 premente.<\/p>\n<p>Em uma d\u00e9cada, em 2030, o n\u00famero de benefici\u00e1rios idosos crescer\u00e1 58% com as despesas saltando para algo em torno de R$ 384 bilh\u00f5es, ou seja, um aumento de quase 160% no sistema de sa\u00fade suplementar.<\/p>\n<p>Para alguns especialistas, \u00e9 preciso antes de tudo mudar o sistema de sa\u00fade b\u00e1sica, focando mais num tipo de sa\u00fade onde a preven\u00e7\u00e3o passe adiante de outros atendimentos. Embora discut\u00edvel e pouco eficiente, dado o n\u00edvel de problemas apresentado na sa\u00fade dos brasileiros, esse parece ser um caminho mais suave e com menos custos a longo prazo. Outros entendem que a pr\u00f3pria Reforma da Previd\u00eancia poderia, numa segunda etapa, contemplar direitos e seguridade aos idosos brasileiros, concedendo-lhes, al\u00e9m do sal\u00e1rio aposentadoria, um acr\u00e9scimo destinado \u00e0 manuten\u00e7\u00e3o de sa\u00fade desses antigos contribuintes.<\/p>\n<p>Muitos brasileiros, principalmente aqueles que possuem planos privados, s\u00e3o un\u00e2nimes em reconhecer que a Ag\u00eancia Nacional de Sa\u00fade Suplementar (ANS), mesmo criando uma s\u00e9rie infinita de regras, sempre prejudica os segurados, parecendo atender mais a iniciativa privada e as empresas do que os mais de 47 milh\u00f5es de consumidores.<\/p>\n<p>O poderoso lobby feito por essas empresas junto aos pol\u00edticos no Congresso est\u00e1 muito acima de qualquer poss\u00edvel press\u00e3o feita pelas entidades que buscam proteger os segurados, principalmente os mais idosos. Com isso, as empresas deitam e rolam ajustando, abusivamente, as mensalidades de idosos e de todos aqueles com hist\u00f3rico familiar de doen\u00e7as cr\u00f4nicas, justamente quando esses clientes mais precisam.<\/p>\n<p>Quest\u00f5es como essa, dentro de uma perspectiva de amplo liberalismo econ\u00f4mico, conforme advoga o novo o governo, ganha dimens\u00f5es dram\u00e1ticas quando se sabe que boa parte desses segurados n\u00e3o s\u00e3o pessoas de alta renda. H\u00e1 ideias ainda mais radicais que defendem que o governo arque, obrigatoriamente, com os custos de planos e hospitais privados para todo o brasileiro que n\u00e3o for atendido imediatamente e bem atendido pelo SUS, o que seria uma grande li\u00e7\u00e3o para os governantes e as elites administrativas do pa\u00eds, atendidas todas elas pelos melhores e mais caros do planeta \u00e0s custas dos contribuintes, abandonados \u00e0 pr\u00f3pria sorte.<\/p>\n<p>&nbsp;<\/p>\n<p>&nbsp;<\/p>\n<p>&nbsp;<\/p>\n<p><strong>A frase que foi pronunciada:<\/strong><\/p>\n<p><em>\u201cA publicidade \u00e9 o princ\u00edpio, que preserva a justi\u00e7a de corromper-se&#8221;.<\/em><\/p>\n<p>Ruy Barbosa, jurista brasileiro<\/p>\n<figure id=\"attachment_14536\" aria-describedby=\"caption-attachment-14536\" style=\"width: 382px\" class=\"wp-caption aligncenter\"><img loading=\"lazy\" decoding=\"async\" class=\"size-full wp-image-14536\" src=\"https:\/\/blogs.correiobraziliense.com.br\/aricunha\/wp-content\/uploads\/sites\/13\/2019\/07\/ruy.jpg\" alt=\"\" width=\"382\" height=\"527\" srcset=\"https:\/\/blogs.correiobraziliense.com.br\/aricunha\/wp-content\/uploads\/sites\/13\/2019\/07\/ruy.jpg 382w, https:\/\/blogs.correiobraziliense.com.br\/aricunha\/wp-content\/uploads\/sites\/13\/2019\/07\/ruy-217x300.jpg 217w, https:\/\/blogs.correiobraziliense.com.br\/aricunha\/wp-content\/uploads\/sites\/13\/2019\/07\/ruy-254x350.jpg 254w, https:\/\/blogs.correiobraziliense.com.br\/aricunha\/wp-content\/uploads\/sites\/13\/2019\/07\/ruy-230x317.jpg 230w\" sizes=\"auto, (max-width: 382px) 100vw, 382px\" \/><figcaption id=\"caption-attachment-14536\" class=\"wp-caption-text\">Foto: academia.org.br<\/figcaption><\/figure>\n<p>&nbsp;<\/p>\n<p><strong>HIST\u00d3RIA DE BRAS\u00cdLIA<\/strong><\/p>\n<p>O neg\u00f3cio do IAPI \u00e9 muito pior do que se pensa. O ministro Tancredo Neves n\u00e3o referendou o decreto de reclassifica\u00e7\u00e3o, porque \u201carranjaram\u201d uma situa\u00e7\u00e3o para os assessores do conselho, que seriam prejudicados. <strong>(Publicado em 26\/11\/1961)<\/strong><\/p>\n","protected":false},"excerpt":{"rendered":"<p>VISTO, LIDO E OUVIDO, criada por Ari Cunha (In memoriam) Desde 1960, com Circe Cunha e Mamfil jornalistacircecunha@gmail.com Facebook.com\/vistolidoeouvido Instagram.com\/vistolidoeouvido &nbsp; &nbsp; N\u00e3o restam d\u00favidas de que quando os indicadores de sa\u00fade p\u00fablica apontam para uma s\u00e9rie de defici\u00eancias cr\u00f4nicas, tanto na preven\u00e7\u00e3o como no pronto atendimento de seus cidad\u00e3os, esse pa\u00eds pode facilmente ser classificado como subdesenvolvido. Nenhum outro [&hellip;]<\/p>\n","protected":false},"author":34,"featured_media":12114,"comment_status":"open","ping_status":"open","sticky":false,"template":"","format":"standard","meta":{"footnotes":""},"categories":[23],"tags":[114,824,1707,188,187,68,2,69,16],"class_list":["post-14637","post","type-post","status-publish","format-standard","has-post-thumbnail","hentry","category-integra","tag-historiadebrasilia","tag-idososnobrasil","tag-planodesaude","tag-saudenobrasil","tag-sus","tag-aricunha","tag-brasilia","tag-circecunha","tag-mamfil"],"_links":{"self":[{"href":"https:\/\/blogs.correiobraziliense.com.br\/aricunha\/wp-json\/wp\/v2\/posts\/14637","targetHints":{"allow":["GET"]}}],"collection":[{"href":"https:\/\/blogs.correiobraziliense.com.br\/aricunha\/wp-json\/wp\/v2\/posts"}],"about":[{"href":"https:\/\/blogs.correiobraziliense.com.br\/aricunha\/wp-json\/wp\/v2\/types\/post"}],"author":[{"embeddable":true,"href":"https:\/\/blogs.correiobraziliense.com.br\/aricunha\/wp-json\/wp\/v2\/users\/34"}],"replies":[{"embeddable":true,"href":"https:\/\/blogs.correiobraziliense.com.br\/aricunha\/wp-json\/wp\/v2\/comments?post=14637"}],"version-history":[{"count":2,"href":"https:\/\/blogs.correiobraziliense.com.br\/aricunha\/wp-json\/wp\/v2\/posts\/14637\/revisions"}],"predecessor-version":[{"id":14639,"href":"https:\/\/blogs.correiobraziliense.com.br\/aricunha\/wp-json\/wp\/v2\/posts\/14637\/revisions\/14639"}],"wp:featuredmedia":[{"embeddable":true,"href":"https:\/\/blogs.correiobraziliense.com.br\/aricunha\/wp-json\/wp\/v2\/media\/12114"}],"wp:attachment":[{"href":"https:\/\/blogs.correiobraziliense.com.br\/aricunha\/wp-json\/wp\/v2\/media?parent=14637"}],"wp:term":[{"taxonomy":"category","embeddable":true,"href":"https:\/\/blogs.correiobraziliense.com.br\/aricunha\/wp-json\/wp\/v2\/categories?post=14637"},{"taxonomy":"post_tag","embeddable":true,"href":"https:\/\/blogs.correiobraziliense.com.br\/aricunha\/wp-json\/wp\/v2\/tags?post=14637"}],"curies":[{"name":"wp","href":"https:\/\/api.w.org\/{rel}","templated":true}]}}