{"id":14603,"date":"2019-07-30T01:00:56","date_gmt":"2019-07-30T04:00:56","guid":{"rendered":"https:\/\/blogs.correiobraziliense.com.br\/aricunha\/?p=14603"},"modified":"2019-07-29T18:38:44","modified_gmt":"2019-07-29T21:38:44","slug":"aumento-da-pressao-mundial-pelo-meio-ambiente-e-um-sinal-dos-tempos","status":"publish","type":"post","link":"https:\/\/blogs.correiobraziliense.com.br\/aricunha\/aumento-da-pressao-mundial-pelo-meio-ambiente-e-um-sinal-dos-tempos\/","title":{"rendered":"Aumento da press\u00e3o mundial pelo meio ambiente \u00e9 um sinal dos tempos"},"content":{"rendered":"<p>VISTO, LIDO E OUVIDO, criada por Ari Cunha (In memoriam)<\/p>\n<p>Desde 1960, com Circe Cunha e Mamfil<\/p>\n<p>jornalistacircecunha@gmail.com<\/p>\n<p>Facebook.com\/vistolidoeouvido<\/p>\n<p>Instagram.com\/vistolidoeouvido<\/p>\n<p>&nbsp;<\/p>\n<figure id=\"attachment_14607\" aria-describedby=\"caption-attachment-14607\" style=\"width: 650px\" class=\"wp-caption aligncenter\"><img loading=\"lazy\" decoding=\"async\" class=\"size-full wp-image-14607\" src=\"https:\/\/blogs.correiobraziliense.com.br\/aricunha\/wp-content\/uploads\/sites\/13\/2019\/07\/amb-1-1-1.jpg\" alt=\"\" width=\"650\" height=\"434\" srcset=\"https:\/\/blogs.correiobraziliense.com.br\/aricunha\/wp-content\/uploads\/sites\/13\/2019\/07\/amb-1-1-1.jpg 650w, https:\/\/blogs.correiobraziliense.com.br\/aricunha\/wp-content\/uploads\/sites\/13\/2019\/07\/amb-1-1-1-300x200.jpg 300w, https:\/\/blogs.correiobraziliense.com.br\/aricunha\/wp-content\/uploads\/sites\/13\/2019\/07\/amb-1-1-1-350x234.jpg 350w, https:\/\/blogs.correiobraziliense.com.br\/aricunha\/wp-content\/uploads\/sites\/13\/2019\/07\/amb-1-1-1-550x367.jpg 550w, https:\/\/blogs.correiobraziliense.com.br\/aricunha\/wp-content\/uploads\/sites\/13\/2019\/07\/amb-1-1-1-230x154.jpg 230w\" sizes=\"auto, (max-width: 650px) 100vw, 650px\" \/><figcaption id=\"caption-attachment-14607\" class=\"wp-caption-text\">Foto: Luciano Lima\/TG<\/figcaption><\/figure>\n<p>&nbsp;<\/p>\n<p>Nesses \u00faltimos meses, tem sido pesada a carga de artilharia voltada contra o governo Bolsonaro, vinda praticamente de todos os ambientalistas, com destaque para os defensores do meio ambiente nos pa\u00edses desenvolvidos. L\u00e1 fora, essa carga tem sido maior devido \u00e0 exposi\u00e7\u00e3o cont\u00ednua de den\u00fancias em foros internacionais e na imprensa, talvez por conta do grande interesse que esse tema possui junto as popula\u00e7\u00f5es desses pa\u00edses, assustadas com as vis\u00edveis consequ\u00eancias que as mudan\u00e7as clim\u00e1ticas t\u00eam ocasionado em todo o planeta.<\/p>\n<p>Os constantes alertas feitos por renomados cientistas, bi\u00f3logos e todos aqueles que estudam essas mudan\u00e7as no clima, alertando para um eminente e irrevers\u00edvel aquecimento em todo o globo terrestre, s\u00e3o, cada vez mais, levados a s\u00e9rio pela popula\u00e7\u00e3o, que, por sua vez, pressiona seus representantes pol\u00edticos no sentido de adotarem medidas de prote\u00e7\u00e3o interna e externa.<\/p>\n<p>Pressionados pelo peso da opini\u00e3o p\u00fablica, l\u00edderes de muitos pa\u00edses da Europa se veem obrigados a adotar medidas contra todos aqueles parceiros econ\u00f4micos que n\u00e3o est\u00e3o respeitando as novas regras de combate \u00e0 polui\u00e7\u00e3o e de preserva\u00e7\u00e3o do meio ambiente. Nesse rol de pa\u00edses que t\u00eam sido acusados diuturnamente de desrespeito, as boas pr\u00e1ticas de conserva\u00e7\u00e3o o Brasil t\u00eam sido o destaque, ocupando quase todas as manchetes nos notici\u00e1rios di\u00e1rios sobre essa quest\u00e3o.<\/p>\n<p>T\u00e3o intensas e s\u00e9rias se tornaram essas campanhas no exterior que hoje j\u00e1 \u00e9 poss\u00edvel afirmar que o governo Bolsonaro vem se transformando numa esp\u00e9cie de vil\u00e3o ambiental em escala planet\u00e1ria. O pior \u00e9 que aquelas pessoas e \u00f3rg\u00e3os que deveriam cuidar para melhorar essa imagem, nada t\u00eam feito dentro e fora do pa\u00eds. Declara\u00e7\u00f5es desastradas do pr\u00f3prio presidente e de alguns de seus assessores diretos nessa quest\u00e3o, como o ministro do Meio Ambiente, Ricardo Salles, n\u00e3o s\u00f3 n\u00e3o t\u00eam ajudado a esclarecer esse assunto, como t\u00eam jogado mais lenha nessa fogueira.<\/p>\n<p>Nesse sentido, de nada adianta o governo contestar metodologias de checagem de desmatamento de \u00f3rg\u00e3os como o Inpe. Ao redor do planeta, circulam, constantemente, dezenas de sat\u00e9lites com as mais avan\u00e7adas tecnologias de monitoramento \u00f3tico, oferecendo, em tempo real, a situa\u00e7\u00e3o da derrubada de matas na Amaz\u00f4nia e em outros pontos do mundo. Deixando se levar pelo discurso soberbo do agroneg\u00f3cio nacional, o governo Bolsonaro vai vendo sua imagem se diluindo e com ela a credibilidade do Brasil, quanto a important\u00edssima quest\u00e3o ambiental. Os assassinatos recentes de lideran\u00e7as Waj\u00e3pi e o p\u00e9riplo mundial feito por caciques como Raon\u00ed t\u00eam elevado o tom de cr\u00edticas contra a pol\u00edtica excessivamente leniente do Brasil na quest\u00e3o da preserva\u00e7\u00e3o do meio ambiente.<\/p>\n<p>Estudiosos do clima reunidos agora em Genebra, no Painel Intergovernamental de Mudan\u00e7as Clim\u00e1ticas, prometem arregimentar for\u00e7as contra o descaso das autoridades brasileiras nessa quest\u00e3o, apresentando nosso modelo de agroneg\u00f3cio como um sistema suicida e insustent\u00e1vel. Com isso, crescem, num ritmo geom\u00e9trico, as press\u00f5es internacionais para que todos os pa\u00edses adotem medidas que impe\u00e7am, a tempo, a inviabiliza\u00e7\u00e3o de nosso planeta. Nessa quest\u00e3o crucial, o atual governo, por mais que ofere\u00e7a evasivas ao problema, ter\u00e1 que adotar medidas concretas, sob pena de n\u00e3o poder, inclusive, circular livremente pelo mundo.<\/p>\n<p>&nbsp;<\/p>\n<p>&nbsp;<\/p>\n<p>&nbsp;<\/p>\n<p><strong>A frase que foi pronunciada:<\/strong><\/p>\n<p><em>\u201cEles destru\u00edram as suas terras e agora querem controlar as nossas? N\u00f3s temos diamantes, temos ouro, pedras preciosas saindo de forma ilegal (&#8230;)\u201d<\/em><\/p>\n<p>Governador Coronel Marcos Rocha, no Rond\u00f4nia ao Vivo<\/p>\n<figure id=\"attachment_14606\" aria-describedby=\"caption-attachment-14606\" style=\"width: 548px\" class=\"wp-caption aligncenter\"><img loading=\"lazy\" decoding=\"async\" class=\" wp-image-14606\" src=\"https:\/\/blogs.correiobraziliense.com.br\/aricunha\/wp-content\/uploads\/sites\/13\/2019\/07\/governoro_marcos_rocha_hkz4tMu.jpg\" alt=\"\" width=\"548\" height=\"375\" srcset=\"https:\/\/blogs.correiobraziliense.com.br\/aricunha\/wp-content\/uploads\/sites\/13\/2019\/07\/governoro_marcos_rocha_hkz4tMu.jpg 984w, https:\/\/blogs.correiobraziliense.com.br\/aricunha\/wp-content\/uploads\/sites\/13\/2019\/07\/governoro_marcos_rocha_hkz4tMu-300x205.jpg 300w, https:\/\/blogs.correiobraziliense.com.br\/aricunha\/wp-content\/uploads\/sites\/13\/2019\/07\/governoro_marcos_rocha_hkz4tMu-768x526.jpg 768w, https:\/\/blogs.correiobraziliense.com.br\/aricunha\/wp-content\/uploads\/sites\/13\/2019\/07\/governoro_marcos_rocha_hkz4tMu-350x240.jpg 350w, https:\/\/blogs.correiobraziliense.com.br\/aricunha\/wp-content\/uploads\/sites\/13\/2019\/07\/governoro_marcos_rocha_hkz4tMu-550x377.jpg 550w, https:\/\/blogs.correiobraziliense.com.br\/aricunha\/wp-content\/uploads\/sites\/13\/2019\/07\/governoro_marcos_rocha_hkz4tMu-230x158.jpg 230w\" sizes=\"auto, (max-width: 548px) 100vw, 548px\" \/><figcaption id=\"caption-attachment-14606\" class=\"wp-caption-text\">Foto: Divulga\u00e7\u00e3o<\/figcaption><\/figure>\n<p>&nbsp;<\/p>\n<p>&nbsp;<\/p>\n<p><strong>Governo Federal<\/strong><\/p>\n<p>Estudos quase no final em rela\u00e7\u00e3o ao Bolsa Fam\u00edlia. A ideia \u00e9 evoluir e bancar um programa de treinamento t\u00e9cnico para os benefici\u00e1rios do programa. Pela pesquisa, seriam 13 milh\u00f5es de fam\u00edlias beneficiadas. At\u00e9 dezembro, a novidade ser\u00e1 divulgada.<\/p>\n<figure id=\"attachment_14608\" aria-describedby=\"caption-attachment-14608\" style=\"width: 551px\" class=\"wp-caption aligncenter\"><img loading=\"lazy\" decoding=\"async\" class=\" wp-image-14608\" src=\"https:\/\/blogs.correiobraziliense.com.br\/aricunha\/wp-content\/uploads\/sites\/13\/2019\/07\/bf.jpg\" alt=\"\" width=\"551\" height=\"407\" srcset=\"https:\/\/blogs.correiobraziliense.com.br\/aricunha\/wp-content\/uploads\/sites\/13\/2019\/07\/bf.jpg 750w, https:\/\/blogs.correiobraziliense.com.br\/aricunha\/wp-content\/uploads\/sites\/13\/2019\/07\/bf-300x222.jpg 300w, https:\/\/blogs.correiobraziliense.com.br\/aricunha\/wp-content\/uploads\/sites\/13\/2019\/07\/bf-350x259.jpg 350w, https:\/\/blogs.correiobraziliense.com.br\/aricunha\/wp-content\/uploads\/sites\/13\/2019\/07\/bf-550x407.jpg 550w, https:\/\/blogs.correiobraziliense.com.br\/aricunha\/wp-content\/uploads\/sites\/13\/2019\/07\/bf-230x170.jpg 230w\" sizes=\"auto, (max-width: 551px) 100vw, 551px\" \/><figcaption id=\"caption-attachment-14608\" class=\"wp-caption-text\">Foto: facebook.com\/bolsafamilia<\/figcaption><\/figure>\n<p>&nbsp;<\/p>\n<p>&nbsp;<\/p>\n<p><strong>SXSW<\/strong><\/p>\n<p>Em mar\u00e7o de 2020, artistas de Bras\u00edlia poder\u00e3o participar do festival norte-americano South by Southwest. Tracy Mann foi convidada a orientar m\u00fasicos, cineastas e projetos de economia criativa para participar do evento ano que vem.<\/p>\n<figure id=\"attachment_14609\" aria-describedby=\"caption-attachment-14609\" style=\"width: 551px\" class=\"wp-caption aligncenter\"><img loading=\"lazy\" decoding=\"async\" class=\" wp-image-14609\" src=\"https:\/\/blogs.correiobraziliense.com.br\/aricunha\/wp-content\/uploads\/sites\/13\/2019\/07\/Capturar.jpg\" alt=\"\" width=\"551\" height=\"310\" srcset=\"https:\/\/blogs.correiobraziliense.com.br\/aricunha\/wp-content\/uploads\/sites\/13\/2019\/07\/Capturar.jpg 647w, https:\/\/blogs.correiobraziliense.com.br\/aricunha\/wp-content\/uploads\/sites\/13\/2019\/07\/Capturar-300x169.jpg 300w, https:\/\/blogs.correiobraziliense.com.br\/aricunha\/wp-content\/uploads\/sites\/13\/2019\/07\/Capturar-350x197.jpg 350w, https:\/\/blogs.correiobraziliense.com.br\/aricunha\/wp-content\/uploads\/sites\/13\/2019\/07\/Capturar-550x309.jpg 550w, https:\/\/blogs.correiobraziliense.com.br\/aricunha\/wp-content\/uploads\/sites\/13\/2019\/07\/Capturar-230x129.jpg 230w\" sizes=\"auto, (max-width: 551px) 100vw, 551px\" \/><figcaption id=\"caption-attachment-14609\" class=\"wp-caption-text\">O artista Eduardo Kobra pintou um painel em Austin para chamar a aten\u00e7\u00e3o dos estrangeiros para o Brasil no SXSW \u2014 Foto: Karina Trevizan\/G1 (g1.globo.com)<\/figcaption><\/figure>\n<p>&nbsp;<\/p>\n<p>&nbsp;<\/p>\n<p><strong>S\u00f3 resta torcer<\/strong><\/p>\n<p>Circula pela cidade a informa\u00e7\u00e3o de que j\u00e1 est\u00e1 aprovada a privatiza\u00e7\u00e3o do Est\u00e1dio Man\u00e9 Garrincha, do Gin\u00e1sio Nilson Nelson e do Complexo Aqu\u00e1tico Cl\u00e1udio Coutinho. Pelos pr\u00f3ximos 35 anos, o cons\u00f3rcio Arena BSB assumir\u00e1 a gest\u00e3o do complexo. Por enquanto, o GDF e o grupo administrar\u00e3o em parceria por seis meses.<\/p>\n<figure id=\"attachment_14610\" aria-describedby=\"caption-attachment-14610\" style=\"width: 550px\" class=\"wp-caption aligncenter\"><img loading=\"lazy\" decoding=\"async\" class=\" wp-image-14610\" src=\"https:\/\/blogs.correiobraziliense.com.br\/aricunha\/wp-content\/uploads\/sites\/13\/2019\/07\/Man\u00e9-garrincha-MPF-quer-quebra-de-sigilo-550x366.jpg\" alt=\"\" width=\"550\" height=\"366\" srcset=\"https:\/\/blogs.correiobraziliense.com.br\/aricunha\/wp-content\/uploads\/sites\/13\/2019\/07\/Man\u00e9-garrincha-MPF-quer-quebra-de-sigilo-550x366.jpg 550w, https:\/\/blogs.correiobraziliense.com.br\/aricunha\/wp-content\/uploads\/sites\/13\/2019\/07\/Man\u00e9-garrincha-MPF-quer-quebra-de-sigilo-550x366-300x200.jpg 300w, https:\/\/blogs.correiobraziliense.com.br\/aricunha\/wp-content\/uploads\/sites\/13\/2019\/07\/Man\u00e9-garrincha-MPF-quer-quebra-de-sigilo-550x366-350x233.jpg 350w, https:\/\/blogs.correiobraziliense.com.br\/aricunha\/wp-content\/uploads\/sites\/13\/2019\/07\/Man\u00e9-garrincha-MPF-quer-quebra-de-sigilo-550x366-230x153.jpg 230w\" sizes=\"auto, (max-width: 550px) 100vw, 550px\" \/><figcaption id=\"caption-attachment-14610\" class=\"wp-caption-text\">Foto: Hugo Gon\u00e7alves\/CB\/D.A. Press<\/figcaption><\/figure>\n<p>&nbsp;<\/p>\n<p>&nbsp;<\/p>\n<p><strong>HIST\u00d3RIA DE BRAS\u00cdLIA<\/strong><\/p>\n<p>Como, no regime parlamentarista, \u00e9 o parlamento que elege o presidente, concordamos com a elei\u00e7\u00e3o para deputado e senador. \u00c9 um ponto de vista particular, sem nenhuma pretens\u00e3o, que defendemos por amor a Bras\u00edlia. <strong>(Publicado em 26\/11\/1961)<\/strong><\/p>\n","protected":false},"excerpt":{"rendered":"<p>VISTO, LIDO E OUVIDO, criada por Ari Cunha (In memoriam) Desde 1960, com Circe Cunha e Mamfil jornalistacircecunha@gmail.com Facebook.com\/vistolidoeouvido Instagram.com\/vistolidoeouvido &nbsp; &nbsp; Nesses \u00faltimos meses, tem sido pesada a carga de artilharia voltada contra o governo Bolsonaro, vinda praticamente de todos os ambientalistas, com destaque para os defensores do meio ambiente nos pa\u00edses desenvolvidos. L\u00e1 fora, essa carga tem sido [&hellip;]<\/p>\n","protected":false},"author":34,"featured_media":14607,"comment_status":"open","ping_status":"open","sticky":false,"template":"","format":"standard","meta":{"footnotes":""},"categories":[23],"tags":[441,354,1235,114,410,1573,1527,68,2,69,16,1701],"class_list":["post-14603","post","type-post","status-publish","format-standard","has-post-thumbnail","hentry","category-integra","tag-agronegocionobrasil","tag-bancadaruralista","tag-governobolsonaro","tag-historiadebrasilia","tag-meioambiente","tag-ministeriodaagriculturaemeioambiente","tag-sustentabilidade","tag-aricunha","tag-brasilia","tag-circecunha","tag-mamfil","tag-preservacaoambiental"],"_links":{"self":[{"href":"https:\/\/blogs.correiobraziliense.com.br\/aricunha\/wp-json\/wp\/v2\/posts\/14603","targetHints":{"allow":["GET"]}}],"collection":[{"href":"https:\/\/blogs.correiobraziliense.com.br\/aricunha\/wp-json\/wp\/v2\/posts"}],"about":[{"href":"https:\/\/blogs.correiobraziliense.com.br\/aricunha\/wp-json\/wp\/v2\/types\/post"}],"author":[{"embeddable":true,"href":"https:\/\/blogs.correiobraziliense.com.br\/aricunha\/wp-json\/wp\/v2\/users\/34"}],"replies":[{"embeddable":true,"href":"https:\/\/blogs.correiobraziliense.com.br\/aricunha\/wp-json\/wp\/v2\/comments?post=14603"}],"version-history":[{"count":3,"href":"https:\/\/blogs.correiobraziliense.com.br\/aricunha\/wp-json\/wp\/v2\/posts\/14603\/revisions"}],"predecessor-version":[{"id":14611,"href":"https:\/\/blogs.correiobraziliense.com.br\/aricunha\/wp-json\/wp\/v2\/posts\/14603\/revisions\/14611"}],"wp:featuredmedia":[{"embeddable":true,"href":"https:\/\/blogs.correiobraziliense.com.br\/aricunha\/wp-json\/wp\/v2\/media\/14607"}],"wp:attachment":[{"href":"https:\/\/blogs.correiobraziliense.com.br\/aricunha\/wp-json\/wp\/v2\/media?parent=14603"}],"wp:term":[{"taxonomy":"category","embeddable":true,"href":"https:\/\/blogs.correiobraziliense.com.br\/aricunha\/wp-json\/wp\/v2\/categories?post=14603"},{"taxonomy":"post_tag","embeddable":true,"href":"https:\/\/blogs.correiobraziliense.com.br\/aricunha\/wp-json\/wp\/v2\/tags?post=14603"}],"curies":[{"name":"wp","href":"https:\/\/api.w.org\/{rel}","templated":true}]}}