{"id":14533,"date":"2019-07-19T01:00:09","date_gmt":"2019-07-19T04:00:09","guid":{"rendered":"https:\/\/blogs.correiobraziliense.com.br\/aricunha\/?p=14533"},"modified":"2019-07-19T15:04:31","modified_gmt":"2019-07-19T18:04:31","slug":"nossas-elites-nao-aprenderam-nada-nao-esqueceram-nada","status":"publish","type":"post","link":"https:\/\/blogs.correiobraziliense.com.br\/aricunha\/nossas-elites-nao-aprenderam-nada-nao-esqueceram-nada\/","title":{"rendered":"Nossas elites n\u00e3o aprenderam nada"},"content":{"rendered":"<p>VISTO, LIDO E OUVIDO, criada por Ari Cunha (In memoriam)<\/p>\n<p>Desde 1960, com Circe Cunha e Mamfil<\/p>\n<p>jornalistacircecunha@gmail.com<\/p>\n<p>Facebook.com\/vistolidoeouvido<\/p>\n<p>Instagram.com\/vistolidoeouvido<\/p>\n<p>&nbsp;<\/p>\n<figure id=\"attachment_11203\" aria-describedby=\"caption-attachment-11203\" style=\"width: 460px\" class=\"wp-caption alignleft\"><img loading=\"lazy\" decoding=\"async\" class=\"size-full wp-image-11203\" src=\"https:\/\/blogs.correiobraziliense.com.br\/aricunha\/wp-content\/uploads\/sites\/13\/2018\/06\/charge-e-no-fim-das-contas-a-doenca-do-brasil-se-chama-corrupcao61.jpg\" alt=\"\" width=\"460\" height=\"350\" srcset=\"https:\/\/blogs.correiobraziliense.com.br\/aricunha\/wp-content\/uploads\/sites\/13\/2018\/06\/charge-e-no-fim-das-contas-a-doenca-do-brasil-se-chama-corrupcao61.jpg 460w, https:\/\/blogs.correiobraziliense.com.br\/aricunha\/wp-content\/uploads\/sites\/13\/2018\/06\/charge-e-no-fim-das-contas-a-doenca-do-brasil-se-chama-corrupcao61-300x228.jpg 300w, https:\/\/blogs.correiobraziliense.com.br\/aricunha\/wp-content\/uploads\/sites\/13\/2018\/06\/charge-e-no-fim-das-contas-a-doenca-do-brasil-se-chama-corrupcao61-350x266.jpg 350w, https:\/\/blogs.correiobraziliense.com.br\/aricunha\/wp-content\/uploads\/sites\/13\/2018\/06\/charge-e-no-fim-das-contas-a-doenca-do-brasil-se-chama-corrupcao61-230x175.jpg 230w\" sizes=\"auto, (max-width: 460px) 100vw, 460px\" \/><figcaption id=\"caption-attachment-11203\" class=\"wp-caption-text\">Charge do Jota.A<\/figcaption><\/figure>\n<p>Com o retorno da democracia e das elei\u00e7\u00f5es diretas em 1985, per\u00edodo que os historiadores passaram a chamar de Nova Rep\u00fablica, a sociedade civil brasileira p\u00f4de, mais uma vez, retomar o comando e o destino pol\u00edtico do pa\u00eds. Depois de mais de duas d\u00e9cadas afastada do governo, caberia agora \u00e0 classe pol\u00edtica, que a representava, redefinir como se processaria esse retorno dentro da nova realidade experimentada pelo Brasil.<\/p>\n<p>Para tanto, e diante de tal desafio, cuidou-se logo da confec\u00e7\u00e3o de uma Carta Magna, estabelecendo em que par\u00e2metros se daria a nova organiza\u00e7\u00e3o pol\u00edtica do pa\u00eds. Para muitos pesquisadores desse per\u00edodo, foi somente a partir da Constitui\u00e7\u00e3o de 1988 que o Brasil entraria, de fato, para o rol das na\u00e7\u00f5es democr\u00e1ticas, tendo como base um conjunto de leis modernas e que sobretudo iria garantir o chamado Estado Democr\u00e1tico de Direito.<\/p>\n<p>Passadas tr\u00eas d\u00e9cadas dessa retomada do pa\u00eds pela sociedade civil, depois de muitos acertos e uma quantidade igual de erros, j\u00e1 \u00e9 poss\u00edvel afirmar hoje, e as pesquisas assim indicam, que a maioria dos brasileiros se encontra bem decepcionada com a qualidade de seus representantes e de uma maneira geral n\u00e3o consegue enxergar uma sa\u00edda f\u00e1cil para esse impasse que, de certa forma, amea\u00e7a a pr\u00f3pria democracia t\u00e3o duramente reconquistada.<\/p>\n<p>A quest\u00e3o aqui \u00e9 como garantir um Estado Democr\u00e1tico de Direito pleno, conforme assegura a Constitui\u00e7\u00e3o, onde todos s\u00e3o iguais perante as leis, quando se observa que o topo da pir\u00e2mide, onde est\u00e1 a elite que comanda o pa\u00eds com assento nos Tr\u00eas Poderes, capturou para si n\u00e3o apenas o controle do Estado, mas principalmente todos os privil\u00e9gios e garantias a ele ligados, dissociando-se da realidade da na\u00e7\u00e3o, por meio de uma blindagem legal, por\u00e9m ileg\u00edtima.<\/p>\n<p>Quando as diversas pesquisas de opini\u00e3o chegam \u00e0 conclus\u00e3o un\u00edssona de que a corrup\u00e7\u00e3o \u00e9 hoje a principal preocupa\u00e7\u00e3o dos brasileiros de Norte a Sul, superando outros itens como sa\u00fade, educa\u00e7\u00e3o e moradia, \u00e9 porque o problema adquiriu um status incontorn\u00e1vel. A grande maioria da popula\u00e7\u00e3o sabe muito bem que o fen\u00f4meno da corrup\u00e7\u00e3o, no n\u00edvel end\u00eamico em que se encontra a nossa, est\u00e1 na base de todos os problemas que afligem hoje a na\u00e7\u00e3o.<\/p>\n<p>Dois em cada tr\u00eas brasileiros demonstram claramente esse sentimento e sabem muito bem que esse \u00e9 um problema que vem de cima para baixo, se espraiando por todo o pa\u00eds. Os seguidos esc\u00e2ndalos de corrup\u00e7\u00e3o que, desde 2005, com as primeiras den\u00fancias do mensal\u00e3o, t\u00eam deixado a na\u00e7\u00e3o em sobressalto permanente, t\u00eam tido o poder de fazer crescer nos brasileiros o sentimento de que nossas elites dirigentes n\u00e3o aprenderam nada com a ditadura e ainda por cima continuam a repetir os mesmos erros que levaram parte da popula\u00e7\u00e3o naquela \u00e9poca a clamar pela interfer\u00eancia dos militares.<\/p>\n<p>Esse desencanto com os rumos tomados por nossa jovem democracia ganha sinais de desespero quando se verifica que essas elites, inclusive aquelas que ocupam o topo da magistratura e que deveriam ser os primeiros guardi\u00f5es do Estado Democr\u00e1tico de Direito, v\u00eam manobrando no sentido de manter o velho status quo, amea\u00e7ando todos aqueles que ousam investigar os desmandos e as muitas evid\u00eancias de corrup\u00e7\u00e3o.<\/p>\n<p>&nbsp;<\/p>\n<p>&nbsp;<\/p>\n<p>&nbsp;<\/p>\n<p><strong>A frase que foi pronunciada:<\/strong><\/p>\n<p><em>\u201cA injusti\u00e7a, senhores, desanima o trabalho, a honestidade, o bem; cresta em flor os esp\u00edritos dos mo\u00e7os, semeia no cora\u00e7\u00e3o das gera\u00e7\u00f5es que v\u00eam nascendo a semente da podrid\u00e3o, habitua os homens a n\u00e3o acreditar sen\u00e3o na estrela, na fortuna, no acaso, na loteria da sorte, promove a desonestidade, promove a venalidade [&#8230; ] promove a relaxa\u00e7\u00e3o, insufla a cortesania, a baixeza, sob todas as suas formas.\u201c<\/em><\/p>\n<p><em>Ruy Barbosa, jurista, advogado, pol\u00edtico, diplomata, escritor, fil\u00f3logo, jornalista, tradutor e orador.<\/em><\/p>\n<figure id=\"attachment_14536\" aria-describedby=\"caption-attachment-14536\" style=\"width: 327px\" class=\"wp-caption aligncenter\"><img loading=\"lazy\" decoding=\"async\" class=\" wp-image-14536\" src=\"https:\/\/blogs.correiobraziliense.com.br\/aricunha\/wp-content\/uploads\/sites\/13\/2019\/07\/ruy.jpg\" alt=\"\" width=\"327\" height=\"451\" srcset=\"https:\/\/blogs.correiobraziliense.com.br\/aricunha\/wp-content\/uploads\/sites\/13\/2019\/07\/ruy.jpg 382w, https:\/\/blogs.correiobraziliense.com.br\/aricunha\/wp-content\/uploads\/sites\/13\/2019\/07\/ruy-217x300.jpg 217w, https:\/\/blogs.correiobraziliense.com.br\/aricunha\/wp-content\/uploads\/sites\/13\/2019\/07\/ruy-254x350.jpg 254w, https:\/\/blogs.correiobraziliense.com.br\/aricunha\/wp-content\/uploads\/sites\/13\/2019\/07\/ruy-230x317.jpg 230w\" sizes=\"auto, (max-width: 327px) 100vw, 327px\" \/><figcaption id=\"caption-attachment-14536\" class=\"wp-caption-text\">Foto: academia.org.br<\/figcaption><\/figure>\n<p>&nbsp;<\/p>\n<p>&nbsp;<\/p>\n<p><strong>Tragicom\u00e9dia<\/strong><\/p>\n<p>No calor das discuss\u00f5es na CCJ sobre stalking, o senador Rodrigo Cunha registrou que havia uma exposi\u00e7\u00e3o sobre essa forma violenta de invas\u00e3o de privacidade. \u201cJ\u00e1 houve um relato de um senador muito pr\u00f3ximo a mim\u201d disse ele, e continuou: \u201cQue eu n\u00e3o quero aqui tornar p\u00fablico.\u201d Diante das gargalhadas ele explicou: \u201c\u00c9 pr\u00f3ximo ao Amin e pr\u00f3ximo a mim tamb\u00e9m\u201d.<\/p>\n<figure id=\"attachment_14537\" aria-describedby=\"caption-attachment-14537\" style=\"width: 333px\" class=\"wp-caption aligncenter\"><img loading=\"lazy\" decoding=\"async\" class=\" wp-image-14537\" src=\"https:\/\/blogs.correiobraziliense.com.br\/aricunha\/wp-content\/uploads\/sites\/13\/2019\/07\/senador5905.jpg\" alt=\"\" width=\"333\" height=\"416\" srcset=\"https:\/\/blogs.correiobraziliense.com.br\/aricunha\/wp-content\/uploads\/sites\/13\/2019\/07\/senador5905.jpg 480w, https:\/\/blogs.correiobraziliense.com.br\/aricunha\/wp-content\/uploads\/sites\/13\/2019\/07\/senador5905-240x300.jpg 240w, https:\/\/blogs.correiobraziliense.com.br\/aricunha\/wp-content\/uploads\/sites\/13\/2019\/07\/senador5905-280x350.jpg 280w, https:\/\/blogs.correiobraziliense.com.br\/aricunha\/wp-content\/uploads\/sites\/13\/2019\/07\/senador5905-230x288.jpg 230w\" sizes=\"auto, (max-width: 333px) 100vw, 333px\" \/><figcaption id=\"caption-attachment-14537\" class=\"wp-caption-text\">Foto: senado.leg.br<\/figcaption><\/figure>\n<p>&nbsp;<\/p>\n<p>&nbsp;<\/p>\n<p><strong>ABC<\/strong><\/p>\n<p>Onde tem senador Amin tem riso e alegria. Saiu-se com essa em resposta ao senador Rodrigo Pacheco: \u201cEu fiquei satisfeito que o senhor retirou aquela sagrada corpora\u00e7\u00e3o. Hoje \u00e9 o dia de S\u00e3o Josemaria Escriv\u00e1, que \u00e9 o padroeiro da Opus Dei, n\u00e3o confundir com a OAB.\u201d<\/p>\n<figure id=\"attachment_14538\" aria-describedby=\"caption-attachment-14538\" style=\"width: 329px\" class=\"wp-caption aligncenter\"><img loading=\"lazy\" decoding=\"async\" class=\" wp-image-14538\" src=\"https:\/\/blogs.correiobraziliense.com.br\/aricunha\/wp-content\/uploads\/sites\/13\/2019\/07\/senador22-1.jpg\" alt=\"\" width=\"329\" height=\"411\" srcset=\"https:\/\/blogs.correiobraziliense.com.br\/aricunha\/wp-content\/uploads\/sites\/13\/2019\/07\/senador22-1.jpg 480w, https:\/\/blogs.correiobraziliense.com.br\/aricunha\/wp-content\/uploads\/sites\/13\/2019\/07\/senador22-1-240x300.jpg 240w, https:\/\/blogs.correiobraziliense.com.br\/aricunha\/wp-content\/uploads\/sites\/13\/2019\/07\/senador22-1-280x350.jpg 280w, https:\/\/blogs.correiobraziliense.com.br\/aricunha\/wp-content\/uploads\/sites\/13\/2019\/07\/senador22-1-230x288.jpg 230w\" sizes=\"auto, (max-width: 329px) 100vw, 329px\" \/><figcaption id=\"caption-attachment-14538\" class=\"wp-caption-text\">Foto: senado.leg.br<\/figcaption><\/figure>\n<p>&nbsp;<\/p>\n<p>&nbsp;<\/p>\n<p><strong>HRT<\/strong><\/p>\n<p>Depois de uma bela maquiada no Hospital de Taguatinga, a boa not\u00edcia chega de verdade se houver mais m\u00e9dicos para atender a popula\u00e7\u00e3o, inclusive pediatras.<\/p>\n<figure id=\"attachment_14539\" aria-describedby=\"caption-attachment-14539\" style=\"width: 547px\" class=\"wp-caption aligncenter\"><img loading=\"lazy\" decoding=\"async\" class=\" wp-image-14539\" src=\"https:\/\/blogs.correiobraziliense.com.br\/aricunha\/wp-content\/uploads\/sites\/13\/2019\/07\/HRT.jpg\" alt=\"\" width=\"547\" height=\"409\" srcset=\"https:\/\/blogs.correiobraziliense.com.br\/aricunha\/wp-content\/uploads\/sites\/13\/2019\/07\/HRT.jpg 860w, https:\/\/blogs.correiobraziliense.com.br\/aricunha\/wp-content\/uploads\/sites\/13\/2019\/07\/HRT-300x224.jpg 300w, https:\/\/blogs.correiobraziliense.com.br\/aricunha\/wp-content\/uploads\/sites\/13\/2019\/07\/HRT-768x574.jpg 768w, https:\/\/blogs.correiobraziliense.com.br\/aricunha\/wp-content\/uploads\/sites\/13\/2019\/07\/HRT-350x262.jpg 350w, https:\/\/blogs.correiobraziliense.com.br\/aricunha\/wp-content\/uploads\/sites\/13\/2019\/07\/HRT-550x411.jpg 550w, https:\/\/blogs.correiobraziliense.com.br\/aricunha\/wp-content\/uploads\/sites\/13\/2019\/07\/HRT-230x172.jpg 230w\" sizes=\"auto, (max-width: 547px) 100vw, 547px\" \/><figcaption id=\"caption-attachment-14539\" class=\"wp-caption-text\">Foto: politicadistrital.com<\/figcaption><\/figure>\n<p>&nbsp;<\/p>\n<p>&nbsp;<\/p>\n<p><strong>HIST\u00d3RIA DE BRAS\u00cdLIA<\/strong><\/p>\n<p>O que alguns m\u00e9dicos de Bras\u00edlia conseguiram, foi resultado de luta classista, e resta, agora, que a maioria dos m\u00e9dicos do Distrito Federal disponha das mesmas possibilidades. <strong>(Publicado em 25\/11\/1961)<\/strong><\/p>\n","protected":false},"excerpt":{"rendered":"<p>VISTO, LIDO E OUVIDO, criada por Ari Cunha (In memoriam) Desde 1960, com Circe Cunha e Mamfil jornalistacircecunha@gmail.com Facebook.com\/vistolidoeouvido Instagram.com\/vistolidoeouvido &nbsp; Com o retorno da democracia e das elei\u00e7\u00f5es diretas em 1985, per\u00edodo que os historiadores passaram a chamar de Nova Rep\u00fablica, a sociedade civil brasileira p\u00f4de, mais uma vez, retomar o comando e o destino pol\u00edtico do pa\u00eds. Depois [&hellip;]<\/p>\n","protected":false},"author":34,"featured_media":11203,"comment_status":"open","ping_status":"open","sticky":false,"template":"","format":"standard","meta":{"footnotes":""},"categories":[23],"tags":[1682,287,454,114,807,288,68,2,69,16,65],"class_list":["post-14533","post","type-post","status-publish","format-standard","has-post-thumbnail","hentry","category-integra","tag-classepolitica","tag-corrupcao","tag-corrupcaonobrasil","tag-historiadebrasilia","tag-poderjudiciario","tag-politicosnobrasil","tag-aricunha","tag-brasilia","tag-circecunha","tag-mamfil","tag-stf"],"_links":{"self":[{"href":"https:\/\/blogs.correiobraziliense.com.br\/aricunha\/wp-json\/wp\/v2\/posts\/14533","targetHints":{"allow":["GET"]}}],"collection":[{"href":"https:\/\/blogs.correiobraziliense.com.br\/aricunha\/wp-json\/wp\/v2\/posts"}],"about":[{"href":"https:\/\/blogs.correiobraziliense.com.br\/aricunha\/wp-json\/wp\/v2\/types\/post"}],"author":[{"embeddable":true,"href":"https:\/\/blogs.correiobraziliense.com.br\/aricunha\/wp-json\/wp\/v2\/users\/34"}],"replies":[{"embeddable":true,"href":"https:\/\/blogs.correiobraziliense.com.br\/aricunha\/wp-json\/wp\/v2\/comments?post=14533"}],"version-history":[{"count":5,"href":"https:\/\/blogs.correiobraziliense.com.br\/aricunha\/wp-json\/wp\/v2\/posts\/14533\/revisions"}],"predecessor-version":[{"id":14542,"href":"https:\/\/blogs.correiobraziliense.com.br\/aricunha\/wp-json\/wp\/v2\/posts\/14533\/revisions\/14542"}],"wp:featuredmedia":[{"embeddable":true,"href":"https:\/\/blogs.correiobraziliense.com.br\/aricunha\/wp-json\/wp\/v2\/media\/11203"}],"wp:attachment":[{"href":"https:\/\/blogs.correiobraziliense.com.br\/aricunha\/wp-json\/wp\/v2\/media?parent=14533"}],"wp:term":[{"taxonomy":"category","embeddable":true,"href":"https:\/\/blogs.correiobraziliense.com.br\/aricunha\/wp-json\/wp\/v2\/categories?post=14533"},{"taxonomy":"post_tag","embeddable":true,"href":"https:\/\/blogs.correiobraziliense.com.br\/aricunha\/wp-json\/wp\/v2\/tags?post=14533"}],"curies":[{"name":"wp","href":"https:\/\/api.w.org\/{rel}","templated":true}]}}