{"id":14506,"date":"2019-07-16T01:00:52","date_gmt":"2019-07-16T04:00:52","guid":{"rendered":"https:\/\/blogs.correiobraziliense.com.br\/aricunha\/?p=14506"},"modified":"2019-07-16T11:17:43","modified_gmt":"2019-07-16T14:17:43","slug":"reforma-da-previdencia-evidencia-a-velha-politica","status":"publish","type":"post","link":"https:\/\/blogs.correiobraziliense.com.br\/aricunha\/reforma-da-previdencia-evidencia-a-velha-politica\/","title":{"rendered":"Reforma da Previd\u00eancia evidencia a velha pol\u00edtica"},"content":{"rendered":"<p>VISTO, LIDO E OUVIDO, criada por Ari Cunha (In memoriam)<\/p>\n<p>Desde 1960, com Circe Cunha e Mamfil<\/p>\n<p>jornalistacircecunha@gmail.com<\/p>\n<p>Facebook.com\/vistolidoeouvido<\/p>\n<p>Instagram.com\/vistolidoeouvido<\/p>\n<p>&nbsp;<\/p>\n<figure id=\"attachment_14495\" aria-describedby=\"caption-attachment-14495\" style=\"width: 704px\" class=\"wp-caption aligncenter\"><img loading=\"lazy\" decoding=\"async\" class=\"size-full wp-image-14495\" src=\"https:\/\/blogs.correiobraziliense.com.br\/aricunha\/wp-content\/uploads\/sites\/13\/2019\/07\/tab.jpg\" alt=\"\" width=\"704\" height=\"457\" srcset=\"https:\/\/blogs.correiobraziliense.com.br\/aricunha\/wp-content\/uploads\/sites\/13\/2019\/07\/tab.jpg 704w, https:\/\/blogs.correiobraziliense.com.br\/aricunha\/wp-content\/uploads\/sites\/13\/2019\/07\/tab-300x195.jpg 300w, https:\/\/blogs.correiobraziliense.com.br\/aricunha\/wp-content\/uploads\/sites\/13\/2019\/07\/tab-350x227.jpg 350w, https:\/\/blogs.correiobraziliense.com.br\/aricunha\/wp-content\/uploads\/sites\/13\/2019\/07\/tab-550x357.jpg 550w, https:\/\/blogs.correiobraziliense.com.br\/aricunha\/wp-content\/uploads\/sites\/13\/2019\/07\/tab-230x149.jpg 230w\" sizes=\"auto, (max-width: 704px) 100vw, 704px\" \/><figcaption id=\"caption-attachment-14495\" class=\"wp-caption-text\">Imagem: institutoliberal.org.br<\/figcaption><\/figure>\n<p>&nbsp;<\/p>\n<p>Na vota\u00e7\u00e3o em primeiro turno do projeto de reforma da Previd\u00eancia, ocorrido a pouco, mais uma vez ficou evidenciado o descompasso existente, na maioria dos atuais partidos pol\u00edticos, com rela\u00e7\u00e3o as necessidades e os pleitos demandados pela realidade social e econ\u00f4mica do pa\u00eds. Tirando as oposi\u00e7\u00f5es, que perderam, por completo, a sintonia com a maioria da popula\u00e7\u00e3o, as demais legendas, que tendiam a apoiar a proposta reformista, aproveitaram a situa\u00e7\u00e3o de desespero do governo para extrair o m\u00e1ximo de vantagens, reavivando o antigo sistema do toma l\u00e1, d\u00e1 c\u00e1, impondo ainda o recebimento de benef\u00edcios alheios ao projeto, como foi o caso do aumento, vergonhoso, do Fundo Eleitoral, conforme ficou constatado.<\/p>\n<p>Essa insaci\u00e1vel fome por dinheiro demonstrada pelos partidos e as barganhas que se estabeleceram, por ocasi\u00e3o das negocia\u00e7\u00f5es para a vota\u00e7\u00e3o do projeto, deixaram claro para a popula\u00e7\u00e3o que o velho modelo pol\u00edtico e oportunista ainda resiste com for\u00e7a dentro do Congresso e nem mesmo as \u00faltimas elei\u00e7\u00f5es foram capazes de amortecer. Por certo, h\u00e1 ainda muito a ser feito para mudar o velho sistema pol\u00edtico que insiste em se perpetuar a despeito da grande rejei\u00e7\u00e3o demonstrada pelos brasileiros.<\/p>\n<p>Nem mesmo a aprova\u00e7\u00e3o em primeiro turno dessa proposta convenceu o p\u00fablico, principalmente quando se verificou que o resultado final do texto ficou aqu\u00e9m das perspectivas e foi moldado \u00e0s exig\u00eancias dos grupos de press\u00e3o, dentro e fora do parlamento. Nesses debates ficaram ainda evidenciados que est\u00e3o nos partidos os principais obst\u00e1culos \u00e0 renova\u00e7\u00e3o no modo de fazer pol\u00edtica, raz\u00e3o pela qual fica mais uma vez comprovada a necessidade vital de uma profunda reforma nessa \u00e1rea.<\/p>\n<p>Reforma que deve ser imposta exclusivamente por meio de projeto popular e que, ao contr\u00e1rio das dez medidas contra a corrup\u00e7\u00e3o, n\u00e3o sofra retalia\u00e7\u00f5es e venha a ser esvaziada pelo Legislativo. Um caso que chamou a aten\u00e7\u00e3o de todos para o envelhecimento desse modelo, que tem no caciquismo dos partidos seu ponto alto, foi a dissid\u00eancia dos deputados oposicionistas T\u00e1bata Amaral (PDT-SP) e Felipe Rigoni (PSB-ES), entre outros 17 parlamentares que aderiram ao texto-base da reforma e que por essa posi\u00e7\u00e3o foram duramente criticados e amea\u00e7ados de expuls\u00e3o.<\/p>\n<p>No Nordeste, onde 70% da bancada votou pela reforma, o que ficou demonstrado \u00e9 que os apelos locais pela melhoria na Previd\u00eancia e a realidade local falaram mais alto do que os princ\u00edpios de fidelidade partid\u00e1ria que, ao final, nada mais \u00e9 do que a vontade dos donos de fato das legendas.<\/p>\n<p>Com isso, os velhos dogmas e os figur\u00f5es pol\u00edticos, mesmo a despeito das vantagens recebidas, foram encostados contra a parede e ter\u00e3o que, cedo ou tarde, fazer um exame de consci\u00eancia ou ent\u00e3o que reverem novas estrat\u00e9gias, caso queiram permanecer ainda com a cabe\u00e7a fora da linha d\u2019\u00e1gua e com algum prest\u00edgio.<\/p>\n<p>&nbsp;<\/p>\n<p>&nbsp;<\/p>\n<p>&nbsp;<\/p>\n<p><strong>A frase que foi pronunciada:<\/strong><\/p>\n<p><em>\u201cCom os novos tempos, h\u00e1 piratas tamb\u00e9m interceptando as ondas da Internet\u201d.<\/em><\/p>\n<p>Dona Dita, bordadeira.<\/p>\n<p>&nbsp;<\/p>\n<p>&nbsp;<\/p>\n<p><strong>Passe livre<\/strong><\/p>\n<p>O assunto passe livre para estudantes est\u00e1 provocando muita discuss\u00e3o. Seria apenas para estudantes de baixa renda ou apenas estudantes? A vota\u00e7\u00e3o na Internet est\u00e1 tecnicamente empatada.<\/p>\n<figure id=\"attachment_14510\" aria-describedby=\"caption-attachment-14510\" style=\"width: 551px\" class=\"wp-caption aligncenter\"><img loading=\"lazy\" decoding=\"async\" class=\" wp-image-14510\" src=\"https:\/\/blogs.correiobraziliense.com.br\/aricunha\/wp-content\/uploads\/sites\/13\/2019\/07\/passe_livre_GDF.jpg\" alt=\"\" width=\"551\" height=\"366\" srcset=\"https:\/\/blogs.correiobraziliense.com.br\/aricunha\/wp-content\/uploads\/sites\/13\/2019\/07\/passe_livre_GDF.jpg 640w, https:\/\/blogs.correiobraziliense.com.br\/aricunha\/wp-content\/uploads\/sites\/13\/2019\/07\/passe_livre_GDF-300x199.jpg 300w, https:\/\/blogs.correiobraziliense.com.br\/aricunha\/wp-content\/uploads\/sites\/13\/2019\/07\/passe_livre_GDF-350x232.jpg 350w, https:\/\/blogs.correiobraziliense.com.br\/aricunha\/wp-content\/uploads\/sites\/13\/2019\/07\/passe_livre_GDF-550x365.jpg 550w, https:\/\/blogs.correiobraziliense.com.br\/aricunha\/wp-content\/uploads\/sites\/13\/2019\/07\/passe_livre_GDF-230x153.jpg 230w\" sizes=\"auto, (max-width: 551px) 100vw, 551px\" \/><figcaption id=\"caption-attachment-14510\" class=\"wp-caption-text\">Foto: diariodotransporte.com<\/figcaption><\/figure>\n<p>&nbsp;<\/p>\n<p>&nbsp;<\/p>\n<p><strong>Reparos<\/strong><\/p>\n<p>No desenho de avi\u00e3o feito para criar Bras\u00edlia, uma das turbinas j\u00e1 estourou. \u00c9 de dar arrepios andar pelo Setor Comercial Sul. Salas vazias, pr\u00e9dios ociosos, local completamente fantasma. O estudo para reativar essa \u00e1rea deve respeitar as regras e normas de gabarito j\u00e1 definidas pela setoriza\u00e7\u00e3o da cidade. Mas que alguma coisa precisa ser feita, n\u00e3o resta d\u00favidas.<\/p>\n<figure id=\"attachment_14509\" aria-describedby=\"caption-attachment-14509\" style=\"width: 548px\" class=\"wp-caption aligncenter\"><img loading=\"lazy\" decoding=\"async\" class=\" wp-image-14509\" src=\"https:\/\/blogs.correiobraziliense.com.br\/aricunha\/wp-content\/uploads\/sites\/13\/2019\/07\/20190622214816782060o.jpg\" alt=\"\" width=\"548\" height=\"365\" srcset=\"https:\/\/blogs.correiobraziliense.com.br\/aricunha\/wp-content\/uploads\/sites\/13\/2019\/07\/20190622214816782060o.jpg 820w, https:\/\/blogs.correiobraziliense.com.br\/aricunha\/wp-content\/uploads\/sites\/13\/2019\/07\/20190622214816782060o-300x200.jpg 300w, https:\/\/blogs.correiobraziliense.com.br\/aricunha\/wp-content\/uploads\/sites\/13\/2019\/07\/20190622214816782060o-768x511.jpg 768w, https:\/\/blogs.correiobraziliense.com.br\/aricunha\/wp-content\/uploads\/sites\/13\/2019\/07\/20190622214816782060o-350x233.jpg 350w, https:\/\/blogs.correiobraziliense.com.br\/aricunha\/wp-content\/uploads\/sites\/13\/2019\/07\/20190622214816782060o-550x366.jpg 550w, https:\/\/blogs.correiobraziliense.com.br\/aricunha\/wp-content\/uploads\/sites\/13\/2019\/07\/20190622214816782060o-230x153.jpg 230w\" sizes=\"auto, (max-width: 548px) 100vw, 548px\" \/><figcaption id=\"caption-attachment-14509\" class=\"wp-caption-text\">Foto: Ed Alves\/CB\/D.A Press<\/figcaption><\/figure>\n<p>&nbsp;<\/p>\n<p>&nbsp;<\/p>\n<p><strong>Volta por cima<\/strong><\/p>\n<p>Outros lados da cidade completamente entregues ao tempo s\u00e3o a W3 Norte e Sul. Uma maquiagem daqui, um ajuste de l\u00e1. Ainda n\u00e3o foi poss\u00edvel revigorar o local com fins de semana sem carro e pistas cheias de mesa e luz para receber os turistas e o p\u00fablico \u00e1vido por novidades.<\/p>\n<figure id=\"attachment_12321\" aria-describedby=\"caption-attachment-12321\" style=\"width: 543px\" class=\"wp-caption aligncenter\"><img loading=\"lazy\" decoding=\"async\" class=\" wp-image-12321\" src=\"https:\/\/blogs.correiobraziliense.com.br\/aricunha\/wp-content\/uploads\/sites\/13\/2018\/10\/DSC01143_08-03-2018_W3-Norte_716N_Calcada_destruida_Pedestre_edit-300x225.jpg\" alt=\"\" width=\"543\" height=\"408\" srcset=\"https:\/\/blogs.correiobraziliense.com.br\/aricunha\/wp-content\/uploads\/sites\/13\/2018\/10\/DSC01143_08-03-2018_W3-Norte_716N_Calcada_destruida_Pedestre_edit-300x225.jpg 300w, https:\/\/blogs.correiobraziliense.com.br\/aricunha\/wp-content\/uploads\/sites\/13\/2018\/10\/DSC01143_08-03-2018_W3-Norte_716N_Calcada_destruida_Pedestre_edit-300x225-230x173.jpg 230w\" sizes=\"auto, (max-width: 543px) 100vw, 543px\" \/><figcaption id=\"caption-attachment-12321\" class=\"wp-caption-text\">Foto: mobilize.org.br &#8211; W3 Norte<\/figcaption><\/figure>\n<p>&nbsp;<\/p>\n<p>&nbsp;<\/p>\n<p><strong>Capoterapia<\/strong><\/p>\n<p>\u00c9 comum, nos gramados da Universidade de Berkeley, na Calif\u00f3rnia, ver estudantes em rodas de capoeira. Se por l\u00e1 \u00e9 t\u00e3o agrad\u00e1vel, por aqui \u00e9 mais. Adaptada para o pessoal da Terceira Idade, a capoterapia est\u00e1 se espalhando por Bras\u00edlia e sendo muito bem recebida. A equipe do secret\u00e1rio Osnei Okumoto est\u00e1 fortemente empenhada em levar a sa\u00fade para os moradores da capital pela capoterapia.<\/p>\n<p><iframe loading=\"lazy\" title=\"Momento Capoterapia DF\" width=\"1440\" height=\"810\" src=\"https:\/\/www.youtube.com\/embed\/DUOdk-wA1WU?feature=oembed\" frameborder=\"0\" allow=\"accelerometer; autoplay; clipboard-write; encrypted-media; gyroscope; picture-in-picture; web-share\" referrerpolicy=\"strict-origin-when-cross-origin\" allowfullscreen><\/iframe><\/p>\n<p>&nbsp;<\/p>\n<p>&nbsp;<\/p>\n<p><strong>Elas<\/strong><\/p>\n<p>Quem ganha com a divulga\u00e7\u00e3o e patrocinadores \u00e9 o futebol feminino. Estudos prontos para estimular o esporte nas escolas, tanto do futsal feminino quanto dos jogos no gramado. O assunto vai ser discutido em breve na C\u00e2mara dos Deputados em audi\u00eancia p\u00fablica.<\/p>\n<figure id=\"attachment_14508\" aria-describedby=\"caption-attachment-14508\" style=\"width: 545px\" class=\"wp-caption aligncenter\"><img loading=\"lazy\" decoding=\"async\" class=\" wp-image-14508\" src=\"https:\/\/blogs.correiobraziliense.com.br\/aricunha\/wp-content\/uploads\/sites\/13\/2019\/07\/rosarinha.jpg\" alt=\"\" width=\"545\" height=\"363\" srcset=\"https:\/\/blogs.correiobraziliense.com.br\/aricunha\/wp-content\/uploads\/sites\/13\/2019\/07\/rosarinha.jpg 620w, https:\/\/blogs.correiobraziliense.com.br\/aricunha\/wp-content\/uploads\/sites\/13\/2019\/07\/rosarinha-300x200.jpg 300w, https:\/\/blogs.correiobraziliense.com.br\/aricunha\/wp-content\/uploads\/sites\/13\/2019\/07\/rosarinha-350x233.jpg 350w, https:\/\/blogs.correiobraziliense.com.br\/aricunha\/wp-content\/uploads\/sites\/13\/2019\/07\/rosarinha-550x366.jpg 550w, https:\/\/blogs.correiobraziliense.com.br\/aricunha\/wp-content\/uploads\/sites\/13\/2019\/07\/rosarinha-230x153.jpg 230w\" sizes=\"auto, (max-width: 545px) 100vw, 545px\" \/><figcaption id=\"caption-attachment-14508\" class=\"wp-caption-text\">Foto: educacao.mg.gov.br<\/figcaption><\/figure>\n<p>&nbsp;<\/p>\n<p>&nbsp;<\/p>\n<p><strong>HIST\u00d3RIA DE BRAS\u00cdLIA<\/strong><\/p>\n<p>Houve deputados que da tribuna da c\u00e2mara verberaram contra o Hospital Distrital, e fizeram refer\u00eancias as mais desagrad\u00e1veis contra os m\u00e9dicos. Injusto, e indigno, um pronunciamento desses. <strong>(Publicado em 25\/11\/1961)<\/strong><\/p>\n","protected":false},"excerpt":{"rendered":"<p>VISTO, LIDO E OUVIDO, criada por Ari Cunha (In memoriam) Desde 1960, com Circe Cunha e Mamfil jornalistacircecunha@gmail.com Facebook.com\/vistolidoeouvido Instagram.com\/vistolidoeouvido &nbsp; &nbsp; Na vota\u00e7\u00e3o em primeiro turno do projeto de reforma da Previd\u00eancia, ocorrido a pouco, mais uma vez ficou evidenciado o descompasso existente, na maioria dos atuais partidos pol\u00edticos, com rela\u00e7\u00e3o as necessidades e os pleitos demandados pela realidade [&hellip;]<\/p>\n","protected":false},"author":34,"featured_media":14495,"comment_status":"open","ping_status":"open","sticky":false,"template":"","format":"standard","meta":{"footnotes":""},"categories":[23],"tags":[1307,114,1670,1427,261,572,779,1671,68,2,69,16],"class_list":["post-14506","post","type-post","status-publish","format-standard","has-post-thumbnail","hentry","category-integra","tag-congressonacional","tag-historiadebrasilia","tag-parlamentares","tag-partidospoliticos","tag-politicanobrasil","tag-reformadaprevidencia","tag-reformapolitica","tag-tomaladaca","tag-aricunha","tag-brasilia","tag-circecunha","tag-mamfil"],"_links":{"self":[{"href":"https:\/\/blogs.correiobraziliense.com.br\/aricunha\/wp-json\/wp\/v2\/posts\/14506","targetHints":{"allow":["GET"]}}],"collection":[{"href":"https:\/\/blogs.correiobraziliense.com.br\/aricunha\/wp-json\/wp\/v2\/posts"}],"about":[{"href":"https:\/\/blogs.correiobraziliense.com.br\/aricunha\/wp-json\/wp\/v2\/types\/post"}],"author":[{"embeddable":true,"href":"https:\/\/blogs.correiobraziliense.com.br\/aricunha\/wp-json\/wp\/v2\/users\/34"}],"replies":[{"embeddable":true,"href":"https:\/\/blogs.correiobraziliense.com.br\/aricunha\/wp-json\/wp\/v2\/comments?post=14506"}],"version-history":[{"count":3,"href":"https:\/\/blogs.correiobraziliense.com.br\/aricunha\/wp-json\/wp\/v2\/posts\/14506\/revisions"}],"predecessor-version":[{"id":14515,"href":"https:\/\/blogs.correiobraziliense.com.br\/aricunha\/wp-json\/wp\/v2\/posts\/14506\/revisions\/14515"}],"wp:featuredmedia":[{"embeddable":true,"href":"https:\/\/blogs.correiobraziliense.com.br\/aricunha\/wp-json\/wp\/v2\/media\/14495"}],"wp:attachment":[{"href":"https:\/\/blogs.correiobraziliense.com.br\/aricunha\/wp-json\/wp\/v2\/media?parent=14506"}],"wp:term":[{"taxonomy":"category","embeddable":true,"href":"https:\/\/blogs.correiobraziliense.com.br\/aricunha\/wp-json\/wp\/v2\/categories?post=14506"},{"taxonomy":"post_tag","embeddable":true,"href":"https:\/\/blogs.correiobraziliense.com.br\/aricunha\/wp-json\/wp\/v2\/tags?post=14506"}],"curies":[{"name":"wp","href":"https:\/\/api.w.org\/{rel}","templated":true}]}}