{"id":14491,"date":"2019-07-13T00:00:00","date_gmt":"2019-07-13T03:00:00","guid":{"rendered":"https:\/\/blogs.correiobraziliense.com.br\/aricunha\/?p=14491"},"modified":"2019-07-12T23:32:22","modified_gmt":"2019-07-13T02:32:22","slug":"um-gigante-comandado-por-anoes","status":"publish","type":"post","link":"https:\/\/blogs.correiobraziliense.com.br\/aricunha\/um-gigante-comandado-por-anoes\/","title":{"rendered":"Um gigante comandado por an\u00f5es"},"content":{"rendered":"<p>VISTO, LIDO E OUVIDO, criada por Ari Cunha (In memoriam)<\/p>\n<p>Desde 1960, com Circe Cunha e Mamfil<\/p>\n<p>jornalistacircecunha@gmail.com<\/p>\n<p>Facebook.com\/vistolidoeouvido<\/p>\n<p>Instagram.com\/vistolidoeouvido<\/p>\n<p>&nbsp;<\/p>\n<figure id=\"attachment_14492\" aria-describedby=\"caption-attachment-14492\" style=\"width: 639px\" class=\"wp-caption aligncenter\"><img loading=\"lazy\" decoding=\"async\" class=\"size-full wp-image-14492\" src=\"https:\/\/blogs.correiobraziliense.com.br\/aricunha\/wp-content\/uploads\/sites\/13\/2019\/07\/1562932791.jpg\" alt=\"\" width=\"639\" height=\"384\" srcset=\"https:\/\/blogs.correiobraziliense.com.br\/aricunha\/wp-content\/uploads\/sites\/13\/2019\/07\/1562932791.jpg 639w, https:\/\/blogs.correiobraziliense.com.br\/aricunha\/wp-content\/uploads\/sites\/13\/2019\/07\/1562932791-300x180.jpg 300w, https:\/\/blogs.correiobraziliense.com.br\/aricunha\/wp-content\/uploads\/sites\/13\/2019\/07\/1562932791-350x210.jpg 350w, https:\/\/blogs.correiobraziliense.com.br\/aricunha\/wp-content\/uploads\/sites\/13\/2019\/07\/1562932791-550x331.jpg 550w, https:\/\/blogs.correiobraziliense.com.br\/aricunha\/wp-content\/uploads\/sites\/13\/2019\/07\/1562932791-230x138.jpg 230w\" sizes=\"auto, (max-width: 639px) 100vw, 639px\" \/><figcaption id=\"caption-attachment-14492\" class=\"wp-caption-text\">Foto: divulga\u00e7\u00e3o do presidente Bolsonaro<\/figcaption><\/figure>\n<p>&nbsp;<\/p>\n<p>Dificilmente, numa poss\u00edvel situa\u00e7\u00e3o em que n\u00e3o houvesse tamanho antagonismo pol\u00edtico no pa\u00eds, quase beirando a insanidade, um candidato com o estilo de Jair Bolsonaro, deputado com d\u00e9cadas de mandato, conhecido por suas posi\u00e7\u00f5es agressivas e extremadas e com fama de falar o que vem \u00e0 cabe\u00e7a, teria chances de chegar \u00e0 Presid\u00eancia da Rep\u00fablica. Ainda mais coligado com um partido nanico e sem propostas e programa pol\u00edtico claro. De fato, dentre os elementos que surpreendentemente al\u00e7aram Bolsonaro ao mais alto cargo do Poder Executivo, o que mais se destacou foi justamente o clima de acirramento e de polariza\u00e7\u00e3o entre uma esquerda ca\u00edda em desgra\u00e7a, por conta de in\u00fameros crimes praticados e que perfaz praticamente todo o C\u00f3digo Penal, e uma proposta erigida \u00e0s pressas que se contrapunha a tudo o que estava sendo proposto durante a campanha.<\/p>\n<p>Foi, portanto, na esteira desse faro e senso de oportunidade, que a campanha do candidato do PSL sagrou-se vitoriosa, contra tudo e contra todos os progn\u00f3sticos divulgados pelos mais celebrados cientistas pol\u00edticos naquela ocasi\u00e3o. Sem verbas estratosf\u00e9ricas e sem permutas anti\u00e9ticas. Obviamente que a realidade do pa\u00eds haveria de exigir muito mais que uma vit\u00f3ria erguida sobre os escombros de uma esquerda moribunda. Uma coisa \u00e9 a confirma\u00e7\u00e3o da vit\u00f3ria proclamada pelo Tribunal Superior Eleitoral. Outra, \u00e9 aquela que passa a surpreender e assustar os novos mandat\u00e1rios, t\u00e3o logo eles tomam assento no terceiro andar do Pal\u00e1cio do Planalto.<\/p>\n<p>Com as finan\u00e7as depauperadas ao extremo e com uma classe pol\u00edtica sempre\u00a0\u00a0 alheia aos problemas nacionais (como confirma a aprova\u00e7\u00e3o, agora, pela C\u00e2mara dos Deputados no aumento do fundo eleitoral de R$ 1,7 bilh\u00e3o para R$ 3,7 bilh\u00e3o), administrar o Brasil, dentro dos estritos ditames republicanos e \u00e9ticos, n\u00e3o \u00e9 tarefa que possa ser levada a cabo de modo afoito, muito menos com base em improvisos e voluntarismos.<\/p>\n<p>Chama a aten\u00e7\u00e3o a not\u00edcia de que o presidente estuda a possibilidade de indicar seu filho e deputado federal, Eduardo Bolsonaro, para ocupar a cadeira como embaixador do Brasil em Washington, uma das miss\u00f5es mais relevantes e especializadas em termos pol\u00edticos e econ\u00f4micos para as rela\u00e7\u00f5es externas de nosso pa\u00eds e que, pelo bom senso, sempre foi ocupada por ministros de primeira classe, com longa experi\u00eancia em diplomacia dentro do Minist\u00e9rios das Rela\u00e7\u00f5es Exteriores.<\/p>\n<p>O gesto paternalista e com vi\u00e9s de nepotismo, caso venha a ser confirmado, trar\u00e1 repercuss\u00f5es internas e externas imprevis\u00edveis, podendo inclusive abalar as rela\u00e7\u00f5es entre os dois pa\u00edses, com preju\u00edzos claros para o Brasil. A essa possibilidade de implementar medidas a\u00e7odadas, se somam outras de igual potencial incerto, como \u00e9 o caso da indica\u00e7\u00e3o, tamb\u00e9m anunciada a poucos dias, para a pr\u00f3xima vaga no Supremo Tribunal Federal, de um candidato com um perfil \u201cterrivelmente evang\u00e9lico\u201d, como se isso fosse condi\u00e7\u00e3o necess\u00e1ria para t\u00e3o relevante fun\u00e7\u00e3o, uma vez que a Constitui\u00e7\u00e3o exige not\u00e1vel saber jur\u00eddico e reputa\u00e7\u00e3o ilibada.<\/p>\n<p>Esse e outros acenos \u00e0s bancadas espec\u00edficas dentro do Congresso Nacional revelam, entre outros v\u00edcios, a estreiteza de vis\u00e3o desse e de outros presidentes que o precederam sobre a enormidade e complexidade de um pa\u00eds como o Brasil, um gigante que parece estar condenado a ser governado por pol\u00edticos sem a mesma grandeza e n\u00e3o raramente obtusos.<\/p>\n<p>&nbsp;<\/p>\n<p>&nbsp;<\/p>\n<p>&nbsp;<\/p>\n<p><strong>A frase que foi pronunciada:<\/strong><\/p>\n<p><em>\u201cQuem mais usufrui a liberdade de imprensa s\u00e3o os que se livraram dela e passaram a usar a m\u00eddia social!\u201d<\/em><\/p>\n<figure id=\"attachment_14493\" aria-describedby=\"caption-attachment-14493\" style=\"width: 449px\" class=\"wp-caption aligncenter\"><img loading=\"lazy\" decoding=\"async\" class=\" wp-image-14493\" src=\"https:\/\/blogs.correiobraziliense.com.br\/aricunha\/wp-content\/uploads\/sites\/13\/2019\/07\/blog-de-castroliberdade-de-imprensanoticias-de-castro.jpg\" alt=\"\" width=\"449\" height=\"455\" srcset=\"https:\/\/blogs.correiobraziliense.com.br\/aricunha\/wp-content\/uploads\/sites\/13\/2019\/07\/blog-de-castroliberdade-de-imprensanoticias-de-castro.jpg 650w, https:\/\/blogs.correiobraziliense.com.br\/aricunha\/wp-content\/uploads\/sites\/13\/2019\/07\/blog-de-castroliberdade-de-imprensanoticias-de-castro-296x300.jpg 296w, https:\/\/blogs.correiobraziliense.com.br\/aricunha\/wp-content\/uploads\/sites\/13\/2019\/07\/blog-de-castroliberdade-de-imprensanoticias-de-castro-346x350.jpg 346w, https:\/\/blogs.correiobraziliense.com.br\/aricunha\/wp-content\/uploads\/sites\/13\/2019\/07\/blog-de-castroliberdade-de-imprensanoticias-de-castro-550x557.jpg 550w, https:\/\/blogs.correiobraziliense.com.br\/aricunha\/wp-content\/uploads\/sites\/13\/2019\/07\/blog-de-castroliberdade-de-imprensanoticias-de-castro-230x233.jpg 230w\" sizes=\"auto, (max-width: 449px) 100vw, 449px\" \/><figcaption id=\"caption-attachment-14493\" class=\"wp-caption-text\">Charge: Nani Humor<\/figcaption><\/figure>\n<p>&nbsp;<\/p>\n<p>&nbsp;<\/p>\n<p><strong>Mais motos<\/strong><\/p>\n<p>Ao todo, s\u00e3o 34% a mais de motos dispon\u00edveis no mercado em 2019. A Associa\u00e7\u00e3o Brasileira dos Fabricantes de Motocicletas divulgou que, em junho, foram produzidas 67.991 motocicletas. Falta forma\u00e7\u00e3o educativa aos motoqueiros que cortam carros, ultrapassam pela direita e chutam retrovisores.<\/p>\n<figure id=\"attachment_14494\" aria-describedby=\"caption-attachment-14494\" style=\"width: 547px\" class=\"wp-caption aligncenter\"><img loading=\"lazy\" decoding=\"async\" class=\" wp-image-14494\" src=\"https:\/\/blogs.correiobraziliense.com.br\/aricunha\/wp-content\/uploads\/sites\/13\/2019\/07\/moto_trafego_corredor.jpg\" alt=\"\" width=\"547\" height=\"411\" srcset=\"https:\/\/blogs.correiobraziliense.com.br\/aricunha\/wp-content\/uploads\/sites\/13\/2019\/07\/moto_trafego_corredor.jpg 900w, https:\/\/blogs.correiobraziliense.com.br\/aricunha\/wp-content\/uploads\/sites\/13\/2019\/07\/moto_trafego_corredor-300x225.jpg 300w, https:\/\/blogs.correiobraziliense.com.br\/aricunha\/wp-content\/uploads\/sites\/13\/2019\/07\/moto_trafego_corredor-768x576.jpg 768w, https:\/\/blogs.correiobraziliense.com.br\/aricunha\/wp-content\/uploads\/sites\/13\/2019\/07\/moto_trafego_corredor-350x263.jpg 350w, https:\/\/blogs.correiobraziliense.com.br\/aricunha\/wp-content\/uploads\/sites\/13\/2019\/07\/moto_trafego_corredor-550x413.jpg 550w, https:\/\/blogs.correiobraziliense.com.br\/aricunha\/wp-content\/uploads\/sites\/13\/2019\/07\/moto_trafego_corredor-230x173.jpg 230w\" sizes=\"auto, (max-width: 547px) 100vw, 547px\" \/><figcaption id=\"caption-attachment-14494\" class=\"wp-caption-text\">Foto: Arquivo Tecnodata<\/figcaption><\/figure>\n<p>&nbsp;<\/p>\n<p>&nbsp;<\/p>\n<p><strong>Inova\u00e7\u00e3o<\/strong><\/p>\n<p>Mais dois novatos n\u00e3o votaram com a legenda. Tabata Amaral (PDT-SP) e Felipe Rigoni (PSB-ES), do Acredito e do RenovaBR, movimentos que pregam dist\u00e2ncia da pol\u00edtica tradicional. Os dois parlamentares estreantes sentem na pele que a velha pol\u00edtica das siglas permanece: antes de votar pelo pa\u00eds, vem o partido que os elegeu.<\/p>\n<figure id=\"attachment_14495\" aria-describedby=\"caption-attachment-14495\" style=\"width: 550px\" class=\"wp-caption aligncenter\"><img loading=\"lazy\" decoding=\"async\" class=\" wp-image-14495\" src=\"https:\/\/blogs.correiobraziliense.com.br\/aricunha\/wp-content\/uploads\/sites\/13\/2019\/07\/tab.jpg\" alt=\"\" width=\"550\" height=\"357\" srcset=\"https:\/\/blogs.correiobraziliense.com.br\/aricunha\/wp-content\/uploads\/sites\/13\/2019\/07\/tab.jpg 704w, https:\/\/blogs.correiobraziliense.com.br\/aricunha\/wp-content\/uploads\/sites\/13\/2019\/07\/tab-300x195.jpg 300w, https:\/\/blogs.correiobraziliense.com.br\/aricunha\/wp-content\/uploads\/sites\/13\/2019\/07\/tab-350x227.jpg 350w, https:\/\/blogs.correiobraziliense.com.br\/aricunha\/wp-content\/uploads\/sites\/13\/2019\/07\/tab-550x357.jpg 550w, https:\/\/blogs.correiobraziliense.com.br\/aricunha\/wp-content\/uploads\/sites\/13\/2019\/07\/tab-230x149.jpg 230w\" sizes=\"auto, (max-width: 550px) 100vw, 550px\" \/><figcaption id=\"caption-attachment-14495\" class=\"wp-caption-text\">Imagem: institutoliberal.org.br<\/figcaption><\/figure>\n<p>&nbsp;<\/p>\n<p><strong>Novo presidente<\/strong><\/p>\n<p>Dentro da rigidez militar, est\u00e1 a escolha pelo mais barato. Por essas e outras que ningu\u00e9m v\u00ea o presidente Bolsonaro ostentando em vinhos ou hot\u00e9is car\u00edssimos. Pelo contr\u00e1rio, a comitiva do Mercosul, que ficar\u00e1 em Bento Gon\u00e7alves, ter\u00e1 a hospedagem calorosa e modesta.<\/p>\n<figure id=\"attachment_14439\" aria-describedby=\"caption-attachment-14439\" style=\"width: 550px\" class=\"wp-caption aligncenter\"><img loading=\"lazy\" decoding=\"async\" class=\" wp-image-14439\" src=\"https:\/\/blogs.correiobraziliense.com.br\/aricunha\/wp-content\/uploads\/sites\/13\/2019\/07\/mercosul-ue-e1562982119825.jpg\" alt=\"\" width=\"550\" height=\"578\" srcset=\"https:\/\/blogs.correiobraziliense.com.br\/aricunha\/wp-content\/uploads\/sites\/13\/2019\/07\/mercosul-ue-e1562982119825.jpg 541w, https:\/\/blogs.correiobraziliense.com.br\/aricunha\/wp-content\/uploads\/sites\/13\/2019\/07\/mercosul-ue-e1562982119825-286x300.jpg 286w, https:\/\/blogs.correiobraziliense.com.br\/aricunha\/wp-content\/uploads\/sites\/13\/2019\/07\/mercosul-ue-e1562982119825-333x350.jpg 333w, https:\/\/blogs.correiobraziliense.com.br\/aricunha\/wp-content\/uploads\/sites\/13\/2019\/07\/mercosul-ue-e1562982119825-230x241.jpg 230w\" sizes=\"auto, (max-width: 550px) 100vw, 550px\" \/><figcaption id=\"caption-attachment-14439\" class=\"wp-caption-text\">Foto: istoe.com.br<\/figcaption><\/figure>\n<p>&nbsp;<\/p>\n<p>&nbsp;<\/p>\n<p><strong>Transforma\u00e7\u00f5es<\/strong><\/p>\n<p>Aproximando a lupa da lei que impede a venda e distribui\u00e7\u00e3o de sacos de compra no DF, fica uma d\u00favida: qual material a natureza destr\u00f3i mais r\u00e1pido, uma sacola de supermercado ou embalagens de arroz, feij\u00e3o, sab\u00e3o? Todas as op\u00e7\u00f5es, inclusive sacolas pl\u00e1sticas, podem virar corda, vaso de planta, tapete&#8230; Enquanto a lei do deputado Leandro Grass (Rede), que j\u00e1 foi sancionada pelo governador Ibaneis Rocha (MDB), n\u00e3o entra em vigor, veja a seguir como recicl\u00e1-las.<\/p>\n<p><iframe loading=\"lazy\" title=\"25 ARTESANATOS INCR\u00cdVEIS COM GARRAFAS PL\u00c1STICAS\" width=\"1333\" height=\"1000\" src=\"https:\/\/www.youtube.com\/embed\/8uNQZdcZ2u8?feature=oembed\" frameborder=\"0\" allow=\"accelerometer; autoplay; clipboard-write; encrypted-media; gyroscope; picture-in-picture; web-share\" referrerpolicy=\"strict-origin-when-cross-origin\" allowfullscreen><\/iframe><\/p>\n<p><iframe loading=\"lazy\" title=\"Como reciclar sacolas pl\u00e1sticas - Cachep\u00f4\" width=\"1440\" height=\"810\" src=\"https:\/\/www.youtube.com\/embed\/7zC28pbhK9s?feature=oembed\" frameborder=\"0\" allow=\"accelerometer; autoplay; clipboard-write; encrypted-media; gyroscope; picture-in-picture; web-share\" referrerpolicy=\"strict-origin-when-cross-origin\" allowfullscreen><\/iframe><\/p>\n<p>&nbsp;<\/p>\n<p><strong>HIST\u00d3RIA DE BRAS\u00cdLIA <\/strong><\/p>\n<p>A dota\u00e7\u00e3o para as funda\u00e7\u00f5es de Bras\u00edlia, que era de 900 milh\u00f5es, sofreu redu\u00e7\u00e3o para 500 milh\u00f5es no pr\u00f3ximo exerc\u00edcio. O prefeito Sette C\u00e2mara foi ao Senado, mostrou a nossa arrecada\u00e7\u00e3o, argumentou, discutiu, provou, esclareceu e venceu. O Senado aumentou para dois bilh\u00f5es, no pr\u00f3ximo ano. <strong>(Publicado em 24\/11\/1961)<\/strong><\/p>\n","protected":false},"excerpt":{"rendered":"<p>VISTO, LIDO E OUVIDO, criada por Ari Cunha (In memoriam) Desde 1960, com Circe Cunha e Mamfil jornalistacircecunha@gmail.com Facebook.com\/vistolidoeouvido Instagram.com\/vistolidoeouvido &nbsp; &nbsp; Dificilmente, numa poss\u00edvel situa\u00e7\u00e3o em que n\u00e3o houvesse tamanho antagonismo pol\u00edtico no pa\u00eds, quase beirando a insanidade, um candidato com o estilo de Jair Bolsonaro, deputado com d\u00e9cadas de mandato, conhecido por suas posi\u00e7\u00f5es agressivas e extremadas e [&hellip;]<\/p>\n","protected":false},"author":34,"featured_media":14492,"comment_status":"open","ping_status":"open","sticky":false,"template":"","format":"standard","meta":{"footnotes":""},"categories":[23],"tags":[1665,1667,1235,355,114,1664,1666,261,68,2,69,16],"class_list":["post-14491","post","type-post","status-publish","format-standard","has-post-thumbnail","hentry","category-integra","tag-deputadoeduardobolsonaro","tag-embaixadadobrasilemwashington","tag-governobolsonaro","tag-governofederal","tag-historiadebrasilia","tag-nepotismo","tag-nomeacaodefilho","tag-politicanobrasil","tag-aricunha","tag-brasilia","tag-circecunha","tag-mamfil"],"_links":{"self":[{"href":"https:\/\/blogs.correiobraziliense.com.br\/aricunha\/wp-json\/wp\/v2\/posts\/14491","targetHints":{"allow":["GET"]}}],"collection":[{"href":"https:\/\/blogs.correiobraziliense.com.br\/aricunha\/wp-json\/wp\/v2\/posts"}],"about":[{"href":"https:\/\/blogs.correiobraziliense.com.br\/aricunha\/wp-json\/wp\/v2\/types\/post"}],"author":[{"embeddable":true,"href":"https:\/\/blogs.correiobraziliense.com.br\/aricunha\/wp-json\/wp\/v2\/users\/34"}],"replies":[{"embeddable":true,"href":"https:\/\/blogs.correiobraziliense.com.br\/aricunha\/wp-json\/wp\/v2\/comments?post=14491"}],"version-history":[{"count":3,"href":"https:\/\/blogs.correiobraziliense.com.br\/aricunha\/wp-json\/wp\/v2\/posts\/14491\/revisions"}],"predecessor-version":[{"id":14505,"href":"https:\/\/blogs.correiobraziliense.com.br\/aricunha\/wp-json\/wp\/v2\/posts\/14491\/revisions\/14505"}],"wp:featuredmedia":[{"embeddable":true,"href":"https:\/\/blogs.correiobraziliense.com.br\/aricunha\/wp-json\/wp\/v2\/media\/14492"}],"wp:attachment":[{"href":"https:\/\/blogs.correiobraziliense.com.br\/aricunha\/wp-json\/wp\/v2\/media?parent=14491"}],"wp:term":[{"taxonomy":"category","embeddable":true,"href":"https:\/\/blogs.correiobraziliense.com.br\/aricunha\/wp-json\/wp\/v2\/categories?post=14491"},{"taxonomy":"post_tag","embeddable":true,"href":"https:\/\/blogs.correiobraziliense.com.br\/aricunha\/wp-json\/wp\/v2\/tags?post=14491"}],"curies":[{"name":"wp","href":"https:\/\/api.w.org\/{rel}","templated":true}]}}